{"id":8588,"date":"2022-03-02T06:00:00","date_gmt":"2022-03-02T06:00:00","guid":{"rendered":"https:\/\/www.24-7prayer.com\/?p=8588"},"modified":"2022-03-02T21:48:13","modified_gmt":"2022-03-02T21:48:13","slug":"miercoles-de-ceniza-dia-mundial-de-oracion-por-ucrania","status":"publish","type":"post","link":"https:\/\/www.24-7prayer.com\/es\/miercoles-de-ceniza-dia-mundial-de-oracion-por-ucrania\/","title":{"rendered":"Mi\u00e9rcoles de Ceniza &#8211; D\u00eda mundial de oraci\u00f3n por Ucrania"},"content":{"rendered":"\n<div class=\"wp-block-buttons is-content-justification-center is-layout-flex wp-container-core-buttons-is-layout-a89b3969 wp-block-buttons-is-layout-flex\">\n<div class=\"wp-block-button\"><a class=\"wp-block-button__link has-white-color has-red-background-color has-text-color has-background\" href=\"https:\/\/www.24-7prayer.com\/es\/resource\/dia-mundial-de-oracion-y-ayuno-por-la-paz-en-ucrania\/\">Desc\u00e1rgate la gu\u00eda de oraci\u00f3n y ayuno por Ucrania <\/a><\/div>\n<\/div>\n\n\n\n<iframe loading=\"lazy\" style=\"border-radius:12px\" src=\"https:\/\/open.spotify.com\/embed\/show\/6stSy5pU6jhldWvyb20Tew?utm_source=generator\" width=\"100%\" height=\"232\" frameborder=\"0\" allowfullscreen=\"\" allow=\"autoplay; clipboard-write; encrypted-media; fullscreen; picture-in-picture\"><\/iframe>\n\n\n\n<p>Hoy es Mi\u00e9rcoles de Ceniza, el comienzo de La Cuaresma. Alrededor del mundo innumerables cristianos de muchas tradiciones est\u00e1n orando y ayunando por la crisis en Ucrania como respuesta a la invitaci\u00f3n emitida por varios l\u00edderes de la Iglesia. Por lo tanto, en este d\u00eda tan especial, nos unimos a millones de cristianos y enfocamos nuestras oraciones en la escalada de la tragedia en el Este de Europa.<\/p>\n\n\n\n<h3 class=\"wp-block-heading\" id=\"haz-una-pausa\">Haz una pausa<\/h3>\n\n\n\n<p><strong><em><strong><em><strong><em><strong><em>Ahora, al iniciar mi tiempo de oraci\u00f3n, muy consciente del caos en nuestro mundo, escojo estar quieto; respirar lentamente para re-centrar mis sentidos, que se encuentran dispersos, delante de la presencia de Dios.<\/em><\/strong><\/em><\/strong><\/em><\/strong><\/em><\/strong><br><\/p>\n\n\n\n<hr class=\"wp-block-separator is-style-dots\"\/>\n\n\n\n<h5 class=\"has-text-align-center wp-block-heading\" id=\"haz-una-pausa-y-ora\"><em>Haz una pausa y ora<\/em><\/h5>\n\n\n\n<hr class=\"wp-block-separator is-style-dots\"\/>\n\n\n\n<h3 class=\"wp-block-heading\" id=\"haz-una-pausa\">Oraci\u00f3n de Enfoque<\/h3>\n\n\n\n<p><em><em><em>Padre Dios, en este d\u00eda tradicionalmente marcado por el arrepentimiento y la conciencia de la brevedad de la vida, preparo mi coraz\u00f3n para hacer frente a la tragedia que se desarrolla en Ucrania. Creo que mis oraciones pueden marcar la diferencia, pero perd\u00f3name y ay\u00fadame en mi incredulidad (Marcos 9:24).<\/em><\/em><\/em><\/p>\n\n\n\n<div style=\"height:59px\" aria-hidden=\"true\" class=\"wp-block-spacer\"><\/div>\n\n\n\n<h3 class=\"wp-block-heading\" id=\"regocijarse-y-reflexionar\">Regocijarse y Reflexionar<\/h3>\n\n\n\n<p>Hoy escojo anclar mi esperanza en la promesa de la presencia de Dios, uni\u00e9ndome a la alabanza ancestral de todo el pueblo de Dios en Ucrania y alrededor del mundo, usando las palabras del Salmo 46&#8230;<\/p>\n\n\n\n<blockquote class=\"wp-block-quote is-layout-flow wp-block-quote-is-layout-flow\"><p>Dios es nuestro amparo y nuestra fortaleza,\nnuestra ayuda segura en momentos de angustia.\nPor eso, no temeremos\naunque se desmorone la tierra\ny las monta\u00f1as se hundan en el fondo del mar;\naunque rujan y se encrespen sus aguas,\ny ante su furia retiemblen los montes.<\/p><cite><strong><strong>Salmo 46:1-3 (NVI CST)<\/strong><\/strong><\/cite><\/blockquote>\n\n\n\n<hr class=\"wp-block-separator is-style-dots\"\/>\n\n\n\n<h5 class=\"has-text-align-center wp-block-heading\" id=\"haz-una-pausa-y-ora\"><em>Haz una pausa y ora<\/em><\/h5>\n\n\n\n<hr class=\"wp-block-separator is-style-dots\"\/>\n\n\n\n<p>Este Salmo va a proporcionar el marco para todas mis oraciones hoy. El Salmo 46 se conoce a veces como el Salmo de Lutero porque el gran reformador alem\u00e1n lo cantaba en sus momentos m\u00e1s oscuros, y convirti\u00f3 sus palabras en su famoso himno, <em>Castillo fuerte es nuestro Dios.<\/em><\/p>\n\n\n\n<div style=\"height:59px\" aria-hidden=\"true\" class=\"wp-block-spacer\"><\/div>\n\n\n\n<h3 class=\"wp-block-heading\" id=\"apelar-pedir\"><strong>Apelar \/ Pedir<\/strong><\/h3>\n\n\n\n<blockquote class=\"wp-block-quote is-layout-flow wp-block-quote-is-layout-flow\"><p>Dios es nuestro amparo y nuestra fortaleza,\nnuestra ayuda segura en momentos de angustia.\nPor eso, no temeremos\naunque se desmorone la tierra\ny las monta\u00f1as se hundan en el fondo del mar;\naunque rujan y se encrespen sus aguas,\ny ante su furia retiemblen los montes.<\/p><cite><strong><strong>Salmo 46:1-3 (NVI CST)<\/strong><\/strong><\/cite><\/blockquote>\n\n\n\n<p>\u00bfUna \u00e9poca de problemas? \u00bfLa tierra cede? \u00bfLas monta\u00f1as tiemblan? El mundo se parece mucho a eso ahora mismo, pero el salmista describe una postura extraordinaria de confianza y paz a pesar de esos problemas.<\/p>\n\n\n\n<p>\u00bfC\u00f3mo es posible? Gracias a la ayuda siempre constante de Dios, incluso y especialmente en \u00e9pocas terror\u00edficas y ca\u00f3ticas.&nbsp;<\/p>\n\n\n\n<blockquote class=\"wp-block-quote is-layout-flow wp-block-quote-is-layout-flow\"><p>Hay un r\u00edo cuyas corrientes alegran la ciudad de Dios,\nla santa habitaci\u00f3n del Alt\u00edsimo.\nDios est\u00e1 en ella, la ciudad no caer\u00e1;\nal rayar el alba, Dios le brindar\u00e1 su ayuda.<\/p><cite><strong><strong><strong>Salmo 46:4-5 (NVI CST)<\/strong><\/strong><\/strong><\/cite><\/blockquote>\n\n\n\n<p>Oro ahora por la iglesia de Ucrania, un pa\u00eds en el que el 70% de la poblaci\u00f3n se considera cristiana. Me acuerdo especialmente de los que intentan compartir la esperanza de Jes\u00fas y vendar tantos corazones rotos.&nbsp;&nbsp;<\/p>\n\n\n\n<hr class=\"wp-block-separator is-style-dots\"\/>\n\n\n\n<h5 class=\"has-text-align-center wp-block-heading\" id=\"haz-una-pausa-y-ora\"><em>Haz una pausa y ora<\/em><\/h5>\n\n\n\n<hr class=\"wp-block-separator is-style-dots\"\/>\n\n\n\n<blockquote class=\"wp-block-quote is-layout-flow wp-block-quote-is-layout-flow\"><p>Se agitan las naciones, se tambalean los reinos; Dios deja o\u00edr su voz, y la tierra se derrumba. El&nbsp;Se\u00f1or&nbsp;Todopoderoso est\u00e1 con nosotros; nuestro refugio es el Dios de Jacob.<\/p><cite><strong><strong><strong><strong>Salmo 46:6-7 (NVI CST)&nbsp;<\/strong><\/strong><\/strong><\/strong><\/cite><\/blockquote>\n\n\n\n<p>Es cierto que las naciones est\u00e1n alborotadas y los reinos parecen caer. Pero el salmista describe a Dios levantando su voz y derritiendo la tierra.&nbsp;<\/p>\n\n\n\n<p>\u00bfQu\u00e9 palabra o palabras podr\u00eda estar hablando Dios sobre el alboroto en el mundo de hoy?&nbsp;Recordando mi autoridad como hijo de Dios, y el poder de Su palabra en mi boca, digo estas palabras prof\u00e9ticamente ahora sobre la crisis actual.<\/p>\n\n\n\n<hr class=\"wp-block-separator is-style-dots\"\/>\n\n\n\n<h5 class=\"has-text-align-center wp-block-heading\" id=\"haz-una-pausa-y-ora\"><em>Haz una pausa y ora<\/em><\/h5>\n\n\n\n<hr class=\"wp-block-separator is-style-dots\"\/>\n\n\n\n<blockquote class=\"wp-block-quote is-layout-flow wp-block-quote-is-layout-flow\"><p>Venid y ved los portentos del&nbsp;Se\u00f1or;\n\u00e9l ha tra\u00eddo desolaci\u00f3n sobre la tierra.\nHa puesto fin a las guerras\nen todos los confines de la tierra;\nha quebrado los arcos, ha destrozado las lanzas,\nha arrojado los carros al fuego.<\/p><cite><strong><strong><strong><strong>Salmo 46:8-9 (NVI CST)<\/strong><\/strong><\/strong><\/strong><\/cite><\/blockquote>\n\n\n\n<p><em><em><em>Pr\u00edncipe de paz, clamo a ti ahora, pidi\u00e9ndote que de alguna manera hagas cesar la guerra, poniendo fin a la violencia y destrucci\u00f3n sin sentido en Ucrania.<\/em><\/em><\/em><\/p>\n\n\n\n<hr class=\"wp-block-separator is-style-dots\"\/>\n\n\n\n<h5 class=\"has-text-align-center wp-block-heading\" id=\"haz-una-pausa-y-ora\"><em>Haz una pausa y ora<\/em><\/h5>\n\n\n\n<hr class=\"wp-block-separator is-style-dots\"\/>\n\n\n\n<blockquote class=\"wp-block-quote is-layout-flow wp-block-quote-is-layout-flow\"><p>\u00abQuedaos quietos, reconoced que yo soy Dios.\n\u00a1Yo ser\u00e9 exaltado entre las naciones!\n\u00a1Yo ser\u00e9 enaltecido en la tierra!\u00bb\nEl&nbsp;Se\u00f1or&nbsp;Todopoderoso est\u00e1 con nosotros;\nnuestro refugio es el Dios de Jacob.<\/p><cite><strong><strong><strong><strong><strong>Salmo 46:10-11 (NVI CST)<\/strong><\/strong><\/strong><\/strong><\/strong><\/cite><\/blockquote>\n\n\n\n<p>Es interesante que este famoso vers\u00edculo sobre la quietud y el conocimiento de Dios, tan a menudo utilizado en el contexto de la piedad personal, aparezca en realidad en un Salmo sobre la guerra. Es una orden autorizada para que las circunstancias ca\u00f3ticas &#8220;se aquieten&#8221;, y para que las naciones en guerra doblen la rodilla y reconozcan al Rey de Reyes que finalmente, inevitablemente, ser\u00e1 exaltado (v10), por encima de todo poder, toda personalidad y todo sistema pol\u00edtico.<\/p>\n\n\n\n<p><em>Y por eso pido ahora en el nombre de Jes\u00fas que la paz y la perspectiva vengan sobre el Presidente Putin en Rusia, y el Presidente Zelensky en Ucrania. Se\u00f1or, te pido que les des sabidur\u00eda m\u00e1s all\u00e1 de la sabidur\u00eda humana. Pon un deseo de paz en sus corazones y una estrategia de desescalada en sus mentes y en sus agendas. Te ruego que traigas alg\u00fan tipo de avance.&nbsp;<\/em><\/p>\n\n\n\n<h2 class=\"wp-block-heading\" id=\"rendirse\"><strong>Rendirse<\/strong><\/h2>\n\n\n\n<p><strong>Oraci\u00f3n de Rendici\u00f3n&nbsp;<\/strong><\/p>\n\n\n\n<p><em>Dios: en esta \u00e9poca tan especial, con un mundo tan desordenado, me someto a tu obra en mi vida recordando el reto del ap\u00f3stol Pablo en Romanos 12:<\/em><\/p>\n\n\n\n<blockquote class=\"wp-block-quote is-layout-flow wp-block-quote-is-layout-flow\"><p>Por lo tanto, hermanos, tomando en cuenta la misericordia de Dios, os ruego que cada uno de vosotros, en adoraci\u00f3n espiritual, ofrezca su cuerpo como sacrificio vivo, santo y agradable a Dios.&nbsp;No os amold\u00e9is al mundo actual, sino sed transformados mediante la renovaci\u00f3n de vuestra mente. As\u00ed podr\u00e9is comprobar cu\u00e1l es la voluntad de Dios, buena, agradable y perfecta.<\/p><cite><strong><strong><strong><strong><strong><strong>Romanos 12:1-2 (NVI CST)<\/strong><\/strong><\/strong><\/strong><\/strong><\/strong><\/cite><\/blockquote>\n\n\n\n<h3 class=\"wp-block-heading\" id=\"promesa-de-rendicion\"><br><strong>Promesa de Rendici\u00f3n<\/strong><\/h3>\n\n\n\n<p>Y ahora, mientras me preparo para llevar este tiempo de oraci\u00f3n al d\u00eda que tengo por delante, el Se\u00f1or, que me ama, dice en el evangelio de Lucas\u2026&nbsp;<\/p>\n\n\n\n<blockquote class=\"wp-block-quote is-layout-flow wp-block-quote-is-layout-flow\"><p>Cuando oig\u00e1is de guerras y de revoluciones, no os asust\u00e9is. Es necesario que eso suceda primero, pero el fin no vendr\u00e1 en seguida.<\/p><cite><strong><strong>Lucas 21:9 (NVI CST)<\/strong><\/strong><\/cite><\/blockquote>\n\n\n\n<div style=\"height:59px\" aria-hidden=\"true\" class=\"wp-block-spacer\"><\/div>\n\n\n\n<p><strong>Oraci\u00f3n para concluir:<br><\/strong>Padre, ay\u00fadame a vivir este d\u00eda al m\u00e1ximo, siendo aut\u00e9ntico contigo en todo. Jes\u00fas, ay\u00fadame a darme a los dem\u00e1s, siendo amable con toda la gente con la que me encuentre. Esp\u00edritu, ay\u00fadame a amar a la gente que se encuentra perdida, proclamando a Cristo en todo lo que digo y hago.&nbsp;<br>Am\u00e9n.<\/p>\n","protected":false},"excerpt":{"rendered":"<p>Hoy es Mi\u00e9rcoles de Ceniza, el comienzo de La Cuaresma. Alrededor del mundo innumerables cristianos de muchas tradiciones est\u00e1n orando y ayunando por la crisis en Ucrania como respuesta a la invitaci\u00f3n emitida por varios l\u00edderes de la Iglesia. Por lo tanto, en este d\u00eda tan especial, nos unimos a millones de cristianos y enfocamos [&hellip;]<\/p>\n","protected":false},"author":216,"featured_media":8561,"comment_status":"closed","ping_status":"open","sticky":false,"template":"","format":"standard","meta":{"_acf_changed":false,"inline_featured_image":false,"footnotes":""},"categories":[206],"tags":[],"author_slug":[],"blog_series":[],"topic":[353],"class_list":["post-8588","post","type-post","status-publish","format-standard","has-post-thumbnail","hentry","category-blog-es","topic-orar"],"acf":[],"yoast_head":"<!-- This site is optimized with the Yoast SEO plugin v27.4 - https:\/\/yoast.com\/product\/yoast-seo-wordpress\/ -->\n<title>Mi\u00e9rcoles de Ceniza - D\u00eda mundial de oraci\u00f3n por Ucrania<\/title>\n<meta name=\"description\" content=\"Hoy nos unimos con millones de cristianos y enfocamos nuestras oraciones en la escalada de la tragedia en el Este de Europa.\u00a0\" \/>\n<meta name=\"robots\" content=\"index, follow, max-snippet:-1, max-image-preview:large, max-video-preview:-1\" \/>\n<link rel=\"canonical\" href=\"https:\/\/www.24-7prayer.com\/es\/miercoles-de-ceniza-dia-mundial-de-oracion-por-ucrania\/\" \/>\n<meta property=\"og:locale\" content=\"es_ES\" \/>\n<meta property=\"og:type\" content=\"article\" \/>\n<meta property=\"og:title\" content=\"Mi\u00e9rcoles de Ceniza - D\u00eda mundial de oraci\u00f3n por Ucrania\" \/>\n<meta property=\"og:description\" content=\"Hoy nos unimos con millones de cristianos y enfocamos nuestras oraciones en la escalada de la tragedia en el Este de Europa.\u00a0\" \/>\n<meta property=\"og:url\" content=\"https:\/\/www.24-7prayer.com\/es\/miercoles-de-ceniza-dia-mundial-de-oracion-por-ucrania\/\" \/>\n<meta property=\"og:site_name\" content=\"24-7 Prayer International\" \/>\n<meta property=\"article:published_time\" content=\"2022-03-02T06:00:00+00:00\" \/>\n<meta property=\"article:modified_time\" content=\"2022-03-02T21:48:13+00:00\" \/>\n<meta property=\"og:image\" content=\"https:\/\/www.24-7prayer.com\/wp-content\/uploads\/2022\/03\/global-day-ukraine-resource_content_header-scaled.jpg\" \/>\n\t<meta property=\"og:image:width\" content=\"2560\" \/>\n\t<meta property=\"og:image:height\" content=\"1280\" \/>\n\t<meta property=\"og:image:type\" content=\"image\/jpeg\" \/>\n<meta name=\"author\" content=\"aitor@oracion24-7.com\" \/>\n<meta name=\"twitter:card\" content=\"summary_large_image\" \/>\n<script type=\"application\/ld+json\" class=\"yoast-schema-graph\">{\"@context\":\"https:\\\/\\\/schema.org\",\"@graph\":[{\"@type\":\"Article\",\"@id\":\"https:\\\/\\\/www.24-7prayer.com\\\/es\\\/miercoles-de-ceniza-dia-mundial-de-oracion-por-ucrania\\\/#article\",\"isPartOf\":{\"@id\":\"https:\\\/\\\/www.24-7prayer.com\\\/es\\\/miercoles-de-ceniza-dia-mundial-de-oracion-por-ucrania\\\/\"},\"author\":{\"name\":\"aitor@oracion24-7.com\",\"@id\":\"https:\\\/\\\/www.24-7prayer.com\\\/es\\\/#\\\/schema\\\/person\\\/cea924691d05af4dfa35da709e7ede7d\"},\"headline\":\"Mi\u00e9rcoles de Ceniza &#8211; D\u00eda mundial de oraci\u00f3n por Ucrania\",\"datePublished\":\"2022-03-02T06:00:00+00:00\",\"dateModified\":\"2022-03-02T21:48:13+00:00\",\"mainEntityOfPage\":{\"@id\":\"https:\\\/\\\/www.24-7prayer.com\\\/es\\\/miercoles-de-ceniza-dia-mundial-de-oracion-por-ucrania\\\/\"},\"wordCount\":1175,\"publisher\":{\"@id\":\"https:\\\/\\\/www.24-7prayer.com\\\/es\\\/#organization\"},\"image\":{\"@id\":\"https:\\\/\\\/www.24-7prayer.com\\\/es\\\/miercoles-de-ceniza-dia-mundial-de-oracion-por-ucrania\\\/#primaryimage\"},\"thumbnailUrl\":\"https:\\\/\\\/www.24-7prayer.com\\\/wp-content\\\/uploads\\\/2022\\\/03\\\/global-day-ukraine-resource_content_header-scaled.jpg\",\"articleSection\":[\"Blogs\"],\"inLanguage\":\"es\"},{\"@type\":\"WebPage\",\"@id\":\"https:\\\/\\\/www.24-7prayer.com\\\/es\\\/miercoles-de-ceniza-dia-mundial-de-oracion-por-ucrania\\\/\",\"url\":\"https:\\\/\\\/www.24-7prayer.com\\\/es\\\/miercoles-de-ceniza-dia-mundial-de-oracion-por-ucrania\\\/\",\"name\":\"Mi\u00e9rcoles de Ceniza - D\u00eda mundial de oraci\u00f3n por Ucrania\",\"isPartOf\":{\"@id\":\"https:\\\/\\\/www.24-7prayer.com\\\/es\\\/#website\"},\"primaryImageOfPage\":{\"@id\":\"https:\\\/\\\/www.24-7prayer.com\\\/es\\\/miercoles-de-ceniza-dia-mundial-de-oracion-por-ucrania\\\/#primaryimage\"},\"image\":{\"@id\":\"https:\\\/\\\/www.24-7prayer.com\\\/es\\\/miercoles-de-ceniza-dia-mundial-de-oracion-por-ucrania\\\/#primaryimage\"},\"thumbnailUrl\":\"https:\\\/\\\/www.24-7prayer.com\\\/wp-content\\\/uploads\\\/2022\\\/03\\\/global-day-ukraine-resource_content_header-scaled.jpg\",\"datePublished\":\"2022-03-02T06:00:00+00:00\",\"dateModified\":\"2022-03-02T21:48:13+00:00\",\"description\":\"Hoy nos unimos con millones de cristianos y enfocamos nuestras oraciones en la escalada de la tragedia en el Este de Europa.\u00a0\",\"breadcrumb\":{\"@id\":\"https:\\\/\\\/www.24-7prayer.com\\\/es\\\/miercoles-de-ceniza-dia-mundial-de-oracion-por-ucrania\\\/#breadcrumb\"},\"inLanguage\":\"es\",\"potentialAction\":[{\"@type\":\"ReadAction\",\"target\":[\"https:\\\/\\\/www.24-7prayer.com\\\/es\\\/miercoles-de-ceniza-dia-mundial-de-oracion-por-ucrania\\\/\"]}]},{\"@type\":\"ImageObject\",\"inLanguage\":\"es\",\"@id\":\"https:\\\/\\\/www.24-7prayer.com\\\/es\\\/miercoles-de-ceniza-dia-mundial-de-oracion-por-ucrania\\\/#primaryimage\",\"url\":\"https:\\\/\\\/www.24-7prayer.com\\\/wp-content\\\/uploads\\\/2022\\\/03\\\/global-day-ukraine-resource_content_header-scaled.jpg\",\"contentUrl\":\"https:\\\/\\\/www.24-7prayer.com\\\/wp-content\\\/uploads\\\/2022\\\/03\\\/global-day-ukraine-resource_content_header-scaled.jpg\",\"width\":2560,\"height\":1280},{\"@type\":\"BreadcrumbList\",\"@id\":\"https:\\\/\\\/www.24-7prayer.com\\\/es\\\/miercoles-de-ceniza-dia-mundial-de-oracion-por-ucrania\\\/#breadcrumb\",\"itemListElement\":[{\"@type\":\"ListItem\",\"position\":1,\"name\":\"Home\",\"item\":\"https:\\\/\\\/www.24-7prayer.com\\\/es\\\/\"},{\"@type\":\"ListItem\",\"position\":2,\"name\":\"Mi\u00e9rcoles de Ceniza &#8211; D\u00eda mundial de oraci\u00f3n por Ucrania\"}]},{\"@type\":\"WebSite\",\"@id\":\"https:\\\/\\\/www.24-7prayer.com\\\/es\\\/#website\",\"url\":\"https:\\\/\\\/www.24-7prayer.com\\\/es\\\/\",\"name\":\"24-7 Prayer International\",\"description\":\"Prayer Mission Justice\",\"publisher\":{\"@id\":\"https:\\\/\\\/www.24-7prayer.com\\\/es\\\/#organization\"},\"potentialAction\":[{\"@type\":\"SearchAction\",\"target\":{\"@type\":\"EntryPoint\",\"urlTemplate\":\"https:\\\/\\\/www.24-7prayer.com\\\/es\\\/?s={search_term_string}\"},\"query-input\":{\"@type\":\"PropertyValueSpecification\",\"valueRequired\":true,\"valueName\":\"search_term_string\"}}],\"inLanguage\":\"es\"},{\"@type\":\"Organization\",\"@id\":\"https:\\\/\\\/www.24-7prayer.com\\\/es\\\/#organization\",\"name\":\"24-7 Prayer\",\"url\":\"https:\\\/\\\/www.24-7prayer.com\\\/es\\\/\",\"logo\":{\"@type\":\"ImageObject\",\"inLanguage\":\"es\",\"@id\":\"https:\\\/\\\/www.24-7prayer.com\\\/es\\\/#\\\/schema\\\/logo\\\/image\\\/\",\"url\":\"https:\\\/\\\/www.24-7prayer.com\\\/wp-content\\\/uploads\\\/2022\\\/06\\\/logo.png\",\"contentUrl\":\"https:\\\/\\\/www.24-7prayer.com\\\/wp-content\\\/uploads\\\/2022\\\/06\\\/logo.png\",\"width\":302,\"height\":49,\"caption\":\"24-7 Prayer\"},\"image\":{\"@id\":\"https:\\\/\\\/www.24-7prayer.com\\\/es\\\/#\\\/schema\\\/logo\\\/image\\\/\"}},{\"@type\":\"Person\",\"@id\":\"https:\\\/\\\/www.24-7prayer.com\\\/es\\\/#\\\/schema\\\/person\\\/cea924691d05af4dfa35da709e7ede7d\",\"name\":\"aitor@oracion24-7.com\",\"image\":{\"@type\":\"ImageObject\",\"inLanguage\":\"es\",\"@id\":\"https:\\\/\\\/secure.gravatar.com\\\/avatar\\\/e67a3b0c8e0d52ee179e9f94d3d54543d229c4da1d7def06a61faccb28313f0a?s=96&d=mm&r=g\",\"url\":\"https:\\\/\\\/secure.gravatar.com\\\/avatar\\\/e67a3b0c8e0d52ee179e9f94d3d54543d229c4da1d7def06a61faccb28313f0a?s=96&d=mm&r=g\",\"contentUrl\":\"https:\\\/\\\/secure.gravatar.com\\\/avatar\\\/e67a3b0c8e0d52ee179e9f94d3d54543d229c4da1d7def06a61faccb28313f0a?s=96&d=mm&r=g\",\"caption\":\"aitor@oracion24-7.com\"},\"url\":\"https:\\\/\\\/www.24-7prayer.com\\\/es\\\/author\\\/aitororacion24-7-com\\\/\"}]}<\/script>\n<!-- \/ Yoast SEO plugin. -->","yoast_head_json":{"title":"Mi\u00e9rcoles de Ceniza - D\u00eda mundial de oraci\u00f3n por Ucrania","description":"Hoy nos unimos con millones de cristianos y enfocamos nuestras oraciones en la escalada de la tragedia en el Este de Europa.\u00a0","robots":{"index":"index","follow":"follow","max-snippet":"max-snippet:-1","max-image-preview":"max-image-preview:large","max-video-preview":"max-video-preview:-1"},"canonical":"https:\/\/www.24-7prayer.com\/es\/miercoles-de-ceniza-dia-mundial-de-oracion-por-ucrania\/","og_locale":"es_ES","og_type":"article","og_title":"Mi\u00e9rcoles de Ceniza - D\u00eda mundial de oraci\u00f3n por Ucrania","og_description":"Hoy nos unimos con millones de cristianos y enfocamos nuestras oraciones en la escalada de la tragedia en el Este de Europa.\u00a0","og_url":"https:\/\/www.24-7prayer.com\/es\/miercoles-de-ceniza-dia-mundial-de-oracion-por-ucrania\/","og_site_name":"24-7 Prayer International","article_published_time":"2022-03-02T06:00:00+00:00","article_modified_time":"2022-03-02T21:48:13+00:00","og_image":[{"width":2560,"height":1280,"url":"https:\/\/www.24-7prayer.com\/wp-content\/uploads\/2022\/03\/global-day-ukraine-resource_content_header-scaled.jpg","type":"image\/jpeg"}],"author":"aitor@oracion24-7.com","twitter_card":"summary_large_image","schema":{"@context":"https:\/\/schema.org","@graph":[{"@type":"Article","@id":"https:\/\/www.24-7prayer.com\/es\/miercoles-de-ceniza-dia-mundial-de-oracion-por-ucrania\/#article","isPartOf":{"@id":"https:\/\/www.24-7prayer.com\/es\/miercoles-de-ceniza-dia-mundial-de-oracion-por-ucrania\/"},"author":{"name":"aitor@oracion24-7.com","@id":"https:\/\/www.24-7prayer.com\/es\/#\/schema\/person\/cea924691d05af4dfa35da709e7ede7d"},"headline":"Mi\u00e9rcoles de Ceniza &#8211; D\u00eda mundial de oraci\u00f3n por Ucrania","datePublished":"2022-03-02T06:00:00+00:00","dateModified":"2022-03-02T21:48:13+00:00","mainEntityOfPage":{"@id":"https:\/\/www.24-7prayer.com\/es\/miercoles-de-ceniza-dia-mundial-de-oracion-por-ucrania\/"},"wordCount":1175,"publisher":{"@id":"https:\/\/www.24-7prayer.com\/es\/#organization"},"image":{"@id":"https:\/\/www.24-7prayer.com\/es\/miercoles-de-ceniza-dia-mundial-de-oracion-por-ucrania\/#primaryimage"},"thumbnailUrl":"https:\/\/www.24-7prayer.com\/wp-content\/uploads\/2022\/03\/global-day-ukraine-resource_content_header-scaled.jpg","articleSection":["Blogs"],"inLanguage":"es"},{"@type":"WebPage","@id":"https:\/\/www.24-7prayer.com\/es\/miercoles-de-ceniza-dia-mundial-de-oracion-por-ucrania\/","url":"https:\/\/www.24-7prayer.com\/es\/miercoles-de-ceniza-dia-mundial-de-oracion-por-ucrania\/","name":"Mi\u00e9rcoles de Ceniza - D\u00eda mundial de oraci\u00f3n por Ucrania","isPartOf":{"@id":"https:\/\/www.24-7prayer.com\/es\/#website"},"primaryImageOfPage":{"@id":"https:\/\/www.24-7prayer.com\/es\/miercoles-de-ceniza-dia-mundial-de-oracion-por-ucrania\/#primaryimage"},"image":{"@id":"https:\/\/www.24-7prayer.com\/es\/miercoles-de-ceniza-dia-mundial-de-oracion-por-ucrania\/#primaryimage"},"thumbnailUrl":"https:\/\/www.24-7prayer.com\/wp-content\/uploads\/2022\/03\/global-day-ukraine-resource_content_header-scaled.jpg","datePublished":"2022-03-02T06:00:00+00:00","dateModified":"2022-03-02T21:48:13+00:00","description":"Hoy nos unimos con millones de cristianos y enfocamos nuestras oraciones en la escalada de la tragedia en el Este de Europa.\u00a0","breadcrumb":{"@id":"https:\/\/www.24-7prayer.com\/es\/miercoles-de-ceniza-dia-mundial-de-oracion-por-ucrania\/#breadcrumb"},"inLanguage":"es","potentialAction":[{"@type":"ReadAction","target":["https:\/\/www.24-7prayer.com\/es\/miercoles-de-ceniza-dia-mundial-de-oracion-por-ucrania\/"]}]},{"@type":"ImageObject","inLanguage":"es","@id":"https:\/\/www.24-7prayer.com\/es\/miercoles-de-ceniza-dia-mundial-de-oracion-por-ucrania\/#primaryimage","url":"https:\/\/www.24-7prayer.com\/wp-content\/uploads\/2022\/03\/global-day-ukraine-resource_content_header-scaled.jpg","contentUrl":"https:\/\/www.24-7prayer.com\/wp-content\/uploads\/2022\/03\/global-day-ukraine-resource_content_header-scaled.jpg","width":2560,"height":1280},{"@type":"BreadcrumbList","@id":"https:\/\/www.24-7prayer.com\/es\/miercoles-de-ceniza-dia-mundial-de-oracion-por-ucrania\/#breadcrumb","itemListElement":[{"@type":"ListItem","position":1,"name":"Home","item":"https:\/\/www.24-7prayer.com\/es\/"},{"@type":"ListItem","position":2,"name":"Mi\u00e9rcoles de Ceniza &#8211; D\u00eda mundial de oraci\u00f3n por Ucrania"}]},{"@type":"WebSite","@id":"https:\/\/www.24-7prayer.com\/es\/#website","url":"https:\/\/www.24-7prayer.com\/es\/","name":"24-7 Prayer International","description":"Prayer Mission Justice","publisher":{"@id":"https:\/\/www.24-7prayer.com\/es\/#organization"},"potentialAction":[{"@type":"SearchAction","target":{"@type":"EntryPoint","urlTemplate":"https:\/\/www.24-7prayer.com\/es\/?s={search_term_string}"},"query-input":{"@type":"PropertyValueSpecification","valueRequired":true,"valueName":"search_term_string"}}],"inLanguage":"es"},{"@type":"Organization","@id":"https:\/\/www.24-7prayer.com\/es\/#organization","name":"24-7 Prayer","url":"https:\/\/www.24-7prayer.com\/es\/","logo":{"@type":"ImageObject","inLanguage":"es","@id":"https:\/\/www.24-7prayer.com\/es\/#\/schema\/logo\/image\/","url":"https:\/\/www.24-7prayer.com\/wp-content\/uploads\/2022\/06\/logo.png","contentUrl":"https:\/\/www.24-7prayer.com\/wp-content\/uploads\/2022\/06\/logo.png","width":302,"height":49,"caption":"24-7 Prayer"},"image":{"@id":"https:\/\/www.24-7prayer.com\/es\/#\/schema\/logo\/image\/"}},{"@type":"Person","@id":"https:\/\/www.24-7prayer.com\/es\/#\/schema\/person\/cea924691d05af4dfa35da709e7ede7d","name":"aitor@oracion24-7.com","image":{"@type":"ImageObject","inLanguage":"es","@id":"https:\/\/secure.gravatar.com\/avatar\/e67a3b0c8e0d52ee179e9f94d3d54543d229c4da1d7def06a61faccb28313f0a?s=96&d=mm&r=g","url":"https:\/\/secure.gravatar.com\/avatar\/e67a3b0c8e0d52ee179e9f94d3d54543d229c4da1d7def06a61faccb28313f0a?s=96&d=mm&r=g","contentUrl":"https:\/\/secure.gravatar.com\/avatar\/e67a3b0c8e0d52ee179e9f94d3d54543d229c4da1d7def06a61faccb28313f0a?s=96&d=mm&r=g","caption":"aitor@oracion24-7.com"},"url":"https:\/\/www.24-7prayer.com\/es\/author\/aitororacion24-7-com\/"}]}},"_links":{"self":[{"href":"https:\/\/www.24-7prayer.com\/es\/wp-json\/wp\/v2\/posts\/8588","targetHints":{"allow":["GET"]}}],"collection":[{"href":"https:\/\/www.24-7prayer.com\/es\/wp-json\/wp\/v2\/posts"}],"about":[{"href":"https:\/\/www.24-7prayer.com\/es\/wp-json\/wp\/v2\/types\/post"}],"author":[{"embeddable":true,"href":"https:\/\/www.24-7prayer.com\/es\/wp-json\/wp\/v2\/users\/216"}],"replies":[{"embeddable":true,"href":"https:\/\/www.24-7prayer.com\/es\/wp-json\/wp\/v2\/comments?post=8588"}],"version-history":[{"count":17,"href":"https:\/\/www.24-7prayer.com\/es\/wp-json\/wp\/v2\/posts\/8588\/revisions"}],"predecessor-version":[{"id":8616,"href":"https:\/\/www.24-7prayer.com\/es\/wp-json\/wp\/v2\/posts\/8588\/revisions\/8616"}],"wp:featuredmedia":[{"embeddable":true,"href":"https:\/\/www.24-7prayer.com\/es\/wp-json\/wp\/v2\/media\/8561"}],"wp:attachment":[{"href":"https:\/\/www.24-7prayer.com\/es\/wp-json\/wp\/v2\/media?parent=8588"}],"wp:term":[{"taxonomy":"category","embeddable":true,"href":"https:\/\/www.24-7prayer.com\/es\/wp-json\/wp\/v2\/categories?post=8588"},{"taxonomy":"post_tag","embeddable":true,"href":"https:\/\/www.24-7prayer.com\/es\/wp-json\/wp\/v2\/tags?post=8588"},{"taxonomy":"author_slug","embeddable":true,"href":"https:\/\/www.24-7prayer.com\/es\/wp-json\/wp\/v2\/author_slug?post=8588"},{"taxonomy":"blog_series","embeddable":true,"href":"https:\/\/www.24-7prayer.com\/es\/wp-json\/wp\/v2\/blog_series?post=8588"},{"taxonomy":"topic","embeddable":true,"href":"https:\/\/www.24-7prayer.com\/es\/wp-json\/wp\/v2\/topic?post=8588"}],"curies":[{"name":"wp","href":"https:\/\/api.w.org\/{rel}","templated":true}]}}