{"id":8436,"date":"2022-02-25T00:21:03","date_gmt":"2022-02-25T00:21:03","guid":{"rendered":"https:\/\/www.24-7prayer.com\/?p=8436"},"modified":"2022-02-25T07:21:08","modified_gmt":"2022-02-25T07:21:08","slug":"orando-por-ucrania","status":"publish","type":"post","link":"https:\/\/www.24-7prayer.com\/es\/orando-por-ucrania\/","title":{"rendered":"Orando por Ucrania"},"content":{"rendered":"\n<iframe loading=\"lazy\" style=\"border-radius:12px\" src=\"https:\/\/open.spotify.com\/embed\/episode\/49AKR4p6VgrZEt70wBirf3?utm_source=generator&amp;theme=0\" width=\"100%\" height=\"232\" frameborder=\"0\" allowfullscreen=\"\" allow=\"autoplay; clipboard-write; encrypted-media; fullscreen; picture-in-picture\"><\/iframe>\n\n\n\n<p>Hoy es viernes, 25 de febrero y queremos unirnos y orar por la crisis que est\u00e1 teniendo lugar en Ucrania.<\/p>\n\n\n\n<h3 class=\"wp-block-heading\" id=\"haz-una-pausa\">Haz una pausa<\/h3>\n\n\n\n<p><strong><em>Ahora, al iniciar mi tiempo de oraci\u00f3n, hago una pausa para estar quieto; para respirar lentamente, para re-centrar mis sentidos, que se encuentran dispersos, delante de la presencia de Dios.<\/em><\/strong><br><\/p>\n\n\n\n<hr class=\"wp-block-separator is-style-dots\"\/>\n\n\n\n<h5 class=\"has-text-align-center wp-block-heading\" id=\"haz-una-pausa-y-ora\"><em>\u2022 Haz una pausa y ora<\/em><\/h5>\n\n\n\n<hr class=\"wp-block-separator is-style-dots\"\/>\n\n\n\n<h3 class=\"wp-block-heading\" id=\"haz-una-pausa\">Oraci\u00f3n de Enfoque<\/h3>\n\n\n\n<p><em><em>Dios del rescate y la restauraci\u00f3n, T\u00fa eres \u2018nuestra ayuda segura en momentos de angustia\u2019 (Salmo 46:1). Las preocupaciones de este mundo parecen abrumadoras, por eso hoy conf\u00edo en ti y te pido: \u2018Se\u00f1or, ens\u00e9\u00f1ame a orar\u2019. (Lucas 11:1)<\/em><\/em><\/p>\n\n\n\n<div style=\"height:59px\" aria-hidden=\"true\" class=\"wp-block-spacer\"><\/div>\n\n\n\n<h3 class=\"wp-block-heading\" id=\"regocijarse-y-reflexionar\">Regocijarse y Reflexionar<\/h3>\n\n\n\n<p>Hoy escojo regocijarme en la protecci\u00f3n de Dios, uni\u00e9ndome a la alabanza ancestral de todo el pueblo de Dios en el Salmo 91&#8230;<\/p>\n\n\n\n<blockquote class=\"wp-block-quote is-layout-flow wp-block-quote-is-layout-flow\"><p>Los que viven al amparo del Alt\u00edsimo<br> &nbsp;&nbsp;&nbsp;&nbsp;encontrar\u00e1n descanso a la sombra del Todopoderoso. <br>Declaro lo siguiente acerca del&nbsp;<br>Se\u00f1or: Solo \u00e9l es mi refugio, mi lugar seguro;<br> &nbsp;&nbsp;&nbsp;&nbsp;\u00e9l es mi Dios y en \u00e9l conf\u00edo. <br>Te rescatar\u00e1 de toda trampa<br> &nbsp;&nbsp;&nbsp;&nbsp;y te proteger\u00e1 de enfermedades mortales. <br>Con sus plumas te cubrir\u00e1<br> &nbsp;&nbsp;&nbsp;&nbsp;y con sus alas te dar\u00e1 refugio.<br> &nbsp;&nbsp;&nbsp;&nbsp;Sus fieles promesas son tu armadura y tu protecci\u00f3n.<\/p><cite><strong>Salmo 91:1-4 (NTV)<\/strong><\/cite><\/blockquote>\n\n\n\n<hr class=\"wp-block-separator is-style-dots\"\/>\n\n\n\n<h5 class=\"has-text-align-center wp-block-heading\" id=\"haz-una-pausa-y-ora\"><em>\u2022 Haz una pausa y ora<\/em><\/h5>\n\n\n\n<hr class=\"wp-block-separator is-style-dots\"\/>\n\n\n\n<p>Hoy me uno a cristianos de todo el mundo para orar por la crisis que se est\u00e1 desarrollando en Ucrania. Hago una pausa en mi ritmo habitual de reflexi\u00f3n y en su lugar hago m\u00edas las palabras de esta oraci\u00f3n escrita por Pete Greig\u2026<\/p>\n\n\n\n<div style=\"height:59px\" aria-hidden=\"true\" class=\"wp-block-spacer\"><\/div>\n\n\n\n<h3 class=\"wp-block-heading\" id=\"una-oracion-por-la-crisis-en-ucrania-de-pete-greig\"><strong>Una oraci\u00f3n por la crisis en Ucrania, de Pete Greig <\/strong><\/h3>\n\n\n\n<p><em>Padre Dios: Rey de todas las naciones, clamo a ti por el pueblo de Ucrania. Te pido que rescates de las manos de sus enemigos a los que se encuentran en una situaci\u00f3n de vulnerabilidad, para que puedan vivir sin temor delante de ti todos sus d\u00edas [Lucas 1:74-75].<\/em><\/p>\n\n\n\n<hr class=\"wp-block-separator is-style-dots\"\/>\n\n\n\n<h5 class=\"has-text-align-center wp-block-heading\" id=\"kyrie-eleison-senor-ten-piedad\"><em>\u2022 <em>Kyrie eleison&nbsp;&#8211; Se\u00f1or, ten piedad.<\/em><\/em><\/h5>\n\n\n\n<h5 class=\"has-text-align-center wp-block-heading\" id=\"haz-una-pausa-y-ora\"><em>\u2022 Haz una pausa y ora<\/em><\/h5>\n\n\n\n<hr class=\"wp-block-separator is-style-dots\"\/>\n\n\n\n<p><em>Se\u00f1or de se\u00f1ores y Pr\u00edncipe de paz: nuestros pol\u00edticos est\u00e1n prediciendo la mayor guerra en Europa desde 1945, y simplemente te pido urgentemente que escribas otra historia en nuestro tiempo. Desbarata las oscuras maquinaciones de los hombres malvados. Da sabidur\u00eda m\u00e1s all\u00e1 de la humana a los pacificadores que buscan un camino equitativo y menos violento. Que los pol\u00edticos ejerzan la sabidur\u00eda que viene de lo alto, que es pacificadora, amable, dispuesta a ceder y llena de misericordia. [Santiago 3:17].&nbsp;<\/em><\/p>\n\n\n\n<hr class=\"wp-block-separator is-style-dots\"\/>\n\n\n\n<h5 class=\"has-text-align-center wp-block-heading\" id=\"kyrie-eleison-senor-ten-piedad\"><em>\u2022 <em>Kyrie eleison&nbsp;&#8211; Se\u00f1or, ten piedad.&nbsp;<\/em><\/em><\/h5>\n\n\n\n<h5 class=\"has-text-align-center wp-block-heading\" id=\"haz-una-pausa-y-ora\"><em>\u2022 Haz una pausa y ora<\/em><\/h5>\n\n\n\n<hr class=\"wp-block-separator is-style-dots\"\/>\n\n\n\n<p><em><em>Esp\u00edritu Santo: oro por la iglesia en Ucrania, una naci\u00f3n en la que el 70% de la poblaci\u00f3n se considera cristiana. Da valor a nuestros muchos hermanos y hermanas de esa naci\u00f3n en esta crisis, que proclamen las buenas nuevas de tu reino, que sanen a los que tienen el coraz\u00f3n quebrantado, y que traigan consuelo a todos los que est\u00e1n de luto. [Isa\u00edas 61:1-2].&nbsp;<\/em><\/em><\/p>\n\n\n\n<hr class=\"wp-block-separator is-style-dots\"\/>\n\n\n\n<h5 class=\"has-text-align-center wp-block-heading\" id=\"kyrie-eleison-senor-ten-piedad\"><em>\u2022 <em>Kyrie eleison&nbsp;&#8211; Se\u00f1or, ten piedad.&nbsp;<\/em><\/em><\/h5>\n\n\n\n<h5 class=\"has-text-align-center wp-block-heading\" id=\"haz-una-pausa-y-ora\"><em>\u2022 Haz una pausa y ora<\/em><\/h5>\n\n\n\n<hr class=\"wp-block-separator is-style-dots\"\/>\n\n\n\n<p><em><em><em>T\u00fa, Se\u00f1or: haz que cesen las guerras en toda la tierra; quiebra los arcos, destroza las lanzas, y arroja los carros al fuego [Salmo 46:9]. Y por eso te pido ahora que salves la vida de muchas personas en Ucrania. Crea una paz que sea fuerte y duradera. Haz que disminuya esta crisis. Escucho de guerras y rumores de guerra (Mateo 24:6], pero t\u00fa, Se\u00f1or, eres nuestra roca, nuestra fortaleza y nuestro libertador. Mi esperanza est\u00e1 en ti. Y por eso me dirijo ahora a las naciones. En el nombre de Jes\u00fas digo: \u201c\u00abQuedaos quietos, reconoced que \u00c9l es Dios. \u00a1\u00c9l ser\u00e1 exaltado entre las naciones! \u00a1\u00c9l ser\u00e1 enaltecido en la tierra!\u00bb [Salmo 46:10].&nbsp;<\/em><\/em><\/em><\/p>\n\n\n\n<hr class=\"wp-block-separator is-style-dots\"\/>\n\n\n\n<h5 class=\"has-text-align-center wp-block-heading\" id=\"kyrie-eleison-senor-ten-piedad\"><em>\u2022 <em><em>Se\u00f1or: venga tu Reino.<\/em>&nbsp;<\/em><\/em><\/h5>\n\n\n\n<h5 class=\"has-text-align-center wp-block-heading\" id=\"kyrie-eleison-senor-ten-piedad\"><em>\u2022 <em><em><em>Kyrie eleison&nbsp;&#8211; Se\u00f1or, ten piedad.<\/em><\/em><\/em><\/em><\/h5>\n\n\n\n<hr class=\"wp-block-separator is-style-dots\"\/>\n\n\n\n<p><em>Cordero de Dios, que quitas el pecado del mundo, ten piedad de nosotros.<\/em><br><em>Cordero de Dios, que quitas el pecado del mundo, conc\u00e9denos la paz.<\/em><\/p>\n\n\n\n<p><em>Am\u00e9n<\/em><\/p>\n\n\n\n<div style=\"height:35px\" aria-hidden=\"true\" class=\"wp-block-spacer\"><\/div>\n\n\n\n<h3 class=\"wp-block-heading\" id=\"rendirse-promesa-de-rendicion\">Rendirse <br><strong>Promesa de Rendici\u00f3n<\/strong><\/h3>\n\n\n\n<p><strong><em>Y ahora, mientras me preparo para llevar este tiempo de oraci\u00f3n al d\u00eda que tengo por delante, el Se\u00f1or que me ama me recuerda en el Salmo 91:&nbsp;<\/em><\/strong><\/p>\n\n\n\n<blockquote class=\"wp-block-quote is-layout-flow wp-block-quote-is-layout-flow\"><p>\u2026\u00abRescatar\u00e9 a los que me aman;<br> &nbsp;&nbsp;&nbsp;&nbsp;proteger\u00e9 a los que conf\u00edan en mi nombre. <br>Cuando me llamen, yo les responder\u00e9;<br> &nbsp;&nbsp;&nbsp;&nbsp;estar\u00e9 con ellos en medio de las dificultades.<br> &nbsp;&nbsp;&nbsp;&nbsp;Les rescatar\u00e9 y les honrar\u00e9. <br>Les recompensar\u00e9 con una larga vida<br> &nbsp;&nbsp;&nbsp;&nbsp;y les dar\u00e9 mi salvaci\u00f3n\u00bb.<\/p><cite><strong>Salmo 91:14-16 (NTV)<\/strong><\/cite><\/blockquote>\n\n\n\n<div style=\"height:59px\" aria-hidden=\"true\" class=\"wp-block-spacer\"><\/div>\n\n\n\n<p><strong>Oraci\u00f3n para concluir:<br><\/strong>Padre, ay\u00fadame a vivir este d\u00eda al m\u00e1ximo, siendo aut\u00e9ntico contigo en todo. Jes\u00fas, ay\u00fadame a darme a los dem\u00e1s, siendo amable con toda la gente con la que me encuentre. Esp\u00edritu, ay\u00fadame a amar a la gente que se encuentra perdida, proclamando a Cristo en todo lo que digo y hago.&nbsp;<br>Am\u00e9n.<\/p>\n","protected":false},"excerpt":{"rendered":"<p>Hoy es viernes, 25 de febrero y queremos unirnos y orar por la crisis que est\u00e1 teniendo lugar en Ucrania. Haz una pausa Ahora, al iniciar mi tiempo de oraci\u00f3n, hago una pausa para estar quieto; para respirar lentamente, para re-centrar mis sentidos, que se encuentran dispersos, delante de la presencia de Dios. \u2022 Haz [&hellip;]<\/p>\n","protected":false},"author":216,"featured_media":8432,"comment_status":"closed","ping_status":"open","sticky":false,"template":"","format":"standard","meta":{"_acf_changed":false,"inline_featured_image":false,"footnotes":""},"categories":[206],"tags":[],"author_slug":[370],"blog_series":[],"topic":[353],"class_list":["post-8436","post","type-post","status-publish","format-standard","has-post-thumbnail","hentry","category-blog-es","author_slug-oracion-24-7","topic-orar"],"acf":[],"yoast_head":"<!-- This site is optimized with the Yoast SEO plugin v27.4 - https:\/\/yoast.com\/product\/yoast-seo-wordpress\/ -->\n<title>Orando por Ucrania<\/title>\n<meta name=\"description\" content=\"\u00danete a cristianos de todo el mundo y ora por la crisis que se est\u00e1 desarrollando en Ucrania.\" \/>\n<meta name=\"robots\" content=\"index, follow, max-snippet:-1, max-image-preview:large, max-video-preview:-1\" \/>\n<link rel=\"canonical\" href=\"https:\/\/www.24-7prayer.com\/es\/orando-por-ucrania\/\" \/>\n<meta property=\"og:locale\" content=\"es_ES\" \/>\n<meta property=\"og:type\" content=\"article\" \/>\n<meta property=\"og:title\" content=\"Orando por Ucrania\" \/>\n<meta property=\"og:description\" content=\"\u00danete a cristianos de todo el mundo y ora por la crisis que se est\u00e1 desarrollando en Ucrania.\" \/>\n<meta property=\"og:url\" content=\"https:\/\/www.24-7prayer.com\/es\/orando-por-ucrania\/\" \/>\n<meta property=\"og:site_name\" content=\"24-7 Prayer International\" \/>\n<meta property=\"article:published_time\" content=\"2022-02-25T00:21:03+00:00\" \/>\n<meta property=\"article:modified_time\" content=\"2022-02-25T07:21:08+00:00\" \/>\n<meta property=\"og:image\" content=\"https:\/\/www.24-7prayer.com\/wp-content\/uploads\/2022\/02\/247-web-blog-1520x1050-1.jpg\" \/>\n\t<meta property=\"og:image:width\" content=\"1520\" \/>\n\t<meta property=\"og:image:height\" content=\"1050\" \/>\n\t<meta property=\"og:image:type\" content=\"image\/jpeg\" \/>\n<meta name=\"author\" content=\"aitor@oracion24-7.com\" \/>\n<meta name=\"twitter:card\" content=\"summary_large_image\" \/>\n<script type=\"application\/ld+json\" class=\"yoast-schema-graph\">{\"@context\":\"https:\\\/\\\/schema.org\",\"@graph\":[{\"@type\":\"Article\",\"@id\":\"https:\\\/\\\/www.24-7prayer.com\\\/es\\\/orando-por-ucrania\\\/#article\",\"isPartOf\":{\"@id\":\"https:\\\/\\\/www.24-7prayer.com\\\/es\\\/orando-por-ucrania\\\/\"},\"author\":{\"name\":\"aitor@oracion24-7.com\",\"@id\":\"https:\\\/\\\/www.24-7prayer.com\\\/es\\\/#\\\/schema\\\/person\\\/cea924691d05af4dfa35da709e7ede7d\"},\"headline\":\"Orando por Ucrania\",\"datePublished\":\"2022-02-25T00:21:03+00:00\",\"dateModified\":\"2022-02-25T07:21:08+00:00\",\"mainEntityOfPage\":{\"@id\":\"https:\\\/\\\/www.24-7prayer.com\\\/es\\\/orando-por-ucrania\\\/\"},\"wordCount\":871,\"publisher\":{\"@id\":\"https:\\\/\\\/www.24-7prayer.com\\\/es\\\/#organization\"},\"image\":{\"@id\":\"https:\\\/\\\/www.24-7prayer.com\\\/es\\\/orando-por-ucrania\\\/#primaryimage\"},\"thumbnailUrl\":\"https:\\\/\\\/www.24-7prayer.com\\\/wp-content\\\/uploads\\\/2022\\\/02\\\/247-web-blog-1520x1050-1.jpg\",\"articleSection\":[\"Blogs\"],\"inLanguage\":\"es\"},{\"@type\":\"WebPage\",\"@id\":\"https:\\\/\\\/www.24-7prayer.com\\\/es\\\/orando-por-ucrania\\\/\",\"url\":\"https:\\\/\\\/www.24-7prayer.com\\\/es\\\/orando-por-ucrania\\\/\",\"name\":\"Orando por Ucrania\",\"isPartOf\":{\"@id\":\"https:\\\/\\\/www.24-7prayer.com\\\/es\\\/#website\"},\"primaryImageOfPage\":{\"@id\":\"https:\\\/\\\/www.24-7prayer.com\\\/es\\\/orando-por-ucrania\\\/#primaryimage\"},\"image\":{\"@id\":\"https:\\\/\\\/www.24-7prayer.com\\\/es\\\/orando-por-ucrania\\\/#primaryimage\"},\"thumbnailUrl\":\"https:\\\/\\\/www.24-7prayer.com\\\/wp-content\\\/uploads\\\/2022\\\/02\\\/247-web-blog-1520x1050-1.jpg\",\"datePublished\":\"2022-02-25T00:21:03+00:00\",\"dateModified\":\"2022-02-25T07:21:08+00:00\",\"description\":\"\u00danete a cristianos de todo el mundo y ora por la crisis que se est\u00e1 desarrollando en Ucrania.\",\"breadcrumb\":{\"@id\":\"https:\\\/\\\/www.24-7prayer.com\\\/es\\\/orando-por-ucrania\\\/#breadcrumb\"},\"inLanguage\":\"es\",\"potentialAction\":[{\"@type\":\"ReadAction\",\"target\":[\"https:\\\/\\\/www.24-7prayer.com\\\/es\\\/orando-por-ucrania\\\/\"]}]},{\"@type\":\"ImageObject\",\"inLanguage\":\"es\",\"@id\":\"https:\\\/\\\/www.24-7prayer.com\\\/es\\\/orando-por-ucrania\\\/#primaryimage\",\"url\":\"https:\\\/\\\/www.24-7prayer.com\\\/wp-content\\\/uploads\\\/2022\\\/02\\\/247-web-blog-1520x1050-1.jpg\",\"contentUrl\":\"https:\\\/\\\/www.24-7prayer.com\\\/wp-content\\\/uploads\\\/2022\\\/02\\\/247-web-blog-1520x1050-1.jpg\",\"width\":1520,\"height\":1050},{\"@type\":\"BreadcrumbList\",\"@id\":\"https:\\\/\\\/www.24-7prayer.com\\\/es\\\/orando-por-ucrania\\\/#breadcrumb\",\"itemListElement\":[{\"@type\":\"ListItem\",\"position\":1,\"name\":\"Home\",\"item\":\"https:\\\/\\\/www.24-7prayer.com\\\/es\\\/\"},{\"@type\":\"ListItem\",\"position\":2,\"name\":\"Orando por Ucrania\"}]},{\"@type\":\"WebSite\",\"@id\":\"https:\\\/\\\/www.24-7prayer.com\\\/es\\\/#website\",\"url\":\"https:\\\/\\\/www.24-7prayer.com\\\/es\\\/\",\"name\":\"24-7 Prayer International\",\"description\":\"Prayer Mission Justice\",\"publisher\":{\"@id\":\"https:\\\/\\\/www.24-7prayer.com\\\/es\\\/#organization\"},\"potentialAction\":[{\"@type\":\"SearchAction\",\"target\":{\"@type\":\"EntryPoint\",\"urlTemplate\":\"https:\\\/\\\/www.24-7prayer.com\\\/es\\\/?s={search_term_string}\"},\"query-input\":{\"@type\":\"PropertyValueSpecification\",\"valueRequired\":true,\"valueName\":\"search_term_string\"}}],\"inLanguage\":\"es\"},{\"@type\":\"Organization\",\"@id\":\"https:\\\/\\\/www.24-7prayer.com\\\/es\\\/#organization\",\"name\":\"24-7 Prayer\",\"url\":\"https:\\\/\\\/www.24-7prayer.com\\\/es\\\/\",\"logo\":{\"@type\":\"ImageObject\",\"inLanguage\":\"es\",\"@id\":\"https:\\\/\\\/www.24-7prayer.com\\\/es\\\/#\\\/schema\\\/logo\\\/image\\\/\",\"url\":\"https:\\\/\\\/www.24-7prayer.com\\\/wp-content\\\/uploads\\\/2022\\\/06\\\/logo.png\",\"contentUrl\":\"https:\\\/\\\/www.24-7prayer.com\\\/wp-content\\\/uploads\\\/2022\\\/06\\\/logo.png\",\"width\":302,\"height\":49,\"caption\":\"24-7 Prayer\"},\"image\":{\"@id\":\"https:\\\/\\\/www.24-7prayer.com\\\/es\\\/#\\\/schema\\\/logo\\\/image\\\/\"}},{\"@type\":\"Person\",\"@id\":\"https:\\\/\\\/www.24-7prayer.com\\\/es\\\/#\\\/schema\\\/person\\\/cea924691d05af4dfa35da709e7ede7d\",\"name\":\"aitor@oracion24-7.com\",\"image\":{\"@type\":\"ImageObject\",\"inLanguage\":\"es\",\"@id\":\"https:\\\/\\\/secure.gravatar.com\\\/avatar\\\/e67a3b0c8e0d52ee179e9f94d3d54543d229c4da1d7def06a61faccb28313f0a?s=96&d=mm&r=g\",\"url\":\"https:\\\/\\\/secure.gravatar.com\\\/avatar\\\/e67a3b0c8e0d52ee179e9f94d3d54543d229c4da1d7def06a61faccb28313f0a?s=96&d=mm&r=g\",\"contentUrl\":\"https:\\\/\\\/secure.gravatar.com\\\/avatar\\\/e67a3b0c8e0d52ee179e9f94d3d54543d229c4da1d7def06a61faccb28313f0a?s=96&d=mm&r=g\",\"caption\":\"aitor@oracion24-7.com\"},\"url\":\"https:\\\/\\\/www.24-7prayer.com\\\/es\\\/author\\\/aitororacion24-7-com\\\/\"}]}<\/script>\n<!-- \/ Yoast SEO plugin. -->","yoast_head_json":{"title":"Orando por Ucrania","description":"\u00danete a cristianos de todo el mundo y ora por la crisis que se est\u00e1 desarrollando en Ucrania.","robots":{"index":"index","follow":"follow","max-snippet":"max-snippet:-1","max-image-preview":"max-image-preview:large","max-video-preview":"max-video-preview:-1"},"canonical":"https:\/\/www.24-7prayer.com\/es\/orando-por-ucrania\/","og_locale":"es_ES","og_type":"article","og_title":"Orando por Ucrania","og_description":"\u00danete a cristianos de todo el mundo y ora por la crisis que se est\u00e1 desarrollando en Ucrania.","og_url":"https:\/\/www.24-7prayer.com\/es\/orando-por-ucrania\/","og_site_name":"24-7 Prayer International","article_published_time":"2022-02-25T00:21:03+00:00","article_modified_time":"2022-02-25T07:21:08+00:00","og_image":[{"width":1520,"height":1050,"url":"https:\/\/www.24-7prayer.com\/wp-content\/uploads\/2022\/02\/247-web-blog-1520x1050-1.jpg","type":"image\/jpeg"}],"author":"aitor@oracion24-7.com","twitter_card":"summary_large_image","schema":{"@context":"https:\/\/schema.org","@graph":[{"@type":"Article","@id":"https:\/\/www.24-7prayer.com\/es\/orando-por-ucrania\/#article","isPartOf":{"@id":"https:\/\/www.24-7prayer.com\/es\/orando-por-ucrania\/"},"author":{"name":"aitor@oracion24-7.com","@id":"https:\/\/www.24-7prayer.com\/es\/#\/schema\/person\/cea924691d05af4dfa35da709e7ede7d"},"headline":"Orando por Ucrania","datePublished":"2022-02-25T00:21:03+00:00","dateModified":"2022-02-25T07:21:08+00:00","mainEntityOfPage":{"@id":"https:\/\/www.24-7prayer.com\/es\/orando-por-ucrania\/"},"wordCount":871,"publisher":{"@id":"https:\/\/www.24-7prayer.com\/es\/#organization"},"image":{"@id":"https:\/\/www.24-7prayer.com\/es\/orando-por-ucrania\/#primaryimage"},"thumbnailUrl":"https:\/\/www.24-7prayer.com\/wp-content\/uploads\/2022\/02\/247-web-blog-1520x1050-1.jpg","articleSection":["Blogs"],"inLanguage":"es"},{"@type":"WebPage","@id":"https:\/\/www.24-7prayer.com\/es\/orando-por-ucrania\/","url":"https:\/\/www.24-7prayer.com\/es\/orando-por-ucrania\/","name":"Orando por Ucrania","isPartOf":{"@id":"https:\/\/www.24-7prayer.com\/es\/#website"},"primaryImageOfPage":{"@id":"https:\/\/www.24-7prayer.com\/es\/orando-por-ucrania\/#primaryimage"},"image":{"@id":"https:\/\/www.24-7prayer.com\/es\/orando-por-ucrania\/#primaryimage"},"thumbnailUrl":"https:\/\/www.24-7prayer.com\/wp-content\/uploads\/2022\/02\/247-web-blog-1520x1050-1.jpg","datePublished":"2022-02-25T00:21:03+00:00","dateModified":"2022-02-25T07:21:08+00:00","description":"\u00danete a cristianos de todo el mundo y ora por la crisis que se est\u00e1 desarrollando en Ucrania.","breadcrumb":{"@id":"https:\/\/www.24-7prayer.com\/es\/orando-por-ucrania\/#breadcrumb"},"inLanguage":"es","potentialAction":[{"@type":"ReadAction","target":["https:\/\/www.24-7prayer.com\/es\/orando-por-ucrania\/"]}]},{"@type":"ImageObject","inLanguage":"es","@id":"https:\/\/www.24-7prayer.com\/es\/orando-por-ucrania\/#primaryimage","url":"https:\/\/www.24-7prayer.com\/wp-content\/uploads\/2022\/02\/247-web-blog-1520x1050-1.jpg","contentUrl":"https:\/\/www.24-7prayer.com\/wp-content\/uploads\/2022\/02\/247-web-blog-1520x1050-1.jpg","width":1520,"height":1050},{"@type":"BreadcrumbList","@id":"https:\/\/www.24-7prayer.com\/es\/orando-por-ucrania\/#breadcrumb","itemListElement":[{"@type":"ListItem","position":1,"name":"Home","item":"https:\/\/www.24-7prayer.com\/es\/"},{"@type":"ListItem","position":2,"name":"Orando por Ucrania"}]},{"@type":"WebSite","@id":"https:\/\/www.24-7prayer.com\/es\/#website","url":"https:\/\/www.24-7prayer.com\/es\/","name":"24-7 Prayer International","description":"Prayer Mission Justice","publisher":{"@id":"https:\/\/www.24-7prayer.com\/es\/#organization"},"potentialAction":[{"@type":"SearchAction","target":{"@type":"EntryPoint","urlTemplate":"https:\/\/www.24-7prayer.com\/es\/?s={search_term_string}"},"query-input":{"@type":"PropertyValueSpecification","valueRequired":true,"valueName":"search_term_string"}}],"inLanguage":"es"},{"@type":"Organization","@id":"https:\/\/www.24-7prayer.com\/es\/#organization","name":"24-7 Prayer","url":"https:\/\/www.24-7prayer.com\/es\/","logo":{"@type":"ImageObject","inLanguage":"es","@id":"https:\/\/www.24-7prayer.com\/es\/#\/schema\/logo\/image\/","url":"https:\/\/www.24-7prayer.com\/wp-content\/uploads\/2022\/06\/logo.png","contentUrl":"https:\/\/www.24-7prayer.com\/wp-content\/uploads\/2022\/06\/logo.png","width":302,"height":49,"caption":"24-7 Prayer"},"image":{"@id":"https:\/\/www.24-7prayer.com\/es\/#\/schema\/logo\/image\/"}},{"@type":"Person","@id":"https:\/\/www.24-7prayer.com\/es\/#\/schema\/person\/cea924691d05af4dfa35da709e7ede7d","name":"aitor@oracion24-7.com","image":{"@type":"ImageObject","inLanguage":"es","@id":"https:\/\/secure.gravatar.com\/avatar\/e67a3b0c8e0d52ee179e9f94d3d54543d229c4da1d7def06a61faccb28313f0a?s=96&d=mm&r=g","url":"https:\/\/secure.gravatar.com\/avatar\/e67a3b0c8e0d52ee179e9f94d3d54543d229c4da1d7def06a61faccb28313f0a?s=96&d=mm&r=g","contentUrl":"https:\/\/secure.gravatar.com\/avatar\/e67a3b0c8e0d52ee179e9f94d3d54543d229c4da1d7def06a61faccb28313f0a?s=96&d=mm&r=g","caption":"aitor@oracion24-7.com"},"url":"https:\/\/www.24-7prayer.com\/es\/author\/aitororacion24-7-com\/"}]}},"_links":{"self":[{"href":"https:\/\/www.24-7prayer.com\/es\/wp-json\/wp\/v2\/posts\/8436","targetHints":{"allow":["GET"]}}],"collection":[{"href":"https:\/\/www.24-7prayer.com\/es\/wp-json\/wp\/v2\/posts"}],"about":[{"href":"https:\/\/www.24-7prayer.com\/es\/wp-json\/wp\/v2\/types\/post"}],"author":[{"embeddable":true,"href":"https:\/\/www.24-7prayer.com\/es\/wp-json\/wp\/v2\/users\/216"}],"replies":[{"embeddable":true,"href":"https:\/\/www.24-7prayer.com\/es\/wp-json\/wp\/v2\/comments?post=8436"}],"version-history":[{"count":69,"href":"https:\/\/www.24-7prayer.com\/es\/wp-json\/wp\/v2\/posts\/8436\/revisions"}],"predecessor-version":[{"id":8520,"href":"https:\/\/www.24-7prayer.com\/es\/wp-json\/wp\/v2\/posts\/8436\/revisions\/8520"}],"wp:featuredmedia":[{"embeddable":true,"href":"https:\/\/www.24-7prayer.com\/es\/wp-json\/wp\/v2\/media\/8432"}],"wp:attachment":[{"href":"https:\/\/www.24-7prayer.com\/es\/wp-json\/wp\/v2\/media?parent=8436"}],"wp:term":[{"taxonomy":"category","embeddable":true,"href":"https:\/\/www.24-7prayer.com\/es\/wp-json\/wp\/v2\/categories?post=8436"},{"taxonomy":"post_tag","embeddable":true,"href":"https:\/\/www.24-7prayer.com\/es\/wp-json\/wp\/v2\/tags?post=8436"},{"taxonomy":"author_slug","embeddable":true,"href":"https:\/\/www.24-7prayer.com\/es\/wp-json\/wp\/v2\/author_slug?post=8436"},{"taxonomy":"blog_series","embeddable":true,"href":"https:\/\/www.24-7prayer.com\/es\/wp-json\/wp\/v2\/blog_series?post=8436"},{"taxonomy":"topic","embeddable":true,"href":"https:\/\/www.24-7prayer.com\/es\/wp-json\/wp\/v2\/topic?post=8436"}],"curies":[{"name":"wp","href":"https:\/\/api.w.org\/{rel}","templated":true}]}}