{"id":8299,"date":"2022-02-24T08:24:58","date_gmt":"2022-02-24T08:24:58","guid":{"rendered":"https:\/\/www.24-7prayer.com\/una-oracion-por-la-crisis-en-ucrania\/"},"modified":"2022-03-04T17:01:36","modified_gmt":"2022-03-04T17:01:36","slug":"una-oracion-por-la-crisis-en-ucrania","status":"publish","type":"post","link":"https:\/\/www.24-7prayer.com\/es\/una-oracion-por-la-crisis-en-ucrania\/","title":{"rendered":"Una oraci\u00f3n por la crisis en Ucrania"},"content":{"rendered":"\n<h6 class=\"wp-block-heading\" id=\"this-prayer-is-also-available-as-downloadable-slides-and-a-pdf-printout-for-use-in-your-church-or-community-in-either-english-or-spanish\">Esta oraci\u00f3n tambi\u00e9n est\u00e1 disponible como diapositivas descargables y en PDF para su uso en tu iglesia o comunidad.<\/h6>\n\n<div class=\"wp-block-buttons is-layout-flex wp-block-buttons-is-layout-flex\">\n<div class=\"wp-block-button\"><a class=\"wp-block-button__link\" href=\"https:\/\/www.24-7prayer.com\/wp-content\/uploads\/2022\/02\/24-7-Prayer-A-Prayer-for-the-Crisis-in-Ukraine-ENG-1.zip\" target=\"_blank\" rel=\"noreferrer noopener\">Descarga (ES) (3MB)<\/a><\/div>\n\n\n\n<div class=\"wp-block-button\"><a class=\"wp-block-button__link\" href=\"https:\/\/www.24-7prayer.com\/wp-content\/uploads\/2022\/02\/24-7-Prayer-A-Prayer-for-the-Crisis-in-Ukraine-ES.zip\" target=\"_blank\" rel=\"noreferrer noopener\">Descarga (ES) (3MB)<\/a><\/div>\n\n\n\n<div class=\"wp-block-button is-style-fill\"><a class=\"wp-block-button__link\" href=\"\" target=\"_blank\" rel=\"noreferrer noopener\">Herunterladen (DE)<\/a><\/div>\n<\/div>\n\n<div style=\"height:60px\" aria-hidden=\"true\" class=\"wp-block-spacer\"><\/div>\n\n<p><strong>Padre Dios,<\/strong> Rey de todas las naciones, clamamos a ti por el pueblo de Ucrania. Te pedimos que rescates de las manos de sus enemigos a los que se encuentran en una situaci\u00f3n de vulnerabilidad, para que puedan vivir sin temor delante de ti todos sus d\u00edas [Luke 1:74-75]. <\/p>\n\n<p>\n          <strong><em>Kyrie eleison<\/em> &#8211; Se\u00f1or, ten piedad.<\/strong>\n        <\/p>\n\n<h6 class=\"wp-block-heading\" id=\"lamb-of-god-who-takes-away-the-sins-of-the-world-have-mercy-upon-us\">\n          <em>Cordero de Dios, que quita el pecado del mundo, ten piedad de nosotros.<\/em>\n        <\/h6>\n\n<h6 class=\"wp-block-heading\" id=\"lamb-of-god-who-takes-away-the-sins-of-the-world-grant-us-peace\">\n          <em>Cordero de Dios, que quita el pecado del mundo, conc\u00e9denos la paz.<\/em>\n        <\/h6>\n\n<div style=\"height:60px\" aria-hidden=\"true\" class=\"wp-block-spacer\"><\/div>\n\n<p><strong>Se\u00f1or de se\u00f1ores y Pr\u00edncipe de paz:<\/strong> nuestros pol\u00edticos est\u00e1n prediciendo la mayor guerra en Europa desde 1945, y simplemente te pedimos urgentemente que escribas otra historia en nuestro tiempo. Desbarata las oscuras maquinaciones de los hombres malvados. Da sabidur\u00eda m\u00e1s all\u00e1 de la humana a los pacificadores que buscan un camino equitativo y menos violento. Que los pol\u00edticos ejerzan la sabidur\u00eda que viene de lo alto, que es pacificadora, amable, dispuesta a ceder y llena de misericordia. [James 3:17].<\/p>\n\n<p>\n          <strong><em>Kyrie eleison<\/em> &#8211; Se\u00f1or, ten piedad.<\/strong>\n        <\/p>\n\n<h6 class=\"wp-block-heading\" id=\"lamb-of-god-who-takes-away-the-sins-of-the-world-have-mercy-upon-us\">\n          <em>Cordero de Dios, que quita el pecado del mundo, ten piedad de nosotros.<\/em>\n        <\/h6>\n\n<h6 class=\"wp-block-heading\" id=\"lamb-of-god-who-takes-away-the-sins-of-the-world-grant-us-peace\">\n          <em>Cordero de Dios, que quita el pecado del mundo, conc\u00e9denos la paz.<\/em>\n        <\/h6>\n\n<div style=\"height:60px\" aria-hidden=\"true\" class=\"wp-block-spacer\"><\/div>\n\n<p><strong>Esp\u00edritu Santo<\/strong>, oramos por la iglesia en Ucrania, una naci\u00f3n en la que el 70% de la poblaci\u00f3n se considera cristiana. Da valor a nuestros muchos hermanos y hermanas de esa naci\u00f3n en esta crisis, que proclamen las buenas nuevas de tu reino, que sanen a los que tienen el coraz\u00f3n quebrantado, y que traigan consuelo a todos los que est\u00e1n de luto. [Isaiah 61:1-2].<\/p>\n\n<p>\n          <strong><em>Kyrie eleison<\/em> &#8211; Se\u00f1or, ten piedad.<\/strong>\n        <\/p>\n\n<h6 class=\"wp-block-heading\" id=\"lamb-of-god-who-takes-away-the-sins-of-the-world-have-mercy-upon-us\">\n          <em>Cordero de Dios, que quita el pecado del mundo, ten piedad de nosotros.<\/em>\n        <\/h6>\n\n<h6 class=\"wp-block-heading\" id=\"lamb-of-god-who-takes-away-the-sins-of-the-world-grant-us-peace\">\n          <em>Cordero de Dios, que quita el pecado del mundo, conc\u00e9denos la paz.<\/em>\n        <\/h6>\n\n<div style=\"height:60px\" aria-hidden=\"true\" class=\"wp-block-spacer\"><\/div>\n\n<p><strong>T\u00fa, Se\u00f1or,<\/strong> haz que cesen las guerras en toda la tierra; quiebra los arcos, destroza las lanzas, y arroja los carros al fuego [Psalm 46:9]. Y por eso te pedimos ahora que salves la vida de muchas personas en Ucrania. Crea una paz que sea fuerte y no d\u00e9bil. Haz que disminuya esta crisis. Escuchamos de guerras y rumores de guerra (Mateo 24:6], pero t\u00fa, Se\u00f1or, eres nuestra roca, nuestra fortaleza y nuestro libertador. Nuestra esperanza est\u00e1 en ti. Y por eso nos dirigimos ahora a las naciones. En el nombre de Jes\u00fas decimos: \u201c\u00abQuedaos quietos, reconoced que \u00c9l es Dios. \u00a1\u00c9l ser\u00e1 exaltado entre las naciones! \u00a1\u00c9l ser\u00e1 enaltecido en la tierra! [Psalm 46:10]. <\/p>\n\n<p>\n          <strong><em>Kyrie eleison<\/em> &#8211; Se\u00f1or, ten piedad.<\/strong>\n        <\/p>\n\n<h6 class=\"wp-block-heading\" id=\"lamb-of-god-who-takes-away-the-sins-of-the-world-have-mercy-upon-us\">\n          <em>Cordero de Dios, que quita el pecado del mundo, ten piedad de nosotros.<\/em>\n        <\/h6>\n\n<h6 class=\"wp-block-heading\" id=\"lamb-of-god-who-takes-away-the-sins-of-the-world-grant-us-peace\">\n          <em>Cordero de Dios, que quita el pecado del mundo, conc\u00e9denos la paz.<\/em>\n        <\/h6>\n\n<div style=\"height:60px\" aria-hidden=\"true\" class=\"wp-block-spacer\"><\/div>\n\n<h6 class=\"wp-block-heading\" id=\"amen\">Am\u00e9n<\/h6>\n","protected":false},"excerpt":{"rendered":"<p>Padre Dios, Rey y Padre Dios, Rey de todas las naciones, clamamos ahora por el pueblo de Ucrania y especialmente por los que est\u00e1n de duelo, muriendo o han sido desplazados.<\/p>\n","protected":false},"author":9,"featured_media":9335,"comment_status":"closed","ping_status":"open","sticky":false,"template":"","format":"standard","meta":{"_acf_changed":false,"inline_featured_image":false,"footnotes":""},"categories":[363],"tags":[],"author_slug":[],"blog_series":[],"topic":[354],"class_list":["post-8299","post","type-post","status-publish","format-standard","has-post-thumbnail","hentry","category-actualidad","topic-justicia"],"acf":[],"yoast_head":"<!-- This site is optimized with the Yoast SEO plugin v27.4 - https:\/\/yoast.com\/product\/yoast-seo-wordpress\/ -->\n<title>Una oraci\u00f3n por la crisis en Ucrania -<\/title>\n<meta name=\"description\" content=\"Dios de la Paz, oramos por todos los que est\u00e1n atrapados en el conflicto de Ucrania. Eres exaltado entre las naciones; eres exaltado en la tierra.\" \/>\n<meta name=\"robots\" content=\"index, follow, max-snippet:-1, max-image-preview:large, max-video-preview:-1\" \/>\n<link rel=\"canonical\" href=\"https:\/\/www.24-7prayer.com\/es\/una-oracion-por-la-crisis-en-ucrania\/\" \/>\n<meta property=\"og:locale\" content=\"es_ES\" \/>\n<meta property=\"og:type\" content=\"article\" \/>\n<meta property=\"og:title\" content=\"Una oraci\u00f3n por la crisis en Ucrania -\" \/>\n<meta property=\"og:description\" content=\"Dios de la Paz, oramos por todos los que est\u00e1n atrapados en el conflicto de Ucrania. Eres exaltado entre las naciones; eres exaltado en la tierra.\" \/>\n<meta property=\"og:url\" content=\"https:\/\/www.24-7prayer.com\/es\/una-oracion-por-la-crisis-en-ucrania\/\" \/>\n<meta property=\"og:site_name\" content=\"24-7 Prayer International\" \/>\n<meta property=\"article:published_time\" content=\"2022-02-24T08:24:58+00:00\" \/>\n<meta property=\"article:modified_time\" content=\"2022-03-04T17:01:36+00:00\" \/>\n<meta property=\"og:image\" content=\"https:\/\/www.24-7prayer.com\/wp-content\/uploads\/2022\/02\/ukraine-crisis-prayer-latest_archive_image.jpg\" \/>\n\t<meta property=\"og:image:width\" content=\"1520\" \/>\n\t<meta property=\"og:image:height\" content=\"1050\" \/>\n\t<meta property=\"og:image:type\" content=\"image\/jpeg\" \/>\n<meta name=\"author\" content=\"rich.tervet@24-7prayer.com\" \/>\n<meta name=\"twitter:card\" content=\"summary_large_image\" \/>\n<script type=\"application\/ld+json\" class=\"yoast-schema-graph\">{\"@context\":\"https:\\\/\\\/schema.org\",\"@graph\":[{\"@type\":\"Article\",\"@id\":\"https:\\\/\\\/www.24-7prayer.com\\\/es\\\/una-oracion-por-la-crisis-en-ucrania\\\/#article\",\"isPartOf\":{\"@id\":\"https:\\\/\\\/www.24-7prayer.com\\\/es\\\/una-oracion-por-la-crisis-en-ucrania\\\/\"},\"author\":{\"name\":\"rich.tervet@24-7prayer.com\",\"@id\":\"https:\\\/\\\/www.24-7prayer.com\\\/es\\\/#\\\/schema\\\/person\\\/f70cacad69d1f6c0494203196554f61d\"},\"headline\":\"Una oraci\u00f3n por la crisis en Ucrania\",\"datePublished\":\"2022-02-24T08:24:58+00:00\",\"dateModified\":\"2022-03-04T17:01:36+00:00\",\"mainEntityOfPage\":{\"@id\":\"https:\\\/\\\/www.24-7prayer.com\\\/es\\\/una-oracion-por-la-crisis-en-ucrania\\\/\"},\"wordCount\":495,\"publisher\":{\"@id\":\"https:\\\/\\\/www.24-7prayer.com\\\/es\\\/#organization\"},\"image\":{\"@id\":\"https:\\\/\\\/www.24-7prayer.com\\\/es\\\/una-oracion-por-la-crisis-en-ucrania\\\/#primaryimage\"},\"thumbnailUrl\":\"https:\\\/\\\/www.24-7prayer.com\\\/wp-content\\\/uploads\\\/2022\\\/02\\\/ukraine-crisis-prayer-latest_archive_image-1.webp\",\"articleSection\":[\"Actualidad\"],\"inLanguage\":\"es\"},{\"@type\":\"WebPage\",\"@id\":\"https:\\\/\\\/www.24-7prayer.com\\\/es\\\/una-oracion-por-la-crisis-en-ucrania\\\/\",\"url\":\"https:\\\/\\\/www.24-7prayer.com\\\/es\\\/una-oracion-por-la-crisis-en-ucrania\\\/\",\"name\":\"Una oraci\u00f3n por la crisis en Ucrania -\",\"isPartOf\":{\"@id\":\"https:\\\/\\\/www.24-7prayer.com\\\/es\\\/#website\"},\"primaryImageOfPage\":{\"@id\":\"https:\\\/\\\/www.24-7prayer.com\\\/es\\\/una-oracion-por-la-crisis-en-ucrania\\\/#primaryimage\"},\"image\":{\"@id\":\"https:\\\/\\\/www.24-7prayer.com\\\/es\\\/una-oracion-por-la-crisis-en-ucrania\\\/#primaryimage\"},\"thumbnailUrl\":\"https:\\\/\\\/www.24-7prayer.com\\\/wp-content\\\/uploads\\\/2022\\\/02\\\/ukraine-crisis-prayer-latest_archive_image-1.webp\",\"datePublished\":\"2022-02-24T08:24:58+00:00\",\"dateModified\":\"2022-03-04T17:01:36+00:00\",\"description\":\"Dios de la Paz, oramos por todos los que est\u00e1n atrapados en el conflicto de Ucrania. Eres exaltado entre las naciones; eres exaltado en la tierra.\",\"breadcrumb\":{\"@id\":\"https:\\\/\\\/www.24-7prayer.com\\\/es\\\/una-oracion-por-la-crisis-en-ucrania\\\/#breadcrumb\"},\"inLanguage\":\"es\",\"potentialAction\":[{\"@type\":\"ReadAction\",\"target\":[\"https:\\\/\\\/www.24-7prayer.com\\\/es\\\/una-oracion-por-la-crisis-en-ucrania\\\/\"]}]},{\"@type\":\"ImageObject\",\"inLanguage\":\"es\",\"@id\":\"https:\\\/\\\/www.24-7prayer.com\\\/es\\\/una-oracion-por-la-crisis-en-ucrania\\\/#primaryimage\",\"url\":\"https:\\\/\\\/www.24-7prayer.com\\\/wp-content\\\/uploads\\\/2022\\\/02\\\/ukraine-crisis-prayer-latest_archive_image-1.webp\",\"contentUrl\":\"https:\\\/\\\/www.24-7prayer.com\\\/wp-content\\\/uploads\\\/2022\\\/02\\\/ukraine-crisis-prayer-latest_archive_image-1.webp\",\"width\":1520,\"height\":1050},{\"@type\":\"BreadcrumbList\",\"@id\":\"https:\\\/\\\/www.24-7prayer.com\\\/es\\\/una-oracion-por-la-crisis-en-ucrania\\\/#breadcrumb\",\"itemListElement\":[{\"@type\":\"ListItem\",\"position\":1,\"name\":\"Home\",\"item\":\"https:\\\/\\\/www.24-7prayer.com\\\/es\\\/\"},{\"@type\":\"ListItem\",\"position\":2,\"name\":\"Una oraci\u00f3n por la crisis en Ucrania\"}]},{\"@type\":\"WebSite\",\"@id\":\"https:\\\/\\\/www.24-7prayer.com\\\/es\\\/#website\",\"url\":\"https:\\\/\\\/www.24-7prayer.com\\\/es\\\/\",\"name\":\"24-7 Prayer International\",\"description\":\"Prayer Mission Justice\",\"publisher\":{\"@id\":\"https:\\\/\\\/www.24-7prayer.com\\\/es\\\/#organization\"},\"potentialAction\":[{\"@type\":\"SearchAction\",\"target\":{\"@type\":\"EntryPoint\",\"urlTemplate\":\"https:\\\/\\\/www.24-7prayer.com\\\/es\\\/?s={search_term_string}\"},\"query-input\":{\"@type\":\"PropertyValueSpecification\",\"valueRequired\":true,\"valueName\":\"search_term_string\"}}],\"inLanguage\":\"es\"},{\"@type\":\"Organization\",\"@id\":\"https:\\\/\\\/www.24-7prayer.com\\\/es\\\/#organization\",\"name\":\"24-7 Prayer\",\"url\":\"https:\\\/\\\/www.24-7prayer.com\\\/es\\\/\",\"logo\":{\"@type\":\"ImageObject\",\"inLanguage\":\"es\",\"@id\":\"https:\\\/\\\/www.24-7prayer.com\\\/es\\\/#\\\/schema\\\/logo\\\/image\\\/\",\"url\":\"https:\\\/\\\/www.24-7prayer.com\\\/wp-content\\\/uploads\\\/2022\\\/06\\\/logo.png\",\"contentUrl\":\"https:\\\/\\\/www.24-7prayer.com\\\/wp-content\\\/uploads\\\/2022\\\/06\\\/logo.png\",\"width\":302,\"height\":49,\"caption\":\"24-7 Prayer\"},\"image\":{\"@id\":\"https:\\\/\\\/www.24-7prayer.com\\\/es\\\/#\\\/schema\\\/logo\\\/image\\\/\"}},{\"@type\":\"Person\",\"@id\":\"https:\\\/\\\/www.24-7prayer.com\\\/es\\\/#\\\/schema\\\/person\\\/f70cacad69d1f6c0494203196554f61d\",\"name\":\"rich.tervet@24-7prayer.com\",\"image\":{\"@type\":\"ImageObject\",\"inLanguage\":\"es\",\"@id\":\"https:\\\/\\\/secure.gravatar.com\\\/avatar\\\/7e9223bba1c668cfafb881fbcc8160bde14c9207a66d0721297a09438f423029?s=96&d=mm&r=g\",\"url\":\"https:\\\/\\\/secure.gravatar.com\\\/avatar\\\/7e9223bba1c668cfafb881fbcc8160bde14c9207a66d0721297a09438f423029?s=96&d=mm&r=g\",\"contentUrl\":\"https:\\\/\\\/secure.gravatar.com\\\/avatar\\\/7e9223bba1c668cfafb881fbcc8160bde14c9207a66d0721297a09438f423029?s=96&d=mm&r=g\",\"caption\":\"rich.tervet@24-7prayer.com\"},\"url\":\"https:\\\/\\\/www.24-7prayer.com\\\/es\\\/author\\\/rich-tervet24-7prayer-com\\\/\"}]}<\/script>\n<!-- \/ Yoast SEO plugin. -->","yoast_head_json":{"title":"Una oraci\u00f3n por la crisis en Ucrania -","description":"Dios de la Paz, oramos por todos los que est\u00e1n atrapados en el conflicto de Ucrania. Eres exaltado entre las naciones; eres exaltado en la tierra.","robots":{"index":"index","follow":"follow","max-snippet":"max-snippet:-1","max-image-preview":"max-image-preview:large","max-video-preview":"max-video-preview:-1"},"canonical":"https:\/\/www.24-7prayer.com\/es\/una-oracion-por-la-crisis-en-ucrania\/","og_locale":"es_ES","og_type":"article","og_title":"Una oraci\u00f3n por la crisis en Ucrania -","og_description":"Dios de la Paz, oramos por todos los que est\u00e1n atrapados en el conflicto de Ucrania. Eres exaltado entre las naciones; eres exaltado en la tierra.","og_url":"https:\/\/www.24-7prayer.com\/es\/una-oracion-por-la-crisis-en-ucrania\/","og_site_name":"24-7 Prayer International","article_published_time":"2022-02-24T08:24:58+00:00","article_modified_time":"2022-03-04T17:01:36+00:00","og_image":[{"width":1520,"height":1050,"url":"https:\/\/www.24-7prayer.com\/wp-content\/uploads\/2022\/02\/ukraine-crisis-prayer-latest_archive_image.jpg","type":"image\/jpeg"}],"author":"rich.tervet@24-7prayer.com","twitter_card":"summary_large_image","schema":{"@context":"https:\/\/schema.org","@graph":[{"@type":"Article","@id":"https:\/\/www.24-7prayer.com\/es\/una-oracion-por-la-crisis-en-ucrania\/#article","isPartOf":{"@id":"https:\/\/www.24-7prayer.com\/es\/una-oracion-por-la-crisis-en-ucrania\/"},"author":{"name":"rich.tervet@24-7prayer.com","@id":"https:\/\/www.24-7prayer.com\/es\/#\/schema\/person\/f70cacad69d1f6c0494203196554f61d"},"headline":"Una oraci\u00f3n por la crisis en Ucrania","datePublished":"2022-02-24T08:24:58+00:00","dateModified":"2022-03-04T17:01:36+00:00","mainEntityOfPage":{"@id":"https:\/\/www.24-7prayer.com\/es\/una-oracion-por-la-crisis-en-ucrania\/"},"wordCount":495,"publisher":{"@id":"https:\/\/www.24-7prayer.com\/es\/#organization"},"image":{"@id":"https:\/\/www.24-7prayer.com\/es\/una-oracion-por-la-crisis-en-ucrania\/#primaryimage"},"thumbnailUrl":"https:\/\/www.24-7prayer.com\/wp-content\/uploads\/2022\/02\/ukraine-crisis-prayer-latest_archive_image-1.webp","articleSection":["Actualidad"],"inLanguage":"es"},{"@type":"WebPage","@id":"https:\/\/www.24-7prayer.com\/es\/una-oracion-por-la-crisis-en-ucrania\/","url":"https:\/\/www.24-7prayer.com\/es\/una-oracion-por-la-crisis-en-ucrania\/","name":"Una oraci\u00f3n por la crisis en Ucrania -","isPartOf":{"@id":"https:\/\/www.24-7prayer.com\/es\/#website"},"primaryImageOfPage":{"@id":"https:\/\/www.24-7prayer.com\/es\/una-oracion-por-la-crisis-en-ucrania\/#primaryimage"},"image":{"@id":"https:\/\/www.24-7prayer.com\/es\/una-oracion-por-la-crisis-en-ucrania\/#primaryimage"},"thumbnailUrl":"https:\/\/www.24-7prayer.com\/wp-content\/uploads\/2022\/02\/ukraine-crisis-prayer-latest_archive_image-1.webp","datePublished":"2022-02-24T08:24:58+00:00","dateModified":"2022-03-04T17:01:36+00:00","description":"Dios de la Paz, oramos por todos los que est\u00e1n atrapados en el conflicto de Ucrania. Eres exaltado entre las naciones; eres exaltado en la tierra.","breadcrumb":{"@id":"https:\/\/www.24-7prayer.com\/es\/una-oracion-por-la-crisis-en-ucrania\/#breadcrumb"},"inLanguage":"es","potentialAction":[{"@type":"ReadAction","target":["https:\/\/www.24-7prayer.com\/es\/una-oracion-por-la-crisis-en-ucrania\/"]}]},{"@type":"ImageObject","inLanguage":"es","@id":"https:\/\/www.24-7prayer.com\/es\/una-oracion-por-la-crisis-en-ucrania\/#primaryimage","url":"https:\/\/www.24-7prayer.com\/wp-content\/uploads\/2022\/02\/ukraine-crisis-prayer-latest_archive_image-1.webp","contentUrl":"https:\/\/www.24-7prayer.com\/wp-content\/uploads\/2022\/02\/ukraine-crisis-prayer-latest_archive_image-1.webp","width":1520,"height":1050},{"@type":"BreadcrumbList","@id":"https:\/\/www.24-7prayer.com\/es\/una-oracion-por-la-crisis-en-ucrania\/#breadcrumb","itemListElement":[{"@type":"ListItem","position":1,"name":"Home","item":"https:\/\/www.24-7prayer.com\/es\/"},{"@type":"ListItem","position":2,"name":"Una oraci\u00f3n por la crisis en Ucrania"}]},{"@type":"WebSite","@id":"https:\/\/www.24-7prayer.com\/es\/#website","url":"https:\/\/www.24-7prayer.com\/es\/","name":"24-7 Prayer International","description":"Prayer Mission Justice","publisher":{"@id":"https:\/\/www.24-7prayer.com\/es\/#organization"},"potentialAction":[{"@type":"SearchAction","target":{"@type":"EntryPoint","urlTemplate":"https:\/\/www.24-7prayer.com\/es\/?s={search_term_string}"},"query-input":{"@type":"PropertyValueSpecification","valueRequired":true,"valueName":"search_term_string"}}],"inLanguage":"es"},{"@type":"Organization","@id":"https:\/\/www.24-7prayer.com\/es\/#organization","name":"24-7 Prayer","url":"https:\/\/www.24-7prayer.com\/es\/","logo":{"@type":"ImageObject","inLanguage":"es","@id":"https:\/\/www.24-7prayer.com\/es\/#\/schema\/logo\/image\/","url":"https:\/\/www.24-7prayer.com\/wp-content\/uploads\/2022\/06\/logo.png","contentUrl":"https:\/\/www.24-7prayer.com\/wp-content\/uploads\/2022\/06\/logo.png","width":302,"height":49,"caption":"24-7 Prayer"},"image":{"@id":"https:\/\/www.24-7prayer.com\/es\/#\/schema\/logo\/image\/"}},{"@type":"Person","@id":"https:\/\/www.24-7prayer.com\/es\/#\/schema\/person\/f70cacad69d1f6c0494203196554f61d","name":"rich.tervet@24-7prayer.com","image":{"@type":"ImageObject","inLanguage":"es","@id":"https:\/\/secure.gravatar.com\/avatar\/7e9223bba1c668cfafb881fbcc8160bde14c9207a66d0721297a09438f423029?s=96&d=mm&r=g","url":"https:\/\/secure.gravatar.com\/avatar\/7e9223bba1c668cfafb881fbcc8160bde14c9207a66d0721297a09438f423029?s=96&d=mm&r=g","contentUrl":"https:\/\/secure.gravatar.com\/avatar\/7e9223bba1c668cfafb881fbcc8160bde14c9207a66d0721297a09438f423029?s=96&d=mm&r=g","caption":"rich.tervet@24-7prayer.com"},"url":"https:\/\/www.24-7prayer.com\/es\/author\/rich-tervet24-7prayer-com\/"}]}},"_links":{"self":[{"href":"https:\/\/www.24-7prayer.com\/es\/wp-json\/wp\/v2\/posts\/8299","targetHints":{"allow":["GET"]}}],"collection":[{"href":"https:\/\/www.24-7prayer.com\/es\/wp-json\/wp\/v2\/posts"}],"about":[{"href":"https:\/\/www.24-7prayer.com\/es\/wp-json\/wp\/v2\/types\/post"}],"author":[{"embeddable":true,"href":"https:\/\/www.24-7prayer.com\/es\/wp-json\/wp\/v2\/users\/9"}],"replies":[{"embeddable":true,"href":"https:\/\/www.24-7prayer.com\/es\/wp-json\/wp\/v2\/comments?post=8299"}],"version-history":[{"count":13,"href":"https:\/\/www.24-7prayer.com\/es\/wp-json\/wp\/v2\/posts\/8299\/revisions"}],"predecessor-version":[{"id":8756,"href":"https:\/\/www.24-7prayer.com\/es\/wp-json\/wp\/v2\/posts\/8299\/revisions\/8756"}],"wp:featuredmedia":[{"embeddable":true,"href":"https:\/\/www.24-7prayer.com\/es\/wp-json\/wp\/v2\/media\/9335"}],"wp:attachment":[{"href":"https:\/\/www.24-7prayer.com\/es\/wp-json\/wp\/v2\/media?parent=8299"}],"wp:term":[{"taxonomy":"category","embeddable":true,"href":"https:\/\/www.24-7prayer.com\/es\/wp-json\/wp\/v2\/categories?post=8299"},{"taxonomy":"post_tag","embeddable":true,"href":"https:\/\/www.24-7prayer.com\/es\/wp-json\/wp\/v2\/tags?post=8299"},{"taxonomy":"author_slug","embeddable":true,"href":"https:\/\/www.24-7prayer.com\/es\/wp-json\/wp\/v2\/author_slug?post=8299"},{"taxonomy":"blog_series","embeddable":true,"href":"https:\/\/www.24-7prayer.com\/es\/wp-json\/wp\/v2\/blog_series?post=8299"},{"taxonomy":"topic","embeddable":true,"href":"https:\/\/www.24-7prayer.com\/es\/wp-json\/wp\/v2\/topic?post=8299"}],"curies":[{"name":"wp","href":"https:\/\/api.w.org\/{rel}","templated":true}]}}