{"id":37056,"date":"2022-12-24T05:00:00","date_gmt":"2022-12-24T05:00:00","guid":{"rendered":"https:\/\/www.24-7prayer.com\/?p=37056"},"modified":"2022-12-24T07:51:05","modified_gmt":"2022-12-24T07:51:05","slug":"nochebuena","status":"publish","type":"post","link":"https:\/\/www.24-7prayer.com\/es\/nochebuena\/","title":{"rendered":"<strong>Nochebuena<\/strong>"},"content":{"rendered":"\n<div class=\"wp-block-buttons is-content-justification-center is-layout-flex wp-container-core-buttons-is-layout-a89b3969 wp-block-buttons-is-layout-flex\"><\/div>\n\n\n\n<iframe loading=\"lazy\" src=\"https:\/\/anchor.fm\/oracion247\/embed\/episodes\/Nochebuena-I-Voces-de-Adviento-I-Lectio-365-e1si38a\" height=\"102px\" width=\"100%\" frameborder=\"0\" scrolling=\"no\"><\/iframe>\n\n\n\n<p>Es Nochebuena. A lo largo de esta semana hemos estado escuchando la voz del cielo que habla de vida y luz en la oscuridad y la muerte de nuestro mundo en esta \u00e9poca tan especial.<\/p>\n\n\n\n<h3 class=\"wp-block-heading\" id=\"haz-una-pausa\">Haz una pausa<\/h3>\n\n\n\n<p><strong><em><strong><em><strong><em><strong><em><strong><em><strong><em>Por lo tanto ahora, al iniciar mi tiempo de oraci\u00f3n, hago una pausa para estar quieto; para respirar lentamente, para re-centrar mis sentidos, que se encuentran dispersos, delante de la presencia de Dios.<\/em><\/strong><\/em><\/strong><\/em><\/strong><\/em><\/strong><\/em><\/strong><\/em><\/strong><\/p>\n\n\n\n<hr class=\"wp-block-separator has-css-opacity is-style-dots\"\/>\n\n\n\n<h5 class=\"has-text-align-center wp-block-heading\" id=\"haz-una-pausa-y-ora\"><em>Haz una pausa y ora<\/em><\/h5>\n\n\n\n<hr class=\"wp-block-separator has-css-opacity is-style-dots\"\/>\n\n\n\n<h3 class=\"wp-block-heading\" id=\"haz-una-pausa\">Oraci\u00f3n de Enfoque<\/h3>\n\n\n\n<p><em>Se\u00f1or, en esta \u00e9poca de tanto ajetreo, por favor, ay\u00fadame a estar quieto. Abro mis o\u00eddos ahora para escuchar cosas incre\u00edbles sobre ti, preparando mi coraz\u00f3n calladamente para el milagro de tu venida en Navidad.<\/em><\/p>\n\n\n\n<div style=\"height:59px\" aria-hidden=\"true\" class=\"wp-block-spacer\"><\/div>\n\n\n\n<h3 class=\"wp-block-heading\" id=\"regocijarse-y-reflexionar\">Regocijarse y Reflexionar<\/h3>\n\n\n\n<p>Hoy escojo regocijarme en la en la profunda quietud de Dios, uni\u00e9ndome a la alabanza ancestral de todo el pueblo de Dios en palabras del Salmo 46&#8230;<\/p>\n\n\n\n<blockquote class=\"wp-block-quote is-layout-flow wp-block-quote-is-layout-flow\">\n<p>\u00ab\u00a1Quedaos quietos y sabed que yo soy Dios!<br>&nbsp;&nbsp;&nbsp;&nbsp;Toda naci\u00f3n me honrar\u00e1.<br>&nbsp;&nbsp;&nbsp;&nbsp;Ser\u00e9 honrado en el mundo entero\u00bb. <br>El&nbsp;Se\u00f1or&nbsp;de los Ej\u00e9rcitos Celestiales est\u00e1 entre nosotros;<br>&nbsp;&nbsp;&nbsp;&nbsp;el Dios de Israel es nuestra fortaleza <\/p>\n<cite><strong>&nbsp;<strong>Salmo 46:10-11 (NTV)<\/strong><\/strong><\/cite><\/blockquote>\n\n\n\n<hr class=\"wp-block-separator has-css-opacity is-style-dots\"\/>\n\n\n\n<h5 class=\"has-text-align-center wp-block-heading\" id=\"haz-una-pausa-y-ora\"><em>Haz una pausa y ora<\/em><\/h5>\n\n\n\n<hr class=\"wp-block-separator has-css-opacity is-style-dots\"\/>\n\n\n\n<p>En v\u00edsperas de Navidad, me tomo este tiempo para recordar el centro de todo, uni\u00e9ndome a Jos\u00e9 y a Mar\u00eda, embarazada, cuando llegan a Bel\u00e9n:<\/p>\n\n\n\n<blockquote class=\"wp-block-quote is-layout-flow wp-block-quote-is-layout-flow\">\n<p>Por aquellos d\u00edas Augusto C\u00e9sar decret\u00f3 que se levantara un censo en todo el Imperio romano. (Este primer censo se efectu\u00f3 cuando Cirenio gobernaba en Siria). As\u00ed que iban todos a inscribirse, cada cual a su propio pueblo. <br>Tambi\u00e9n Jos\u00e9, que era descendiente del rey David, subi\u00f3 de Nazaret, ciudad de Galilea, a Judea. Fue a Bel\u00e9n, la Ciudad de David, para inscribirse junto con Mar\u00eda su esposa. Ella se encontraba encinta. <\/p>\n<cite><strong>Lucas 2:1-5 (NVICST)<\/strong><\/cite><\/blockquote>\n\n\n\n<p>Mar\u00eda deb\u00eda de estar agotada. Jos\u00e9, sin duda, estaba muy estresado. Y, sin embargo, las mismas cosas que parec\u00edan ir tan mal &#8211; el momento del censo, el viaje embarazada de nueve meses, la falta de un lugar donde quedarse &#8211; eran las mismas cosas que ser\u00edan celebradas por las generaciones venideras. Aqu\u00ed, en su momento de abatimiento y desesperaci\u00f3n, se encuentran en la c\u00faspide del mayor milagro de todos los tiempos.<\/p>\n\n\n\n<div style=\"height:59px\" aria-hidden=\"true\" class=\"wp-block-spacer\"><\/div>\n\n\n\n<h3 class=\"wp-block-heading\" id=\"apelar-pedir\"><strong>Apelar \/ Pedir<\/strong><\/h3>\n\n\n\n<p>En esta Nochebuena enmarcaremos nuestras oraciones en torno a tres villancicos que se cantan hoy en todo el mundo: &#8220;Oh, peque\u00f1a ciudad de Bel\u00e9n&#8221;, &#8220;Escuchad el canto de los \u00e1ngeles heraldos&#8221; y &#8220;Noche de paz&#8221;.<br><br>Me encanta ese verso de &#8220;Oh, peque\u00f1a ciudad de Bel\u00e9n&#8221; que describe c\u00f3mo &#8220;las esperanzas y los temores de todos los a\u00f1os se encuentran en ti esta noche\u201d.* <em>Y por eso me detengo ahora ante ti, Se\u00f1or, para nombrar mis esperanzas y temores para las fiestas que se avecinan.<\/em><\/p>\n\n\n\n<hr class=\"wp-block-separator has-css-opacity is-style-dots\"\/>\n\n\n\n<h5 class=\"has-text-align-center wp-block-heading\" id=\"haz-una-pausa-y-ora\"><em>Haz una pausa y ora<\/em><\/h5>\n\n\n\n<hr class=\"wp-block-separator has-css-opacity is-style-dots\"\/>\n\n\n\n<p>Y ahora enfoco mis oraciones en esa l\u00ednea del gran himno de Charles Wesley &#8220;Escuchad el canto de los \u00e1ngeles heraldos&#8221; &#8211; &#8220;Paz en la tierra, y misericordia, Dios y pecadores reconciliados!&#8221;** \u00bfA qui\u00e9n conozco que necesita desesperadamente reconciliarse con el Se\u00f1or esta Navidad? Ahora oro por ellos.<\/p>\n\n\n\n<hr class=\"wp-block-separator has-css-opacity is-style-dots\"\/>\n\n\n\n<h5 class=\"has-text-align-center wp-block-heading\" id=\"haz-una-pausa-y-ora\"><em>Haz una pausa y ora<\/em><\/h5>\n\n\n\n<hr class=\"wp-block-separator has-css-opacity is-style-dots\"\/>\n\n\n\n<h3 class=\"wp-block-heading\" id=\"apelar-pedir\"><strong>Rendirse<\/strong><\/h3>\n\n\n\n<p>Al volver al pasaje<em>, abro mis o\u00eddos para escuchar tu Palabra, y mi coraz\u00f3n para rendirme a tu voluntad una vez m\u00e1s.<\/em><\/p>\n\n\n\n<blockquote class=\"wp-block-quote is-layout-flow wp-block-quote-is-layout-flow\">\n<p>Por aquellos d\u00edas Augusto C\u00e9sar decret\u00f3 que se levantara un censo en todo el Imperio romano. (Este primer censo se efectu\u00f3 cuando Cirenio gobernaba en Siria). As\u00ed que iban todos a inscribirse, cada cual a su propio pueblo. <br>Tambi\u00e9n Jos\u00e9, que era descendiente del rey David, subi\u00f3 de Nazaret, ciudad de Galilea, a Judea. Fue a Bel\u00e9n, la Ciudad de David, para inscribirse junto con Mar\u00eda su esposa. Ella se encontraba encinta. <\/p>\n<cite><strong><strong><strong><strong><strong><strong><strong><strong><strong><strong><strong><strong><strong><strong><strong><strong>Lucas 2:1-5 (NVICST)<\/strong><\/strong><\/strong><\/strong><\/strong><\/strong><\/strong><\/strong><\/strong><\/strong><\/strong><\/strong><\/strong><\/strong><\/strong><\/strong><\/cite><\/blockquote>\n\n\n\n<p>Me acuerdo de la peregrinaci\u00f3n de Mar\u00eda y Jos\u00e9, sobre todo en un d\u00eda como hoy, en el que tantos millones de personas emprenden arduos viajes por Navidad. Soy consciente de la soledad y el desarraigo que debieron sentir Mar\u00eda y Jos\u00e9. Por eso oro por los que estar\u00e1n solos o se sentir\u00e1n desplazados esta Navidad, lejos de casa, literalmente, o dentro de su propio coraz\u00f3n.<\/p>\n\n\n\n<hr class=\"wp-block-separator has-css-opacity is-style-dots\"\/>\n\n\n\n<h5 class=\"has-text-align-center wp-block-heading\" id=\"haz-una-pausa-y-ora\"><em>Haz una pausa y ora<\/em><\/h5>\n\n\n\n<hr class=\"wp-block-separator has-css-opacity is-style-dots\"\/>\n\n\n\n<h3 class=\"wp-block-heading\" id=\"apelar-pedir\"><strong><strong>Oraci\u00f3n de rendici\u00f3n<\/strong><\/strong><\/h3>\n\n\n\n<p><em>Me entrego hoy al Se\u00f1or Jesucristo, con las palabras de uno de los villancicos m\u00e1s queridos de todos los tiempos:<\/em><\/p>\n\n\n\n<blockquote class=\"wp-block-quote is-layout-flow wp-block-quote-is-layout-flow\">\n<p>Noche de paz, noche de amor <br>todo duerme en derredor <br>entre los astros que esparcen su luz <br>bella anunciando al ni\u00f1o Jes\u00fas <br>brilla la estrella de paz <br>brilla la estrella de paz.*** <\/p>\n<cite>Joseph Mohr<\/cite><\/blockquote>\n\n\n\n<div style=\"height:59px\" aria-hidden=\"true\" class=\"wp-block-spacer\"><\/div>\n\n\n\n<h3 class=\"wp-block-heading\" id=\"apelar-pedir\"><strong><strong><strong>Promesa de rendici\u00f3n<\/strong><\/strong><\/strong><\/h3>\n\n\n\n<p>Y ahora, mientras me preparo para llevar este tiempo de oraci\u00f3n al d\u00eda de nochebuena, el Se\u00f1or, que me ama dice en Juan:<\/p>\n\n\n\n<blockquote class=\"wp-block-quote is-layout-flow wp-block-quote-is-layout-flow\">\n<p>\u00bbNo dej\u00e9is que el coraz\u00f3n se os llene de angustia; confiad en Dios y confiad tambi\u00e9n en m\u00ed. En el hogar de mi Padre, hay lugar m\u00e1s que suficiente. Si no fuera as\u00ed, \u00bfacaso os habr\u00eda dicho que voy a prepararos un lugar? Cuando todo est\u00e9 listo, volver\u00e9 para llevaros, para que siempre est\u00e9is conmigo donde yo estoy. <\/p>\n<cite><strong><strong><strong><strong><strong><strong><strong><strong><strong><strong>Juan 14:1-3 (NTV)<\/strong><\/strong><\/strong><\/strong><\/strong><\/strong><\/strong><\/strong><\/strong><\/strong><\/cite><\/blockquote>\n\n\n\n<h3 class=\"wp-block-heading\" id=\"apelar-pedir\"><strong><strong><strong><strong><em>Oraci\u00f3n para terminar<\/em><\/strong><\/strong><\/strong><\/strong><\/h3>\n\n\n\n<p><strong><em>Padre, ay\u00fadame a vivir este d\u00eda al m\u00e1ximo,<\/em><\/strong><br><strong><em>siendo aut\u00e9ntico contigo en todo.<\/em><\/strong><br><strong><em>Jes\u00fas, ay\u00fadame a darme a los dem\u00e1s,&nbsp;<\/em><\/strong><br><strong><em>siendo amable con toda la gente con la que me encuentre.<\/em><\/strong><br><strong><em>Esp\u00edritu, ay\u00fadame a amar a la gente que se encuentra perdida,<\/em><\/strong><br><strong><em>proclamando a Cristo en todo lo que digo y hago.<\/em><\/strong><br><strong><em>Am\u00e9n.<\/em><\/strong><\/p>\n\n\n\n<p class=\"has-small-font-size\">*<a href=\"https:\/\/hymnary.org\/text\/o_little_town_of_bethlehem\">https:\/\/hymnary.org\/text\/o_little_town_of_bethlehem<\/a><\/p>\n\n\n\n<p class=\"has-small-font-size\">**<a href=\"https:\/\/hymnary.org\/text\/hark_the_herald_angels_sing_glory_to\">https:\/\/hymnary.org\/text\/hark_the_herald_angels_sing_glory_to<\/a><\/p>\n\n\n\n<p class=\"has-small-font-size\">***<a href=\"https:\/\/hymnary.org\/text\/silent_night_holy_night_all_is_calm_all\">https:\/\/hymnary.org\/text\/silent_night_holy_night_all_is_calm_all<\/a><\/p>\n","protected":false},"excerpt":{"rendered":"<p>Es Nochebuena. A lo largo de esta semana hemos estado escuchando la voz del cielo que habla de vida y luz en la oscuridad y la muerte de nuestro mundo en esta \u00e9poca tan especial. Haz una pausa Por lo tanto ahora, al iniciar mi tiempo de oraci\u00f3n, hago una pausa para estar quieto; para [&hellip;]<\/p>\n","protected":false},"author":216,"featured_media":35192,"comment_status":"closed","ping_status":"open","sticky":false,"template":"","format":"standard","meta":{"_acf_changed":false,"inline_featured_image":false,"footnotes":""},"categories":[206],"tags":[],"author_slug":[370],"blog_series":[518],"topic":[353],"class_list":["post-37056","post","type-post","status-publish","format-standard","has-post-thumbnail","hentry","category-blog-es","author_slug-oracion-24-7","blog_series-voces-de-adviento","topic-orar"],"acf":[],"yoast_head":"<!-- This site is optimized with the Yoast SEO plugin v27.4 - https:\/\/yoast.com\/product\/yoast-seo-wordpress\/ -->\n<title>Nochebuena<\/title>\n<meta name=\"description\" content=\"Es Nochebuena. A lo largo de esta semana hemos estado escuchando la voz del cielo que habla de vida y luz en la oscuridad y la muerte de nuestro mundo en esta \u00e9poca tan especial.\" \/>\n<meta name=\"robots\" content=\"index, follow, max-snippet:-1, max-image-preview:large, max-video-preview:-1\" \/>\n<link rel=\"canonical\" href=\"https:\/\/www.24-7prayer.com\/es\/nochebuena\/\" \/>\n<meta property=\"og:locale\" content=\"es_ES\" \/>\n<meta property=\"og:type\" content=\"article\" \/>\n<meta property=\"og:title\" content=\"Nochebuena\" \/>\n<meta property=\"og:description\" content=\"Es Nochebuena. A lo largo de esta semana hemos estado escuchando la voz del cielo que habla de vida y luz en la oscuridad y la muerte de nuestro mundo en esta \u00e9poca tan especial.\" \/>\n<meta property=\"og:url\" content=\"https:\/\/www.24-7prayer.com\/es\/nochebuena\/\" \/>\n<meta property=\"og:site_name\" content=\"24-7 Prayer International\" \/>\n<meta property=\"article:published_time\" content=\"2022-12-24T05:00:00+00:00\" \/>\n<meta property=\"article:modified_time\" content=\"2022-12-24T07:51:05+00:00\" \/>\n<meta property=\"og:image\" content=\"https:\/\/www.24-7prayer.com\/wp-content\/uploads\/2022\/11\/365-voces-de-adviento-sin-txt.jpg\" \/>\n\t<meta property=\"og:image:width\" content=\"1080\" \/>\n\t<meta property=\"og:image:height\" content=\"1080\" \/>\n\t<meta property=\"og:image:type\" content=\"image\/jpeg\" \/>\n<meta name=\"author\" content=\"aitor@oracion24-7.com\" \/>\n<meta name=\"twitter:card\" content=\"summary_large_image\" \/>\n<script type=\"application\/ld+json\" class=\"yoast-schema-graph\">{\"@context\":\"https:\\\/\\\/schema.org\",\"@graph\":[{\"@type\":\"Article\",\"@id\":\"https:\\\/\\\/www.24-7prayer.com\\\/es\\\/nochebuena\\\/#article\",\"isPartOf\":{\"@id\":\"https:\\\/\\\/www.24-7prayer.com\\\/es\\\/nochebuena\\\/\"},\"author\":{\"name\":\"aitor@oracion24-7.com\",\"@id\":\"https:\\\/\\\/www.24-7prayer.com\\\/es\\\/#\\\/schema\\\/person\\\/cea924691d05af4dfa35da709e7ede7d\"},\"headline\":\"Nochebuena\",\"datePublished\":\"2022-12-24T05:00:00+00:00\",\"dateModified\":\"2022-12-24T07:51:05+00:00\",\"mainEntityOfPage\":{\"@id\":\"https:\\\/\\\/www.24-7prayer.com\\\/es\\\/nochebuena\\\/\"},\"wordCount\":997,\"publisher\":{\"@id\":\"https:\\\/\\\/www.24-7prayer.com\\\/es\\\/#organization\"},\"image\":{\"@id\":\"https:\\\/\\\/www.24-7prayer.com\\\/es\\\/nochebuena\\\/#primaryimage\"},\"thumbnailUrl\":\"https:\\\/\\\/www.24-7prayer.com\\\/wp-content\\\/uploads\\\/2022\\\/11\\\/365-voces-de-adviento-sin-txt.jpg\",\"articleSection\":[\"Blogs\"],\"inLanguage\":\"es\"},{\"@type\":\"WebPage\",\"@id\":\"https:\\\/\\\/www.24-7prayer.com\\\/es\\\/nochebuena\\\/\",\"url\":\"https:\\\/\\\/www.24-7prayer.com\\\/es\\\/nochebuena\\\/\",\"name\":\"Nochebuena\",\"isPartOf\":{\"@id\":\"https:\\\/\\\/www.24-7prayer.com\\\/es\\\/#website\"},\"primaryImageOfPage\":{\"@id\":\"https:\\\/\\\/www.24-7prayer.com\\\/es\\\/nochebuena\\\/#primaryimage\"},\"image\":{\"@id\":\"https:\\\/\\\/www.24-7prayer.com\\\/es\\\/nochebuena\\\/#primaryimage\"},\"thumbnailUrl\":\"https:\\\/\\\/www.24-7prayer.com\\\/wp-content\\\/uploads\\\/2022\\\/11\\\/365-voces-de-adviento-sin-txt.jpg\",\"datePublished\":\"2022-12-24T05:00:00+00:00\",\"dateModified\":\"2022-12-24T07:51:05+00:00\",\"description\":\"Es Nochebuena. A lo largo de esta semana hemos estado escuchando la voz del cielo que habla de vida y luz en la oscuridad y la muerte de nuestro mundo en esta \u00e9poca tan especial.\",\"breadcrumb\":{\"@id\":\"https:\\\/\\\/www.24-7prayer.com\\\/es\\\/nochebuena\\\/#breadcrumb\"},\"inLanguage\":\"es\",\"potentialAction\":[{\"@type\":\"ReadAction\",\"target\":[\"https:\\\/\\\/www.24-7prayer.com\\\/es\\\/nochebuena\\\/\"]}]},{\"@type\":\"ImageObject\",\"inLanguage\":\"es\",\"@id\":\"https:\\\/\\\/www.24-7prayer.com\\\/es\\\/nochebuena\\\/#primaryimage\",\"url\":\"https:\\\/\\\/www.24-7prayer.com\\\/wp-content\\\/uploads\\\/2022\\\/11\\\/365-voces-de-adviento-sin-txt.jpg\",\"contentUrl\":\"https:\\\/\\\/www.24-7prayer.com\\\/wp-content\\\/uploads\\\/2022\\\/11\\\/365-voces-de-adviento-sin-txt.jpg\",\"width\":1080,\"height\":1080},{\"@type\":\"BreadcrumbList\",\"@id\":\"https:\\\/\\\/www.24-7prayer.com\\\/es\\\/nochebuena\\\/#breadcrumb\",\"itemListElement\":[{\"@type\":\"ListItem\",\"position\":1,\"name\":\"Home\",\"item\":\"https:\\\/\\\/www.24-7prayer.com\\\/es\\\/\"},{\"@type\":\"ListItem\",\"position\":2,\"name\":\"Nochebuena\"}]},{\"@type\":\"WebSite\",\"@id\":\"https:\\\/\\\/www.24-7prayer.com\\\/es\\\/#website\",\"url\":\"https:\\\/\\\/www.24-7prayer.com\\\/es\\\/\",\"name\":\"24-7 Prayer International\",\"description\":\"Prayer Mission Justice\",\"publisher\":{\"@id\":\"https:\\\/\\\/www.24-7prayer.com\\\/es\\\/#organization\"},\"potentialAction\":[{\"@type\":\"SearchAction\",\"target\":{\"@type\":\"EntryPoint\",\"urlTemplate\":\"https:\\\/\\\/www.24-7prayer.com\\\/es\\\/?s={search_term_string}\"},\"query-input\":{\"@type\":\"PropertyValueSpecification\",\"valueRequired\":true,\"valueName\":\"search_term_string\"}}],\"inLanguage\":\"es\"},{\"@type\":\"Organization\",\"@id\":\"https:\\\/\\\/www.24-7prayer.com\\\/es\\\/#organization\",\"name\":\"24-7 Prayer\",\"url\":\"https:\\\/\\\/www.24-7prayer.com\\\/es\\\/\",\"logo\":{\"@type\":\"ImageObject\",\"inLanguage\":\"es\",\"@id\":\"https:\\\/\\\/www.24-7prayer.com\\\/es\\\/#\\\/schema\\\/logo\\\/image\\\/\",\"url\":\"https:\\\/\\\/www.24-7prayer.com\\\/wp-content\\\/uploads\\\/2022\\\/06\\\/logo.png\",\"contentUrl\":\"https:\\\/\\\/www.24-7prayer.com\\\/wp-content\\\/uploads\\\/2022\\\/06\\\/logo.png\",\"width\":302,\"height\":49,\"caption\":\"24-7 Prayer\"},\"image\":{\"@id\":\"https:\\\/\\\/www.24-7prayer.com\\\/es\\\/#\\\/schema\\\/logo\\\/image\\\/\"}},{\"@type\":\"Person\",\"@id\":\"https:\\\/\\\/www.24-7prayer.com\\\/es\\\/#\\\/schema\\\/person\\\/cea924691d05af4dfa35da709e7ede7d\",\"name\":\"aitor@oracion24-7.com\",\"image\":{\"@type\":\"ImageObject\",\"inLanguage\":\"es\",\"@id\":\"https:\\\/\\\/secure.gravatar.com\\\/avatar\\\/e67a3b0c8e0d52ee179e9f94d3d54543d229c4da1d7def06a61faccb28313f0a?s=96&d=mm&r=g\",\"url\":\"https:\\\/\\\/secure.gravatar.com\\\/avatar\\\/e67a3b0c8e0d52ee179e9f94d3d54543d229c4da1d7def06a61faccb28313f0a?s=96&d=mm&r=g\",\"contentUrl\":\"https:\\\/\\\/secure.gravatar.com\\\/avatar\\\/e67a3b0c8e0d52ee179e9f94d3d54543d229c4da1d7def06a61faccb28313f0a?s=96&d=mm&r=g\",\"caption\":\"aitor@oracion24-7.com\"},\"url\":\"https:\\\/\\\/www.24-7prayer.com\\\/es\\\/author\\\/aitororacion24-7-com\\\/\"}]}<\/script>\n<!-- \/ Yoast SEO plugin. -->","yoast_head_json":{"title":"Nochebuena","description":"Es Nochebuena. A lo largo de esta semana hemos estado escuchando la voz del cielo que habla de vida y luz en la oscuridad y la muerte de nuestro mundo en esta \u00e9poca tan especial.","robots":{"index":"index","follow":"follow","max-snippet":"max-snippet:-1","max-image-preview":"max-image-preview:large","max-video-preview":"max-video-preview:-1"},"canonical":"https:\/\/www.24-7prayer.com\/es\/nochebuena\/","og_locale":"es_ES","og_type":"article","og_title":"Nochebuena","og_description":"Es Nochebuena. A lo largo de esta semana hemos estado escuchando la voz del cielo que habla de vida y luz en la oscuridad y la muerte de nuestro mundo en esta \u00e9poca tan especial.","og_url":"https:\/\/www.24-7prayer.com\/es\/nochebuena\/","og_site_name":"24-7 Prayer International","article_published_time":"2022-12-24T05:00:00+00:00","article_modified_time":"2022-12-24T07:51:05+00:00","og_image":[{"width":1080,"height":1080,"url":"https:\/\/www.24-7prayer.com\/wp-content\/uploads\/2022\/11\/365-voces-de-adviento-sin-txt.jpg","type":"image\/jpeg"}],"author":"aitor@oracion24-7.com","twitter_card":"summary_large_image","schema":{"@context":"https:\/\/schema.org","@graph":[{"@type":"Article","@id":"https:\/\/www.24-7prayer.com\/es\/nochebuena\/#article","isPartOf":{"@id":"https:\/\/www.24-7prayer.com\/es\/nochebuena\/"},"author":{"name":"aitor@oracion24-7.com","@id":"https:\/\/www.24-7prayer.com\/es\/#\/schema\/person\/cea924691d05af4dfa35da709e7ede7d"},"headline":"Nochebuena","datePublished":"2022-12-24T05:00:00+00:00","dateModified":"2022-12-24T07:51:05+00:00","mainEntityOfPage":{"@id":"https:\/\/www.24-7prayer.com\/es\/nochebuena\/"},"wordCount":997,"publisher":{"@id":"https:\/\/www.24-7prayer.com\/es\/#organization"},"image":{"@id":"https:\/\/www.24-7prayer.com\/es\/nochebuena\/#primaryimage"},"thumbnailUrl":"https:\/\/www.24-7prayer.com\/wp-content\/uploads\/2022\/11\/365-voces-de-adviento-sin-txt.jpg","articleSection":["Blogs"],"inLanguage":"es"},{"@type":"WebPage","@id":"https:\/\/www.24-7prayer.com\/es\/nochebuena\/","url":"https:\/\/www.24-7prayer.com\/es\/nochebuena\/","name":"Nochebuena","isPartOf":{"@id":"https:\/\/www.24-7prayer.com\/es\/#website"},"primaryImageOfPage":{"@id":"https:\/\/www.24-7prayer.com\/es\/nochebuena\/#primaryimage"},"image":{"@id":"https:\/\/www.24-7prayer.com\/es\/nochebuena\/#primaryimage"},"thumbnailUrl":"https:\/\/www.24-7prayer.com\/wp-content\/uploads\/2022\/11\/365-voces-de-adviento-sin-txt.jpg","datePublished":"2022-12-24T05:00:00+00:00","dateModified":"2022-12-24T07:51:05+00:00","description":"Es Nochebuena. A lo largo de esta semana hemos estado escuchando la voz del cielo que habla de vida y luz en la oscuridad y la muerte de nuestro mundo en esta \u00e9poca tan especial.","breadcrumb":{"@id":"https:\/\/www.24-7prayer.com\/es\/nochebuena\/#breadcrumb"},"inLanguage":"es","potentialAction":[{"@type":"ReadAction","target":["https:\/\/www.24-7prayer.com\/es\/nochebuena\/"]}]},{"@type":"ImageObject","inLanguage":"es","@id":"https:\/\/www.24-7prayer.com\/es\/nochebuena\/#primaryimage","url":"https:\/\/www.24-7prayer.com\/wp-content\/uploads\/2022\/11\/365-voces-de-adviento-sin-txt.jpg","contentUrl":"https:\/\/www.24-7prayer.com\/wp-content\/uploads\/2022\/11\/365-voces-de-adviento-sin-txt.jpg","width":1080,"height":1080},{"@type":"BreadcrumbList","@id":"https:\/\/www.24-7prayer.com\/es\/nochebuena\/#breadcrumb","itemListElement":[{"@type":"ListItem","position":1,"name":"Home","item":"https:\/\/www.24-7prayer.com\/es\/"},{"@type":"ListItem","position":2,"name":"Nochebuena"}]},{"@type":"WebSite","@id":"https:\/\/www.24-7prayer.com\/es\/#website","url":"https:\/\/www.24-7prayer.com\/es\/","name":"24-7 Prayer International","description":"Prayer Mission Justice","publisher":{"@id":"https:\/\/www.24-7prayer.com\/es\/#organization"},"potentialAction":[{"@type":"SearchAction","target":{"@type":"EntryPoint","urlTemplate":"https:\/\/www.24-7prayer.com\/es\/?s={search_term_string}"},"query-input":{"@type":"PropertyValueSpecification","valueRequired":true,"valueName":"search_term_string"}}],"inLanguage":"es"},{"@type":"Organization","@id":"https:\/\/www.24-7prayer.com\/es\/#organization","name":"24-7 Prayer","url":"https:\/\/www.24-7prayer.com\/es\/","logo":{"@type":"ImageObject","inLanguage":"es","@id":"https:\/\/www.24-7prayer.com\/es\/#\/schema\/logo\/image\/","url":"https:\/\/www.24-7prayer.com\/wp-content\/uploads\/2022\/06\/logo.png","contentUrl":"https:\/\/www.24-7prayer.com\/wp-content\/uploads\/2022\/06\/logo.png","width":302,"height":49,"caption":"24-7 Prayer"},"image":{"@id":"https:\/\/www.24-7prayer.com\/es\/#\/schema\/logo\/image\/"}},{"@type":"Person","@id":"https:\/\/www.24-7prayer.com\/es\/#\/schema\/person\/cea924691d05af4dfa35da709e7ede7d","name":"aitor@oracion24-7.com","image":{"@type":"ImageObject","inLanguage":"es","@id":"https:\/\/secure.gravatar.com\/avatar\/e67a3b0c8e0d52ee179e9f94d3d54543d229c4da1d7def06a61faccb28313f0a?s=96&d=mm&r=g","url":"https:\/\/secure.gravatar.com\/avatar\/e67a3b0c8e0d52ee179e9f94d3d54543d229c4da1d7def06a61faccb28313f0a?s=96&d=mm&r=g","contentUrl":"https:\/\/secure.gravatar.com\/avatar\/e67a3b0c8e0d52ee179e9f94d3d54543d229c4da1d7def06a61faccb28313f0a?s=96&d=mm&r=g","caption":"aitor@oracion24-7.com"},"url":"https:\/\/www.24-7prayer.com\/es\/author\/aitororacion24-7-com\/"}]}},"_links":{"self":[{"href":"https:\/\/www.24-7prayer.com\/es\/wp-json\/wp\/v2\/posts\/37056","targetHints":{"allow":["GET"]}}],"collection":[{"href":"https:\/\/www.24-7prayer.com\/es\/wp-json\/wp\/v2\/posts"}],"about":[{"href":"https:\/\/www.24-7prayer.com\/es\/wp-json\/wp\/v2\/types\/post"}],"author":[{"embeddable":true,"href":"https:\/\/www.24-7prayer.com\/es\/wp-json\/wp\/v2\/users\/216"}],"replies":[{"embeddable":true,"href":"https:\/\/www.24-7prayer.com\/es\/wp-json\/wp\/v2\/comments?post=37056"}],"version-history":[{"count":7,"href":"https:\/\/www.24-7prayer.com\/es\/wp-json\/wp\/v2\/posts\/37056\/revisions"}],"predecessor-version":[{"id":37616,"href":"https:\/\/www.24-7prayer.com\/es\/wp-json\/wp\/v2\/posts\/37056\/revisions\/37616"}],"wp:featuredmedia":[{"embeddable":true,"href":"https:\/\/www.24-7prayer.com\/es\/wp-json\/wp\/v2\/media\/35192"}],"wp:attachment":[{"href":"https:\/\/www.24-7prayer.com\/es\/wp-json\/wp\/v2\/media?parent=37056"}],"wp:term":[{"taxonomy":"category","embeddable":true,"href":"https:\/\/www.24-7prayer.com\/es\/wp-json\/wp\/v2\/categories?post=37056"},{"taxonomy":"post_tag","embeddable":true,"href":"https:\/\/www.24-7prayer.com\/es\/wp-json\/wp\/v2\/tags?post=37056"},{"taxonomy":"author_slug","embeddable":true,"href":"https:\/\/www.24-7prayer.com\/es\/wp-json\/wp\/v2\/author_slug?post=37056"},{"taxonomy":"blog_series","embeddable":true,"href":"https:\/\/www.24-7prayer.com\/es\/wp-json\/wp\/v2\/blog_series?post=37056"},{"taxonomy":"topic","embeddable":true,"href":"https:\/\/www.24-7prayer.com\/es\/wp-json\/wp\/v2\/topic?post=37056"}],"curies":[{"name":"wp","href":"https:\/\/api.w.org\/{rel}","templated":true}]}}