{"id":37043,"date":"2022-12-23T05:00:00","date_gmt":"2022-12-23T05:00:00","guid":{"rendered":"https:\/\/www.24-7prayer.com\/?p=37043"},"modified":"2022-12-23T15:29:50","modified_gmt":"2022-12-23T15:29:50","slug":"dios-habla-a-traves-de-los-suenos-de-los-de-magos-de-oriente","status":"publish","type":"post","link":"https:\/\/www.24-7prayer.com\/es\/dios-habla-a-traves-de-los-suenos-de-los-de-magos-de-oriente\/","title":{"rendered":"<strong>Dios habla a trav\u00e9s de los sue\u00f1os de los de Magos de Oriente\u00a0<\/strong>"},"content":{"rendered":"\n<div class=\"wp-block-buttons is-content-justification-center is-layout-flex wp-container-core-buttons-is-layout-a89b3969 wp-block-buttons-is-layout-flex\"><\/div>\n\n\n\n<iframe loading=\"lazy\" src=\"https:\/\/anchor.fm\/oracion247\/embed\/episodes\/Dios-habla-a-travs-de-los-sueos-de-los-de-Magos-de-Oriente-I-Voces-de-Adviento-I-Lectio-365-e1si0kq\" height=\"102px\" width=\"100%\" frameborder=\"0\" scrolling=\"no\"><\/iframe>\n\n\n\n<p>Hoy es viernes, 23 de diciembre, y s\u00f3lo faltan dos d\u00edas para Navidad. Esta semana estamos explorando las muchas maneras en que la voz del cielo habla de vida y luz en nuestro mundo en Navidad.<\/p>\n\n\n\n<h3 class=\"wp-block-heading\" id=\"haz-una-pausa\">Haz una pausa<\/h3>\n\n\n\n<p><strong><em><strong><em><strong><em><strong><em><strong><em><strong><em>Por lo tanto ahora, al iniciar mi tiempo de oraci\u00f3n, hago una pausa para estar quieto; para respirar lentamente, para re-centrar mis sentidos, que se encuentran dispersos, delante de la presencia de Dios.<\/em><\/strong><\/em><\/strong><\/em><\/strong><\/em><\/strong><\/em><\/strong><\/em><\/strong><\/p>\n\n\n\n<hr class=\"wp-block-separator has-css-opacity is-style-dots\"\/>\n\n\n\n<h5 class=\"has-text-align-center wp-block-heading\" id=\"haz-una-pausa-y-ora\"><em>Haz una pausa y ora<\/em><\/h5>\n\n\n\n<hr class=\"wp-block-separator has-css-opacity is-style-dots\"\/>\n\n\n\n<h3 class=\"wp-block-heading\" id=\"haz-una-pausa\">Oraci\u00f3n de Enfoque<\/h3>\n\n\n\n<p><em>Se\u00f1or, en esta \u00e9poca de tanto ajetreo, por favor, ay\u00fadame a estar quieta. Abro mis o\u00eddos ahora para escuchar cosas incre\u00edbles sobre ti, preparando mi coraz\u00f3n calladamente para el milagro de tu venida en Navidad.<\/em><\/p>\n\n\n\n<div style=\"height:59px\" aria-hidden=\"true\" class=\"wp-block-spacer\"><\/div>\n\n\n\n<h3 class=\"wp-block-heading\" id=\"regocijarse-y-reflexionar\">Regocijarse y Reflexionar<\/h3>\n\n\n\n<p>Hoy escojo regocijarme en la fidelidad intergeneracional de Dios, uni\u00e9ndome a la alabanza ancestral de todo el pueblo de Dios en palabras del Salmo 145&#8230;<\/p>\n\n\n\n<blockquote class=\"wp-block-quote is-layout-flow wp-block-quote-is-layout-flow\">\n<p>Te alabar\u00e9 todos los d\u00edas;<br>&nbsp;&nbsp;&nbsp;&nbsp;s\u00ed, te alabar\u00e9 por siempre. <br>\u00a1Grande es el&nbsp;Se\u00f1or, el m\u00e1s digno de alabanza!<br>&nbsp;&nbsp;&nbsp;&nbsp;Nadie puede medir su grandeza. <br>Que cada generaci\u00f3n cuente a sus hijos de tus poderosos actos<br>&nbsp;&nbsp;&nbsp;&nbsp;y que proclame tu poder. <\/p>\n<cite><strong><strong>Salmo 145:2-4 (NTV)<\/strong><\/strong><\/cite><\/blockquote>\n\n\n\n<hr class=\"wp-block-separator has-css-opacity is-style-dots\"\/>\n\n\n\n<h5 class=\"has-text-align-center wp-block-heading\" id=\"haz-una-pausa-y-ora\"><em>Haz una pausa y ora<\/em><\/h5>\n\n\n\n<hr class=\"wp-block-separator has-css-opacity is-style-dots\"\/>\n\n\n\n<p>Hoy sigo la historia de los Magos de Oriente, sabios que viajan desde lejos para encontrar al joven Cristo en Bel\u00e9n:<\/p>\n\n\n\n<blockquote class=\"wp-block-quote is-layout-flow wp-block-quote-is-layout-flow\">\n<p>Despu\u00e9s de o\u00edr al rey, siguieron su camino, y sucedi\u00f3 que la estrella que hab\u00edan visto salir iba delante de ellos hasta que se detuvo sobre el lugar donde estaba el ni\u00f1o. Al ver la estrella, se llenaron de alegr\u00eda. Cuando llegaron a la casa, vieron al ni\u00f1o con Mar\u00eda, su madre; y, postr\u00e1ndose, le adoraron. Abrieron sus cofres y le presentaron como regalos oro, incienso y mirra. Entonces, advertidos en sue\u00f1os de que no volvieran a Herodes, regresaron a su tierra por otro camino. <\/p>\n<cite><strong><strong>Mateo 2:9-12 (NVICST)<\/strong><\/strong><\/cite><\/blockquote>\n\n\n\n<p>Los regalos presentados a Jes\u00fas aqu\u00ed son todos muy significativos: el oro honra su majestad, el incienso habla del aroma de la oraci\u00f3n y la adoraci\u00f3n que se eleva al cielo, y la mirra era una resina que se usaba como b\u00e1lsamo para los entierros &#8211; un regalo muy extra\u00f1o para un ni\u00f1o de dos a\u00f1os y, sin embargo, una profec\u00eda de la cruz.<\/p>\n\n\n\n<div style=\"height:59px\" aria-hidden=\"true\" class=\"wp-block-spacer\"><\/div>\n\n\n\n<h3 class=\"wp-block-heading\" id=\"apelar-pedir\"><strong>Apelar \/ Pedir<\/strong><\/h3>\n\n\n\n<p>\u00bfCu\u00e1l es el regalo m\u00e1s costoso o significativo que puedo hacer a Cristo esta Navidad? Tomo un momento para reflexionar\u2026<\/p>\n\n\n\n<hr class=\"wp-block-separator has-css-opacity is-style-dots\"\/>\n\n\n\n<h5 class=\"has-text-align-center wp-block-heading\" id=\"haz-una-pausa-y-ora\"><em>Haz una pausa y ora<\/em><\/h5>\n\n\n\n<hr class=\"wp-block-separator has-css-opacity is-style-dots\"\/>\n\n\n\n<blockquote class=\"wp-block-quote is-layout-flow wp-block-quote-is-layout-flow\">\n<p>\u00bfQu\u00e9 puedo darle? <br>Pobre como soy <br>Si fuera pastor <br>Le dar\u00eda un cordero <br>Si fuera un hombre sabio <br>Har\u00eda mi parte <br>Pero lo que puedo le doy <br>Le doy mi coraz\u00f3n.* <\/p>\n\n\n\n<p><\/p>\n<cite>Gustav Holst<\/cite><\/blockquote>\n\n\n\n<hr class=\"wp-block-separator has-css-opacity is-style-dots\"\/>\n\n\n\n<h5 class=\"has-text-align-center wp-block-heading\" id=\"haz-una-pausa-y-ora\"><em>Haz una pausa y ora<\/em><\/h5>\n\n\n\n<hr class=\"wp-block-separator has-css-opacity is-style-dots\"\/>\n\n\n\n<p>Es interesante la frecuencia con la que Dios utiliz\u00f3 los sue\u00f1os para dirigir los acontecimientos en torno al nacimiento de Cristo, y sigue siendo una caracter\u00edstica frecuente en las historias de conversi\u00f3n de innumerables personas en muchas partes del mundo hoy en d\u00eda. Pienso en alguien que conozco que est\u00e1 buscando la gu\u00eda de Dios, o que todav\u00eda no conoce a Jes\u00fas, simplemente pido al Esp\u00edritu Santo que le hable de forma sobrenatural esta Navidad.<\/p>\n\n\n\n<hr class=\"wp-block-separator has-css-opacity is-style-dots\"\/>\n\n\n\n<h5 class=\"has-text-align-center wp-block-heading\" id=\"haz-una-pausa-y-ora\"><em>Haz una pausa y ora<\/em><\/h5>\n\n\n\n<hr class=\"wp-block-separator has-css-opacity is-style-dots\"\/>\n\n\n\n<h3 class=\"wp-block-heading\" id=\"apelar-pedir\"><strong>Rendirse<\/strong><\/h3>\n\n\n\n<p>Al volver al pasaje<em>, abro mis o\u00eddos para escuchar tu Palabra, y mi coraz\u00f3n para rendirme a tu voluntad una vez m\u00e1s.<\/em><\/p>\n\n\n\n<blockquote class=\"wp-block-quote is-layout-flow wp-block-quote-is-layout-flow\">\n<p>Despu\u00e9s de o\u00edr al rey, siguieron su camino, y sucedi\u00f3 que la estrella que hab\u00edan visto salir iba delante de ellos hasta que se detuvo sobre el lugar donde estaba el ni\u00f1o. Al ver la estrella, se llenaron de alegr\u00eda. Cuando llegaron a la casa, vieron al ni\u00f1o con Mar\u00eda, su madre; y, postr\u00e1ndose, le adoraron. Abrieron sus cofres y le presentaron como regalos oro, incienso y mirra. Entonces, advertidos en sue\u00f1os de que no volvieran a Herodes, regresaron a su tierra por otro camino. <\/p>\n<cite><strong><strong><strong><strong><strong><strong><strong><strong><strong><strong><strong><strong><strong><strong><strong><strong>Mateo 2:9-12 (NVICST)<\/strong><\/strong><\/strong><\/strong><\/strong><\/strong><\/strong><\/strong><\/strong><\/strong><\/strong><\/strong><\/strong><\/strong><\/strong><\/strong><\/cite><\/blockquote>\n\n\n\n<p>Imagino a Mar\u00eda tratando fren\u00e9ticamente de ordenar la casa para estos importantes extra\u00f1os que llegaron sin anunciarse. Imagino su sorpresa y alegr\u00eda ante el regalo de oro. Y luego su angustia por lo inapropiado que era recibir un ung\u00fcento de sepultura para su hermoso beb\u00e9. Me detengo ahora a orar por las madres en estos ajetreados d\u00edas previos a la Navidad, con toda la alegr\u00eda y la complejidad emocional de estas fechas.<\/p>\n\n\n\n<hr class=\"wp-block-separator has-css-opacity is-style-dots\"\/>\n\n\n\n<h5 class=\"has-text-align-center wp-block-heading\" id=\"haz-una-pausa-y-ora\"><em>Haz una pausa y ora<\/em><\/h5>\n\n\n\n<hr class=\"wp-block-separator has-css-opacity is-style-dots\"\/>\n\n\n\n<h3 class=\"wp-block-heading\" id=\"apelar-pedir\"><strong><strong>Oraci\u00f3n de rendici\u00f3n<\/strong><\/strong><\/h3>\n\n\n\n<p><em>Profunda paz de la ola que corre para ti,<\/em><br><em>Profunda paz del aire que fluye para ti,<\/em><br><em>Profunda paz de la tierra tranquila para ti,<\/em><br><em>Profunda paz del Reba\u00f1o de Estrellas para ti,<\/em><br><em>Profunda paz del Hijo de la Paz para ti,<\/em><br><em>\u00a1Profunda paz, paz profunda!**<\/em><\/p>\n\n\n\n<div style=\"height:59px\" aria-hidden=\"true\" class=\"wp-block-spacer\"><\/div>\n\n\n\n<h3 class=\"wp-block-heading\" id=\"apelar-pedir\"><strong><strong><strong>Promesa de rendici\u00f3n<\/strong><\/strong><\/strong><\/h3>\n\n\n\n<p>Y ahora, mientras me preparo para llevar este tiempo de oraci\u00f3n al d\u00eda que tengo por delante, el Se\u00f1or, que me ama dice en \u00c9xodo:&nbsp;<\/p>\n\n\n\n<blockquote class=\"wp-block-quote is-layout-flow wp-block-quote-is-layout-flow\">\n<p> \u2015Yo mismo ir\u00e9 contigo y te dar\u00e9 descanso \u2014respondi\u00f3 el&nbsp;Se\u00f1or. <\/p>\n<cite><strong><strong><strong><strong><strong><strong><strong><strong><strong><strong>\u00c9xodo 33:14 (NVICST)<\/strong><\/strong><\/strong><\/strong><\/strong><\/strong><\/strong><\/strong><\/strong><\/strong><\/cite><\/blockquote>\n\n\n\n<h3 class=\"wp-block-heading\" id=\"apelar-pedir\"><strong><strong><strong><strong><em>Oraci\u00f3n para terminar<\/em><\/strong><\/strong><\/strong><\/strong><\/h3>\n\n\n\n<p><strong><em>Padre, ay\u00fadame a vivir este d\u00eda al m\u00e1ximo,<\/em><\/strong><br><strong><em>siendo aut\u00e9ntico contigo en todo.<\/em><\/strong><br><strong><em>Jes\u00fas, ay\u00fadame a darme a los dem\u00e1s,&nbsp;<\/em><\/strong><br><strong><em>siendo amable con toda la gente con la que me encuentre.<\/em><\/strong><br><strong><em>Esp\u00edritu, ay\u00fadame a amar a la gente que se encuentra perdida,<\/em><\/strong><br><strong><em>proclamando a Cristo en todo lo que digo y hago.<\/em><\/strong><br><strong><em>Am\u00e9n.<\/em><\/strong><\/p>\n\n\n\n<p class=\"has-small-font-size\">* Gustav Holst \/ Christina Georgina Rossetti \/ Anna Rice, <em>In the Bleak Midwinter<\/em> (Lyrics \u00a9 Universal Classics &amp; Jazz A.d.o. Univers, Fox Music, Integrity&#8217;s Hosanna! Music, First Name Music Limited, Novello And Co Ltd., Iq Music Ltd).<\/p>\n\n\n\n<p class=\"has-small-font-size\">** Fiona Macleod, \u2018Deep Peace\u2019, <em>The Dominion of Dreams: Under the Dark Star<\/em> (William Sharp,1895).<\/p>\n","protected":false},"excerpt":{"rendered":"<p>Hoy es viernes, 23 de diciembre, y s\u00f3lo faltan dos d\u00edas para Navidad. Esta semana estamos explorando las muchas maneras en que la voz del cielo habla de vida y luz en nuestro mundo en Navidad. Haz una pausa Por lo tanto ahora, al iniciar mi tiempo de oraci\u00f3n, hago una pausa para estar quieto; [&hellip;]<\/p>\n","protected":false},"author":216,"featured_media":35192,"comment_status":"closed","ping_status":"open","sticky":false,"template":"","format":"standard","meta":{"_acf_changed":false,"inline_featured_image":false,"footnotes":""},"categories":[206],"tags":[],"author_slug":[370],"blog_series":[518],"topic":[353],"class_list":["post-37043","post","type-post","status-publish","format-standard","has-post-thumbnail","hentry","category-blog-es","author_slug-oracion-24-7","blog_series-voces-de-adviento","topic-orar"],"acf":[],"yoast_head":"<!-- This site is optimized with the Yoast SEO plugin v27.4 - https:\/\/yoast.com\/product\/yoast-seo-wordpress\/ -->\n<title>Dios habla a trav\u00e9s de los sue\u00f1os de los de Magos de Oriente\u00a0<\/title>\n<meta name=\"description\" content=\"Hoy es viernes, 23 de diciembre, y s\u00f3lo faltan dos d\u00edas para Navidad. Esta semana estamos explorando las muchas maneras en que la voz del cielo habla de vida y luz en nuestro mundo en Navidad.\" \/>\n<meta name=\"robots\" content=\"index, follow, max-snippet:-1, max-image-preview:large, max-video-preview:-1\" \/>\n<link rel=\"canonical\" href=\"https:\/\/www.24-7prayer.com\/es\/dios-habla-a-traves-de-los-suenos-de-los-de-magos-de-oriente\/\" \/>\n<meta property=\"og:locale\" content=\"es_ES\" \/>\n<meta property=\"og:type\" content=\"article\" \/>\n<meta property=\"og:title\" content=\"Dios habla a trav\u00e9s de los sue\u00f1os de los de Magos de Oriente\u00a0\" \/>\n<meta property=\"og:description\" content=\"Hoy es viernes, 23 de diciembre, y s\u00f3lo faltan dos d\u00edas para Navidad. Esta semana estamos explorando las muchas maneras en que la voz del cielo habla de vida y luz en nuestro mundo en Navidad.\" \/>\n<meta property=\"og:url\" content=\"https:\/\/www.24-7prayer.com\/es\/dios-habla-a-traves-de-los-suenos-de-los-de-magos-de-oriente\/\" \/>\n<meta property=\"og:site_name\" content=\"24-7 Prayer International\" \/>\n<meta property=\"article:published_time\" content=\"2022-12-23T05:00:00+00:00\" \/>\n<meta property=\"article:modified_time\" content=\"2022-12-23T15:29:50+00:00\" \/>\n<meta property=\"og:image\" content=\"https:\/\/www.24-7prayer.com\/wp-content\/uploads\/2022\/11\/365-voces-de-adviento-sin-txt.jpg\" \/>\n\t<meta property=\"og:image:width\" content=\"1080\" \/>\n\t<meta property=\"og:image:height\" content=\"1080\" \/>\n\t<meta property=\"og:image:type\" content=\"image\/jpeg\" \/>\n<meta name=\"author\" content=\"aitor@oracion24-7.com\" \/>\n<meta name=\"twitter:card\" content=\"summary_large_image\" \/>\n<script type=\"application\/ld+json\" class=\"yoast-schema-graph\">{\"@context\":\"https:\\\/\\\/schema.org\",\"@graph\":[{\"@type\":\"Article\",\"@id\":\"https:\\\/\\\/www.24-7prayer.com\\\/es\\\/dios-habla-a-traves-de-los-suenos-de-los-de-magos-de-oriente\\\/#article\",\"isPartOf\":{\"@id\":\"https:\\\/\\\/www.24-7prayer.com\\\/es\\\/dios-habla-a-traves-de-los-suenos-de-los-de-magos-de-oriente\\\/\"},\"author\":{\"name\":\"aitor@oracion24-7.com\",\"@id\":\"https:\\\/\\\/www.24-7prayer.com\\\/es\\\/#\\\/schema\\\/person\\\/cea924691d05af4dfa35da709e7ede7d\"},\"headline\":\"Dios habla a trav\u00e9s de los sue\u00f1os de los de Magos de Oriente\u00a0\",\"datePublished\":\"2022-12-23T05:00:00+00:00\",\"dateModified\":\"2022-12-23T15:29:50+00:00\",\"mainEntityOfPage\":{\"@id\":\"https:\\\/\\\/www.24-7prayer.com\\\/es\\\/dios-habla-a-traves-de-los-suenos-de-los-de-magos-de-oriente\\\/\"},\"wordCount\":1006,\"publisher\":{\"@id\":\"https:\\\/\\\/www.24-7prayer.com\\\/es\\\/#organization\"},\"image\":{\"@id\":\"https:\\\/\\\/www.24-7prayer.com\\\/es\\\/dios-habla-a-traves-de-los-suenos-de-los-de-magos-de-oriente\\\/#primaryimage\"},\"thumbnailUrl\":\"https:\\\/\\\/www.24-7prayer.com\\\/wp-content\\\/uploads\\\/2022\\\/11\\\/365-voces-de-adviento-sin-txt.jpg\",\"articleSection\":[\"Blogs\"],\"inLanguage\":\"es\"},{\"@type\":\"WebPage\",\"@id\":\"https:\\\/\\\/www.24-7prayer.com\\\/es\\\/dios-habla-a-traves-de-los-suenos-de-los-de-magos-de-oriente\\\/\",\"url\":\"https:\\\/\\\/www.24-7prayer.com\\\/es\\\/dios-habla-a-traves-de-los-suenos-de-los-de-magos-de-oriente\\\/\",\"name\":\"Dios habla a trav\u00e9s de los sue\u00f1os de los de Magos de Oriente\u00a0\",\"isPartOf\":{\"@id\":\"https:\\\/\\\/www.24-7prayer.com\\\/es\\\/#website\"},\"primaryImageOfPage\":{\"@id\":\"https:\\\/\\\/www.24-7prayer.com\\\/es\\\/dios-habla-a-traves-de-los-suenos-de-los-de-magos-de-oriente\\\/#primaryimage\"},\"image\":{\"@id\":\"https:\\\/\\\/www.24-7prayer.com\\\/es\\\/dios-habla-a-traves-de-los-suenos-de-los-de-magos-de-oriente\\\/#primaryimage\"},\"thumbnailUrl\":\"https:\\\/\\\/www.24-7prayer.com\\\/wp-content\\\/uploads\\\/2022\\\/11\\\/365-voces-de-adviento-sin-txt.jpg\",\"datePublished\":\"2022-12-23T05:00:00+00:00\",\"dateModified\":\"2022-12-23T15:29:50+00:00\",\"description\":\"Hoy es viernes, 23 de diciembre, y s\u00f3lo faltan dos d\u00edas para Navidad. Esta semana estamos explorando las muchas maneras en que la voz del cielo habla de vida y luz en nuestro mundo en Navidad.\",\"breadcrumb\":{\"@id\":\"https:\\\/\\\/www.24-7prayer.com\\\/es\\\/dios-habla-a-traves-de-los-suenos-de-los-de-magos-de-oriente\\\/#breadcrumb\"},\"inLanguage\":\"es\",\"potentialAction\":[{\"@type\":\"ReadAction\",\"target\":[\"https:\\\/\\\/www.24-7prayer.com\\\/es\\\/dios-habla-a-traves-de-los-suenos-de-los-de-magos-de-oriente\\\/\"]}]},{\"@type\":\"ImageObject\",\"inLanguage\":\"es\",\"@id\":\"https:\\\/\\\/www.24-7prayer.com\\\/es\\\/dios-habla-a-traves-de-los-suenos-de-los-de-magos-de-oriente\\\/#primaryimage\",\"url\":\"https:\\\/\\\/www.24-7prayer.com\\\/wp-content\\\/uploads\\\/2022\\\/11\\\/365-voces-de-adviento-sin-txt.jpg\",\"contentUrl\":\"https:\\\/\\\/www.24-7prayer.com\\\/wp-content\\\/uploads\\\/2022\\\/11\\\/365-voces-de-adviento-sin-txt.jpg\",\"width\":1080,\"height\":1080},{\"@type\":\"BreadcrumbList\",\"@id\":\"https:\\\/\\\/www.24-7prayer.com\\\/es\\\/dios-habla-a-traves-de-los-suenos-de-los-de-magos-de-oriente\\\/#breadcrumb\",\"itemListElement\":[{\"@type\":\"ListItem\",\"position\":1,\"name\":\"Home\",\"item\":\"https:\\\/\\\/www.24-7prayer.com\\\/es\\\/\"},{\"@type\":\"ListItem\",\"position\":2,\"name\":\"Dios habla a trav\u00e9s de los sue\u00f1os de los de Magos de Oriente\u00a0\"}]},{\"@type\":\"WebSite\",\"@id\":\"https:\\\/\\\/www.24-7prayer.com\\\/es\\\/#website\",\"url\":\"https:\\\/\\\/www.24-7prayer.com\\\/es\\\/\",\"name\":\"24-7 Prayer International\",\"description\":\"Prayer Mission Justice\",\"publisher\":{\"@id\":\"https:\\\/\\\/www.24-7prayer.com\\\/es\\\/#organization\"},\"potentialAction\":[{\"@type\":\"SearchAction\",\"target\":{\"@type\":\"EntryPoint\",\"urlTemplate\":\"https:\\\/\\\/www.24-7prayer.com\\\/es\\\/?s={search_term_string}\"},\"query-input\":{\"@type\":\"PropertyValueSpecification\",\"valueRequired\":true,\"valueName\":\"search_term_string\"}}],\"inLanguage\":\"es\"},{\"@type\":\"Organization\",\"@id\":\"https:\\\/\\\/www.24-7prayer.com\\\/es\\\/#organization\",\"name\":\"24-7 Prayer\",\"url\":\"https:\\\/\\\/www.24-7prayer.com\\\/es\\\/\",\"logo\":{\"@type\":\"ImageObject\",\"inLanguage\":\"es\",\"@id\":\"https:\\\/\\\/www.24-7prayer.com\\\/es\\\/#\\\/schema\\\/logo\\\/image\\\/\",\"url\":\"https:\\\/\\\/www.24-7prayer.com\\\/wp-content\\\/uploads\\\/2022\\\/06\\\/logo.png\",\"contentUrl\":\"https:\\\/\\\/www.24-7prayer.com\\\/wp-content\\\/uploads\\\/2022\\\/06\\\/logo.png\",\"width\":302,\"height\":49,\"caption\":\"24-7 Prayer\"},\"image\":{\"@id\":\"https:\\\/\\\/www.24-7prayer.com\\\/es\\\/#\\\/schema\\\/logo\\\/image\\\/\"}},{\"@type\":\"Person\",\"@id\":\"https:\\\/\\\/www.24-7prayer.com\\\/es\\\/#\\\/schema\\\/person\\\/cea924691d05af4dfa35da709e7ede7d\",\"name\":\"aitor@oracion24-7.com\",\"image\":{\"@type\":\"ImageObject\",\"inLanguage\":\"es\",\"@id\":\"https:\\\/\\\/secure.gravatar.com\\\/avatar\\\/e67a3b0c8e0d52ee179e9f94d3d54543d229c4da1d7def06a61faccb28313f0a?s=96&d=mm&r=g\",\"url\":\"https:\\\/\\\/secure.gravatar.com\\\/avatar\\\/e67a3b0c8e0d52ee179e9f94d3d54543d229c4da1d7def06a61faccb28313f0a?s=96&d=mm&r=g\",\"contentUrl\":\"https:\\\/\\\/secure.gravatar.com\\\/avatar\\\/e67a3b0c8e0d52ee179e9f94d3d54543d229c4da1d7def06a61faccb28313f0a?s=96&d=mm&r=g\",\"caption\":\"aitor@oracion24-7.com\"},\"url\":\"https:\\\/\\\/www.24-7prayer.com\\\/es\\\/author\\\/aitororacion24-7-com\\\/\"}]}<\/script>\n<!-- \/ Yoast SEO plugin. -->","yoast_head_json":{"title":"Dios habla a trav\u00e9s de los sue\u00f1os de los de Magos de Oriente\u00a0","description":"Hoy es viernes, 23 de diciembre, y s\u00f3lo faltan dos d\u00edas para Navidad. Esta semana estamos explorando las muchas maneras en que la voz del cielo habla de vida y luz en nuestro mundo en Navidad.","robots":{"index":"index","follow":"follow","max-snippet":"max-snippet:-1","max-image-preview":"max-image-preview:large","max-video-preview":"max-video-preview:-1"},"canonical":"https:\/\/www.24-7prayer.com\/es\/dios-habla-a-traves-de-los-suenos-de-los-de-magos-de-oriente\/","og_locale":"es_ES","og_type":"article","og_title":"Dios habla a trav\u00e9s de los sue\u00f1os de los de Magos de Oriente\u00a0","og_description":"Hoy es viernes, 23 de diciembre, y s\u00f3lo faltan dos d\u00edas para Navidad. Esta semana estamos explorando las muchas maneras en que la voz del cielo habla de vida y luz en nuestro mundo en Navidad.","og_url":"https:\/\/www.24-7prayer.com\/es\/dios-habla-a-traves-de-los-suenos-de-los-de-magos-de-oriente\/","og_site_name":"24-7 Prayer International","article_published_time":"2022-12-23T05:00:00+00:00","article_modified_time":"2022-12-23T15:29:50+00:00","og_image":[{"width":1080,"height":1080,"url":"https:\/\/www.24-7prayer.com\/wp-content\/uploads\/2022\/11\/365-voces-de-adviento-sin-txt.jpg","type":"image\/jpeg"}],"author":"aitor@oracion24-7.com","twitter_card":"summary_large_image","schema":{"@context":"https:\/\/schema.org","@graph":[{"@type":"Article","@id":"https:\/\/www.24-7prayer.com\/es\/dios-habla-a-traves-de-los-suenos-de-los-de-magos-de-oriente\/#article","isPartOf":{"@id":"https:\/\/www.24-7prayer.com\/es\/dios-habla-a-traves-de-los-suenos-de-los-de-magos-de-oriente\/"},"author":{"name":"aitor@oracion24-7.com","@id":"https:\/\/www.24-7prayer.com\/es\/#\/schema\/person\/cea924691d05af4dfa35da709e7ede7d"},"headline":"Dios habla a trav\u00e9s de los sue\u00f1os de los de Magos de Oriente\u00a0","datePublished":"2022-12-23T05:00:00+00:00","dateModified":"2022-12-23T15:29:50+00:00","mainEntityOfPage":{"@id":"https:\/\/www.24-7prayer.com\/es\/dios-habla-a-traves-de-los-suenos-de-los-de-magos-de-oriente\/"},"wordCount":1006,"publisher":{"@id":"https:\/\/www.24-7prayer.com\/es\/#organization"},"image":{"@id":"https:\/\/www.24-7prayer.com\/es\/dios-habla-a-traves-de-los-suenos-de-los-de-magos-de-oriente\/#primaryimage"},"thumbnailUrl":"https:\/\/www.24-7prayer.com\/wp-content\/uploads\/2022\/11\/365-voces-de-adviento-sin-txt.jpg","articleSection":["Blogs"],"inLanguage":"es"},{"@type":"WebPage","@id":"https:\/\/www.24-7prayer.com\/es\/dios-habla-a-traves-de-los-suenos-de-los-de-magos-de-oriente\/","url":"https:\/\/www.24-7prayer.com\/es\/dios-habla-a-traves-de-los-suenos-de-los-de-magos-de-oriente\/","name":"Dios habla a trav\u00e9s de los sue\u00f1os de los de Magos de Oriente\u00a0","isPartOf":{"@id":"https:\/\/www.24-7prayer.com\/es\/#website"},"primaryImageOfPage":{"@id":"https:\/\/www.24-7prayer.com\/es\/dios-habla-a-traves-de-los-suenos-de-los-de-magos-de-oriente\/#primaryimage"},"image":{"@id":"https:\/\/www.24-7prayer.com\/es\/dios-habla-a-traves-de-los-suenos-de-los-de-magos-de-oriente\/#primaryimage"},"thumbnailUrl":"https:\/\/www.24-7prayer.com\/wp-content\/uploads\/2022\/11\/365-voces-de-adviento-sin-txt.jpg","datePublished":"2022-12-23T05:00:00+00:00","dateModified":"2022-12-23T15:29:50+00:00","description":"Hoy es viernes, 23 de diciembre, y s\u00f3lo faltan dos d\u00edas para Navidad. Esta semana estamos explorando las muchas maneras en que la voz del cielo habla de vida y luz en nuestro mundo en Navidad.","breadcrumb":{"@id":"https:\/\/www.24-7prayer.com\/es\/dios-habla-a-traves-de-los-suenos-de-los-de-magos-de-oriente\/#breadcrumb"},"inLanguage":"es","potentialAction":[{"@type":"ReadAction","target":["https:\/\/www.24-7prayer.com\/es\/dios-habla-a-traves-de-los-suenos-de-los-de-magos-de-oriente\/"]}]},{"@type":"ImageObject","inLanguage":"es","@id":"https:\/\/www.24-7prayer.com\/es\/dios-habla-a-traves-de-los-suenos-de-los-de-magos-de-oriente\/#primaryimage","url":"https:\/\/www.24-7prayer.com\/wp-content\/uploads\/2022\/11\/365-voces-de-adviento-sin-txt.jpg","contentUrl":"https:\/\/www.24-7prayer.com\/wp-content\/uploads\/2022\/11\/365-voces-de-adviento-sin-txt.jpg","width":1080,"height":1080},{"@type":"BreadcrumbList","@id":"https:\/\/www.24-7prayer.com\/es\/dios-habla-a-traves-de-los-suenos-de-los-de-magos-de-oriente\/#breadcrumb","itemListElement":[{"@type":"ListItem","position":1,"name":"Home","item":"https:\/\/www.24-7prayer.com\/es\/"},{"@type":"ListItem","position":2,"name":"Dios habla a trav\u00e9s de los sue\u00f1os de los de Magos de Oriente\u00a0"}]},{"@type":"WebSite","@id":"https:\/\/www.24-7prayer.com\/es\/#website","url":"https:\/\/www.24-7prayer.com\/es\/","name":"24-7 Prayer International","description":"Prayer Mission Justice","publisher":{"@id":"https:\/\/www.24-7prayer.com\/es\/#organization"},"potentialAction":[{"@type":"SearchAction","target":{"@type":"EntryPoint","urlTemplate":"https:\/\/www.24-7prayer.com\/es\/?s={search_term_string}"},"query-input":{"@type":"PropertyValueSpecification","valueRequired":true,"valueName":"search_term_string"}}],"inLanguage":"es"},{"@type":"Organization","@id":"https:\/\/www.24-7prayer.com\/es\/#organization","name":"24-7 Prayer","url":"https:\/\/www.24-7prayer.com\/es\/","logo":{"@type":"ImageObject","inLanguage":"es","@id":"https:\/\/www.24-7prayer.com\/es\/#\/schema\/logo\/image\/","url":"https:\/\/www.24-7prayer.com\/wp-content\/uploads\/2022\/06\/logo.png","contentUrl":"https:\/\/www.24-7prayer.com\/wp-content\/uploads\/2022\/06\/logo.png","width":302,"height":49,"caption":"24-7 Prayer"},"image":{"@id":"https:\/\/www.24-7prayer.com\/es\/#\/schema\/logo\/image\/"}},{"@type":"Person","@id":"https:\/\/www.24-7prayer.com\/es\/#\/schema\/person\/cea924691d05af4dfa35da709e7ede7d","name":"aitor@oracion24-7.com","image":{"@type":"ImageObject","inLanguage":"es","@id":"https:\/\/secure.gravatar.com\/avatar\/e67a3b0c8e0d52ee179e9f94d3d54543d229c4da1d7def06a61faccb28313f0a?s=96&d=mm&r=g","url":"https:\/\/secure.gravatar.com\/avatar\/e67a3b0c8e0d52ee179e9f94d3d54543d229c4da1d7def06a61faccb28313f0a?s=96&d=mm&r=g","contentUrl":"https:\/\/secure.gravatar.com\/avatar\/e67a3b0c8e0d52ee179e9f94d3d54543d229c4da1d7def06a61faccb28313f0a?s=96&d=mm&r=g","caption":"aitor@oracion24-7.com"},"url":"https:\/\/www.24-7prayer.com\/es\/author\/aitororacion24-7-com\/"}]}},"_links":{"self":[{"href":"https:\/\/www.24-7prayer.com\/es\/wp-json\/wp\/v2\/posts\/37043","targetHints":{"allow":["GET"]}}],"collection":[{"href":"https:\/\/www.24-7prayer.com\/es\/wp-json\/wp\/v2\/posts"}],"about":[{"href":"https:\/\/www.24-7prayer.com\/es\/wp-json\/wp\/v2\/types\/post"}],"author":[{"embeddable":true,"href":"https:\/\/www.24-7prayer.com\/es\/wp-json\/wp\/v2\/users\/216"}],"replies":[{"embeddable":true,"href":"https:\/\/www.24-7prayer.com\/es\/wp-json\/wp\/v2\/comments?post=37043"}],"version-history":[{"count":5,"href":"https:\/\/www.24-7prayer.com\/es\/wp-json\/wp\/v2\/posts\/37043\/revisions"}],"predecessor-version":[{"id":37571,"href":"https:\/\/www.24-7prayer.com\/es\/wp-json\/wp\/v2\/posts\/37043\/revisions\/37571"}],"wp:featuredmedia":[{"embeddable":true,"href":"https:\/\/www.24-7prayer.com\/es\/wp-json\/wp\/v2\/media\/35192"}],"wp:attachment":[{"href":"https:\/\/www.24-7prayer.com\/es\/wp-json\/wp\/v2\/media?parent=37043"}],"wp:term":[{"taxonomy":"category","embeddable":true,"href":"https:\/\/www.24-7prayer.com\/es\/wp-json\/wp\/v2\/categories?post=37043"},{"taxonomy":"post_tag","embeddable":true,"href":"https:\/\/www.24-7prayer.com\/es\/wp-json\/wp\/v2\/tags?post=37043"},{"taxonomy":"author_slug","embeddable":true,"href":"https:\/\/www.24-7prayer.com\/es\/wp-json\/wp\/v2\/author_slug?post=37043"},{"taxonomy":"blog_series","embeddable":true,"href":"https:\/\/www.24-7prayer.com\/es\/wp-json\/wp\/v2\/blog_series?post=37043"},{"taxonomy":"topic","embeddable":true,"href":"https:\/\/www.24-7prayer.com\/es\/wp-json\/wp\/v2\/topic?post=37043"}],"curies":[{"name":"wp","href":"https:\/\/api.w.org\/{rel}","templated":true}]}}