{"id":37040,"date":"2022-12-22T05:00:00","date_gmt":"2022-12-22T05:00:00","guid":{"rendered":"https:\/\/www.24-7prayer.com\/?p=37040"},"modified":"2022-12-22T07:22:32","modified_gmt":"2022-12-22T07:22:32","slug":"atentos-a-las-estrellas","status":"publish","type":"post","link":"https:\/\/www.24-7prayer.com\/es\/atentos-a-las-estrellas\/","title":{"rendered":"<strong>Atentos a las estrellas<\/strong>"},"content":{"rendered":"\n<div class=\"wp-block-buttons is-content-justification-center is-layout-flex wp-container-core-buttons-is-layout-a89b3969 wp-block-buttons-is-layout-flex\"><\/div>\n\n\n\n<iframe loading=\"lazy\" src=\"https:\/\/anchor.fm\/oracion247\/embed\/episodes\/Atentos-a-las-estrellas-I-Voces-de-Adviento-I-Lectio-365-e1shcbs\" height=\"102px\" width=\"100%\" frameborder=\"0\" scrolling=\"no\"><\/iframe>\n\n\n\n<p>Hoy es jueves, 22 de diciembre y s\u00f3lo faltan tres d\u00edas para Navidad. Esta semana exploramos las muchas formas en que la voz del cielo habla de la vida y la luz en nuestro mundo en Navidad.<\/p>\n\n\n\n<h3 class=\"wp-block-heading\" id=\"haz-una-pausa\">Haz una pausa<\/h3>\n\n\n\n<p><strong><em><strong><em><strong><em><strong><em><strong><em><strong><em>Por lo tanto ahora, al iniciar mi tiempo de oraci\u00f3n, hago una pausa para estar quieto; para respirar lentamente, para re-centrar mis sentidos, que se encuentran dispersos, delante de la presencia de Dios.<\/em><\/strong><\/em><\/strong><\/em><\/strong><\/em><\/strong><\/em><\/strong><\/em><\/strong><\/p>\n\n\n\n<hr class=\"wp-block-separator has-css-opacity is-style-dots\"\/>\n\n\n\n<h5 class=\"has-text-align-center wp-block-heading\" id=\"haz-una-pausa-y-ora\"><em>Haz una pausa y ora<\/em><\/h5>\n\n\n\n<hr class=\"wp-block-separator has-css-opacity is-style-dots\"\/>\n\n\n\n<h3 class=\"wp-block-heading\" id=\"haz-una-pausa\">Oraci\u00f3n de Enfoque<\/h3>\n\n\n\n<p><em>Se\u00f1or, en esta \u00e9poca de tanto ajetreo, por favor, ay\u00fadame a estar verdaderamente quieto. Abro mis o\u00eddos ahora para escuchar tu palabra, preparando mi coraz\u00f3n calladamente para el milagro de tu venida en Navidad.<\/em> <\/p>\n\n\n\n<div style=\"height:59px\" aria-hidden=\"true\" class=\"wp-block-spacer\"><\/div>\n\n\n\n<h3 class=\"wp-block-heading\" id=\"regocijarse-y-reflexionar\">Regocijarse y Reflexionar<\/h3>\n\n\n\n<p>Hoy escojo regocijarme en la infinita compasi\u00f3n de Dios, su poder absoluto y su inconcebible sabidur\u00eda, uni\u00e9ndome a la alabanza ancestral de todo el pueblo de Dios en palabras del Salmo 147&#8230;<\/p>\n\n\n\n<blockquote class=\"wp-block-quote is-layout-flow wp-block-quote-is-layout-flow\">\n<p>\u00c9l sana a los de coraz\u00f3n quebrantado<br> &nbsp;&nbsp;&nbsp;&nbsp;y les venda las heridas. Cuenta las estrellas<br> &nbsp;&nbsp;&nbsp;&nbsp;y llama a cada una por su nombre. <br>\u00a1Qu\u00e9 grande es nuestro Se\u00f1or! \u00a1Su poder es absoluto!<br> &nbsp;&nbsp;&nbsp;&nbsp;\u00a1Su comprensi\u00f3n supera todo entendimiento! <\/p>\n<cite><strong><strong>Salmo 147:3-5 (NTV)<\/strong><\/strong><\/cite><\/blockquote>\n\n\n\n<hr class=\"wp-block-separator has-css-opacity is-style-dots\"\/>\n\n\n\n<h5 class=\"has-text-align-center wp-block-heading\" id=\"haz-una-pausa-y-ora\"><em>Haz una pausa y ora<\/em><\/h5>\n\n\n\n<hr class=\"wp-block-separator has-css-opacity is-style-dots\"\/>\n\n\n\n<p>Hoy me uno a los tres astr\u00f3nomos orientales que visitaron a Jes\u00fas unos dos a\u00f1os despu\u00e9s de su nacimiento, un momento tradicionalmente asociado a la historia de la Navidad:<\/p>\n\n\n\n<blockquote class=\"wp-block-quote is-layout-flow wp-block-quote-is-layout-flow\">\n<p>Despu\u00e9s de nacer Jes\u00fas en Bel\u00e9n de Judea en tiempos del rey Herodes, he aqu\u00ed llegaron a Jerusal\u00e9n unos sabios&nbsp;procedentes del Oriente. <br>\u2015\u00bfD\u00f3nde est\u00e1 el que ha nacido rey de los jud\u00edos? \u2014preguntaron\u2014. <br>Vimos salir&nbsp;su estrella y hemos venido a adorarle. Cuando lo oy\u00f3 el rey Herodes, se turb\u00f3, y toda Jerusal\u00e9n con \u00e9l.<\/p>\n<cite><strong><strong>Mateo 2:1-3 (NVICST)<\/strong><\/strong><\/cite><\/blockquote>\n\n\n\n<p>Los Magos eran buscadores de la verdad procedentes de una naci\u00f3n alejada de Israel. Fue su cuestionamiento intelectual y cient\u00edfico lo que les llev\u00f3 a Jes\u00fas. Algunas personas se gu\u00edan por lo que sienten, pero otras son pensadoras. Por cada persona que es llevada al Se\u00f1or por el coraz\u00f3n, otra llega al mismo lugar a trav\u00e9s de un proceso de exploraci\u00f3n serio y considerado &#8211; \u00a1aunque llegue all\u00ed un par de a\u00f1os despu\u00e9s! Dios no nos pide que nos olvidemos de nuestro cerebro para convertirnos en cristianos. M\u00e1s bien al contrario. Algunos de los m\u00e1s grandes intelectuales de todos los tiempos, desde San Agust\u00edn hasta Sir Isaac Newton, han sido seguidores comprometidos de Cristo.&nbsp;<\/p>\n\n\n\n<div style=\"height:59px\" aria-hidden=\"true\" class=\"wp-block-spacer\"><\/div>\n\n\n\n<h3 class=\"wp-block-heading\" id=\"apelar-pedir\"><strong>Apelar \/ Pedir<\/strong><\/h3>\n\n\n\n<p>\u00bfCu\u00e1l es el fruto del estudio?, pregunta un antiguo catecismo. Percibir la Palabra eterna de Dios reflejada en cada planta e insecto, en cada ave y animal, y en cada hombre y mujer.* \u00bfD\u00f3nde podr\u00eda encontrar a Cristo hoy en mi trabajo, o en las personas que conozco, o en el mundo natural que me rodea?&nbsp;<\/p>\n\n\n\n<hr class=\"wp-block-separator has-css-opacity is-style-dots\"\/>\n\n\n\n<h5 class=\"has-text-align-center wp-block-heading\" id=\"haz-una-pausa-y-ora\"><em>Haz una pausa y ora<\/em><\/h5>\n\n\n\n<hr class=\"wp-block-separator has-css-opacity is-style-dots\"\/>\n\n\n\n<p><em>Hoy oro por los artistas, cient\u00edficos e intelectuales que no tienen miedo de abordar cuestiones de fe: mujeres y hombres brillantes como el podcaster Malcolm Gladwell, el cient\u00edfico Francis Collins y la novelista Marilynne Robinson. Te pido, Se\u00f1or, que bendigas a los pensadores que conozco con nueva claridad y coraje al considerar tu verdad en esta Navidad.<\/em><\/p>\n\n\n\n<hr class=\"wp-block-separator has-css-opacity is-style-dots\"\/>\n\n\n\n<h5 class=\"has-text-align-center wp-block-heading\" id=\"haz-una-pausa-y-ora\"><em>Haz una pausa y ora<\/em><\/h5>\n\n\n\n<hr class=\"wp-block-separator has-css-opacity is-style-dots\"\/>\n\n\n\n<h3 class=\"wp-block-heading\" id=\"apelar-pedir\"><strong>Rendirse<\/strong><\/h3>\n\n\n\n<p>Al volver al pasaje<em>, abro mis o\u00eddos para escuchar tu Palabra, y mi coraz\u00f3n para rendirme a tu voluntad una vez m\u00e1s.<\/em><\/p>\n\n\n\n<blockquote class=\"wp-block-quote is-layout-flow wp-block-quote-is-layout-flow\">\n<p>Despu\u00e9s de nacer Jes\u00fas en Bel\u00e9n de Judea en tiempos del rey Herodes, he aqu\u00ed llegaron a Jerusal\u00e9n unos sabios&nbsp;procedentes del Oriente.  <br>\u2015\u00bfD\u00f3nde est\u00e1 el que ha nacido rey de los jud\u00edos? \u2014preguntaron\u2014.  <br>Vimos salir&nbsp;su estrella y hemos venido a adorarle. Cuando lo oy\u00f3 el rey Herodes, se turb\u00f3, y toda Jerusal\u00e9n con \u00e9l.<\/p>\n<cite><strong><strong><strong><strong><strong><strong><strong><strong><strong><strong><strong><strong><strong><strong><strong><strong>Mateo 2:1-3 (NVICST)<\/strong><\/strong><\/strong><\/strong><\/strong><\/strong><\/strong><\/strong><\/strong><\/strong><\/strong><\/strong><\/strong><\/strong><\/strong><\/strong><\/cite><\/blockquote>\n\n\n\n<p>Veo la intenci\u00f3n en el modo en que los Magos de Oriente viajaron para encontrar a Jes\u00fas, seguramente con un gran coste de tiempo y dinero. Hay una frase que corre el riesgo de volverse cursi y que se utiliza a menudo en Adviento; dice simplemente: &#8220;Los sabios todav\u00eda le buscan&#8221;. \u00bfQu\u00e9 forma adopta mi b\u00fasqueda? \u00bfCu\u00e1l es la naturaleza de mi b\u00fasqueda intelectual? \u00bfSigo siendo exigente con mi pensamiento? Ahora me tomo un tiempo para sencillamente preguntarle al Se\u00f1or.<\/p>\n\n\n\n<hr class=\"wp-block-separator has-css-opacity is-style-dots\"\/>\n\n\n\n<h5 class=\"has-text-align-center wp-block-heading\" id=\"haz-una-pausa-y-ora\"><em>Haz una pausa y ora<\/em><\/h5>\n\n\n\n<hr class=\"wp-block-separator has-css-opacity is-style-dots\"\/>\n\n\n\n<h3 class=\"wp-block-heading\" id=\"apelar-pedir\"><strong><strong>Oraci\u00f3n de rendici\u00f3n<\/strong><\/strong><\/h3>\n\n\n\n<p><em>Hago una antigua oraci\u00f3n de Agust\u00edn, uno de los m\u00e1s grandes intelectuales de todos los tiempos:<\/em><\/p>\n\n\n\n<blockquote class=\"wp-block-quote is-layout-flow wp-block-quote-is-layout-flow\">\n<p><em>\u2018Los que buscan al Se\u00f1or le alabar\u00e1n. Porque los que buscan le encontrar\u00e1n (Mateo 7:7) y los que le encuentran le alabar\u00e1n. Deja que te busque, Se\u00f1or, invoc\u00e1ndote, y que te invoque creyendo en ti; porque t\u00fa nos has sido anunciado. Oh Se\u00f1or, mi fe te invoca, esa fe que me has impartido, que me has insuflado por la encarnaci\u00f3n de tu Hijo\u2019.<\/em><\/p>\n<cite>San Agust\u00edn<\/cite><\/blockquote>\n\n\n\n<div style=\"height:59px\" aria-hidden=\"true\" class=\"wp-block-spacer\"><\/div>\n\n\n\n<h3 class=\"wp-block-heading\" id=\"apelar-pedir\"><strong><strong><strong>Promesa de rendici\u00f3n<\/strong><\/strong><\/strong><\/h3>\n\n\n\n<p>Y ahora, mientras me preparo para llevar este tiempo de oraci\u00f3n al d\u00eda que tengo por delante, el Se\u00f1or, que me ama promete en el libro de Hechos:&nbsp;&nbsp;<\/p>\n\n\n\n<blockquote class=\"wp-block-quote is-layout-flow wp-block-quote-is-layout-flow\">\n<p>\u00bbSu prop\u00f3sito era que las naciones buscaran a Dios y, quiz\u00e1 acerc\u00e1ndose a tientas, lo encontraran; aunque \u00e9l no est\u00e1 lejos de ninguno de nosotros. Pues en \u00e9l vivimos, nos movemos y existimos. Como dijeron algunos de sus propios poetas: \u201cNosotros somos su descendencia.\u201d <\/p>\n<cite><strong><strong><strong><strong><strong><strong><strong><strong><strong><strong>Hechos 17:27-28 (NTV)<\/strong><\/strong><\/strong><\/strong><\/strong><\/strong><\/strong><\/strong><\/strong><\/strong><\/cite><\/blockquote>\n\n\n\n<h3 class=\"wp-block-heading\" id=\"apelar-pedir\"><strong><strong><strong><strong><em>Oraci\u00f3n para terminar<\/em><\/strong><\/strong><\/strong><\/strong><\/h3>\n\n\n\n<p><strong><em>Padre, ay\u00fadame a vivir este d\u00eda al m\u00e1ximo,<\/em><\/strong><br><strong><em>siendo aut\u00e9ntico contigo en todo.<\/em><\/strong><br><strong><em>Jes\u00fas, ay\u00fadame a darme a los dem\u00e1s,&nbsp;<\/em><\/strong><br><strong><em>siendo amable con toda la gente con la que me encuentre.<\/em><\/strong><br><strong><em>Esp\u00edritu, ay\u00fadame a amar a la gente que se encuentra perdida,<\/em><\/strong><br><strong><em>proclamando a Cristo en todo lo que digo y hago.<\/em><\/strong><br><strong><em>Am\u00e9n.<\/em><\/strong><\/p>\n\n\n\n<p class=\"has-small-font-size\">* Ray Simpson with Brent Lyons-Lee, <em>St Aidan\u2019s Way of Mission<\/em> (Abingdon, Oxon: BRF, 2016) p. 47.<\/p>\n\n\n\n<p class=\"has-small-font-size\">** Confesiones de San Agust\u00edn<em>, Libro 1,<\/em> <a href=\"http:\/\/www.augustinus.it\/spagnolo\/confessioni\/conf_01_libro.htm\" target=\"_blank\" rel=\"noreferrer noopener\">http:\/\/www.augustinus.it\/spagnolo\/confessioni\/conf_01_libro.htm<\/a>.<\/p>\n","protected":false},"excerpt":{"rendered":"<p>Hoy es jueves, 22 de diciembre y s\u00f3lo faltan tres d\u00edas para Navidad. Esta semana exploramos las muchas formas en que la voz del cielo habla de la vida y la luz en nuestro mundo en Navidad. Haz una pausa Por lo tanto ahora, al iniciar mi tiempo de oraci\u00f3n, hago una pausa para estar [&hellip;]<\/p>\n","protected":false},"author":216,"featured_media":35192,"comment_status":"closed","ping_status":"open","sticky":false,"template":"","format":"standard","meta":{"_acf_changed":false,"inline_featured_image":false,"footnotes":""},"categories":[206],"tags":[],"author_slug":[370],"blog_series":[518],"topic":[353],"class_list":["post-37040","post","type-post","status-publish","format-standard","has-post-thumbnail","hentry","category-blog-es","author_slug-oracion-24-7","blog_series-voces-de-adviento","topic-orar"],"acf":[],"yoast_head":"<!-- This site is optimized with the Yoast SEO plugin v27.4 - https:\/\/yoast.com\/product\/yoast-seo-wordpress\/ -->\n<title>Atentos a las estrellas<\/title>\n<meta name=\"description\" content=\"Hoy es jueves, 22 de diciembre y s\u00f3lo faltan tres d\u00edas para Navidad. Esta semana exploramos las muchas formas en que la voz del cielo habla de la vida y la luz en nuestro mundo en Navidad.\" \/>\n<meta name=\"robots\" content=\"index, follow, max-snippet:-1, max-image-preview:large, max-video-preview:-1\" \/>\n<link rel=\"canonical\" href=\"https:\/\/www.24-7prayer.com\/es\/atentos-a-las-estrellas\/\" \/>\n<meta property=\"og:locale\" content=\"es_ES\" \/>\n<meta property=\"og:type\" content=\"article\" \/>\n<meta property=\"og:title\" content=\"Atentos a las estrellas\" \/>\n<meta property=\"og:description\" content=\"Hoy es jueves, 22 de diciembre y s\u00f3lo faltan tres d\u00edas para Navidad. Esta semana exploramos las muchas formas en que la voz del cielo habla de la vida y la luz en nuestro mundo en Navidad.\" \/>\n<meta property=\"og:url\" content=\"https:\/\/www.24-7prayer.com\/es\/atentos-a-las-estrellas\/\" \/>\n<meta property=\"og:site_name\" content=\"24-7 Prayer International\" \/>\n<meta property=\"article:published_time\" content=\"2022-12-22T05:00:00+00:00\" \/>\n<meta property=\"article:modified_time\" content=\"2022-12-22T07:22:32+00:00\" \/>\n<meta property=\"og:image\" content=\"https:\/\/www.24-7prayer.com\/wp-content\/uploads\/2022\/11\/365-voces-de-adviento-sin-txt.jpg\" \/>\n\t<meta property=\"og:image:width\" content=\"1080\" \/>\n\t<meta property=\"og:image:height\" content=\"1080\" \/>\n\t<meta property=\"og:image:type\" content=\"image\/jpeg\" \/>\n<meta name=\"author\" content=\"aitor@oracion24-7.com\" \/>\n<meta name=\"twitter:card\" content=\"summary_large_image\" \/>\n<script type=\"application\/ld+json\" class=\"yoast-schema-graph\">{\"@context\":\"https:\\\/\\\/schema.org\",\"@graph\":[{\"@type\":\"Article\",\"@id\":\"https:\\\/\\\/www.24-7prayer.com\\\/es\\\/atentos-a-las-estrellas\\\/#article\",\"isPartOf\":{\"@id\":\"https:\\\/\\\/www.24-7prayer.com\\\/es\\\/atentos-a-las-estrellas\\\/\"},\"author\":{\"name\":\"aitor@oracion24-7.com\",\"@id\":\"https:\\\/\\\/www.24-7prayer.com\\\/es\\\/#\\\/schema\\\/person\\\/cea924691d05af4dfa35da709e7ede7d\"},\"headline\":\"Atentos a las estrellas\",\"datePublished\":\"2022-12-22T05:00:00+00:00\",\"dateModified\":\"2022-12-22T07:22:32+00:00\",\"mainEntityOfPage\":{\"@id\":\"https:\\\/\\\/www.24-7prayer.com\\\/es\\\/atentos-a-las-estrellas\\\/\"},\"wordCount\":1051,\"publisher\":{\"@id\":\"https:\\\/\\\/www.24-7prayer.com\\\/es\\\/#organization\"},\"image\":{\"@id\":\"https:\\\/\\\/www.24-7prayer.com\\\/es\\\/atentos-a-las-estrellas\\\/#primaryimage\"},\"thumbnailUrl\":\"https:\\\/\\\/www.24-7prayer.com\\\/wp-content\\\/uploads\\\/2022\\\/11\\\/365-voces-de-adviento-sin-txt.jpg\",\"articleSection\":[\"Blogs\"],\"inLanguage\":\"es\"},{\"@type\":\"WebPage\",\"@id\":\"https:\\\/\\\/www.24-7prayer.com\\\/es\\\/atentos-a-las-estrellas\\\/\",\"url\":\"https:\\\/\\\/www.24-7prayer.com\\\/es\\\/atentos-a-las-estrellas\\\/\",\"name\":\"Atentos a las estrellas\",\"isPartOf\":{\"@id\":\"https:\\\/\\\/www.24-7prayer.com\\\/es\\\/#website\"},\"primaryImageOfPage\":{\"@id\":\"https:\\\/\\\/www.24-7prayer.com\\\/es\\\/atentos-a-las-estrellas\\\/#primaryimage\"},\"image\":{\"@id\":\"https:\\\/\\\/www.24-7prayer.com\\\/es\\\/atentos-a-las-estrellas\\\/#primaryimage\"},\"thumbnailUrl\":\"https:\\\/\\\/www.24-7prayer.com\\\/wp-content\\\/uploads\\\/2022\\\/11\\\/365-voces-de-adviento-sin-txt.jpg\",\"datePublished\":\"2022-12-22T05:00:00+00:00\",\"dateModified\":\"2022-12-22T07:22:32+00:00\",\"description\":\"Hoy es jueves, 22 de diciembre y s\u00f3lo faltan tres d\u00edas para Navidad. Esta semana exploramos las muchas formas en que la voz del cielo habla de la vida y la luz en nuestro mundo en Navidad.\",\"breadcrumb\":{\"@id\":\"https:\\\/\\\/www.24-7prayer.com\\\/es\\\/atentos-a-las-estrellas\\\/#breadcrumb\"},\"inLanguage\":\"es\",\"potentialAction\":[{\"@type\":\"ReadAction\",\"target\":[\"https:\\\/\\\/www.24-7prayer.com\\\/es\\\/atentos-a-las-estrellas\\\/\"]}]},{\"@type\":\"ImageObject\",\"inLanguage\":\"es\",\"@id\":\"https:\\\/\\\/www.24-7prayer.com\\\/es\\\/atentos-a-las-estrellas\\\/#primaryimage\",\"url\":\"https:\\\/\\\/www.24-7prayer.com\\\/wp-content\\\/uploads\\\/2022\\\/11\\\/365-voces-de-adviento-sin-txt.jpg\",\"contentUrl\":\"https:\\\/\\\/www.24-7prayer.com\\\/wp-content\\\/uploads\\\/2022\\\/11\\\/365-voces-de-adviento-sin-txt.jpg\",\"width\":1080,\"height\":1080},{\"@type\":\"BreadcrumbList\",\"@id\":\"https:\\\/\\\/www.24-7prayer.com\\\/es\\\/atentos-a-las-estrellas\\\/#breadcrumb\",\"itemListElement\":[{\"@type\":\"ListItem\",\"position\":1,\"name\":\"Home\",\"item\":\"https:\\\/\\\/www.24-7prayer.com\\\/es\\\/\"},{\"@type\":\"ListItem\",\"position\":2,\"name\":\"Atentos a las estrellas\"}]},{\"@type\":\"WebSite\",\"@id\":\"https:\\\/\\\/www.24-7prayer.com\\\/es\\\/#website\",\"url\":\"https:\\\/\\\/www.24-7prayer.com\\\/es\\\/\",\"name\":\"24-7 Prayer International\",\"description\":\"Prayer Mission Justice\",\"publisher\":{\"@id\":\"https:\\\/\\\/www.24-7prayer.com\\\/es\\\/#organization\"},\"potentialAction\":[{\"@type\":\"SearchAction\",\"target\":{\"@type\":\"EntryPoint\",\"urlTemplate\":\"https:\\\/\\\/www.24-7prayer.com\\\/es\\\/?s={search_term_string}\"},\"query-input\":{\"@type\":\"PropertyValueSpecification\",\"valueRequired\":true,\"valueName\":\"search_term_string\"}}],\"inLanguage\":\"es\"},{\"@type\":\"Organization\",\"@id\":\"https:\\\/\\\/www.24-7prayer.com\\\/es\\\/#organization\",\"name\":\"24-7 Prayer\",\"url\":\"https:\\\/\\\/www.24-7prayer.com\\\/es\\\/\",\"logo\":{\"@type\":\"ImageObject\",\"inLanguage\":\"es\",\"@id\":\"https:\\\/\\\/www.24-7prayer.com\\\/es\\\/#\\\/schema\\\/logo\\\/image\\\/\",\"url\":\"https:\\\/\\\/www.24-7prayer.com\\\/wp-content\\\/uploads\\\/2022\\\/06\\\/logo.png\",\"contentUrl\":\"https:\\\/\\\/www.24-7prayer.com\\\/wp-content\\\/uploads\\\/2022\\\/06\\\/logo.png\",\"width\":302,\"height\":49,\"caption\":\"24-7 Prayer\"},\"image\":{\"@id\":\"https:\\\/\\\/www.24-7prayer.com\\\/es\\\/#\\\/schema\\\/logo\\\/image\\\/\"}},{\"@type\":\"Person\",\"@id\":\"https:\\\/\\\/www.24-7prayer.com\\\/es\\\/#\\\/schema\\\/person\\\/cea924691d05af4dfa35da709e7ede7d\",\"name\":\"aitor@oracion24-7.com\",\"image\":{\"@type\":\"ImageObject\",\"inLanguage\":\"es\",\"@id\":\"https:\\\/\\\/secure.gravatar.com\\\/avatar\\\/e67a3b0c8e0d52ee179e9f94d3d54543d229c4da1d7def06a61faccb28313f0a?s=96&d=mm&r=g\",\"url\":\"https:\\\/\\\/secure.gravatar.com\\\/avatar\\\/e67a3b0c8e0d52ee179e9f94d3d54543d229c4da1d7def06a61faccb28313f0a?s=96&d=mm&r=g\",\"contentUrl\":\"https:\\\/\\\/secure.gravatar.com\\\/avatar\\\/e67a3b0c8e0d52ee179e9f94d3d54543d229c4da1d7def06a61faccb28313f0a?s=96&d=mm&r=g\",\"caption\":\"aitor@oracion24-7.com\"},\"url\":\"https:\\\/\\\/www.24-7prayer.com\\\/es\\\/author\\\/aitororacion24-7-com\\\/\"}]}<\/script>\n<!-- \/ Yoast SEO plugin. -->","yoast_head_json":{"title":"Atentos a las estrellas","description":"Hoy es jueves, 22 de diciembre y s\u00f3lo faltan tres d\u00edas para Navidad. Esta semana exploramos las muchas formas en que la voz del cielo habla de la vida y la luz en nuestro mundo en Navidad.","robots":{"index":"index","follow":"follow","max-snippet":"max-snippet:-1","max-image-preview":"max-image-preview:large","max-video-preview":"max-video-preview:-1"},"canonical":"https:\/\/www.24-7prayer.com\/es\/atentos-a-las-estrellas\/","og_locale":"es_ES","og_type":"article","og_title":"Atentos a las estrellas","og_description":"Hoy es jueves, 22 de diciembre y s\u00f3lo faltan tres d\u00edas para Navidad. Esta semana exploramos las muchas formas en que la voz del cielo habla de la vida y la luz en nuestro mundo en Navidad.","og_url":"https:\/\/www.24-7prayer.com\/es\/atentos-a-las-estrellas\/","og_site_name":"24-7 Prayer International","article_published_time":"2022-12-22T05:00:00+00:00","article_modified_time":"2022-12-22T07:22:32+00:00","og_image":[{"width":1080,"height":1080,"url":"https:\/\/www.24-7prayer.com\/wp-content\/uploads\/2022\/11\/365-voces-de-adviento-sin-txt.jpg","type":"image\/jpeg"}],"author":"aitor@oracion24-7.com","twitter_card":"summary_large_image","schema":{"@context":"https:\/\/schema.org","@graph":[{"@type":"Article","@id":"https:\/\/www.24-7prayer.com\/es\/atentos-a-las-estrellas\/#article","isPartOf":{"@id":"https:\/\/www.24-7prayer.com\/es\/atentos-a-las-estrellas\/"},"author":{"name":"aitor@oracion24-7.com","@id":"https:\/\/www.24-7prayer.com\/es\/#\/schema\/person\/cea924691d05af4dfa35da709e7ede7d"},"headline":"Atentos a las estrellas","datePublished":"2022-12-22T05:00:00+00:00","dateModified":"2022-12-22T07:22:32+00:00","mainEntityOfPage":{"@id":"https:\/\/www.24-7prayer.com\/es\/atentos-a-las-estrellas\/"},"wordCount":1051,"publisher":{"@id":"https:\/\/www.24-7prayer.com\/es\/#organization"},"image":{"@id":"https:\/\/www.24-7prayer.com\/es\/atentos-a-las-estrellas\/#primaryimage"},"thumbnailUrl":"https:\/\/www.24-7prayer.com\/wp-content\/uploads\/2022\/11\/365-voces-de-adviento-sin-txt.jpg","articleSection":["Blogs"],"inLanguage":"es"},{"@type":"WebPage","@id":"https:\/\/www.24-7prayer.com\/es\/atentos-a-las-estrellas\/","url":"https:\/\/www.24-7prayer.com\/es\/atentos-a-las-estrellas\/","name":"Atentos a las estrellas","isPartOf":{"@id":"https:\/\/www.24-7prayer.com\/es\/#website"},"primaryImageOfPage":{"@id":"https:\/\/www.24-7prayer.com\/es\/atentos-a-las-estrellas\/#primaryimage"},"image":{"@id":"https:\/\/www.24-7prayer.com\/es\/atentos-a-las-estrellas\/#primaryimage"},"thumbnailUrl":"https:\/\/www.24-7prayer.com\/wp-content\/uploads\/2022\/11\/365-voces-de-adviento-sin-txt.jpg","datePublished":"2022-12-22T05:00:00+00:00","dateModified":"2022-12-22T07:22:32+00:00","description":"Hoy es jueves, 22 de diciembre y s\u00f3lo faltan tres d\u00edas para Navidad. Esta semana exploramos las muchas formas en que la voz del cielo habla de la vida y la luz en nuestro mundo en Navidad.","breadcrumb":{"@id":"https:\/\/www.24-7prayer.com\/es\/atentos-a-las-estrellas\/#breadcrumb"},"inLanguage":"es","potentialAction":[{"@type":"ReadAction","target":["https:\/\/www.24-7prayer.com\/es\/atentos-a-las-estrellas\/"]}]},{"@type":"ImageObject","inLanguage":"es","@id":"https:\/\/www.24-7prayer.com\/es\/atentos-a-las-estrellas\/#primaryimage","url":"https:\/\/www.24-7prayer.com\/wp-content\/uploads\/2022\/11\/365-voces-de-adviento-sin-txt.jpg","contentUrl":"https:\/\/www.24-7prayer.com\/wp-content\/uploads\/2022\/11\/365-voces-de-adviento-sin-txt.jpg","width":1080,"height":1080},{"@type":"BreadcrumbList","@id":"https:\/\/www.24-7prayer.com\/es\/atentos-a-las-estrellas\/#breadcrumb","itemListElement":[{"@type":"ListItem","position":1,"name":"Home","item":"https:\/\/www.24-7prayer.com\/es\/"},{"@type":"ListItem","position":2,"name":"Atentos a las estrellas"}]},{"@type":"WebSite","@id":"https:\/\/www.24-7prayer.com\/es\/#website","url":"https:\/\/www.24-7prayer.com\/es\/","name":"24-7 Prayer International","description":"Prayer Mission Justice","publisher":{"@id":"https:\/\/www.24-7prayer.com\/es\/#organization"},"potentialAction":[{"@type":"SearchAction","target":{"@type":"EntryPoint","urlTemplate":"https:\/\/www.24-7prayer.com\/es\/?s={search_term_string}"},"query-input":{"@type":"PropertyValueSpecification","valueRequired":true,"valueName":"search_term_string"}}],"inLanguage":"es"},{"@type":"Organization","@id":"https:\/\/www.24-7prayer.com\/es\/#organization","name":"24-7 Prayer","url":"https:\/\/www.24-7prayer.com\/es\/","logo":{"@type":"ImageObject","inLanguage":"es","@id":"https:\/\/www.24-7prayer.com\/es\/#\/schema\/logo\/image\/","url":"https:\/\/www.24-7prayer.com\/wp-content\/uploads\/2022\/06\/logo.png","contentUrl":"https:\/\/www.24-7prayer.com\/wp-content\/uploads\/2022\/06\/logo.png","width":302,"height":49,"caption":"24-7 Prayer"},"image":{"@id":"https:\/\/www.24-7prayer.com\/es\/#\/schema\/logo\/image\/"}},{"@type":"Person","@id":"https:\/\/www.24-7prayer.com\/es\/#\/schema\/person\/cea924691d05af4dfa35da709e7ede7d","name":"aitor@oracion24-7.com","image":{"@type":"ImageObject","inLanguage":"es","@id":"https:\/\/secure.gravatar.com\/avatar\/e67a3b0c8e0d52ee179e9f94d3d54543d229c4da1d7def06a61faccb28313f0a?s=96&d=mm&r=g","url":"https:\/\/secure.gravatar.com\/avatar\/e67a3b0c8e0d52ee179e9f94d3d54543d229c4da1d7def06a61faccb28313f0a?s=96&d=mm&r=g","contentUrl":"https:\/\/secure.gravatar.com\/avatar\/e67a3b0c8e0d52ee179e9f94d3d54543d229c4da1d7def06a61faccb28313f0a?s=96&d=mm&r=g","caption":"aitor@oracion24-7.com"},"url":"https:\/\/www.24-7prayer.com\/es\/author\/aitororacion24-7-com\/"}]}},"_links":{"self":[{"href":"https:\/\/www.24-7prayer.com\/es\/wp-json\/wp\/v2\/posts\/37040","targetHints":{"allow":["GET"]}}],"collection":[{"href":"https:\/\/www.24-7prayer.com\/es\/wp-json\/wp\/v2\/posts"}],"about":[{"href":"https:\/\/www.24-7prayer.com\/es\/wp-json\/wp\/v2\/types\/post"}],"author":[{"embeddable":true,"href":"https:\/\/www.24-7prayer.com\/es\/wp-json\/wp\/v2\/users\/216"}],"replies":[{"embeddable":true,"href":"https:\/\/www.24-7prayer.com\/es\/wp-json\/wp\/v2\/comments?post=37040"}],"version-history":[{"count":4,"href":"https:\/\/www.24-7prayer.com\/es\/wp-json\/wp\/v2\/posts\/37040\/revisions"}],"predecessor-version":[{"id":37468,"href":"https:\/\/www.24-7prayer.com\/es\/wp-json\/wp\/v2\/posts\/37040\/revisions\/37468"}],"wp:featuredmedia":[{"embeddable":true,"href":"https:\/\/www.24-7prayer.com\/es\/wp-json\/wp\/v2\/media\/35192"}],"wp:attachment":[{"href":"https:\/\/www.24-7prayer.com\/es\/wp-json\/wp\/v2\/media?parent=37040"}],"wp:term":[{"taxonomy":"category","embeddable":true,"href":"https:\/\/www.24-7prayer.com\/es\/wp-json\/wp\/v2\/categories?post=37040"},{"taxonomy":"post_tag","embeddable":true,"href":"https:\/\/www.24-7prayer.com\/es\/wp-json\/wp\/v2\/tags?post=37040"},{"taxonomy":"author_slug","embeddable":true,"href":"https:\/\/www.24-7prayer.com\/es\/wp-json\/wp\/v2\/author_slug?post=37040"},{"taxonomy":"blog_series","embeddable":true,"href":"https:\/\/www.24-7prayer.com\/es\/wp-json\/wp\/v2\/blog_series?post=37040"},{"taxonomy":"topic","embeddable":true,"href":"https:\/\/www.24-7prayer.com\/es\/wp-json\/wp\/v2\/topic?post=37040"}],"curies":[{"name":"wp","href":"https:\/\/api.w.org\/{rel}","templated":true}]}}