{"id":37035,"date":"2022-12-21T05:00:00","date_gmt":"2022-12-21T05:00:00","guid":{"rendered":"https:\/\/www.24-7prayer.com\/?p=37035"},"modified":"2022-12-21T16:40:36","modified_gmt":"2022-12-21T16:40:36","slug":"los-pastores-se-convierten-en-mensajeros-del-cielo","status":"publish","type":"post","link":"https:\/\/www.24-7prayer.com\/es\/los-pastores-se-convierten-en-mensajeros-del-cielo\/","title":{"rendered":"Los pastores se convierten en mensajeros del cielo"},"content":{"rendered":"\n<div class=\"wp-block-buttons is-content-justification-center is-layout-flex wp-container-core-buttons-is-layout-a89b3969 wp-block-buttons-is-layout-flex\"><\/div>\n\n\n\n<iframe loading=\"lazy\" src=\"https:\/\/anchor.fm\/oracion247\/embed\/episodes\/Los-pastores-se-convierten-en-mensajeros-del-cielo-I-Voces-de-Adviento-I-Lectio-365-e1shb4g\" height=\"102px\" width=\"100%\" frameborder=\"0\" scrolling=\"no\"><\/iframe>\n\n\n\n<p>Hoy es mi\u00e9rcoles, 21 de diciembre, s\u00f3lo faltan cuatro d\u00edas para la Navidad. Esta semana exploramos las muchas formas en que la voz del cielo habla de la vida y la luz en nuestro mundo en Navidad.<\/p>\n\n\n\n<h3 class=\"wp-block-heading\" id=\"haz-una-pausa\">Haz una pausa<\/h3>\n\n\n\n<p><strong><em><strong><em><strong><em><strong><em><strong><em><strong><em>Por lo tanto ahora, al iniciar mi tiempo de oraci\u00f3n, hago una pausa para estar quieto; para respirar lentamente, para re-centrar mis sentidos, que se encuentran dispersos, delante de la presencia de Dios.<\/em><\/strong><\/em><\/strong><\/em><\/strong><\/em><\/strong><\/em><\/strong><\/em><\/strong><\/p>\n\n\n\n<hr class=\"wp-block-separator has-css-opacity is-style-dots\"\/>\n\n\n\n<h5 class=\"has-text-align-center wp-block-heading\" id=\"haz-una-pausa-y-ora\"><em>Haz una pausa y ora<\/em><\/h5>\n\n\n\n<hr class=\"wp-block-separator has-css-opacity is-style-dots\"\/>\n\n\n\n<h3 class=\"wp-block-heading\" id=\"haz-una-pausa\">Oraci\u00f3n de Enfoque<\/h3>\n\n\n\n<p>Se\u00f1or, en esta \u00e9poca de tanto ajetreo, por favor, ay\u00fadame a estar quieto. Abro mis o\u00eddos ahora para escuchar cosas incre\u00edbles sobre ti, preparando mi coraz\u00f3n calladamente para el milagro de tu venida en Navidad. <\/p>\n\n\n\n<div style=\"height:59px\" aria-hidden=\"true\" class=\"wp-block-spacer\"><\/div>\n\n\n\n<h3 class=\"wp-block-heading\" id=\"regocijarse-y-reflexionar\">Regocijarse y Reflexionar<\/h3>\n\n\n\n<p>Hoy escojo descansar en los brazos de Dios, uni\u00e9ndome a la alabanza ancestral de todo el pueblo de Dios en palabras del Salmo 68&#8230;<\/p>\n\n\n\n<blockquote class=\"wp-block-quote is-layout-flow wp-block-quote-is-layout-flow\">\n<p>El Se\u00f1or da la palabra,<br>&nbsp;&nbsp;&nbsp;&nbsp;y un gran ej\u00e9rcito&nbsp;trae las buenas noticias\u2026 <br>\u00a1Alaben al Se\u00f1or; alaben a Dios nuestro salvador!<br> &nbsp;&nbsp;&nbsp;&nbsp;Pues cada d\u00eda nos lleva en sus brazos.&nbsp; <\/p>\n<cite><strong><strong>Salmo 68:11, 19 (NTV)<\/strong><\/strong><\/cite><\/blockquote>\n\n\n\n<hr class=\"wp-block-separator has-css-opacity is-style-dots\"\/>\n\n\n\n<h5 class=\"has-text-align-center wp-block-heading\" id=\"haz-una-pausa-y-ora\"><em>Haz una pausa y ora<\/em><\/h5>\n\n\n\n<hr class=\"wp-block-separator has-css-opacity is-style-dots\"\/>\n\n\n\n<p>Hoy vuelvo a los desconcertados pastores que se tambalean ante el mensaje que acaban de pronunciar los \u00e1ngeles:<\/p>\n\n\n\n<blockquote class=\"wp-block-quote is-layout-flow wp-block-quote-is-layout-flow\">\n<p>Cuando los \u00e1ngeles se fueron al cielo, los pastores se dijeron unos a otros: \u00abVamos a Bel\u00e9n, a ver esto que ha pasado y que el Se\u00f1or nos ha dado a conocer\u00bb.\nAs\u00ed que fueron de prisa y encontraron a Mar\u00eda y a Jos\u00e9, y al ni\u00f1o que estaba acostado en el pesebre. Cuando vieron al ni\u00f1o, contaron lo que les hab\u00edan dicho acerca de \u00e9l,&nbsp;y cuantos lo oyeron se asombraron de lo que los pastores dec\u00edan.\n<\/p>\n<cite><strong><strong>Lucas 2:15-18<\/strong><\/strong><\/cite><\/blockquote>\n\n\n\n<p>Me encanta la inmediatez del coraz\u00f3n en la respuesta de los pastores. No se limitaron a recibir la voz del cielo como una epifan\u00eda espiritual personal, un momento \u00edntimo con el Se\u00f1or. Por el contrario, obedecieron inmediatamente. Hay una sensaci\u00f3n de impulso e intencionalidad. Su visi\u00f3n de Jes\u00fas era demasiado buena para guardarla para s\u00ed mismos; se apresuraron a difundir la palabra a cualquiera que quisiera escuchar.<\/p>\n\n\n\n<div style=\"height:59px\" aria-hidden=\"true\" class=\"wp-block-spacer\"><\/div>\n\n\n\n<h3 class=\"wp-block-heading\" id=\"apelar-pedir\"><strong>Apelar \/ Pedir<\/strong><\/h3>\n\n\n\n<p>\u00bfA qui\u00e9n puedo invitar a escuchar las incre\u00edbles noticias de Jes\u00fas esta Navidad? Oro por el valor y la oportunidad.<\/p>\n\n\n\n<hr class=\"wp-block-separator has-css-opacity is-style-dots\"\/>\n\n\n\n<h5 class=\"has-text-align-center wp-block-heading\" id=\"haz-una-pausa-y-ora\"><em>Haz una pausa y ora<\/em><\/h5>\n\n\n\n<hr class=\"wp-block-separator has-css-opacity is-style-dots\"\/>\n\n\n\n<p>Dos mil millones de personas -m\u00e1s de una cuarta parte de la poblaci\u00f3n mundial- asistir\u00e1n a las reuniones de Navidad y a otros eventos esta semana. Oro ahora por los pastores y sacerdotes que preparan sus sermones, para que sean realmente voces del cielo, comunicando el evangelio con claridad y convicci\u00f3n.&nbsp;<\/p>\n\n\n\n<hr class=\"wp-block-separator has-css-opacity is-style-dots\"\/>\n\n\n\n<h5 class=\"has-text-align-center wp-block-heading\" id=\"haz-una-pausa-y-ora\"><em>Haz una pausa y ora<\/em><\/h5>\n\n\n\n<hr class=\"wp-block-separator has-css-opacity is-style-dots\"\/>\n\n\n\n<h3 class=\"wp-block-heading\" id=\"apelar-pedir\"><strong>Rendirse<\/strong><\/h3>\n\n\n\n<p>Al volver al pasaje<em>, abro mis o\u00eddos para escuchar tu Palabra, y mi coraz\u00f3n para rendirme a tu voluntad una vez m\u00e1s.<\/em><\/p>\n\n\n\n<blockquote class=\"wp-block-quote is-layout-flow wp-block-quote-is-layout-flow\">\n<p>Cuando los \u00e1ngeles se fueron al cielo, los pastores se dijeron unos a otros: \u00abVamos a Bel\u00e9n, a ver esto que ha pasado y que el Se\u00f1or nos ha dado a conocer\u00bb. As\u00ed que fueron de prisa y encontraron a Mar\u00eda y a Jos\u00e9, y al ni\u00f1o que estaba acostado en el pesebre. Cuando vieron al ni\u00f1o, contaron lo que les hab\u00edan dicho acerca de \u00e9l,&nbsp;y cuantos lo oyeron se asombraron de lo que los pastores dec\u00edan. <\/p>\n<cite><strong><strong><strong><strong><strong><strong><strong><strong><strong><strong><strong><strong><strong><strong><strong><strong>Lucas 2:15-18<\/strong><\/strong><\/strong><\/strong><\/strong><\/strong><\/strong><\/strong><\/strong><\/strong><\/strong><\/strong><\/strong><\/strong><\/strong><\/strong><\/cite><\/blockquote>\n\n\n\n<p>Me llama la atenci\u00f3n que &#8220;todos los que escucharon [las palabras de los pastores] se asombraron&#8221;. Me pregunto: \u00bftodav\u00eda me emociona de verdad el mensaje del Evangelio? \u00bfHe perdido la capacidad de asombrarme? El pastor afroamericano Shadrach Meshach Lockridge predic\u00f3 una vez un serm\u00f3n de una hora sobre la maravilla de Jes\u00fas, que concluy\u00f3 con un elogio espont\u00e1neo que ha emocionado a millones de personas desde entonces. Permito que sus palabras conmuevan de nuevo mi coraz\u00f3n:&nbsp;<\/p>\n\n\n\n<blockquote class=\"wp-block-quote is-layout-flow wp-block-quote-is-layout-flow\">\n<p>Mi Rey es el Rey.&nbsp; <br>\u00c9l es la llave del conocimiento. <br>\u00c9l es el manantial de la sabidur\u00eda. <br>\u00c9l es la puerta de la liberaci\u00f3n.&nbsp; <br>\u00c9l es el camino de la paz. <br>\u00c9l es el camino de la justicia.&nbsp; <br>\u00c9l es el camino de la santidad. <br>\u00c9l es la puerta de la gloria <br>\u00bfLe conoces?* <\/p>\n<cite>Shadrach Meshach Lockridge<\/cite><\/blockquote>\n\n\n\n<hr class=\"wp-block-separator has-css-opacity is-style-dots\"\/>\n\n\n\n<h5 class=\"has-text-align-center wp-block-heading\" id=\"haz-una-pausa-y-ora\"><em>Haz una pausa y ora<\/em><\/h5>\n\n\n\n<hr class=\"wp-block-separator has-css-opacity is-style-dots\"\/>\n\n\n\n<h3 class=\"wp-block-heading\" id=\"apelar-pedir\"><strong><strong>Oraci\u00f3n de rendici\u00f3n<\/strong><\/strong><\/h3>\n\n\n\n<p><em>Jes\u00fas, te doy las gracias<\/em><br><em>Porque me has invitado a ser un mensajero de tu evangelio<\/em><br><em>a conocer y ser conocido por ti.<\/em><br><em>Te doy hoy mi tiempo, mis palabras, mi prisa<\/em><br><em>y te pido un renovado sentido de asombro en tu presencia.<\/em><\/p>\n\n\n\n<div style=\"height:59px\" aria-hidden=\"true\" class=\"wp-block-spacer\"><\/div>\n\n\n\n<h3 class=\"wp-block-heading\" id=\"apelar-pedir\"><strong><strong><strong>Promesa de rendici\u00f3n<\/strong><\/strong><\/strong><\/h3>\n\n\n\n<p>Y ahora, mientras me preparo para llevar este tiempo de oraci\u00f3n al d\u00eda que tengo por delante, el Se\u00f1or, que me ama dice en Romanos:&nbsp;<\/p>\n\n\n\n<blockquote class=\"wp-block-quote is-layout-flow wp-block-quote-is-layout-flow\">\n<p>\u00bfQu\u00e9 afirma entonces? \u00abLa palabra est\u00e1 cerca de ti; la tienes en la boca y en el coraz\u00f3n\u00bb. Esta es la palabra de fe que predicamos:&nbsp;que, si confiesas con tu boca que Jes\u00fas es el Se\u00f1or y crees en tu coraz\u00f3n que Dios lo levant\u00f3 de entre los muertos, ser\u00e1s salvo.\n<\/p>\n<cite><strong><strong><strong><strong><strong><strong><strong><strong><strong><strong>Romanos 10:8-9 (NVICST)<\/strong><\/strong><\/strong><\/strong><\/strong><\/strong><\/strong><\/strong><\/strong><\/strong><\/cite><\/blockquote>\n\n\n\n<h3 class=\"wp-block-heading\" id=\"apelar-pedir\"><strong><strong><strong><strong><em>Oraci\u00f3n para terminar<\/em><\/strong><\/strong><\/strong><\/strong><\/h3>\n\n\n\n<p><strong><em>Padre, ay\u00fadame a vivir este d\u00eda al m\u00e1ximo,<\/em><\/strong><br><strong><em>siendo aut\u00e9ntico contigo en todo.<\/em><\/strong><br><strong><em>Jes\u00fas, ay\u00fadame a darme a los dem\u00e1s,&nbsp;<\/em><\/strong><br><strong><em>siendo amable con toda la gente con la que me encuentre.<\/em><\/strong><br><strong><em>Esp\u00edritu, ay\u00fadame a amar a la gente que se encuentra perdida,<\/em><\/strong><br><strong><em>proclamando a Cristo en todo lo que digo y hago.<\/em><\/strong><br><strong><em>Am\u00e9n.<\/em><\/strong><\/p>\n\n\n\n<p class=\"has-small-font-size\">Dr. S. M. Lockridge, \u2018That\u2019s My King\u2019, <a href=\"https:\/\/www.youtube.com\/watch?v=-ZoOW3NW0Jw\">https:\/\/www.youtube.com\/watch?v=-ZoOW3NW0Jw<\/a> and <a href=\"https:\/\/www.thegospelcoalition.org\/blogs\/justin-taylor\/well-i-wonder-if-you-know-him\/\">https:\/\/www.thegospelcoalition.org\/blogs\/justin-taylor\/well-i-wonder-if-you-know-him\/<\/a>.<\/p>\n","protected":false},"excerpt":{"rendered":"<p>Hoy es mi\u00e9rcoles, 21 de diciembre, s\u00f3lo faltan cuatro d\u00edas para la Navidad. Esta semana exploramos las muchas formas en que la voz del cielo habla de la vida y la luz en nuestro mundo en Navidad. Haz una pausa Por lo tanto ahora, al iniciar mi tiempo de oraci\u00f3n, hago una pausa para estar [&hellip;]<\/p>\n","protected":false},"author":216,"featured_media":35192,"comment_status":"closed","ping_status":"open","sticky":false,"template":"","format":"standard","meta":{"_acf_changed":false,"inline_featured_image":false,"footnotes":""},"categories":[206],"tags":[],"author_slug":[370],"blog_series":[518],"topic":[353],"class_list":["post-37035","post","type-post","status-publish","format-standard","has-post-thumbnail","hentry","category-blog-es","author_slug-oracion-24-7","blog_series-voces-de-adviento","topic-orar"],"acf":[],"yoast_head":"<!-- This site is optimized with the Yoast SEO plugin v27.4 - https:\/\/yoast.com\/product\/yoast-seo-wordpress\/ -->\n<title>Los pastores se convierten en mensajeros del cielo<\/title>\n<meta name=\"description\" content=\"Hoy es mi\u00e9rcoles, 21 de diciembre, s\u00f3lo faltan cuatro d\u00edas para la Navidad. Esta semana exploramos las muchas formas en que la voz del cielo habla de la vida y la luz en nuestro mundo en Navidad.\" \/>\n<meta name=\"robots\" content=\"index, follow, max-snippet:-1, max-image-preview:large, max-video-preview:-1\" \/>\n<link rel=\"canonical\" href=\"https:\/\/www.24-7prayer.com\/es\/los-pastores-se-convierten-en-mensajeros-del-cielo\/\" \/>\n<meta property=\"og:locale\" content=\"es_ES\" \/>\n<meta property=\"og:type\" content=\"article\" \/>\n<meta property=\"og:title\" content=\"Los pastores se convierten en mensajeros del cielo\" \/>\n<meta property=\"og:description\" content=\"Hoy es mi\u00e9rcoles, 21 de diciembre, s\u00f3lo faltan cuatro d\u00edas para la Navidad. Esta semana exploramos las muchas formas en que la voz del cielo habla de la vida y la luz en nuestro mundo en Navidad.\" \/>\n<meta property=\"og:url\" content=\"https:\/\/www.24-7prayer.com\/es\/los-pastores-se-convierten-en-mensajeros-del-cielo\/\" \/>\n<meta property=\"og:site_name\" content=\"24-7 Prayer International\" \/>\n<meta property=\"article:published_time\" content=\"2022-12-21T05:00:00+00:00\" \/>\n<meta property=\"article:modified_time\" content=\"2022-12-21T16:40:36+00:00\" \/>\n<meta property=\"og:image\" content=\"https:\/\/www.24-7prayer.com\/wp-content\/uploads\/2022\/11\/365-voces-de-adviento-sin-txt.jpg\" \/>\n\t<meta property=\"og:image:width\" content=\"1080\" \/>\n\t<meta property=\"og:image:height\" content=\"1080\" \/>\n\t<meta property=\"og:image:type\" content=\"image\/jpeg\" \/>\n<meta name=\"author\" content=\"aitor@oracion24-7.com\" \/>\n<meta name=\"twitter:card\" content=\"summary_large_image\" \/>\n<script type=\"application\/ld+json\" class=\"yoast-schema-graph\">{\"@context\":\"https:\\\/\\\/schema.org\",\"@graph\":[{\"@type\":\"Article\",\"@id\":\"https:\\\/\\\/www.24-7prayer.com\\\/es\\\/los-pastores-se-convierten-en-mensajeros-del-cielo\\\/#article\",\"isPartOf\":{\"@id\":\"https:\\\/\\\/www.24-7prayer.com\\\/es\\\/los-pastores-se-convierten-en-mensajeros-del-cielo\\\/\"},\"author\":{\"name\":\"aitor@oracion24-7.com\",\"@id\":\"https:\\\/\\\/www.24-7prayer.com\\\/es\\\/#\\\/schema\\\/person\\\/cea924691d05af4dfa35da709e7ede7d\"},\"headline\":\"Los pastores se convierten en mensajeros del cielo\",\"datePublished\":\"2022-12-21T05:00:00+00:00\",\"dateModified\":\"2022-12-21T16:40:36+00:00\",\"mainEntityOfPage\":{\"@id\":\"https:\\\/\\\/www.24-7prayer.com\\\/es\\\/los-pastores-se-convierten-en-mensajeros-del-cielo\\\/\"},\"wordCount\":981,\"publisher\":{\"@id\":\"https:\\\/\\\/www.24-7prayer.com\\\/es\\\/#organization\"},\"image\":{\"@id\":\"https:\\\/\\\/www.24-7prayer.com\\\/es\\\/los-pastores-se-convierten-en-mensajeros-del-cielo\\\/#primaryimage\"},\"thumbnailUrl\":\"https:\\\/\\\/www.24-7prayer.com\\\/wp-content\\\/uploads\\\/2022\\\/11\\\/365-voces-de-adviento-sin-txt.jpg\",\"articleSection\":[\"Blogs\"],\"inLanguage\":\"es\"},{\"@type\":\"WebPage\",\"@id\":\"https:\\\/\\\/www.24-7prayer.com\\\/es\\\/los-pastores-se-convierten-en-mensajeros-del-cielo\\\/\",\"url\":\"https:\\\/\\\/www.24-7prayer.com\\\/es\\\/los-pastores-se-convierten-en-mensajeros-del-cielo\\\/\",\"name\":\"Los pastores se convierten en mensajeros del cielo\",\"isPartOf\":{\"@id\":\"https:\\\/\\\/www.24-7prayer.com\\\/es\\\/#website\"},\"primaryImageOfPage\":{\"@id\":\"https:\\\/\\\/www.24-7prayer.com\\\/es\\\/los-pastores-se-convierten-en-mensajeros-del-cielo\\\/#primaryimage\"},\"image\":{\"@id\":\"https:\\\/\\\/www.24-7prayer.com\\\/es\\\/los-pastores-se-convierten-en-mensajeros-del-cielo\\\/#primaryimage\"},\"thumbnailUrl\":\"https:\\\/\\\/www.24-7prayer.com\\\/wp-content\\\/uploads\\\/2022\\\/11\\\/365-voces-de-adviento-sin-txt.jpg\",\"datePublished\":\"2022-12-21T05:00:00+00:00\",\"dateModified\":\"2022-12-21T16:40:36+00:00\",\"description\":\"Hoy es mi\u00e9rcoles, 21 de diciembre, s\u00f3lo faltan cuatro d\u00edas para la Navidad. Esta semana exploramos las muchas formas en que la voz del cielo habla de la vida y la luz en nuestro mundo en Navidad.\",\"breadcrumb\":{\"@id\":\"https:\\\/\\\/www.24-7prayer.com\\\/es\\\/los-pastores-se-convierten-en-mensajeros-del-cielo\\\/#breadcrumb\"},\"inLanguage\":\"es\",\"potentialAction\":[{\"@type\":\"ReadAction\",\"target\":[\"https:\\\/\\\/www.24-7prayer.com\\\/es\\\/los-pastores-se-convierten-en-mensajeros-del-cielo\\\/\"]}]},{\"@type\":\"ImageObject\",\"inLanguage\":\"es\",\"@id\":\"https:\\\/\\\/www.24-7prayer.com\\\/es\\\/los-pastores-se-convierten-en-mensajeros-del-cielo\\\/#primaryimage\",\"url\":\"https:\\\/\\\/www.24-7prayer.com\\\/wp-content\\\/uploads\\\/2022\\\/11\\\/365-voces-de-adviento-sin-txt.jpg\",\"contentUrl\":\"https:\\\/\\\/www.24-7prayer.com\\\/wp-content\\\/uploads\\\/2022\\\/11\\\/365-voces-de-adviento-sin-txt.jpg\",\"width\":1080,\"height\":1080},{\"@type\":\"BreadcrumbList\",\"@id\":\"https:\\\/\\\/www.24-7prayer.com\\\/es\\\/los-pastores-se-convierten-en-mensajeros-del-cielo\\\/#breadcrumb\",\"itemListElement\":[{\"@type\":\"ListItem\",\"position\":1,\"name\":\"Home\",\"item\":\"https:\\\/\\\/www.24-7prayer.com\\\/es\\\/\"},{\"@type\":\"ListItem\",\"position\":2,\"name\":\"Los pastores se convierten en mensajeros del cielo\"}]},{\"@type\":\"WebSite\",\"@id\":\"https:\\\/\\\/www.24-7prayer.com\\\/es\\\/#website\",\"url\":\"https:\\\/\\\/www.24-7prayer.com\\\/es\\\/\",\"name\":\"24-7 Prayer International\",\"description\":\"Prayer Mission Justice\",\"publisher\":{\"@id\":\"https:\\\/\\\/www.24-7prayer.com\\\/es\\\/#organization\"},\"potentialAction\":[{\"@type\":\"SearchAction\",\"target\":{\"@type\":\"EntryPoint\",\"urlTemplate\":\"https:\\\/\\\/www.24-7prayer.com\\\/es\\\/?s={search_term_string}\"},\"query-input\":{\"@type\":\"PropertyValueSpecification\",\"valueRequired\":true,\"valueName\":\"search_term_string\"}}],\"inLanguage\":\"es\"},{\"@type\":\"Organization\",\"@id\":\"https:\\\/\\\/www.24-7prayer.com\\\/es\\\/#organization\",\"name\":\"24-7 Prayer\",\"url\":\"https:\\\/\\\/www.24-7prayer.com\\\/es\\\/\",\"logo\":{\"@type\":\"ImageObject\",\"inLanguage\":\"es\",\"@id\":\"https:\\\/\\\/www.24-7prayer.com\\\/es\\\/#\\\/schema\\\/logo\\\/image\\\/\",\"url\":\"https:\\\/\\\/www.24-7prayer.com\\\/wp-content\\\/uploads\\\/2022\\\/06\\\/logo.png\",\"contentUrl\":\"https:\\\/\\\/www.24-7prayer.com\\\/wp-content\\\/uploads\\\/2022\\\/06\\\/logo.png\",\"width\":302,\"height\":49,\"caption\":\"24-7 Prayer\"},\"image\":{\"@id\":\"https:\\\/\\\/www.24-7prayer.com\\\/es\\\/#\\\/schema\\\/logo\\\/image\\\/\"}},{\"@type\":\"Person\",\"@id\":\"https:\\\/\\\/www.24-7prayer.com\\\/es\\\/#\\\/schema\\\/person\\\/cea924691d05af4dfa35da709e7ede7d\",\"name\":\"aitor@oracion24-7.com\",\"image\":{\"@type\":\"ImageObject\",\"inLanguage\":\"es\",\"@id\":\"https:\\\/\\\/secure.gravatar.com\\\/avatar\\\/e67a3b0c8e0d52ee179e9f94d3d54543d229c4da1d7def06a61faccb28313f0a?s=96&d=mm&r=g\",\"url\":\"https:\\\/\\\/secure.gravatar.com\\\/avatar\\\/e67a3b0c8e0d52ee179e9f94d3d54543d229c4da1d7def06a61faccb28313f0a?s=96&d=mm&r=g\",\"contentUrl\":\"https:\\\/\\\/secure.gravatar.com\\\/avatar\\\/e67a3b0c8e0d52ee179e9f94d3d54543d229c4da1d7def06a61faccb28313f0a?s=96&d=mm&r=g\",\"caption\":\"aitor@oracion24-7.com\"},\"url\":\"https:\\\/\\\/www.24-7prayer.com\\\/es\\\/author\\\/aitororacion24-7-com\\\/\"}]}<\/script>\n<!-- \/ Yoast SEO plugin. -->","yoast_head_json":{"title":"Los pastores se convierten en mensajeros del cielo","description":"Hoy es mi\u00e9rcoles, 21 de diciembre, s\u00f3lo faltan cuatro d\u00edas para la Navidad. Esta semana exploramos las muchas formas en que la voz del cielo habla de la vida y la luz en nuestro mundo en Navidad.","robots":{"index":"index","follow":"follow","max-snippet":"max-snippet:-1","max-image-preview":"max-image-preview:large","max-video-preview":"max-video-preview:-1"},"canonical":"https:\/\/www.24-7prayer.com\/es\/los-pastores-se-convierten-en-mensajeros-del-cielo\/","og_locale":"es_ES","og_type":"article","og_title":"Los pastores se convierten en mensajeros del cielo","og_description":"Hoy es mi\u00e9rcoles, 21 de diciembre, s\u00f3lo faltan cuatro d\u00edas para la Navidad. Esta semana exploramos las muchas formas en que la voz del cielo habla de la vida y la luz en nuestro mundo en Navidad.","og_url":"https:\/\/www.24-7prayer.com\/es\/los-pastores-se-convierten-en-mensajeros-del-cielo\/","og_site_name":"24-7 Prayer International","article_published_time":"2022-12-21T05:00:00+00:00","article_modified_time":"2022-12-21T16:40:36+00:00","og_image":[{"width":1080,"height":1080,"url":"https:\/\/www.24-7prayer.com\/wp-content\/uploads\/2022\/11\/365-voces-de-adviento-sin-txt.jpg","type":"image\/jpeg"}],"author":"aitor@oracion24-7.com","twitter_card":"summary_large_image","schema":{"@context":"https:\/\/schema.org","@graph":[{"@type":"Article","@id":"https:\/\/www.24-7prayer.com\/es\/los-pastores-se-convierten-en-mensajeros-del-cielo\/#article","isPartOf":{"@id":"https:\/\/www.24-7prayer.com\/es\/los-pastores-se-convierten-en-mensajeros-del-cielo\/"},"author":{"name":"aitor@oracion24-7.com","@id":"https:\/\/www.24-7prayer.com\/es\/#\/schema\/person\/cea924691d05af4dfa35da709e7ede7d"},"headline":"Los pastores se convierten en mensajeros del cielo","datePublished":"2022-12-21T05:00:00+00:00","dateModified":"2022-12-21T16:40:36+00:00","mainEntityOfPage":{"@id":"https:\/\/www.24-7prayer.com\/es\/los-pastores-se-convierten-en-mensajeros-del-cielo\/"},"wordCount":981,"publisher":{"@id":"https:\/\/www.24-7prayer.com\/es\/#organization"},"image":{"@id":"https:\/\/www.24-7prayer.com\/es\/los-pastores-se-convierten-en-mensajeros-del-cielo\/#primaryimage"},"thumbnailUrl":"https:\/\/www.24-7prayer.com\/wp-content\/uploads\/2022\/11\/365-voces-de-adviento-sin-txt.jpg","articleSection":["Blogs"],"inLanguage":"es"},{"@type":"WebPage","@id":"https:\/\/www.24-7prayer.com\/es\/los-pastores-se-convierten-en-mensajeros-del-cielo\/","url":"https:\/\/www.24-7prayer.com\/es\/los-pastores-se-convierten-en-mensajeros-del-cielo\/","name":"Los pastores se convierten en mensajeros del cielo","isPartOf":{"@id":"https:\/\/www.24-7prayer.com\/es\/#website"},"primaryImageOfPage":{"@id":"https:\/\/www.24-7prayer.com\/es\/los-pastores-se-convierten-en-mensajeros-del-cielo\/#primaryimage"},"image":{"@id":"https:\/\/www.24-7prayer.com\/es\/los-pastores-se-convierten-en-mensajeros-del-cielo\/#primaryimage"},"thumbnailUrl":"https:\/\/www.24-7prayer.com\/wp-content\/uploads\/2022\/11\/365-voces-de-adviento-sin-txt.jpg","datePublished":"2022-12-21T05:00:00+00:00","dateModified":"2022-12-21T16:40:36+00:00","description":"Hoy es mi\u00e9rcoles, 21 de diciembre, s\u00f3lo faltan cuatro d\u00edas para la Navidad. Esta semana exploramos las muchas formas en que la voz del cielo habla de la vida y la luz en nuestro mundo en Navidad.","breadcrumb":{"@id":"https:\/\/www.24-7prayer.com\/es\/los-pastores-se-convierten-en-mensajeros-del-cielo\/#breadcrumb"},"inLanguage":"es","potentialAction":[{"@type":"ReadAction","target":["https:\/\/www.24-7prayer.com\/es\/los-pastores-se-convierten-en-mensajeros-del-cielo\/"]}]},{"@type":"ImageObject","inLanguage":"es","@id":"https:\/\/www.24-7prayer.com\/es\/los-pastores-se-convierten-en-mensajeros-del-cielo\/#primaryimage","url":"https:\/\/www.24-7prayer.com\/wp-content\/uploads\/2022\/11\/365-voces-de-adviento-sin-txt.jpg","contentUrl":"https:\/\/www.24-7prayer.com\/wp-content\/uploads\/2022\/11\/365-voces-de-adviento-sin-txt.jpg","width":1080,"height":1080},{"@type":"BreadcrumbList","@id":"https:\/\/www.24-7prayer.com\/es\/los-pastores-se-convierten-en-mensajeros-del-cielo\/#breadcrumb","itemListElement":[{"@type":"ListItem","position":1,"name":"Home","item":"https:\/\/www.24-7prayer.com\/es\/"},{"@type":"ListItem","position":2,"name":"Los pastores se convierten en mensajeros del cielo"}]},{"@type":"WebSite","@id":"https:\/\/www.24-7prayer.com\/es\/#website","url":"https:\/\/www.24-7prayer.com\/es\/","name":"24-7 Prayer International","description":"Prayer Mission Justice","publisher":{"@id":"https:\/\/www.24-7prayer.com\/es\/#organization"},"potentialAction":[{"@type":"SearchAction","target":{"@type":"EntryPoint","urlTemplate":"https:\/\/www.24-7prayer.com\/es\/?s={search_term_string}"},"query-input":{"@type":"PropertyValueSpecification","valueRequired":true,"valueName":"search_term_string"}}],"inLanguage":"es"},{"@type":"Organization","@id":"https:\/\/www.24-7prayer.com\/es\/#organization","name":"24-7 Prayer","url":"https:\/\/www.24-7prayer.com\/es\/","logo":{"@type":"ImageObject","inLanguage":"es","@id":"https:\/\/www.24-7prayer.com\/es\/#\/schema\/logo\/image\/","url":"https:\/\/www.24-7prayer.com\/wp-content\/uploads\/2022\/06\/logo.png","contentUrl":"https:\/\/www.24-7prayer.com\/wp-content\/uploads\/2022\/06\/logo.png","width":302,"height":49,"caption":"24-7 Prayer"},"image":{"@id":"https:\/\/www.24-7prayer.com\/es\/#\/schema\/logo\/image\/"}},{"@type":"Person","@id":"https:\/\/www.24-7prayer.com\/es\/#\/schema\/person\/cea924691d05af4dfa35da709e7ede7d","name":"aitor@oracion24-7.com","image":{"@type":"ImageObject","inLanguage":"es","@id":"https:\/\/secure.gravatar.com\/avatar\/e67a3b0c8e0d52ee179e9f94d3d54543d229c4da1d7def06a61faccb28313f0a?s=96&d=mm&r=g","url":"https:\/\/secure.gravatar.com\/avatar\/e67a3b0c8e0d52ee179e9f94d3d54543d229c4da1d7def06a61faccb28313f0a?s=96&d=mm&r=g","contentUrl":"https:\/\/secure.gravatar.com\/avatar\/e67a3b0c8e0d52ee179e9f94d3d54543d229c4da1d7def06a61faccb28313f0a?s=96&d=mm&r=g","caption":"aitor@oracion24-7.com"},"url":"https:\/\/www.24-7prayer.com\/es\/author\/aitororacion24-7-com\/"}]}},"_links":{"self":[{"href":"https:\/\/www.24-7prayer.com\/es\/wp-json\/wp\/v2\/posts\/37035","targetHints":{"allow":["GET"]}}],"collection":[{"href":"https:\/\/www.24-7prayer.com\/es\/wp-json\/wp\/v2\/posts"}],"about":[{"href":"https:\/\/www.24-7prayer.com\/es\/wp-json\/wp\/v2\/types\/post"}],"author":[{"embeddable":true,"href":"https:\/\/www.24-7prayer.com\/es\/wp-json\/wp\/v2\/users\/216"}],"replies":[{"embeddable":true,"href":"https:\/\/www.24-7prayer.com\/es\/wp-json\/wp\/v2\/comments?post=37035"}],"version-history":[{"count":5,"href":"https:\/\/www.24-7prayer.com\/es\/wp-json\/wp\/v2\/posts\/37035\/revisions"}],"predecessor-version":[{"id":37434,"href":"https:\/\/www.24-7prayer.com\/es\/wp-json\/wp\/v2\/posts\/37035\/revisions\/37434"}],"wp:featuredmedia":[{"embeddable":true,"href":"https:\/\/www.24-7prayer.com\/es\/wp-json\/wp\/v2\/media\/35192"}],"wp:attachment":[{"href":"https:\/\/www.24-7prayer.com\/es\/wp-json\/wp\/v2\/media?parent=37035"}],"wp:term":[{"taxonomy":"category","embeddable":true,"href":"https:\/\/www.24-7prayer.com\/es\/wp-json\/wp\/v2\/categories?post=37035"},{"taxonomy":"post_tag","embeddable":true,"href":"https:\/\/www.24-7prayer.com\/es\/wp-json\/wp\/v2\/tags?post=37035"},{"taxonomy":"author_slug","embeddable":true,"href":"https:\/\/www.24-7prayer.com\/es\/wp-json\/wp\/v2\/author_slug?post=37035"},{"taxonomy":"blog_series","embeddable":true,"href":"https:\/\/www.24-7prayer.com\/es\/wp-json\/wp\/v2\/blog_series?post=37035"},{"taxonomy":"topic","embeddable":true,"href":"https:\/\/www.24-7prayer.com\/es\/wp-json\/wp\/v2\/topic?post=37035"}],"curies":[{"name":"wp","href":"https:\/\/api.w.org\/{rel}","templated":true}]}}