{"id":37030,"date":"2022-12-20T05:00:00","date_gmt":"2022-12-20T05:00:00","guid":{"rendered":"https:\/\/www.24-7prayer.com\/?p=37030"},"modified":"2022-12-20T06:22:13","modified_gmt":"2022-12-20T06:22:13","slug":"gloria-a-dios","status":"publish","type":"post","link":"https:\/\/www.24-7prayer.com\/es\/gloria-a-dios\/","title":{"rendered":"<strong>Gloria a Dios<\/strong>"},"content":{"rendered":"\n<div class=\"wp-block-buttons is-content-justification-center is-layout-flex wp-container-core-buttons-is-layout-a89b3969 wp-block-buttons-is-layout-flex\"><\/div>\n\n\n\n<iframe loading=\"lazy\" src=\"https:\/\/anchor.fm\/oracion247\/embed\/episodes\/Gloria-a-Dios-I-Voces-de-Adviento-I-Lectio-365-e1sfl17\" height=\"102px\" width=\"100%\" frameborder=\"0\" scrolling=\"no\"><\/iframe>\n\n\n\n<p>Hoy es martes, 20 de diciembre, solo quedan cinco d\u00edas para Navidad. Esta semana estamos explorando las muchas formas en las que la voz del cielo habla de vida y luz a nuestro mundo en Navidad.<\/p>\n\n\n\n<p>Juntos vamos a orar (O.R.A.R.) de forma muy sencilla cada d\u00eda \u2013 \u2018O\u2019: estar quietos para OBSERVAR. \u2018R\u2019: REGOCIJARSE con un Salmo y meditar en un pasaje de la Escritura que tenga relaci\u00f3n con la llegada de Jes\u00fas. \u2018A\u2019: APELAR\/PEDIR a Dios que nos ayude a nosotros y a otros y \u2018R\u2019: RENDIRSE a Su voluntad en nuestras vidas venga lo que venga.<\/p>\n\n\n\n<h3 class=\"wp-block-heading\" id=\"haz-una-pausa\">Haz una pausa<\/h3>\n\n\n\n<p><strong><em><strong><em><strong><em><strong><em><strong><em><strong><em>Por lo tanto ahora, al iniciar mi tiempo de oraci\u00f3n, hago una pausa para estar quieto; para respirar lentamente, para re-centrar mis sentidos, que se encuentran dispersos, delante de la presencia de Dios.<\/em><\/strong><\/em><\/strong><\/em><\/strong><\/em><\/strong><\/em><\/strong><\/em><\/strong><\/p>\n\n\n\n<hr class=\"wp-block-separator has-css-opacity is-style-dots\"\/>\n\n\n\n<h5 class=\"has-text-align-center wp-block-heading\" id=\"haz-una-pausa-y-ora\"><em>Haz una pausa y ora<\/em><\/h5>\n\n\n\n<hr class=\"wp-block-separator has-css-opacity is-style-dots\"\/>\n\n\n\n<h3 class=\"wp-block-heading\" id=\"haz-una-pausa\">Oraci\u00f3n de Enfoque<\/h3>\n\n\n\n<p><em>Se\u00f1or, en esta \u00e9poca de tanto ajetreo, por favor, ay\u00fadame a estar verdaderamente quieto. Abro mis o\u00eddos ahora para escuchar tu palabra, preparando mi coraz\u00f3n calladamente para el milagro de tu venida en Navidad.<\/em> <\/p>\n\n\n\n<div style=\"height:59px\" aria-hidden=\"true\" class=\"wp-block-spacer\"><\/div>\n\n\n\n<h3 class=\"wp-block-heading\" id=\"regocijarse-y-reflexionar\">Regocijarse y Reflexionar<\/h3>\n\n\n\n<p>Hoy escojo regocijarme en el resplandor de la gloria de Dios, uni\u00e9ndome a la alabanza ancestral de todo el pueblo de Dios en palabras del Salmo 57\u2026<\/p>\n\n\n\n<blockquote class=\"wp-block-quote is-layout-flow wp-block-quote-is-layout-flow\">\n<p>Pues tu amor inagotable es tan alto como los cielos;<br>&nbsp;&nbsp;&nbsp;&nbsp;tu fidelidad alcanza las nubes. <br>Exaltado seas, oh Dios, por encima de los cielos m\u00e1s altos;<br>&nbsp;&nbsp;&nbsp;&nbsp;que tu gloria brille sobre toda la tierra. <\/p>\n<cite><strong><strong>Salmo 57:10-11 (NTV)<\/strong><\/strong><\/cite><\/blockquote>\n\n\n\n<hr class=\"wp-block-separator has-css-opacity is-style-dots\"\/>\n\n\n\n<h5 class=\"has-text-align-center wp-block-heading\" id=\"haz-una-pausa-y-ora\"><em>Haz una pausa y ora<\/em><\/h5>\n\n\n\n<hr class=\"wp-block-separator has-css-opacity is-style-dots\"\/>\n\n\n\n<p>Hoy reflexiono en las palabras de los \u00e1ngeles, dirigidas a los pastores, anunciando la llegada de Cristo, el Rey reci\u00e9n nacido:<\/p>\n\n\n\n<blockquote class=\"wp-block-quote is-layout-flow wp-block-quote-is-layout-flow\">\n<p>Esto os servir\u00e1 de se\u00f1al: Encontrar\u00e9is a un ni\u00f1o envuelto en pa\u00f1ales y acostado en un pesebre\u00bb. De repente apareci\u00f3 una multitud de \u00e1ngeles del cielo, que alababan a Dios y dec\u00edan: \u00abGloria a Dios en las alturas, y en la tierra paz a los que gozan de su buena voluntad\u00bb.\n<\/p>\n<cite><strong><strong>Lucas 2:12-14 (NVICST)<\/strong><\/strong><\/cite><\/blockquote>\n\n\n\n<p>Un beb\u00e9, acostado en un pesebre. Me he familiarizado tanto con esta historia que se me ha olvidado el impacto que tiene. Este es el asombroso mensaje de la encarnaci\u00f3n de Cristo: La gloria de Dios se convirti\u00f3 en suciedad para que nosotros, la escoria de la tierra, pudi\u00e9ramos convertirnos en la misma gloria de Dios.<br><br>Este es nuestro credo. Creemos en la gloria blasfema de Emanuel; &#8220;el infinito reducido a la infancia\u201d*, como dice el poeta Gerard Manley Hopkins. Creemos en la omnipotencia que se rinde a la incontinencia, el nombre por encima de cualquier otro nombre que se rumorea que es ileg\u00edtimo. Creemos que el Verbo eterno de Dios chill\u00f3 una vez como un beb\u00e9 y, cuando finalmente aprendi\u00f3 a hablar, lo hizo con acento regional. El Creador del cosmos hizo mesas, y presumiblemente las hizo mal al principio. El Santo de Israel se ensuci\u00f3 los pliegues de las manos&#8221;.**<\/p>\n\n\n\n<div style=\"height:59px\" aria-hidden=\"true\" class=\"wp-block-spacer\"><\/div>\n\n\n\n<h3 class=\"wp-block-heading\" id=\"apelar-pedir\"><strong>Apelar \/ Pedir<\/strong><\/h3>\n\n\n\n<p><em>Se\u00f1or Jes\u00fas, a menudo siento que mi vida es una vida fr\u00eda, oscura y sucia, como el espacio poco acogedor en el que naciste. A menudo me siento indigno, inadecuado y avergonzado. Y, sin embargo, esto es todo lo que puedo ofrecer. Por eso, confes\u00e1ndote ahora mi pecado, preparo mi coraz\u00f3n para acoger tu venida en esta Navidad.&nbsp;<\/em><\/p>\n\n\n\n<hr class=\"wp-block-separator has-css-opacity is-style-dots\"\/>\n\n\n\n<h5 class=\"has-text-align-center wp-block-heading\" id=\"haz-una-pausa-y-ora\"><em>Haz una pausa y ora<\/em><\/h5>\n\n\n\n<hr class=\"wp-block-separator has-css-opacity is-style-dots\"\/>\n\n\n\n<p><em>Pienso en los profundos prejuicios que existen en mi mundo hacia los marginados. Te pido que reveles hasta la m\u00e1s m\u00ednima actitud de superioridad en mi coraz\u00f3n. Mu\u00e9strame, Se\u00f1or, c\u00f3mo puedo amar y servir a alguien que, de otro modo, podr\u00eda ser ignorado o despreciado en esta Navidad.<\/em><\/p>\n\n\n\n<hr class=\"wp-block-separator has-css-opacity is-style-dots\"\/>\n\n\n\n<h5 class=\"has-text-align-center wp-block-heading\" id=\"haz-una-pausa-y-ora\"><em>Haz una pausa y ora<\/em><\/h5>\n\n\n\n<hr class=\"wp-block-separator has-css-opacity is-style-dots\"\/>\n\n\n\n<h3 class=\"wp-block-heading\" id=\"apelar-pedir\"><strong>Rendirse<\/strong><\/h3>\n\n\n\n<p>Al volver al pasaje<em>, abro mis o\u00eddos para escuchar tu Palabra, y mi coraz\u00f3n para rendirme a tu voluntad una vez m\u00e1s.<\/em><\/p>\n\n\n\n<blockquote class=\"wp-block-quote is-layout-flow wp-block-quote-is-layout-flow\">\n<p>Esto os servir\u00e1 de se\u00f1al: Encontrar\u00e9is a un ni\u00f1o envuelto en pa\u00f1ales y acostado en un pesebre\u00bb. De repente apareci\u00f3 una multitud de \u00e1ngeles del cielo, que alababan a Dios y dec\u00edan: \u00abGloria a Dios en las alturas, y en la tierra paz a los que gozan de su buena voluntad\u00bb. <\/p>\n<cite><strong><strong><strong><strong><strong><strong><strong><strong><strong><strong><strong><strong><strong><strong><strong><strong>Lucas 2:12-14 (NVICST)<\/strong><\/strong><\/strong><\/strong><\/strong><\/strong><\/strong><\/strong><\/strong><\/strong><\/strong><\/strong><\/strong><\/strong><\/strong><\/strong><\/cite><\/blockquote>\n\n\n\n<p>A menudo me resulta m\u00e1s f\u00e1cil reconocer el sentimiento de sentirme indigno que aceptar esta idea del favor inmerecido de Dios que descansa sobre mi vida. Al encontrar un espejo, o al mirar un reflejo ahora, repito unas cuantas veces sobre m\u00ed estas sorprendentes palabras: &#8220;El favor de Dios descansa sobre m\u00ed&#8221;.<\/p>\n\n\n\n<hr class=\"wp-block-separator has-css-opacity is-style-dots\"\/>\n\n\n\n<h5 class=\"has-text-align-center wp-block-heading\" id=\"haz-una-pausa-y-ora\"><em>Haz una pausa y ora<\/em><\/h5>\n\n\n\n<hr class=\"wp-block-separator has-css-opacity is-style-dots\"\/>\n\n\n\n<h3 class=\"wp-block-heading\" id=\"apelar-pedir\"><strong><strong>Oraci\u00f3n de rendici\u00f3n<\/strong><\/strong><\/h3>\n\n\n\n<p><em>Esp\u00edritu Santo,<\/em><br><em>Ven a descansar en m\u00ed hoy,<\/em><br><em>En mi determinaci\u00f3n y en mi gloria.<\/em><br><em>Dame la fe para creer<\/em><br><em>en tu paz y bondad&nbsp;<\/em><br><em>en esta \u00e9poca navide\u00f1a.<\/em><\/p>\n\n\n\n<div style=\"height:59px\" aria-hidden=\"true\" class=\"wp-block-spacer\"><\/div>\n\n\n\n<h3 class=\"wp-block-heading\" id=\"apelar-pedir\"><strong><strong><strong>Promesa de rendici\u00f3n<\/strong><\/strong><\/strong><\/h3>\n\n\n\n<p>Y ahora, mientras me preparo para llevar este tiempo de oraci\u00f3n al d\u00eda que tengo por delante, el Se\u00f1or, que me ama dice en Juan 14:&nbsp;<\/p>\n\n\n\n<blockquote class=\"wp-block-quote is-layout-flow wp-block-quote-is-layout-flow\">\n<p>La paz os dejo; mi paz os doy. Yo no os la doy como la da el mundo. No os angusti\u00e9is ni os acobard\u00e9is.<\/p>\n<cite><strong>Juan 14:27 (NVICST)<\/strong><\/cite><\/blockquote>\n\n\n\n<h3 class=\"wp-block-heading\" id=\"apelar-pedir\"><strong><strong><strong><strong><em>Oraci\u00f3n para terminar<\/em><\/strong><\/strong><\/strong><\/strong><\/h3>\n\n\n\n<p><strong><em>Padre, ay\u00fadame a vivir este d\u00eda al m\u00e1ximo,<\/em><\/strong><br><strong><em>siendo aut\u00e9ntico contigo en todo.<\/em><\/strong><br><strong><em>Jes\u00fas, ay\u00fadame a darme a los dem\u00e1s,&nbsp;<\/em><\/strong><br><strong><em>siendo amable con toda la gente con la que me encuentre.<\/em><\/strong><br><strong><em>Esp\u00edritu, ay\u00fadame a amar a la gente que se encuentra perdida,<\/em><\/strong><br><strong><em>proclamando a Cristo en todo lo que digo y hago.<\/em><\/strong><br><strong><em>Am\u00e9n.<\/em><\/strong><\/p>\n\n\n\n<p class=\"has-small-font-size\">* Gerard Manley Hopkins, <em>Poems.<\/em> (London: Humphrey Milford, 1918; Bartleby.com, 1999).<\/p>\n\n\n\n<p class=\"has-small-font-size\">** Pete Greig, <em>Dirty Glory: Go Where Your Best Prayers Take You<\/em> (Colorado Springs: NavPress, 2016), p. 3.<\/p>\n","protected":false},"excerpt":{"rendered":"<p>Hoy es martes, 20 de diciembre, solo quedan cinco d\u00edas para Navidad. Esta semana estamos explorando las muchas formas en las que la voz del cielo habla de vida y luz a nuestro mundo en Navidad. Juntos vamos a orar (O.R.A.R.) de forma muy sencilla cada d\u00eda \u2013 \u2018O\u2019: estar quietos para OBSERVAR. \u2018R\u2019: REGOCIJARSE [&hellip;]<\/p>\n","protected":false},"author":216,"featured_media":35192,"comment_status":"closed","ping_status":"open","sticky":false,"template":"","format":"standard","meta":{"_acf_changed":false,"inline_featured_image":false,"footnotes":""},"categories":[206],"tags":[],"author_slug":[370],"blog_series":[518],"topic":[353],"class_list":["post-37030","post","type-post","status-publish","format-standard","has-post-thumbnail","hentry","category-blog-es","author_slug-oracion-24-7","blog_series-voces-de-adviento","topic-orar"],"acf":[],"yoast_head":"<!-- This site is optimized with the Yoast SEO plugin v27.4 - https:\/\/yoast.com\/product\/yoast-seo-wordpress\/ -->\n<title>Gloria a Dios<\/title>\n<meta name=\"description\" content=\"Hoy es martes, 20 de diciembre, solo quedan cinco d\u00edas para Navidad. Esta semana estamos explorando las muchas formas en las que la voz del cielo habla de vida y luz a nuestro mundo en Navidad.\" \/>\n<meta name=\"robots\" content=\"index, follow, max-snippet:-1, max-image-preview:large, max-video-preview:-1\" \/>\n<link rel=\"canonical\" href=\"https:\/\/www.24-7prayer.com\/es\/gloria-a-dios\/\" \/>\n<meta property=\"og:locale\" content=\"es_ES\" \/>\n<meta property=\"og:type\" content=\"article\" \/>\n<meta property=\"og:title\" content=\"Gloria a Dios\" \/>\n<meta property=\"og:description\" content=\"Hoy es martes, 20 de diciembre, solo quedan cinco d\u00edas para Navidad. Esta semana estamos explorando las muchas formas en las que la voz del cielo habla de vida y luz a nuestro mundo en Navidad.\" \/>\n<meta property=\"og:url\" content=\"https:\/\/www.24-7prayer.com\/es\/gloria-a-dios\/\" \/>\n<meta property=\"og:site_name\" content=\"24-7 Prayer International\" \/>\n<meta property=\"article:published_time\" content=\"2022-12-20T05:00:00+00:00\" \/>\n<meta property=\"article:modified_time\" content=\"2022-12-20T06:22:13+00:00\" \/>\n<meta property=\"og:image\" content=\"https:\/\/www.24-7prayer.com\/wp-content\/uploads\/2022\/11\/365-voces-de-adviento-sin-txt.jpg\" \/>\n\t<meta property=\"og:image:width\" content=\"1080\" \/>\n\t<meta property=\"og:image:height\" content=\"1080\" \/>\n\t<meta property=\"og:image:type\" content=\"image\/jpeg\" \/>\n<meta name=\"author\" content=\"aitor@oracion24-7.com\" \/>\n<meta name=\"twitter:card\" content=\"summary_large_image\" \/>\n<script type=\"application\/ld+json\" class=\"yoast-schema-graph\">{\"@context\":\"https:\\\/\\\/schema.org\",\"@graph\":[{\"@type\":\"Article\",\"@id\":\"https:\\\/\\\/www.24-7prayer.com\\\/es\\\/gloria-a-dios\\\/#article\",\"isPartOf\":{\"@id\":\"https:\\\/\\\/www.24-7prayer.com\\\/es\\\/gloria-a-dios\\\/\"},\"author\":{\"name\":\"aitor@oracion24-7.com\",\"@id\":\"https:\\\/\\\/www.24-7prayer.com\\\/es\\\/#\\\/schema\\\/person\\\/cea924691d05af4dfa35da709e7ede7d\"},\"headline\":\"Gloria a Dios\",\"datePublished\":\"2022-12-20T05:00:00+00:00\",\"dateModified\":\"2022-12-20T06:22:13+00:00\",\"mainEntityOfPage\":{\"@id\":\"https:\\\/\\\/www.24-7prayer.com\\\/es\\\/gloria-a-dios\\\/\"},\"wordCount\":975,\"publisher\":{\"@id\":\"https:\\\/\\\/www.24-7prayer.com\\\/es\\\/#organization\"},\"image\":{\"@id\":\"https:\\\/\\\/www.24-7prayer.com\\\/es\\\/gloria-a-dios\\\/#primaryimage\"},\"thumbnailUrl\":\"https:\\\/\\\/www.24-7prayer.com\\\/wp-content\\\/uploads\\\/2022\\\/11\\\/365-voces-de-adviento-sin-txt.jpg\",\"articleSection\":[\"Blogs\"],\"inLanguage\":\"es\"},{\"@type\":\"WebPage\",\"@id\":\"https:\\\/\\\/www.24-7prayer.com\\\/es\\\/gloria-a-dios\\\/\",\"url\":\"https:\\\/\\\/www.24-7prayer.com\\\/es\\\/gloria-a-dios\\\/\",\"name\":\"Gloria a Dios\",\"isPartOf\":{\"@id\":\"https:\\\/\\\/www.24-7prayer.com\\\/es\\\/#website\"},\"primaryImageOfPage\":{\"@id\":\"https:\\\/\\\/www.24-7prayer.com\\\/es\\\/gloria-a-dios\\\/#primaryimage\"},\"image\":{\"@id\":\"https:\\\/\\\/www.24-7prayer.com\\\/es\\\/gloria-a-dios\\\/#primaryimage\"},\"thumbnailUrl\":\"https:\\\/\\\/www.24-7prayer.com\\\/wp-content\\\/uploads\\\/2022\\\/11\\\/365-voces-de-adviento-sin-txt.jpg\",\"datePublished\":\"2022-12-20T05:00:00+00:00\",\"dateModified\":\"2022-12-20T06:22:13+00:00\",\"description\":\"Hoy es martes, 20 de diciembre, solo quedan cinco d\u00edas para Navidad. Esta semana estamos explorando las muchas formas en las que la voz del cielo habla de vida y luz a nuestro mundo en Navidad.\",\"breadcrumb\":{\"@id\":\"https:\\\/\\\/www.24-7prayer.com\\\/es\\\/gloria-a-dios\\\/#breadcrumb\"},\"inLanguage\":\"es\",\"potentialAction\":[{\"@type\":\"ReadAction\",\"target\":[\"https:\\\/\\\/www.24-7prayer.com\\\/es\\\/gloria-a-dios\\\/\"]}]},{\"@type\":\"ImageObject\",\"inLanguage\":\"es\",\"@id\":\"https:\\\/\\\/www.24-7prayer.com\\\/es\\\/gloria-a-dios\\\/#primaryimage\",\"url\":\"https:\\\/\\\/www.24-7prayer.com\\\/wp-content\\\/uploads\\\/2022\\\/11\\\/365-voces-de-adviento-sin-txt.jpg\",\"contentUrl\":\"https:\\\/\\\/www.24-7prayer.com\\\/wp-content\\\/uploads\\\/2022\\\/11\\\/365-voces-de-adviento-sin-txt.jpg\",\"width\":1080,\"height\":1080},{\"@type\":\"BreadcrumbList\",\"@id\":\"https:\\\/\\\/www.24-7prayer.com\\\/es\\\/gloria-a-dios\\\/#breadcrumb\",\"itemListElement\":[{\"@type\":\"ListItem\",\"position\":1,\"name\":\"Home\",\"item\":\"https:\\\/\\\/www.24-7prayer.com\\\/es\\\/\"},{\"@type\":\"ListItem\",\"position\":2,\"name\":\"Gloria a Dios\"}]},{\"@type\":\"WebSite\",\"@id\":\"https:\\\/\\\/www.24-7prayer.com\\\/es\\\/#website\",\"url\":\"https:\\\/\\\/www.24-7prayer.com\\\/es\\\/\",\"name\":\"24-7 Prayer International\",\"description\":\"Prayer Mission Justice\",\"publisher\":{\"@id\":\"https:\\\/\\\/www.24-7prayer.com\\\/es\\\/#organization\"},\"potentialAction\":[{\"@type\":\"SearchAction\",\"target\":{\"@type\":\"EntryPoint\",\"urlTemplate\":\"https:\\\/\\\/www.24-7prayer.com\\\/es\\\/?s={search_term_string}\"},\"query-input\":{\"@type\":\"PropertyValueSpecification\",\"valueRequired\":true,\"valueName\":\"search_term_string\"}}],\"inLanguage\":\"es\"},{\"@type\":\"Organization\",\"@id\":\"https:\\\/\\\/www.24-7prayer.com\\\/es\\\/#organization\",\"name\":\"24-7 Prayer\",\"url\":\"https:\\\/\\\/www.24-7prayer.com\\\/es\\\/\",\"logo\":{\"@type\":\"ImageObject\",\"inLanguage\":\"es\",\"@id\":\"https:\\\/\\\/www.24-7prayer.com\\\/es\\\/#\\\/schema\\\/logo\\\/image\\\/\",\"url\":\"https:\\\/\\\/www.24-7prayer.com\\\/wp-content\\\/uploads\\\/2022\\\/06\\\/logo.png\",\"contentUrl\":\"https:\\\/\\\/www.24-7prayer.com\\\/wp-content\\\/uploads\\\/2022\\\/06\\\/logo.png\",\"width\":302,\"height\":49,\"caption\":\"24-7 Prayer\"},\"image\":{\"@id\":\"https:\\\/\\\/www.24-7prayer.com\\\/es\\\/#\\\/schema\\\/logo\\\/image\\\/\"}},{\"@type\":\"Person\",\"@id\":\"https:\\\/\\\/www.24-7prayer.com\\\/es\\\/#\\\/schema\\\/person\\\/cea924691d05af4dfa35da709e7ede7d\",\"name\":\"aitor@oracion24-7.com\",\"image\":{\"@type\":\"ImageObject\",\"inLanguage\":\"es\",\"@id\":\"https:\\\/\\\/secure.gravatar.com\\\/avatar\\\/e67a3b0c8e0d52ee179e9f94d3d54543d229c4da1d7def06a61faccb28313f0a?s=96&d=mm&r=g\",\"url\":\"https:\\\/\\\/secure.gravatar.com\\\/avatar\\\/e67a3b0c8e0d52ee179e9f94d3d54543d229c4da1d7def06a61faccb28313f0a?s=96&d=mm&r=g\",\"contentUrl\":\"https:\\\/\\\/secure.gravatar.com\\\/avatar\\\/e67a3b0c8e0d52ee179e9f94d3d54543d229c4da1d7def06a61faccb28313f0a?s=96&d=mm&r=g\",\"caption\":\"aitor@oracion24-7.com\"},\"url\":\"https:\\\/\\\/www.24-7prayer.com\\\/es\\\/author\\\/aitororacion24-7-com\\\/\"}]}<\/script>\n<!-- \/ Yoast SEO plugin. -->","yoast_head_json":{"title":"Gloria a Dios","description":"Hoy es martes, 20 de diciembre, solo quedan cinco d\u00edas para Navidad. Esta semana estamos explorando las muchas formas en las que la voz del cielo habla de vida y luz a nuestro mundo en Navidad.","robots":{"index":"index","follow":"follow","max-snippet":"max-snippet:-1","max-image-preview":"max-image-preview:large","max-video-preview":"max-video-preview:-1"},"canonical":"https:\/\/www.24-7prayer.com\/es\/gloria-a-dios\/","og_locale":"es_ES","og_type":"article","og_title":"Gloria a Dios","og_description":"Hoy es martes, 20 de diciembre, solo quedan cinco d\u00edas para Navidad. Esta semana estamos explorando las muchas formas en las que la voz del cielo habla de vida y luz a nuestro mundo en Navidad.","og_url":"https:\/\/www.24-7prayer.com\/es\/gloria-a-dios\/","og_site_name":"24-7 Prayer International","article_published_time":"2022-12-20T05:00:00+00:00","article_modified_time":"2022-12-20T06:22:13+00:00","og_image":[{"width":1080,"height":1080,"url":"https:\/\/www.24-7prayer.com\/wp-content\/uploads\/2022\/11\/365-voces-de-adviento-sin-txt.jpg","type":"image\/jpeg"}],"author":"aitor@oracion24-7.com","twitter_card":"summary_large_image","schema":{"@context":"https:\/\/schema.org","@graph":[{"@type":"Article","@id":"https:\/\/www.24-7prayer.com\/es\/gloria-a-dios\/#article","isPartOf":{"@id":"https:\/\/www.24-7prayer.com\/es\/gloria-a-dios\/"},"author":{"name":"aitor@oracion24-7.com","@id":"https:\/\/www.24-7prayer.com\/es\/#\/schema\/person\/cea924691d05af4dfa35da709e7ede7d"},"headline":"Gloria a Dios","datePublished":"2022-12-20T05:00:00+00:00","dateModified":"2022-12-20T06:22:13+00:00","mainEntityOfPage":{"@id":"https:\/\/www.24-7prayer.com\/es\/gloria-a-dios\/"},"wordCount":975,"publisher":{"@id":"https:\/\/www.24-7prayer.com\/es\/#organization"},"image":{"@id":"https:\/\/www.24-7prayer.com\/es\/gloria-a-dios\/#primaryimage"},"thumbnailUrl":"https:\/\/www.24-7prayer.com\/wp-content\/uploads\/2022\/11\/365-voces-de-adviento-sin-txt.jpg","articleSection":["Blogs"],"inLanguage":"es"},{"@type":"WebPage","@id":"https:\/\/www.24-7prayer.com\/es\/gloria-a-dios\/","url":"https:\/\/www.24-7prayer.com\/es\/gloria-a-dios\/","name":"Gloria a Dios","isPartOf":{"@id":"https:\/\/www.24-7prayer.com\/es\/#website"},"primaryImageOfPage":{"@id":"https:\/\/www.24-7prayer.com\/es\/gloria-a-dios\/#primaryimage"},"image":{"@id":"https:\/\/www.24-7prayer.com\/es\/gloria-a-dios\/#primaryimage"},"thumbnailUrl":"https:\/\/www.24-7prayer.com\/wp-content\/uploads\/2022\/11\/365-voces-de-adviento-sin-txt.jpg","datePublished":"2022-12-20T05:00:00+00:00","dateModified":"2022-12-20T06:22:13+00:00","description":"Hoy es martes, 20 de diciembre, solo quedan cinco d\u00edas para Navidad. Esta semana estamos explorando las muchas formas en las que la voz del cielo habla de vida y luz a nuestro mundo en Navidad.","breadcrumb":{"@id":"https:\/\/www.24-7prayer.com\/es\/gloria-a-dios\/#breadcrumb"},"inLanguage":"es","potentialAction":[{"@type":"ReadAction","target":["https:\/\/www.24-7prayer.com\/es\/gloria-a-dios\/"]}]},{"@type":"ImageObject","inLanguage":"es","@id":"https:\/\/www.24-7prayer.com\/es\/gloria-a-dios\/#primaryimage","url":"https:\/\/www.24-7prayer.com\/wp-content\/uploads\/2022\/11\/365-voces-de-adviento-sin-txt.jpg","contentUrl":"https:\/\/www.24-7prayer.com\/wp-content\/uploads\/2022\/11\/365-voces-de-adviento-sin-txt.jpg","width":1080,"height":1080},{"@type":"BreadcrumbList","@id":"https:\/\/www.24-7prayer.com\/es\/gloria-a-dios\/#breadcrumb","itemListElement":[{"@type":"ListItem","position":1,"name":"Home","item":"https:\/\/www.24-7prayer.com\/es\/"},{"@type":"ListItem","position":2,"name":"Gloria a Dios"}]},{"@type":"WebSite","@id":"https:\/\/www.24-7prayer.com\/es\/#website","url":"https:\/\/www.24-7prayer.com\/es\/","name":"24-7 Prayer International","description":"Prayer Mission Justice","publisher":{"@id":"https:\/\/www.24-7prayer.com\/es\/#organization"},"potentialAction":[{"@type":"SearchAction","target":{"@type":"EntryPoint","urlTemplate":"https:\/\/www.24-7prayer.com\/es\/?s={search_term_string}"},"query-input":{"@type":"PropertyValueSpecification","valueRequired":true,"valueName":"search_term_string"}}],"inLanguage":"es"},{"@type":"Organization","@id":"https:\/\/www.24-7prayer.com\/es\/#organization","name":"24-7 Prayer","url":"https:\/\/www.24-7prayer.com\/es\/","logo":{"@type":"ImageObject","inLanguage":"es","@id":"https:\/\/www.24-7prayer.com\/es\/#\/schema\/logo\/image\/","url":"https:\/\/www.24-7prayer.com\/wp-content\/uploads\/2022\/06\/logo.png","contentUrl":"https:\/\/www.24-7prayer.com\/wp-content\/uploads\/2022\/06\/logo.png","width":302,"height":49,"caption":"24-7 Prayer"},"image":{"@id":"https:\/\/www.24-7prayer.com\/es\/#\/schema\/logo\/image\/"}},{"@type":"Person","@id":"https:\/\/www.24-7prayer.com\/es\/#\/schema\/person\/cea924691d05af4dfa35da709e7ede7d","name":"aitor@oracion24-7.com","image":{"@type":"ImageObject","inLanguage":"es","@id":"https:\/\/secure.gravatar.com\/avatar\/e67a3b0c8e0d52ee179e9f94d3d54543d229c4da1d7def06a61faccb28313f0a?s=96&d=mm&r=g","url":"https:\/\/secure.gravatar.com\/avatar\/e67a3b0c8e0d52ee179e9f94d3d54543d229c4da1d7def06a61faccb28313f0a?s=96&d=mm&r=g","contentUrl":"https:\/\/secure.gravatar.com\/avatar\/e67a3b0c8e0d52ee179e9f94d3d54543d229c4da1d7def06a61faccb28313f0a?s=96&d=mm&r=g","caption":"aitor@oracion24-7.com"},"url":"https:\/\/www.24-7prayer.com\/es\/author\/aitororacion24-7-com\/"}]}},"_links":{"self":[{"href":"https:\/\/www.24-7prayer.com\/es\/wp-json\/wp\/v2\/posts\/37030","targetHints":{"allow":["GET"]}}],"collection":[{"href":"https:\/\/www.24-7prayer.com\/es\/wp-json\/wp\/v2\/posts"}],"about":[{"href":"https:\/\/www.24-7prayer.com\/es\/wp-json\/wp\/v2\/types\/post"}],"author":[{"embeddable":true,"href":"https:\/\/www.24-7prayer.com\/es\/wp-json\/wp\/v2\/users\/216"}],"replies":[{"embeddable":true,"href":"https:\/\/www.24-7prayer.com\/es\/wp-json\/wp\/v2\/comments?post=37030"}],"version-history":[{"count":3,"href":"https:\/\/www.24-7prayer.com\/es\/wp-json\/wp\/v2\/posts\/37030\/revisions"}],"predecessor-version":[{"id":37210,"href":"https:\/\/www.24-7prayer.com\/es\/wp-json\/wp\/v2\/posts\/37030\/revisions\/37210"}],"wp:featuredmedia":[{"embeddable":true,"href":"https:\/\/www.24-7prayer.com\/es\/wp-json\/wp\/v2\/media\/35192"}],"wp:attachment":[{"href":"https:\/\/www.24-7prayer.com\/es\/wp-json\/wp\/v2\/media?parent=37030"}],"wp:term":[{"taxonomy":"category","embeddable":true,"href":"https:\/\/www.24-7prayer.com\/es\/wp-json\/wp\/v2\/categories?post=37030"},{"taxonomy":"post_tag","embeddable":true,"href":"https:\/\/www.24-7prayer.com\/es\/wp-json\/wp\/v2\/tags?post=37030"},{"taxonomy":"author_slug","embeddable":true,"href":"https:\/\/www.24-7prayer.com\/es\/wp-json\/wp\/v2\/author_slug?post=37030"},{"taxonomy":"blog_series","embeddable":true,"href":"https:\/\/www.24-7prayer.com\/es\/wp-json\/wp\/v2\/blog_series?post=37030"},{"taxonomy":"topic","embeddable":true,"href":"https:\/\/www.24-7prayer.com\/es\/wp-json\/wp\/v2\/topic?post=37030"}],"curies":[{"name":"wp","href":"https:\/\/api.w.org\/{rel}","templated":true}]}}