{"id":36989,"date":"2022-12-19T05:00:00","date_gmt":"2022-12-19T05:00:00","guid":{"rendered":"https:\/\/www.24-7prayer.com\/?p=36989"},"modified":"2022-12-19T10:15:01","modified_gmt":"2022-12-19T10:15:01","slug":"buenas-noticias","status":"publish","type":"post","link":"https:\/\/www.24-7prayer.com\/es\/buenas-noticias\/","title":{"rendered":"<strong>Buenas noticias<\/strong>"},"content":{"rendered":"\n<div class=\"wp-block-buttons is-content-justification-center is-layout-flex wp-container-core-buttons-is-layout-a89b3969 wp-block-buttons-is-layout-flex\"><\/div>\n\n\n\n<iframe loading=\"lazy\" src=\"https:\/\/anchor.fm\/oracion247\/embed\/episodes\/Buenas-noticias-I-Voces-de-Adviento-I-Lectio-365-e1sej2i\" height=\"102px\" width=\"100%\" frameborder=\"0\" scrolling=\"no\"><\/iframe>\n\n\n\n<p>Hoy es lunes, 19 de diciembre, estamos a s\u00f3lo seis d\u00edas de Navidad. A lo largo de esta semana tan especial vamos a explorar las muchas formas en que la voz del cielo habla de vida y luz en nuestro mundo en Navidad.<\/p>\n\n\n\n<h3 class=\"wp-block-heading\" id=\"haz-una-pausa\">Haz una pausa<\/h3>\n\n\n\n<p><strong><em><strong><em><strong><em><strong><em><strong><em><strong><em>Por lo tanto ahora, al iniciar mi tiempo de oraci\u00f3n, hago una pausa para estar quieto; para respirar lentamente, para re-centrar mis sentidos, que se encuentran dispersos, delante de la presencia de Dios.<\/em><\/strong><\/em><\/strong><\/em><\/strong><\/em><\/strong><\/em><\/strong><\/em><\/strong><\/p>\n\n\n\n<hr class=\"wp-block-separator has-css-opacity is-style-dots\"\/>\n\n\n\n<h5 class=\"has-text-align-center wp-block-heading\" id=\"haz-una-pausa-y-ora\"><em>Haz una pausa y ora<\/em><\/h5>\n\n\n\n<hr class=\"wp-block-separator has-css-opacity is-style-dots\"\/>\n\n\n\n<h3 class=\"wp-block-heading\" id=\"haz-una-pausa\">Oraci\u00f3n de Enfoque<\/h3>\n\n\n\n<p><em>Se\u00f1or, en esta \u00e9poca de tanto ajetreo, por favor, ay\u00fadame a estar verdaderamente quieto. Abro mis o\u00eddos ahora para escuchar tu palabra, preparando mi coraz\u00f3n calladamente para el milagro de tu venida en Navidad.<\/em> <\/p>\n\n\n\n<div style=\"height:59px\" aria-hidden=\"true\" class=\"wp-block-spacer\"><\/div>\n\n\n\n<h3 class=\"wp-block-heading\" id=\"regocijarse-y-reflexionar\">Regocijarse y Reflexionar<\/h3>\n\n\n\n<p>Hoy escojo regocijarme en la incre\u00edble cercan\u00eda de Dios, uni\u00e9ndome a la alabanza ancestral de todo el pueblo de Dios en las palabras del Salmo 28&#8230;<\/p>\n\n\n\n<blockquote class=\"wp-block-quote is-layout-flow wp-block-quote-is-layout-flow\">\n<p>\u00a1Alabad al&nbsp;Se\u00f1or!<br> &nbsp;&nbsp;&nbsp;&nbsp;Pues \u00e9l oy\u00f3 que clamaba por misericordia. <br>El&nbsp;Se\u00f1or&nbsp;es mi fortaleza y mi escudo;<br> &nbsp;&nbsp;&nbsp;&nbsp;conf\u00edo en \u00e9l con todo mi coraz\u00f3n. <br>Me da su ayuda y mi coraz\u00f3n se llena de alegr\u00eda;<br> &nbsp;&nbsp;&nbsp;&nbsp;prorrumpo en canciones de acci\u00f3n de gracias.<\/p>\n<cite><strong>Salmo 28:6-7 (NTV)<\/strong><\/cite><\/blockquote>\n\n\n\n<hr class=\"wp-block-separator has-css-opacity is-style-dots\"\/>\n\n\n\n<h5 class=\"has-text-align-center wp-block-heading\" id=\"haz-una-pausa-y-ora\"><em>Haz una pausa y ora<\/em><\/h5>\n\n\n\n<hr class=\"wp-block-separator has-css-opacity is-style-dots\"\/>\n\n\n\n<p>Hoy reflexiono sobre la historia de la Navidad desde la perspectiva de los pastores. Es una noche fr\u00eda y tranquila, se pueden ver las estrellas en el cielo y el aliento de las inquietas ovejas. Y entonces lleg\u00f3 la voz del cielo:<\/p>\n\n\n\n<blockquote class=\"wp-block-quote is-layout-flow wp-block-quote-is-layout-flow\">\n<p>En esa misma regi\u00f3n hab\u00eda unos pastores que pasaban la noche en el campo, turn\u00e1ndose para cuidar sus reba\u00f1os. Sucedi\u00f3 que un \u00e1ngel del Se\u00f1or se les apareci\u00f3. La gloria del Se\u00f1or los envolvi\u00f3 en su luz, y se llenaron de temor.&nbsp;Pero el \u00e1ngel les dijo: \u00abNo teng\u00e1is miedo. Mirad que os traigo buenas noticias que ser\u00e1n motivo de mucha alegr\u00eda para todo el pueblo.<\/p>\n<cite><strong>Lucas 2:8-10 (NVICST)<\/strong><\/cite><\/blockquote>\n\n\n\n<p>Este es, al mismo tiempo, el momento m\u00e1s aterrador y el m\u00e1s maravilloso de la vida de los pastores. En un momento de gran angustia, el \u00e1ngel dice palabras de paz y alegr\u00eda: &#8220;Os traigo una buena noticia que causar\u00e1 gran alegr\u00eda a todo el pueblo&#8221;. El mensaje de la Navidad es una buena noticia, no una mala noticia; es alegr\u00eda, una gran alegr\u00eda; y es para todos, en todas partes, para siempre.<br>Este \u00faltimo a\u00f1o los niveles de ansiedad han sido algo inusuales. Hoy considero estas palabras como si fuera uno de esos pastores. \u00bfQu\u00e9 puede significar para m\u00ed la buena noticia de gran gozo en mi vida actual?<\/p>\n\n\n\n<div style=\"height:59px\" aria-hidden=\"true\" class=\"wp-block-spacer\"><\/div>\n\n\n\n<h3 class=\"wp-block-heading\" id=\"apelar-pedir\"><strong>Apelar \/ Pedir<\/strong><\/h3>\n\n\n\n<p>El prol\u00edfico compositor de himnos, Isaac Watts, luch\u00f3 contra la enfermedad mental durante toda su vida, y sin embargo escribi\u00f3 algunos de nuestros himnos m\u00e1s alegres. Tomando la letra de su canci\u00f3n &#8220;Joy to the World&#8221;, hoy la hago m\u00eda:<\/p>\n\n\n\n<blockquote class=\"wp-block-quote is-layout-flow wp-block-quote-is-layout-flow\">\n<p>\u00a1Gozo del mundo es el Se\u00f1or!<br>Que la tierra reciba a su Rey;<br>Que todos los corazones le hagan sitio,<br>Y el cielo y la naturaleza cantan\u2026*<\/p>\n<cite>Isaac Watts<\/cite><\/blockquote>\n\n\n\n<p><em>Se\u00f1or Jes\u00fas, preparo el espacio dentro de mi propio coraz\u00f3n desordenado para tu venida en esta Navidad. Renace en m\u00ed, te lo ruego.<\/em><\/p>\n\n\n\n<hr class=\"wp-block-separator has-css-opacity is-style-dots\"\/>\n\n\n\n<h5 class=\"has-text-align-center wp-block-heading\" id=\"haz-una-pausa-y-ora\"><em>Haz una pausa y ora<\/em><\/h5>\n\n\n\n<hr class=\"wp-block-separator has-css-opacity is-style-dots\"\/>\n\n\n\n<p>El \u00e1ngel dice: \u201c\u00a1No teng\u00e1is miedo!\u201d<em>. Pensando ahora en aquellos que conozco y que est\u00e1n profundamente angustiados hoy, te pido que hables palabras inesperadas de esperanza y alegr\u00eda en sus vidas en esta Navidad<\/em><\/p>\n\n\n\n<hr class=\"wp-block-separator has-css-opacity is-style-dots\"\/>\n\n\n\n<h5 class=\"has-text-align-center wp-block-heading\" id=\"haz-una-pausa-y-ora\"><em>Haz una pausa y ora<\/em><\/h5>\n\n\n\n<hr class=\"wp-block-separator has-css-opacity is-style-dots\"\/>\n\n\n\n<h3 class=\"wp-block-heading\" id=\"apelar-pedir\"><strong>Rendirse<\/strong><\/h3>\n\n\n\n<p>Al volver al pasaje<em>, abro mis o\u00eddos para escuchar tu Palabra, y mi coraz\u00f3n para rendirme a tu voluntad una vez m\u00e1s.<\/em><\/p>\n\n\n\n<blockquote class=\"wp-block-quote is-layout-flow wp-block-quote-is-layout-flow\">\n<p>En esa misma regi\u00f3n hab\u00eda unos pastores que pasaban la noche en el campo, turn\u00e1ndose para cuidar sus reba\u00f1os. Sucedi\u00f3 que un \u00e1ngel del Se\u00f1or se les apareci\u00f3. La gloria del Se\u00f1or los envolvi\u00f3 en su luz, y se llenaron de temor.&nbsp;Pero el \u00e1ngel les dijo: \u00abNo teng\u00e1is miedo. Mirad que os traigo buenas noticias que ser\u00e1n motivo de mucha alegr\u00eda para todo el pueblo.<\/p>\n<cite><strong><strong><strong><strong><strong><strong><strong><strong><strong><strong><strong><strong><strong><strong><strong>Lucas 2:8-10 (NVICST)<\/strong><\/strong><\/strong><\/strong><\/strong><\/strong><\/strong><\/strong><\/strong><\/strong><\/strong><\/strong><\/strong><\/strong><\/strong><\/cite><\/blockquote>\n\n\n\n<p>\u00a1Buenas noticias! \u00a1Gran alegr\u00eda! Esta es la invitaci\u00f3n diaria de Dios para m\u00ed. San Seraf\u00edn de Sarov dec\u00eda que &#8220;El Esp\u00edritu Santo convierte en alegr\u00eda todo lo que toca\u201d.** A menudo me sorprende la profundidad de la alegr\u00eda, la risa del Esp\u00edritu Santo, la voz del cielo en mi vida. Me recuerda a las palabras de la poetisa estadounidense Mary Oliver:<\/p>\n\n\n\n<blockquote class=\"wp-block-quote is-layout-flow wp-block-quote-is-layout-flow\">\n<p>Si de repente e inesperadamente sientes alegr\u00eda, no lo dudes. <br>    Entr\u00e9gate a ella\u2026&nbsp;<br>No tengas miedo de su abundancia. La alegr\u00eda no est\u00e1 hecha para ser una migaja.***<\/p>\n<cite>Mary Oliver<\/cite><\/blockquote>\n\n\n\n<hr class=\"wp-block-separator has-css-opacity is-style-dots\"\/>\n\n\n\n<h5 class=\"has-text-align-center wp-block-heading\" id=\"haz-una-pausa-y-ora\"><em>Haz una pausa y ora<\/em><\/h5>\n\n\n\n<hr class=\"wp-block-separator has-css-opacity is-style-dots\"\/>\n\n\n\n<h3 class=\"wp-block-heading\" id=\"apelar-pedir\"><strong><strong>Oraci\u00f3n de rendici\u00f3n<\/strong><\/strong><\/h3>\n\n\n\n<p><em>El Esp\u00edritu Santo,<\/em><br><em>dador de alegr\u00eda<\/em><br><em>T\u00fa llevas la buena noticia a todas las personas.<\/em><br><em>Mu\u00e9strame c\u00f3mo deleitarme en la alegr\u00eda de tu presencia<\/em><br><em>hoy y siempre.<\/em><\/p>\n\n\n\n<div style=\"height:59px\" aria-hidden=\"true\" class=\"wp-block-spacer\"><\/div>\n\n\n\n<h3 class=\"wp-block-heading\" id=\"apelar-pedir\"><strong><strong><strong>Promesa de rendici\u00f3n<\/strong><\/strong><\/strong><\/h3>\n\n\n\n<p>Y ahora, mientras me preparo para llevar este tiempo de oraci\u00f3n al d\u00eda que tengo por delante, el Se\u00f1or, que me ama dice en el Salmo 16:&nbsp;<\/p>\n\n\n\n<blockquote class=\"wp-block-quote is-layout-flow wp-block-quote-is-layout-flow\">\n<p>Con raz\u00f3n mi coraz\u00f3n est\u00e1 contento y yo me alegro;<br> &nbsp;&nbsp;&nbsp;&nbsp;mi cuerpo descansa seguro.\u2026 <br>Me mostrar\u00e1s el camino de la vida;<br>&nbsp;&nbsp;&nbsp;&nbsp;me conceder\u00e1s la alegr\u00eda de tu presencia<br>&nbsp;&nbsp;&nbsp;&nbsp;y el placer de vivir contigo para siempre. <\/p>\n<cite><strong><strong><strong><strong><strong><strong><strong><strong><strong>Salmo 16:9,11 (NTV)<\/strong><\/strong><\/strong><\/strong><\/strong><\/strong><\/strong><\/strong><\/strong><\/cite><\/blockquote>\n\n\n\n<h3 class=\"wp-block-heading\" id=\"apelar-pedir\"><strong><strong><strong><strong><em>Oraci\u00f3n para terminar<\/em><\/strong><\/strong><\/strong><\/strong><\/h3>\n\n\n\n<p><strong><em>Padre, ay\u00fadame a vivir este d\u00eda al m\u00e1ximo,<\/em><\/strong><br><strong><em>siendo aut\u00e9ntico contigo en todo.<\/em><\/strong><br><strong><em>Jes\u00fas, ay\u00fadame a darme a los dem\u00e1s,&nbsp;<\/em><\/strong><br><strong><em>siendo amable con toda la gente con la que me encuentre.<\/em><\/strong><br><strong><em>Esp\u00edritu, ay\u00fadame a amar a la gente que se encuentra perdida,<\/em><\/strong><br><strong><em>proclamando a Cristo en todo lo que digo y hago.<\/em><\/strong><br><strong><em>Am\u00e9n.<\/em><\/strong><\/p>\n\n\n\n<p class=\"has-small-font-size\">* <a href=\"https:\/\/hymnary.org\/text\/joy_to_the_world_the_lord_is_come\">https:\/\/hymnary.org\/text\/joy_to_the_world_the_lord_is_come<\/a><\/p>\n\n\n\n<p class=\"has-small-font-size\">** St Seraphim of Sarov (Orthodox Church; 1759-1833), \u2018Conversation with Nicholas Motovilov\u2019,<a href=\"http:\/\/orthodoxinfo.com\/praxis\/wonderful.aspx\">On the Acquisition of the Holy Spirit.<\/a><\/p>\n\n\n\n<p class=\"has-small-font-size\">*** Mary Oliver, \u2018Don\u2019t Hesitate\u2019, <em>Swan: Poems and Prose Poems <\/em>(Boston, MA: Beacon Press, 2010), p. ?.<\/p>\n","protected":false},"excerpt":{"rendered":"<p>Hoy es lunes, 19 de diciembre, estamos a s\u00f3lo seis d\u00edas de Navidad. A lo largo de esta semana tan especial vamos a explorar las muchas formas en que la voz del cielo habla de vida y luz en nuestro mundo en Navidad. Haz una pausa Por lo tanto ahora, al iniciar mi tiempo de [&hellip;]<\/p>\n","protected":false},"author":216,"featured_media":35192,"comment_status":"closed","ping_status":"open","sticky":false,"template":"","format":"standard","meta":{"_acf_changed":false,"inline_featured_image":false,"footnotes":""},"categories":[206],"tags":[],"author_slug":[370],"blog_series":[518],"topic":[353],"class_list":["post-36989","post","type-post","status-publish","format-standard","has-post-thumbnail","hentry","category-blog-es","author_slug-oracion-24-7","blog_series-voces-de-adviento","topic-orar"],"acf":[],"yoast_head":"<!-- This site is optimized with the Yoast SEO plugin v27.4 - https:\/\/yoast.com\/product\/yoast-seo-wordpress\/ -->\n<title>Buenas noticias<\/title>\n<meta name=\"description\" content=\"Hoy es lunes, 19 de diciembre, estamos a s\u00f3lo seis d\u00edas de Navidad. A lo largo de esta semana tan especial vamos a explorar las muchas formas en que la voz del cielo habla de vida y luz en nuestro mundo en Navidad.\" \/>\n<meta name=\"robots\" content=\"index, follow, max-snippet:-1, max-image-preview:large, max-video-preview:-1\" \/>\n<link rel=\"canonical\" href=\"https:\/\/www.24-7prayer.com\/es\/buenas-noticias\/\" \/>\n<meta property=\"og:locale\" content=\"es_ES\" \/>\n<meta property=\"og:type\" content=\"article\" \/>\n<meta property=\"og:title\" content=\"Buenas noticias\" \/>\n<meta property=\"og:description\" content=\"Hoy es lunes, 19 de diciembre, estamos a s\u00f3lo seis d\u00edas de Navidad. A lo largo de esta semana tan especial vamos a explorar las muchas formas en que la voz del cielo habla de vida y luz en nuestro mundo en Navidad.\" \/>\n<meta property=\"og:url\" content=\"https:\/\/www.24-7prayer.com\/es\/buenas-noticias\/\" \/>\n<meta property=\"og:site_name\" content=\"24-7 Prayer International\" \/>\n<meta property=\"article:published_time\" content=\"2022-12-19T05:00:00+00:00\" \/>\n<meta property=\"article:modified_time\" content=\"2022-12-19T10:15:01+00:00\" \/>\n<meta property=\"og:image\" content=\"https:\/\/www.24-7prayer.com\/wp-content\/uploads\/2022\/11\/365-voces-de-adviento-sin-txt.jpg\" \/>\n\t<meta property=\"og:image:width\" content=\"1080\" \/>\n\t<meta property=\"og:image:height\" content=\"1080\" \/>\n\t<meta property=\"og:image:type\" content=\"image\/jpeg\" \/>\n<meta name=\"author\" content=\"aitor@oracion24-7.com\" \/>\n<meta name=\"twitter:card\" content=\"summary_large_image\" \/>\n<script type=\"application\/ld+json\" class=\"yoast-schema-graph\">{\"@context\":\"https:\\\/\\\/schema.org\",\"@graph\":[{\"@type\":\"Article\",\"@id\":\"https:\\\/\\\/www.24-7prayer.com\\\/es\\\/buenas-noticias\\\/#article\",\"isPartOf\":{\"@id\":\"https:\\\/\\\/www.24-7prayer.com\\\/es\\\/buenas-noticias\\\/\"},\"author\":{\"name\":\"aitor@oracion24-7.com\",\"@id\":\"https:\\\/\\\/www.24-7prayer.com\\\/es\\\/#\\\/schema\\\/person\\\/cea924691d05af4dfa35da709e7ede7d\"},\"headline\":\"Buenas noticias\",\"datePublished\":\"2022-12-19T05:00:00+00:00\",\"dateModified\":\"2022-12-19T10:15:01+00:00\",\"mainEntityOfPage\":{\"@id\":\"https:\\\/\\\/www.24-7prayer.com\\\/es\\\/buenas-noticias\\\/\"},\"wordCount\":1074,\"publisher\":{\"@id\":\"https:\\\/\\\/www.24-7prayer.com\\\/es\\\/#organization\"},\"image\":{\"@id\":\"https:\\\/\\\/www.24-7prayer.com\\\/es\\\/buenas-noticias\\\/#primaryimage\"},\"thumbnailUrl\":\"https:\\\/\\\/www.24-7prayer.com\\\/wp-content\\\/uploads\\\/2022\\\/11\\\/365-voces-de-adviento-sin-txt.jpg\",\"articleSection\":[\"Blogs\"],\"inLanguage\":\"es\"},{\"@type\":\"WebPage\",\"@id\":\"https:\\\/\\\/www.24-7prayer.com\\\/es\\\/buenas-noticias\\\/\",\"url\":\"https:\\\/\\\/www.24-7prayer.com\\\/es\\\/buenas-noticias\\\/\",\"name\":\"Buenas noticias\",\"isPartOf\":{\"@id\":\"https:\\\/\\\/www.24-7prayer.com\\\/es\\\/#website\"},\"primaryImageOfPage\":{\"@id\":\"https:\\\/\\\/www.24-7prayer.com\\\/es\\\/buenas-noticias\\\/#primaryimage\"},\"image\":{\"@id\":\"https:\\\/\\\/www.24-7prayer.com\\\/es\\\/buenas-noticias\\\/#primaryimage\"},\"thumbnailUrl\":\"https:\\\/\\\/www.24-7prayer.com\\\/wp-content\\\/uploads\\\/2022\\\/11\\\/365-voces-de-adviento-sin-txt.jpg\",\"datePublished\":\"2022-12-19T05:00:00+00:00\",\"dateModified\":\"2022-12-19T10:15:01+00:00\",\"description\":\"Hoy es lunes, 19 de diciembre, estamos a s\u00f3lo seis d\u00edas de Navidad. A lo largo de esta semana tan especial vamos a explorar las muchas formas en que la voz del cielo habla de vida y luz en nuestro mundo en Navidad.\",\"breadcrumb\":{\"@id\":\"https:\\\/\\\/www.24-7prayer.com\\\/es\\\/buenas-noticias\\\/#breadcrumb\"},\"inLanguage\":\"es\",\"potentialAction\":[{\"@type\":\"ReadAction\",\"target\":[\"https:\\\/\\\/www.24-7prayer.com\\\/es\\\/buenas-noticias\\\/\"]}]},{\"@type\":\"ImageObject\",\"inLanguage\":\"es\",\"@id\":\"https:\\\/\\\/www.24-7prayer.com\\\/es\\\/buenas-noticias\\\/#primaryimage\",\"url\":\"https:\\\/\\\/www.24-7prayer.com\\\/wp-content\\\/uploads\\\/2022\\\/11\\\/365-voces-de-adviento-sin-txt.jpg\",\"contentUrl\":\"https:\\\/\\\/www.24-7prayer.com\\\/wp-content\\\/uploads\\\/2022\\\/11\\\/365-voces-de-adviento-sin-txt.jpg\",\"width\":1080,\"height\":1080},{\"@type\":\"BreadcrumbList\",\"@id\":\"https:\\\/\\\/www.24-7prayer.com\\\/es\\\/buenas-noticias\\\/#breadcrumb\",\"itemListElement\":[{\"@type\":\"ListItem\",\"position\":1,\"name\":\"Home\",\"item\":\"https:\\\/\\\/www.24-7prayer.com\\\/es\\\/\"},{\"@type\":\"ListItem\",\"position\":2,\"name\":\"Buenas noticias\"}]},{\"@type\":\"WebSite\",\"@id\":\"https:\\\/\\\/www.24-7prayer.com\\\/es\\\/#website\",\"url\":\"https:\\\/\\\/www.24-7prayer.com\\\/es\\\/\",\"name\":\"24-7 Prayer International\",\"description\":\"Prayer Mission Justice\",\"publisher\":{\"@id\":\"https:\\\/\\\/www.24-7prayer.com\\\/es\\\/#organization\"},\"potentialAction\":[{\"@type\":\"SearchAction\",\"target\":{\"@type\":\"EntryPoint\",\"urlTemplate\":\"https:\\\/\\\/www.24-7prayer.com\\\/es\\\/?s={search_term_string}\"},\"query-input\":{\"@type\":\"PropertyValueSpecification\",\"valueRequired\":true,\"valueName\":\"search_term_string\"}}],\"inLanguage\":\"es\"},{\"@type\":\"Organization\",\"@id\":\"https:\\\/\\\/www.24-7prayer.com\\\/es\\\/#organization\",\"name\":\"24-7 Prayer\",\"url\":\"https:\\\/\\\/www.24-7prayer.com\\\/es\\\/\",\"logo\":{\"@type\":\"ImageObject\",\"inLanguage\":\"es\",\"@id\":\"https:\\\/\\\/www.24-7prayer.com\\\/es\\\/#\\\/schema\\\/logo\\\/image\\\/\",\"url\":\"https:\\\/\\\/www.24-7prayer.com\\\/wp-content\\\/uploads\\\/2022\\\/06\\\/logo.png\",\"contentUrl\":\"https:\\\/\\\/www.24-7prayer.com\\\/wp-content\\\/uploads\\\/2022\\\/06\\\/logo.png\",\"width\":302,\"height\":49,\"caption\":\"24-7 Prayer\"},\"image\":{\"@id\":\"https:\\\/\\\/www.24-7prayer.com\\\/es\\\/#\\\/schema\\\/logo\\\/image\\\/\"}},{\"@type\":\"Person\",\"@id\":\"https:\\\/\\\/www.24-7prayer.com\\\/es\\\/#\\\/schema\\\/person\\\/cea924691d05af4dfa35da709e7ede7d\",\"name\":\"aitor@oracion24-7.com\",\"image\":{\"@type\":\"ImageObject\",\"inLanguage\":\"es\",\"@id\":\"https:\\\/\\\/secure.gravatar.com\\\/avatar\\\/e67a3b0c8e0d52ee179e9f94d3d54543d229c4da1d7def06a61faccb28313f0a?s=96&d=mm&r=g\",\"url\":\"https:\\\/\\\/secure.gravatar.com\\\/avatar\\\/e67a3b0c8e0d52ee179e9f94d3d54543d229c4da1d7def06a61faccb28313f0a?s=96&d=mm&r=g\",\"contentUrl\":\"https:\\\/\\\/secure.gravatar.com\\\/avatar\\\/e67a3b0c8e0d52ee179e9f94d3d54543d229c4da1d7def06a61faccb28313f0a?s=96&d=mm&r=g\",\"caption\":\"aitor@oracion24-7.com\"},\"url\":\"https:\\\/\\\/www.24-7prayer.com\\\/es\\\/author\\\/aitororacion24-7-com\\\/\"}]}<\/script>\n<!-- \/ Yoast SEO plugin. -->","yoast_head_json":{"title":"Buenas noticias","description":"Hoy es lunes, 19 de diciembre, estamos a s\u00f3lo seis d\u00edas de Navidad. A lo largo de esta semana tan especial vamos a explorar las muchas formas en que la voz del cielo habla de vida y luz en nuestro mundo en Navidad.","robots":{"index":"index","follow":"follow","max-snippet":"max-snippet:-1","max-image-preview":"max-image-preview:large","max-video-preview":"max-video-preview:-1"},"canonical":"https:\/\/www.24-7prayer.com\/es\/buenas-noticias\/","og_locale":"es_ES","og_type":"article","og_title":"Buenas noticias","og_description":"Hoy es lunes, 19 de diciembre, estamos a s\u00f3lo seis d\u00edas de Navidad. A lo largo de esta semana tan especial vamos a explorar las muchas formas en que la voz del cielo habla de vida y luz en nuestro mundo en Navidad.","og_url":"https:\/\/www.24-7prayer.com\/es\/buenas-noticias\/","og_site_name":"24-7 Prayer International","article_published_time":"2022-12-19T05:00:00+00:00","article_modified_time":"2022-12-19T10:15:01+00:00","og_image":[{"width":1080,"height":1080,"url":"https:\/\/www.24-7prayer.com\/wp-content\/uploads\/2022\/11\/365-voces-de-adviento-sin-txt.jpg","type":"image\/jpeg"}],"author":"aitor@oracion24-7.com","twitter_card":"summary_large_image","schema":{"@context":"https:\/\/schema.org","@graph":[{"@type":"Article","@id":"https:\/\/www.24-7prayer.com\/es\/buenas-noticias\/#article","isPartOf":{"@id":"https:\/\/www.24-7prayer.com\/es\/buenas-noticias\/"},"author":{"name":"aitor@oracion24-7.com","@id":"https:\/\/www.24-7prayer.com\/es\/#\/schema\/person\/cea924691d05af4dfa35da709e7ede7d"},"headline":"Buenas noticias","datePublished":"2022-12-19T05:00:00+00:00","dateModified":"2022-12-19T10:15:01+00:00","mainEntityOfPage":{"@id":"https:\/\/www.24-7prayer.com\/es\/buenas-noticias\/"},"wordCount":1074,"publisher":{"@id":"https:\/\/www.24-7prayer.com\/es\/#organization"},"image":{"@id":"https:\/\/www.24-7prayer.com\/es\/buenas-noticias\/#primaryimage"},"thumbnailUrl":"https:\/\/www.24-7prayer.com\/wp-content\/uploads\/2022\/11\/365-voces-de-adviento-sin-txt.jpg","articleSection":["Blogs"],"inLanguage":"es"},{"@type":"WebPage","@id":"https:\/\/www.24-7prayer.com\/es\/buenas-noticias\/","url":"https:\/\/www.24-7prayer.com\/es\/buenas-noticias\/","name":"Buenas noticias","isPartOf":{"@id":"https:\/\/www.24-7prayer.com\/es\/#website"},"primaryImageOfPage":{"@id":"https:\/\/www.24-7prayer.com\/es\/buenas-noticias\/#primaryimage"},"image":{"@id":"https:\/\/www.24-7prayer.com\/es\/buenas-noticias\/#primaryimage"},"thumbnailUrl":"https:\/\/www.24-7prayer.com\/wp-content\/uploads\/2022\/11\/365-voces-de-adviento-sin-txt.jpg","datePublished":"2022-12-19T05:00:00+00:00","dateModified":"2022-12-19T10:15:01+00:00","description":"Hoy es lunes, 19 de diciembre, estamos a s\u00f3lo seis d\u00edas de Navidad. A lo largo de esta semana tan especial vamos a explorar las muchas formas en que la voz del cielo habla de vida y luz en nuestro mundo en Navidad.","breadcrumb":{"@id":"https:\/\/www.24-7prayer.com\/es\/buenas-noticias\/#breadcrumb"},"inLanguage":"es","potentialAction":[{"@type":"ReadAction","target":["https:\/\/www.24-7prayer.com\/es\/buenas-noticias\/"]}]},{"@type":"ImageObject","inLanguage":"es","@id":"https:\/\/www.24-7prayer.com\/es\/buenas-noticias\/#primaryimage","url":"https:\/\/www.24-7prayer.com\/wp-content\/uploads\/2022\/11\/365-voces-de-adviento-sin-txt.jpg","contentUrl":"https:\/\/www.24-7prayer.com\/wp-content\/uploads\/2022\/11\/365-voces-de-adviento-sin-txt.jpg","width":1080,"height":1080},{"@type":"BreadcrumbList","@id":"https:\/\/www.24-7prayer.com\/es\/buenas-noticias\/#breadcrumb","itemListElement":[{"@type":"ListItem","position":1,"name":"Home","item":"https:\/\/www.24-7prayer.com\/es\/"},{"@type":"ListItem","position":2,"name":"Buenas noticias"}]},{"@type":"WebSite","@id":"https:\/\/www.24-7prayer.com\/es\/#website","url":"https:\/\/www.24-7prayer.com\/es\/","name":"24-7 Prayer International","description":"Prayer Mission Justice","publisher":{"@id":"https:\/\/www.24-7prayer.com\/es\/#organization"},"potentialAction":[{"@type":"SearchAction","target":{"@type":"EntryPoint","urlTemplate":"https:\/\/www.24-7prayer.com\/es\/?s={search_term_string}"},"query-input":{"@type":"PropertyValueSpecification","valueRequired":true,"valueName":"search_term_string"}}],"inLanguage":"es"},{"@type":"Organization","@id":"https:\/\/www.24-7prayer.com\/es\/#organization","name":"24-7 Prayer","url":"https:\/\/www.24-7prayer.com\/es\/","logo":{"@type":"ImageObject","inLanguage":"es","@id":"https:\/\/www.24-7prayer.com\/es\/#\/schema\/logo\/image\/","url":"https:\/\/www.24-7prayer.com\/wp-content\/uploads\/2022\/06\/logo.png","contentUrl":"https:\/\/www.24-7prayer.com\/wp-content\/uploads\/2022\/06\/logo.png","width":302,"height":49,"caption":"24-7 Prayer"},"image":{"@id":"https:\/\/www.24-7prayer.com\/es\/#\/schema\/logo\/image\/"}},{"@type":"Person","@id":"https:\/\/www.24-7prayer.com\/es\/#\/schema\/person\/cea924691d05af4dfa35da709e7ede7d","name":"aitor@oracion24-7.com","image":{"@type":"ImageObject","inLanguage":"es","@id":"https:\/\/secure.gravatar.com\/avatar\/e67a3b0c8e0d52ee179e9f94d3d54543d229c4da1d7def06a61faccb28313f0a?s=96&d=mm&r=g","url":"https:\/\/secure.gravatar.com\/avatar\/e67a3b0c8e0d52ee179e9f94d3d54543d229c4da1d7def06a61faccb28313f0a?s=96&d=mm&r=g","contentUrl":"https:\/\/secure.gravatar.com\/avatar\/e67a3b0c8e0d52ee179e9f94d3d54543d229c4da1d7def06a61faccb28313f0a?s=96&d=mm&r=g","caption":"aitor@oracion24-7.com"},"url":"https:\/\/www.24-7prayer.com\/es\/author\/aitororacion24-7-com\/"}]}},"_links":{"self":[{"href":"https:\/\/www.24-7prayer.com\/es\/wp-json\/wp\/v2\/posts\/36989","targetHints":{"allow":["GET"]}}],"collection":[{"href":"https:\/\/www.24-7prayer.com\/es\/wp-json\/wp\/v2\/posts"}],"about":[{"href":"https:\/\/www.24-7prayer.com\/es\/wp-json\/wp\/v2\/types\/post"}],"author":[{"embeddable":true,"href":"https:\/\/www.24-7prayer.com\/es\/wp-json\/wp\/v2\/users\/216"}],"replies":[{"embeddable":true,"href":"https:\/\/www.24-7prayer.com\/es\/wp-json\/wp\/v2\/comments?post=36989"}],"version-history":[{"count":6,"href":"https:\/\/www.24-7prayer.com\/es\/wp-json\/wp\/v2\/posts\/36989\/revisions"}],"predecessor-version":[{"id":37029,"href":"https:\/\/www.24-7prayer.com\/es\/wp-json\/wp\/v2\/posts\/36989\/revisions\/37029"}],"wp:featuredmedia":[{"embeddable":true,"href":"https:\/\/www.24-7prayer.com\/es\/wp-json\/wp\/v2\/media\/35192"}],"wp:attachment":[{"href":"https:\/\/www.24-7prayer.com\/es\/wp-json\/wp\/v2\/media?parent=36989"}],"wp:term":[{"taxonomy":"category","embeddable":true,"href":"https:\/\/www.24-7prayer.com\/es\/wp-json\/wp\/v2\/categories?post=36989"},{"taxonomy":"post_tag","embeddable":true,"href":"https:\/\/www.24-7prayer.com\/es\/wp-json\/wp\/v2\/tags?post=36989"},{"taxonomy":"author_slug","embeddable":true,"href":"https:\/\/www.24-7prayer.com\/es\/wp-json\/wp\/v2\/author_slug?post=36989"},{"taxonomy":"blog_series","embeddable":true,"href":"https:\/\/www.24-7prayer.com\/es\/wp-json\/wp\/v2\/blog_series?post=36989"},{"taxonomy":"topic","embeddable":true,"href":"https:\/\/www.24-7prayer.com\/es\/wp-json\/wp\/v2\/topic?post=36989"}],"curies":[{"name":"wp","href":"https:\/\/api.w.org\/{rel}","templated":true}]}}