{"id":36672,"date":"2022-12-17T05:00:00","date_gmt":"2022-12-17T05:00:00","guid":{"rendered":"https:\/\/www.24-7prayer.com\/?p=36672"},"modified":"2022-12-17T08:29:52","modified_gmt":"2022-12-17T08:29:52","slug":"la-voz-de-maria","status":"publish","type":"post","link":"https:\/\/www.24-7prayer.com\/es\/la-voz-de-maria\/","title":{"rendered":"<strong>La voz de Mar\u00eda<\/strong>"},"content":{"rendered":"\n<div class=\"wp-block-buttons is-content-justification-center is-layout-flex wp-container-core-buttons-is-layout-a89b3969 wp-block-buttons-is-layout-flex\"><\/div>\n\n\n\n<iframe loading=\"lazy\" src=\"https:\/\/anchor.fm\/oracion247\/embed\/episodes\/La-voz-de-Mara-I-Voces-de-Adviento-I-Lectio-365-e1scdmf\" height=\"102px\" width=\"100%\" frameborder=\"0\" scrolling=\"no\"><\/iframe>\n\n\n\n<p>Hoy es s\u00e1bado, 17 de diciembre. Esta semana, mientras nos preparamos para la Navidad, estamos explorando las historias y escuchando a las voces de las mujeres que Mateo nombr\u00f3 en la genealog\u00eda de Jes\u00fas (Mateo 1:1-17).<\/p>\n\n\n\n<h3 class=\"wp-block-heading\" id=\"haz-una-pausa\">Haz una pausa<\/h3>\n\n\n\n<p><strong><em><strong><em><strong><em><strong><em><strong><em><strong><em>Por lo tanto ahora, al iniciar mi tiempo de oraci\u00f3n, hago una pausa para estar quieta; para respirar lentamente, para re-centrar mis sentidos, que se encuentran dispersos, delante de la presencia de Dios.<\/em><\/strong><\/em><\/strong><\/em><\/strong><\/em><\/strong><\/em><\/strong><\/em><\/strong><\/p>\n\n\n\n<hr class=\"wp-block-separator has-css-opacity is-style-dots\"\/>\n\n\n\n<h5 class=\"has-text-align-center wp-block-heading\" id=\"haz-una-pausa-y-ora\"><em>Haz una pausa y ora<\/em><\/h5>\n\n\n\n<hr class=\"wp-block-separator has-css-opacity is-style-dots\"\/>\n\n\n\n<h3 class=\"wp-block-heading\" id=\"haz-una-pausa\">Oraci\u00f3n de Enfoque<\/h3>\n\n\n\n<p><em>Se\u00f1or, en esta \u00e9poca de tanto ajetreo, por favor, ay\u00fadame a estar quieta. Abro mis o\u00eddos ahora para escuchar cosas incre\u00edbles sobre ti, preparando mi coraz\u00f3n calladamente para el milagro de tu venida en Navidad.<\/em><\/p>\n\n\n\n<div style=\"height:59px\" aria-hidden=\"true\" class=\"wp-block-spacer\"><\/div>\n\n\n\n<h3 class=\"wp-block-heading\" id=\"regocijarse-y-reflexionar\">Regocijarse y Reflexionar<\/h3>\n\n\n\n<p>Hoy escojo regocijarme en la salvaci\u00f3n de Dios, uni\u00e9ndome a la alabanza ancestral de todo el pueblo de Dios en las palabras de Mar\u00eda, la madre de Jes\u00fas&#8230;<\/p>\n\n\n\n<blockquote class=\"wp-block-quote is-layout-flow wp-block-quote-is-layout-flow\">\n<p>\u2026Pues el Poderoso es santo<br> &nbsp;&nbsp;&nbsp;&nbsp;y ha hecho grandes cosas por m\u00ed. <br>\u00c9l muestra misericordia de generaci\u00f3n en generaci\u00f3n<br> &nbsp;&nbsp;&nbsp;&nbsp;a todos los que le temen. <br>\u00a1Su brazo poderoso ha hecho cosas tremendas!<br> &nbsp;&nbsp;&nbsp;&nbsp;Dispers\u00f3 a los orgullosos y a los altaneros. <br>A pr\u00edncipes derroc\u00f3 de sus tronos<br> &nbsp;&nbsp;&nbsp;&nbsp;y exalt\u00f3 a los humildes.<\/p>\n<cite><strong><strong><strong><strong>Lucas 1:49-52 (NTV)<\/strong><\/strong><\/strong><\/strong><\/cite><\/blockquote>\n\n\n\n<hr class=\"wp-block-separator has-css-opacity is-style-dots\"\/>\n\n\n\n<h5 class=\"has-text-align-center wp-block-heading\" id=\"haz-una-pausa-y-ora\"><em>Haz una pausa y ora<\/em><\/h5>\n\n\n\n<hr class=\"wp-block-separator has-css-opacity is-style-dots\"\/>\n\n\n\n<p>Esta semana he meditado en las historias de Tamar, Rajab, Rut y Betsab\u00e9, las primeras cuatro mujeres que Mateo resalta en el linaje de Jes\u00fas. Hoy regreso a la genealog\u00eda de Mateo y me enfoco en la \u00faltima mujer a trav\u00e9s de la cual dio a luz el plan de salvaci\u00f3n de Dios\u2026<\/p>\n\n\n\n<blockquote class=\"wp-block-quote is-layout-flow wp-block-quote-is-layout-flow\">\n<p>Despu\u00e9s de la deportaci\u00f3n a Babilonia, <br>Jecon\u00edas fue el padre de Salatiel;<br>Salatiel, padre de Zorobabel; <br>Zorobabel, padre de Abiud; <br>Abiud, padre de Eliaqu\u00edn; <br>Eliaqu\u00edn, padre de Azor; <br>Azor, padre de Sadoc; <br>Sadoc, padre de Aqu\u00edn; <br>Aqu\u00edn, padre de Eliud; <br>Eliud, padre de Eleazar; <br>Eleazar, padre de Mat\u00e1n; <br>Mat\u00e1n, padre de Jacob; <br>y Jacob, padre de Jos\u00e9, que fue el esposo de Mar\u00eda, <br>de la cual naci\u00f3 Jes\u00fas, llamado el Cristo.<\/p>\n<cite><strong><strong><strong><strong><strong><strong><strong><strong>Mateo 1:12-16 (NVICST)<\/strong><\/strong><\/strong><\/strong><\/strong><\/strong><\/strong><\/strong><\/cite><\/blockquote>\n\n\n\n<p>Las mujeres nombradas en la ascendencia de Jes\u00fas incluyen a jud\u00edas y gentiles. Algunas eran pobres e impotentes y todas eran vulnerables. Sin embargo, cada una desempe\u00f1\u00f3 un papel en la historia de la salvaci\u00f3n de Dios. Ahora, cuando reflexiono sobre Mar\u00eda, la te\u00f3loga Lucy Peppiatt me recuerda que ella no fue &#8220;simplemente un recept\u00e1culo de lo divino, albergando [a Jes\u00fas], por as\u00ed decirlo. Ella suministra su humanidad desde su propio cuerpo. Su sangre le forma, su comida le nutre, sus pechos le alimentan&#8221;.*&nbsp;<\/p>\n\n\n\n<div style=\"height:59px\" aria-hidden=\"true\" class=\"wp-block-spacer\"><\/div>\n\n\n\n<h3 class=\"wp-block-heading\" id=\"apelar-pedir\"><strong>Apelar \/ Pedir<\/strong><\/h3>\n\n\n\n<p>Me detengo a considerar el milagro del Hijo eterno de Dios, siendo formado como un beb\u00e9 humano en el vientre de una madre adolescente\u2026<\/p>\n\n\n\n<hr class=\"wp-block-separator has-css-opacity is-style-dots\"\/>\n\n\n\n<h5 class=\"has-text-align-center wp-block-heading\" id=\"haz-una-pausa-y-ora\"><em>Haz una pausa y ora<\/em><\/h5>\n\n\n\n<hr class=\"wp-block-separator has-css-opacity is-style-dots\"\/>\n\n\n\n<p>He visto muchas representaciones serenas de Mar\u00eda con su beb\u00e9 en brazos. Pero mis recuerdos de los primeros d\u00edas de la maternidad est\u00e1n lejos de ser pac\u00edficos.<br><br><em>Se\u00f1or, nombro a alguien que conozco que est\u00e9 experimentando tanto la alegr\u00eda como el agotamiento de cuidar a un reci\u00e9n nacido. Dales fuerza, sue\u00f1o y una nueva comprensi\u00f3n del amor del Padre.&nbsp;<\/em><\/p>\n\n\n\n<hr class=\"wp-block-separator has-css-opacity is-style-dots\"\/>\n\n\n\n<h5 class=\"has-text-align-center wp-block-heading\" id=\"haz-una-pausa-y-ora\"><em>Haz una pausa y ora<\/em><\/h5>\n\n\n\n<hr class=\"wp-block-separator has-css-opacity is-style-dots\"\/>\n\n\n\n<h3 class=\"wp-block-heading\" id=\"apelar-pedir\"><strong>Rendirse<\/strong><\/h3>\n\n\n\n<p>Al volver al pasaje<em>, abro mis o\u00eddos para escuchar tu Palabra, y mi coraz\u00f3n para rendirme a tu voluntad una vez m\u00e1s.<\/em><\/p>\n\n\n\n<blockquote class=\"wp-block-quote is-layout-flow wp-block-quote-is-layout-flow\">\n<p>Despu\u00e9s de la deportaci\u00f3n a Babilonia,<br>Jecon\u00edas fue el padre de Salatiel;<br>Salatiel, padre de Zorobabel;<br>Zorobabel, padre de Abiud;<br>Abiud, padre de Eliaqu\u00edn;<br>Eliaqu\u00edn, padre de Azor;<br>Azor, padre de Sadoc;<br>Sadoc, padre de Aqu\u00edn;<br>Aqu\u00edn, padre de Eliud;<br>Eliud, padre de Eleazar;<br>Eleazar, padre de Mat\u00e1n;<br>Mat\u00e1n, padre de Jacob;<br>y Jacob, padre de Jos\u00e9, que fue el esposo de Mar\u00eda,<br>de la cual naci\u00f3 Jes\u00fas, llamado el Cristo.<\/p>\n<cite><strong><strong><strong><strong><strong><strong><strong><strong><strong><strong><strong><strong><strong><strong>Mateo 1:12-16 (NVICST)<\/strong><\/strong><\/strong><\/strong><\/strong><\/strong><\/strong><\/strong><\/strong><\/strong><\/strong><\/strong><\/strong><\/strong><\/cite><\/blockquote>\n\n\n\n<p>Mar\u00eda no pidi\u00f3 ser la madre del Mes\u00edas, pero cuando se enter\u00f3 del plan de Dios para ella a trav\u00e9s del \u00e1ngel Gabriel, decidi\u00f3 decir que s\u00ed. La actitud de Mar\u00eda me desaf\u00eda: aunque llevar a Jes\u00fas afectar\u00eda a su cuerpo, a su familia y a su reputaci\u00f3n, ella dijo: \u2018Soy la sierva del se\u00f1or\u2026 que \u00e9l haga conmigo como me has dicho\u2019. (Lucas 1:38 NVICST).<\/p>\n\n\n\n<hr class=\"wp-block-separator has-css-opacity is-style-dots\"\/>\n\n\n\n<h5 class=\"has-text-align-center wp-block-heading\" id=\"haz-una-pausa-y-ora\"><em>Haz una pausa y ora<\/em><\/h5>\n\n\n\n<hr class=\"wp-block-separator has-css-opacity is-style-dots\"\/>\n\n\n\n<h3 class=\"wp-block-heading\" id=\"apelar-pedir\"><strong><strong>Oraci\u00f3n de rendici\u00f3n<\/strong><\/strong><\/h3>\n\n\n\n<p><em><em><em><em><em><em><em><em>Jes\u00fas, al celebrar tu nacimiento en esta Navidad quiero aprender de tu madre. A trav\u00e9s de cada obra de teatro de la natividad y de la escena del establo que veo, recu\u00e9rdame poner mi confianza en ti, sin importar lo que me pidas.<\/em><\/em><\/em><\/em><\/em><\/em><\/em><\/em><\/p>\n\n\n\n<div style=\"height:59px\" aria-hidden=\"true\" class=\"wp-block-spacer\"><\/div>\n\n\n\n<h3 class=\"wp-block-heading\" id=\"apelar-pedir\"><strong><strong><strong>Promesa de rendici\u00f3n<\/strong><\/strong><\/strong><\/h3>\n\n\n\n<p>Y ahora, mientras me preparo para llevar este tiempo de oraci\u00f3n al d\u00eda que tengo por delante, el Se\u00f1or, que me ama dice en Isa\u00edas:&nbsp;<\/p>\n\n\n\n<blockquote class=\"wp-block-quote is-layout-flow wp-block-quote-is-layout-flow\">\n<p>Porque nos ha nacido un ni\u00f1o,<br> &nbsp;&nbsp;&nbsp;&nbsp;se nos ha concedido un hijo; <br>la soberan\u00eda reposar\u00e1 sobre sus hombros,<br> &nbsp;&nbsp;&nbsp;&nbsp;y se le dar\u00e1n estos nombres: <br>Consejero admirable, Dios fuerte,<br> &nbsp;&nbsp;&nbsp;&nbsp;Padre eterno, Pr\u00edncipe de paz. <br>Se extender\u00e1n su soberan\u00eda y su paz,<br> &nbsp;&nbsp;&nbsp;&nbsp;y no tendr\u00e1n fin. <br>Gobernar\u00e1 sobre el trono de David<br> &nbsp;&nbsp;&nbsp;&nbsp;y sobre su reino, <br>para establecerlo y sostenerlo<br> &nbsp;&nbsp;&nbsp;&nbsp;con justicia y rectitud<br> &nbsp;&nbsp;&nbsp;&nbsp;desde ahora y para siempre. <br>Esto lo llevar\u00e1 a cabo<br> &nbsp;&nbsp;&nbsp;&nbsp;el celo del&nbsp;Se\u00f1or&nbsp;Todopoderoso.<\/p>\n<cite><strong><strong><strong><strong><strong><strong><strong><strong>Isa\u00edas 9:6-7a (NVICST)<\/strong><\/strong><\/strong><\/strong><\/strong><\/strong><\/strong><\/strong><\/cite><\/blockquote>\n\n\n\n<h3 class=\"wp-block-heading\" id=\"apelar-pedir\"><strong><strong><strong><strong><em>Oraci\u00f3n para terminar<\/em><\/strong><\/strong><\/strong><\/strong><\/h3>\n\n\n\n<p><strong><em>Padre, ay\u00fadame a vivir este d\u00eda al m\u00e1ximo,<\/em><\/strong><br><strong><em>siendo aut\u00e9ntica contigo en todo.<\/em><\/strong><br><strong><em>Jes\u00fas, ay\u00fadame a darme a los dem\u00e1s,&nbsp;<\/em><\/strong><br><strong><em>siendo amable con toda la gente con la que me encuentre.<\/em><\/strong><br><strong><em>Esp\u00edritu, ay\u00fadame a amar a la gente que se encuentra perdida,<\/em><\/strong><br><strong><em>proclamando a Cristo en todo lo que digo y hago.<\/em><\/strong><br><strong><em>Am\u00e9n.<\/em><\/strong><\/p>\n\n\n\n<p class=\"has-small-font-size\">*Lucy Peppiatt, <em>Rediscovering Scripture\u2019s Vision for Women<\/em> (Downers Grove, IL: InterVarsity Press, 2019), p. 30.<\/p>\n\n\n\n<p><\/p>\n","protected":false},"excerpt":{"rendered":"<p>Hoy es s\u00e1bado, 17 de diciembre. Esta semana, mientras nos preparamos para la Navidad, estamos explorando las historias y escuchando a las voces de las mujeres que Mateo nombr\u00f3 en la genealog\u00eda de Jes\u00fas (Mateo 1:1-17). Haz una pausa Por lo tanto ahora, al iniciar mi tiempo de oraci\u00f3n, hago una pausa para estar quieta; [&hellip;]<\/p>\n","protected":false},"author":216,"featured_media":35192,"comment_status":"closed","ping_status":"open","sticky":false,"template":"","format":"standard","meta":{"_acf_changed":false,"inline_featured_image":false,"footnotes":""},"categories":[206],"tags":[],"author_slug":[370],"blog_series":[518],"topic":[353],"class_list":["post-36672","post","type-post","status-publish","format-standard","has-post-thumbnail","hentry","category-blog-es","author_slug-oracion-24-7","blog_series-voces-de-adviento","topic-orar"],"acf":[],"yoast_head":"<!-- This site is optimized with the Yoast SEO plugin v27.4 - https:\/\/yoast.com\/product\/yoast-seo-wordpress\/ -->\n<title>La voz de Mar\u00eda<\/title>\n<meta name=\"description\" content=\"Hoy es s\u00e1bado, 17 de diciembre. Esta semana, mientras nos preparamos para la Navidad, estamos explorando las historias y escuchando a las voces de las mujeres que Mateo nombr\u00f3 en la genealog\u00eda de Jes\u00fas (Mateo 1:1-17).\" \/>\n<meta name=\"robots\" content=\"index, follow, max-snippet:-1, max-image-preview:large, max-video-preview:-1\" \/>\n<link rel=\"canonical\" href=\"https:\/\/www.24-7prayer.com\/es\/la-voz-de-maria\/\" \/>\n<meta property=\"og:locale\" content=\"es_ES\" \/>\n<meta property=\"og:type\" content=\"article\" \/>\n<meta property=\"og:title\" content=\"La voz de Mar\u00eda\" \/>\n<meta property=\"og:description\" content=\"Hoy es s\u00e1bado, 17 de diciembre. Esta semana, mientras nos preparamos para la Navidad, estamos explorando las historias y escuchando a las voces de las mujeres que Mateo nombr\u00f3 en la genealog\u00eda de Jes\u00fas (Mateo 1:1-17).\" \/>\n<meta property=\"og:url\" content=\"https:\/\/www.24-7prayer.com\/es\/la-voz-de-maria\/\" \/>\n<meta property=\"og:site_name\" content=\"24-7 Prayer International\" \/>\n<meta property=\"article:published_time\" content=\"2022-12-17T05:00:00+00:00\" \/>\n<meta property=\"article:modified_time\" content=\"2022-12-17T08:29:52+00:00\" \/>\n<meta property=\"og:image\" content=\"https:\/\/www.24-7prayer.com\/wp-content\/uploads\/2022\/11\/365-voces-de-adviento-sin-txt.jpg\" \/>\n\t<meta property=\"og:image:width\" content=\"1080\" \/>\n\t<meta property=\"og:image:height\" content=\"1080\" \/>\n\t<meta property=\"og:image:type\" content=\"image\/jpeg\" \/>\n<meta name=\"author\" content=\"aitor@oracion24-7.com\" \/>\n<meta name=\"twitter:card\" content=\"summary_large_image\" \/>\n<script type=\"application\/ld+json\" class=\"yoast-schema-graph\">{\"@context\":\"https:\\\/\\\/schema.org\",\"@graph\":[{\"@type\":\"Article\",\"@id\":\"https:\\\/\\\/www.24-7prayer.com\\\/es\\\/la-voz-de-maria\\\/#article\",\"isPartOf\":{\"@id\":\"https:\\\/\\\/www.24-7prayer.com\\\/es\\\/la-voz-de-maria\\\/\"},\"author\":{\"name\":\"aitor@oracion24-7.com\",\"@id\":\"https:\\\/\\\/www.24-7prayer.com\\\/es\\\/#\\\/schema\\\/person\\\/cea924691d05af4dfa35da709e7ede7d\"},\"headline\":\"La voz de Mar\u00eda\",\"datePublished\":\"2022-12-17T05:00:00+00:00\",\"dateModified\":\"2022-12-17T08:29:52+00:00\",\"mainEntityOfPage\":{\"@id\":\"https:\\\/\\\/www.24-7prayer.com\\\/es\\\/la-voz-de-maria\\\/\"},\"wordCount\":1062,\"publisher\":{\"@id\":\"https:\\\/\\\/www.24-7prayer.com\\\/es\\\/#organization\"},\"image\":{\"@id\":\"https:\\\/\\\/www.24-7prayer.com\\\/es\\\/la-voz-de-maria\\\/#primaryimage\"},\"thumbnailUrl\":\"https:\\\/\\\/www.24-7prayer.com\\\/wp-content\\\/uploads\\\/2022\\\/11\\\/365-voces-de-adviento-sin-txt.jpg\",\"articleSection\":[\"Blogs\"],\"inLanguage\":\"es\"},{\"@type\":\"WebPage\",\"@id\":\"https:\\\/\\\/www.24-7prayer.com\\\/es\\\/la-voz-de-maria\\\/\",\"url\":\"https:\\\/\\\/www.24-7prayer.com\\\/es\\\/la-voz-de-maria\\\/\",\"name\":\"La voz de Mar\u00eda\",\"isPartOf\":{\"@id\":\"https:\\\/\\\/www.24-7prayer.com\\\/es\\\/#website\"},\"primaryImageOfPage\":{\"@id\":\"https:\\\/\\\/www.24-7prayer.com\\\/es\\\/la-voz-de-maria\\\/#primaryimage\"},\"image\":{\"@id\":\"https:\\\/\\\/www.24-7prayer.com\\\/es\\\/la-voz-de-maria\\\/#primaryimage\"},\"thumbnailUrl\":\"https:\\\/\\\/www.24-7prayer.com\\\/wp-content\\\/uploads\\\/2022\\\/11\\\/365-voces-de-adviento-sin-txt.jpg\",\"datePublished\":\"2022-12-17T05:00:00+00:00\",\"dateModified\":\"2022-12-17T08:29:52+00:00\",\"description\":\"Hoy es s\u00e1bado, 17 de diciembre. Esta semana, mientras nos preparamos para la Navidad, estamos explorando las historias y escuchando a las voces de las mujeres que Mateo nombr\u00f3 en la genealog\u00eda de Jes\u00fas (Mateo 1:1-17).\",\"breadcrumb\":{\"@id\":\"https:\\\/\\\/www.24-7prayer.com\\\/es\\\/la-voz-de-maria\\\/#breadcrumb\"},\"inLanguage\":\"es\",\"potentialAction\":[{\"@type\":\"ReadAction\",\"target\":[\"https:\\\/\\\/www.24-7prayer.com\\\/es\\\/la-voz-de-maria\\\/\"]}]},{\"@type\":\"ImageObject\",\"inLanguage\":\"es\",\"@id\":\"https:\\\/\\\/www.24-7prayer.com\\\/es\\\/la-voz-de-maria\\\/#primaryimage\",\"url\":\"https:\\\/\\\/www.24-7prayer.com\\\/wp-content\\\/uploads\\\/2022\\\/11\\\/365-voces-de-adviento-sin-txt.jpg\",\"contentUrl\":\"https:\\\/\\\/www.24-7prayer.com\\\/wp-content\\\/uploads\\\/2022\\\/11\\\/365-voces-de-adviento-sin-txt.jpg\",\"width\":1080,\"height\":1080},{\"@type\":\"BreadcrumbList\",\"@id\":\"https:\\\/\\\/www.24-7prayer.com\\\/es\\\/la-voz-de-maria\\\/#breadcrumb\",\"itemListElement\":[{\"@type\":\"ListItem\",\"position\":1,\"name\":\"Home\",\"item\":\"https:\\\/\\\/www.24-7prayer.com\\\/es\\\/\"},{\"@type\":\"ListItem\",\"position\":2,\"name\":\"La voz de Mar\u00eda\"}]},{\"@type\":\"WebSite\",\"@id\":\"https:\\\/\\\/www.24-7prayer.com\\\/es\\\/#website\",\"url\":\"https:\\\/\\\/www.24-7prayer.com\\\/es\\\/\",\"name\":\"24-7 Prayer International\",\"description\":\"Prayer Mission Justice\",\"publisher\":{\"@id\":\"https:\\\/\\\/www.24-7prayer.com\\\/es\\\/#organization\"},\"potentialAction\":[{\"@type\":\"SearchAction\",\"target\":{\"@type\":\"EntryPoint\",\"urlTemplate\":\"https:\\\/\\\/www.24-7prayer.com\\\/es\\\/?s={search_term_string}\"},\"query-input\":{\"@type\":\"PropertyValueSpecification\",\"valueRequired\":true,\"valueName\":\"search_term_string\"}}],\"inLanguage\":\"es\"},{\"@type\":\"Organization\",\"@id\":\"https:\\\/\\\/www.24-7prayer.com\\\/es\\\/#organization\",\"name\":\"24-7 Prayer\",\"url\":\"https:\\\/\\\/www.24-7prayer.com\\\/es\\\/\",\"logo\":{\"@type\":\"ImageObject\",\"inLanguage\":\"es\",\"@id\":\"https:\\\/\\\/www.24-7prayer.com\\\/es\\\/#\\\/schema\\\/logo\\\/image\\\/\",\"url\":\"https:\\\/\\\/www.24-7prayer.com\\\/wp-content\\\/uploads\\\/2022\\\/06\\\/logo.png\",\"contentUrl\":\"https:\\\/\\\/www.24-7prayer.com\\\/wp-content\\\/uploads\\\/2022\\\/06\\\/logo.png\",\"width\":302,\"height\":49,\"caption\":\"24-7 Prayer\"},\"image\":{\"@id\":\"https:\\\/\\\/www.24-7prayer.com\\\/es\\\/#\\\/schema\\\/logo\\\/image\\\/\"}},{\"@type\":\"Person\",\"@id\":\"https:\\\/\\\/www.24-7prayer.com\\\/es\\\/#\\\/schema\\\/person\\\/cea924691d05af4dfa35da709e7ede7d\",\"name\":\"aitor@oracion24-7.com\",\"image\":{\"@type\":\"ImageObject\",\"inLanguage\":\"es\",\"@id\":\"https:\\\/\\\/secure.gravatar.com\\\/avatar\\\/e67a3b0c8e0d52ee179e9f94d3d54543d229c4da1d7def06a61faccb28313f0a?s=96&d=mm&r=g\",\"url\":\"https:\\\/\\\/secure.gravatar.com\\\/avatar\\\/e67a3b0c8e0d52ee179e9f94d3d54543d229c4da1d7def06a61faccb28313f0a?s=96&d=mm&r=g\",\"contentUrl\":\"https:\\\/\\\/secure.gravatar.com\\\/avatar\\\/e67a3b0c8e0d52ee179e9f94d3d54543d229c4da1d7def06a61faccb28313f0a?s=96&d=mm&r=g\",\"caption\":\"aitor@oracion24-7.com\"},\"url\":\"https:\\\/\\\/www.24-7prayer.com\\\/es\\\/author\\\/aitororacion24-7-com\\\/\"}]}<\/script>\n<!-- \/ Yoast SEO plugin. -->","yoast_head_json":{"title":"La voz de Mar\u00eda","description":"Hoy es s\u00e1bado, 17 de diciembre. Esta semana, mientras nos preparamos para la Navidad, estamos explorando las historias y escuchando a las voces de las mujeres que Mateo nombr\u00f3 en la genealog\u00eda de Jes\u00fas (Mateo 1:1-17).","robots":{"index":"index","follow":"follow","max-snippet":"max-snippet:-1","max-image-preview":"max-image-preview:large","max-video-preview":"max-video-preview:-1"},"canonical":"https:\/\/www.24-7prayer.com\/es\/la-voz-de-maria\/","og_locale":"es_ES","og_type":"article","og_title":"La voz de Mar\u00eda","og_description":"Hoy es s\u00e1bado, 17 de diciembre. Esta semana, mientras nos preparamos para la Navidad, estamos explorando las historias y escuchando a las voces de las mujeres que Mateo nombr\u00f3 en la genealog\u00eda de Jes\u00fas (Mateo 1:1-17).","og_url":"https:\/\/www.24-7prayer.com\/es\/la-voz-de-maria\/","og_site_name":"24-7 Prayer International","article_published_time":"2022-12-17T05:00:00+00:00","article_modified_time":"2022-12-17T08:29:52+00:00","og_image":[{"width":1080,"height":1080,"url":"https:\/\/www.24-7prayer.com\/wp-content\/uploads\/2022\/11\/365-voces-de-adviento-sin-txt.jpg","type":"image\/jpeg"}],"author":"aitor@oracion24-7.com","twitter_card":"summary_large_image","schema":{"@context":"https:\/\/schema.org","@graph":[{"@type":"Article","@id":"https:\/\/www.24-7prayer.com\/es\/la-voz-de-maria\/#article","isPartOf":{"@id":"https:\/\/www.24-7prayer.com\/es\/la-voz-de-maria\/"},"author":{"name":"aitor@oracion24-7.com","@id":"https:\/\/www.24-7prayer.com\/es\/#\/schema\/person\/cea924691d05af4dfa35da709e7ede7d"},"headline":"La voz de Mar\u00eda","datePublished":"2022-12-17T05:00:00+00:00","dateModified":"2022-12-17T08:29:52+00:00","mainEntityOfPage":{"@id":"https:\/\/www.24-7prayer.com\/es\/la-voz-de-maria\/"},"wordCount":1062,"publisher":{"@id":"https:\/\/www.24-7prayer.com\/es\/#organization"},"image":{"@id":"https:\/\/www.24-7prayer.com\/es\/la-voz-de-maria\/#primaryimage"},"thumbnailUrl":"https:\/\/www.24-7prayer.com\/wp-content\/uploads\/2022\/11\/365-voces-de-adviento-sin-txt.jpg","articleSection":["Blogs"],"inLanguage":"es"},{"@type":"WebPage","@id":"https:\/\/www.24-7prayer.com\/es\/la-voz-de-maria\/","url":"https:\/\/www.24-7prayer.com\/es\/la-voz-de-maria\/","name":"La voz de Mar\u00eda","isPartOf":{"@id":"https:\/\/www.24-7prayer.com\/es\/#website"},"primaryImageOfPage":{"@id":"https:\/\/www.24-7prayer.com\/es\/la-voz-de-maria\/#primaryimage"},"image":{"@id":"https:\/\/www.24-7prayer.com\/es\/la-voz-de-maria\/#primaryimage"},"thumbnailUrl":"https:\/\/www.24-7prayer.com\/wp-content\/uploads\/2022\/11\/365-voces-de-adviento-sin-txt.jpg","datePublished":"2022-12-17T05:00:00+00:00","dateModified":"2022-12-17T08:29:52+00:00","description":"Hoy es s\u00e1bado, 17 de diciembre. Esta semana, mientras nos preparamos para la Navidad, estamos explorando las historias y escuchando a las voces de las mujeres que Mateo nombr\u00f3 en la genealog\u00eda de Jes\u00fas (Mateo 1:1-17).","breadcrumb":{"@id":"https:\/\/www.24-7prayer.com\/es\/la-voz-de-maria\/#breadcrumb"},"inLanguage":"es","potentialAction":[{"@type":"ReadAction","target":["https:\/\/www.24-7prayer.com\/es\/la-voz-de-maria\/"]}]},{"@type":"ImageObject","inLanguage":"es","@id":"https:\/\/www.24-7prayer.com\/es\/la-voz-de-maria\/#primaryimage","url":"https:\/\/www.24-7prayer.com\/wp-content\/uploads\/2022\/11\/365-voces-de-adviento-sin-txt.jpg","contentUrl":"https:\/\/www.24-7prayer.com\/wp-content\/uploads\/2022\/11\/365-voces-de-adviento-sin-txt.jpg","width":1080,"height":1080},{"@type":"BreadcrumbList","@id":"https:\/\/www.24-7prayer.com\/es\/la-voz-de-maria\/#breadcrumb","itemListElement":[{"@type":"ListItem","position":1,"name":"Home","item":"https:\/\/www.24-7prayer.com\/es\/"},{"@type":"ListItem","position":2,"name":"La voz de Mar\u00eda"}]},{"@type":"WebSite","@id":"https:\/\/www.24-7prayer.com\/es\/#website","url":"https:\/\/www.24-7prayer.com\/es\/","name":"24-7 Prayer International","description":"Prayer Mission Justice","publisher":{"@id":"https:\/\/www.24-7prayer.com\/es\/#organization"},"potentialAction":[{"@type":"SearchAction","target":{"@type":"EntryPoint","urlTemplate":"https:\/\/www.24-7prayer.com\/es\/?s={search_term_string}"},"query-input":{"@type":"PropertyValueSpecification","valueRequired":true,"valueName":"search_term_string"}}],"inLanguage":"es"},{"@type":"Organization","@id":"https:\/\/www.24-7prayer.com\/es\/#organization","name":"24-7 Prayer","url":"https:\/\/www.24-7prayer.com\/es\/","logo":{"@type":"ImageObject","inLanguage":"es","@id":"https:\/\/www.24-7prayer.com\/es\/#\/schema\/logo\/image\/","url":"https:\/\/www.24-7prayer.com\/wp-content\/uploads\/2022\/06\/logo.png","contentUrl":"https:\/\/www.24-7prayer.com\/wp-content\/uploads\/2022\/06\/logo.png","width":302,"height":49,"caption":"24-7 Prayer"},"image":{"@id":"https:\/\/www.24-7prayer.com\/es\/#\/schema\/logo\/image\/"}},{"@type":"Person","@id":"https:\/\/www.24-7prayer.com\/es\/#\/schema\/person\/cea924691d05af4dfa35da709e7ede7d","name":"aitor@oracion24-7.com","image":{"@type":"ImageObject","inLanguage":"es","@id":"https:\/\/secure.gravatar.com\/avatar\/e67a3b0c8e0d52ee179e9f94d3d54543d229c4da1d7def06a61faccb28313f0a?s=96&d=mm&r=g","url":"https:\/\/secure.gravatar.com\/avatar\/e67a3b0c8e0d52ee179e9f94d3d54543d229c4da1d7def06a61faccb28313f0a?s=96&d=mm&r=g","contentUrl":"https:\/\/secure.gravatar.com\/avatar\/e67a3b0c8e0d52ee179e9f94d3d54543d229c4da1d7def06a61faccb28313f0a?s=96&d=mm&r=g","caption":"aitor@oracion24-7.com"},"url":"https:\/\/www.24-7prayer.com\/es\/author\/aitororacion24-7-com\/"}]}},"_links":{"self":[{"href":"https:\/\/www.24-7prayer.com\/es\/wp-json\/wp\/v2\/posts\/36672","targetHints":{"allow":["GET"]}}],"collection":[{"href":"https:\/\/www.24-7prayer.com\/es\/wp-json\/wp\/v2\/posts"}],"about":[{"href":"https:\/\/www.24-7prayer.com\/es\/wp-json\/wp\/v2\/types\/post"}],"author":[{"embeddable":true,"href":"https:\/\/www.24-7prayer.com\/es\/wp-json\/wp\/v2\/users\/216"}],"replies":[{"embeddable":true,"href":"https:\/\/www.24-7prayer.com\/es\/wp-json\/wp\/v2\/comments?post=36672"}],"version-history":[{"count":3,"href":"https:\/\/www.24-7prayer.com\/es\/wp-json\/wp\/v2\/posts\/36672\/revisions"}],"predecessor-version":[{"id":36878,"href":"https:\/\/www.24-7prayer.com\/es\/wp-json\/wp\/v2\/posts\/36672\/revisions\/36878"}],"wp:featuredmedia":[{"embeddable":true,"href":"https:\/\/www.24-7prayer.com\/es\/wp-json\/wp\/v2\/media\/35192"}],"wp:attachment":[{"href":"https:\/\/www.24-7prayer.com\/es\/wp-json\/wp\/v2\/media?parent=36672"}],"wp:term":[{"taxonomy":"category","embeddable":true,"href":"https:\/\/www.24-7prayer.com\/es\/wp-json\/wp\/v2\/categories?post=36672"},{"taxonomy":"post_tag","embeddable":true,"href":"https:\/\/www.24-7prayer.com\/es\/wp-json\/wp\/v2\/tags?post=36672"},{"taxonomy":"author_slug","embeddable":true,"href":"https:\/\/www.24-7prayer.com\/es\/wp-json\/wp\/v2\/author_slug?post=36672"},{"taxonomy":"blog_series","embeddable":true,"href":"https:\/\/www.24-7prayer.com\/es\/wp-json\/wp\/v2\/blog_series?post=36672"},{"taxonomy":"topic","embeddable":true,"href":"https:\/\/www.24-7prayer.com\/es\/wp-json\/wp\/v2\/topic?post=36672"}],"curies":[{"name":"wp","href":"https:\/\/api.w.org\/{rel}","templated":true}]}}