{"id":36669,"date":"2022-12-16T05:00:00","date_gmt":"2022-12-16T05:00:00","guid":{"rendered":"https:\/\/www.24-7prayer.com\/?p=36669"},"modified":"2022-12-16T23:32:51","modified_gmt":"2022-12-16T23:32:51","slug":"la-voz-de-betsabe","status":"publish","type":"post","link":"https:\/\/www.24-7prayer.com\/es\/la-voz-de-betsabe\/","title":{"rendered":"<strong>La voz de Betsab\u00e9<\/strong>"},"content":{"rendered":"\n<div class=\"wp-block-buttons is-content-justification-center is-layout-flex wp-container-core-buttons-is-layout-a89b3969 wp-block-buttons-is-layout-flex\"><\/div>\n\n\n\n<iframe loading=\"lazy\" src=\"https:\/\/anchor.fm\/oracion247\/embed\/episodes\/La-voz-de-Betsab-I-Voces-de-Adviento-I-Lectio-365-e1san8v\" height=\"102px\" width=\"100%\" frameborder=\"0\" scrolling=\"no\"><\/iframe>\n\n\n\n<p>Hoy es viernes, 16 de diciembre. Esta semana, mientras nos preparamos para la Navidad, estamos escuchando a las voces de las mujeres que Mateo nombr\u00f3 en la genealog\u00eda de Jes\u00fas (Mateo 1:1-17).<br><br>**ADVERTENCIA: La reflexi\u00f3n de hoy toca el tema de la violencia f\u00edsica y sexual. Esto puede resultar inc\u00f3modo para algunos lectores.**<\/p>\n\n\n\n<h3 class=\"wp-block-heading\" id=\"haz-una-pausa\">Haz una pausa<\/h3>\n\n\n\n<p><strong><em><strong><em><strong><em><strong><em><strong><em><strong><em>Por lo tanto ahora, al iniciar mi tiempo de oraci\u00f3n, hago una pausa para estar quieta; para respirar lentamente, para re-centrar mis sentidos, que se encuentran dispersos, delante de la presencia de Dios.<\/em><\/strong><\/em><\/strong><\/em><\/strong><\/em><\/strong><\/em><\/strong><\/em><\/strong><\/p>\n\n\n\n<hr class=\"wp-block-separator has-css-opacity is-style-dots\"\/>\n\n\n\n<h5 class=\"has-text-align-center wp-block-heading\" id=\"haz-una-pausa-y-ora\"><em>Haz una pausa y ora<\/em><\/h5>\n\n\n\n<hr class=\"wp-block-separator has-css-opacity is-style-dots\"\/>\n\n\n\n<h3 class=\"wp-block-heading\" id=\"haz-una-pausa\">Oraci\u00f3n de Enfoque<\/h3>\n\n\n\n<p><em>Se\u00f1or, en esta \u00e9poca de tanto ajetreo, por favor, ay\u00fadame a estar quieta. Abro mis o\u00eddos ahora para escuchar cosas incre\u00edbles sobre ti, preparando mi coraz\u00f3n calladamente para el milagro de tu venida en Navidad.<\/em><\/p>\n\n\n\n<div style=\"height:59px\" aria-hidden=\"true\" class=\"wp-block-spacer\"><\/div>\n\n\n\n<h3 class=\"wp-block-heading\" id=\"regocijarse-y-reflexionar\">Regocijarse y Reflexionar<\/h3>\n\n\n\n<p>Hoy escojo regocijarme en la misericordia de Dios, uni\u00e9ndome a la alabanza ancestral de todo el pueblo de Dios en palabras del Salmo 51&#8230;<\/p>\n\n\n\n<blockquote class=\"wp-block-quote is-layout-flow wp-block-quote-is-layout-flow\">\n<p>T\u00fa no deseas sacrificios; de lo contrario, te ofrecer\u00eda uno.<br> &nbsp;&nbsp;&nbsp;&nbsp;Tampoco quieres una ofrenda quemada. <br>El sacrificio que s\u00ed deseas es un esp\u00edritu quebrantado;<br> &nbsp;&nbsp;&nbsp;&nbsp;t\u00fa no rechazar\u00e1s un coraz\u00f3n arrepentido y quebrantado, oh Dios.<\/p>\n<cite><strong><strong><strong><strong>Salmo 51:16-17 (NTV)<\/strong><\/strong><\/strong><\/strong><\/cite><\/blockquote>\n\n\n\n<hr class=\"wp-block-separator has-css-opacity is-style-dots\"\/>\n\n\n\n<h5 class=\"has-text-align-center wp-block-heading\" id=\"haz-una-pausa-y-ora\"><em>Haz una pausa y ora<\/em><\/h5>\n\n\n\n<hr class=\"wp-block-separator has-css-opacity is-style-dots\"\/>\n\n\n\n<p>Hoy reflexiono sobre la historia de la cuarta mujer destacada en la genealog\u00eda de Jes\u00fas (Mateo 1:6). Betsab\u00e9, la esposa de Ur\u00edas, tiene una historia dolorosa y tr\u00e1gica\u2026<\/p>\n\n\n\n<blockquote class=\"wp-block-quote is-layout-flow wp-block-quote-is-layout-flow\">\n<p>En la primavera, que era la \u00e9poca en que los reyes&nbsp;sal\u00edan de campa\u00f1a, David mand\u00f3 a Joab con la guardia real y todo el ej\u00e9rcito de Israel para que aniquilara a los amonitas y sitiara la ciudad de Rab\u00e1. Pero David se qued\u00f3 en Jerusal\u00e9n. <br>Una tarde, al levantarse David de la cama, comenz\u00f3 a pasearse por la azotea del palacio, y desde all\u00ed vio a una mujer que se estaba ba\u00f1ando. La mujer era sumamente hermosa,&nbsp;por lo que David mand\u00f3 que averiguaran qui\u00e9n era, y le informaron: \u00abSe trata de Betsab\u00e9, que es hija de Eli\u00e1n y esposa de Ur\u00edas el hitita\u00bb.&nbsp;Entonces David orden\u00f3 que la llevaran a su presencia y, cuando Betsab\u00e9 lleg\u00f3, \u00e9l se acost\u00f3 con ella. Despu\u00e9s de eso, ella volvi\u00f3 a su casa. Hac\u00eda poco que Betsab\u00e9 se hab\u00eda purificado de su menstruaci\u00f3n, as\u00ed que qued\u00f3 embarazada y se lo hizo saber a David. <\/p>\n<cite><strong><strong><strong><strong><strong><strong><strong><strong>2 Samuel 11:1-5 (NVICST)<\/strong><\/strong><\/strong><\/strong><\/strong><\/strong><\/strong><\/strong><\/cite><\/blockquote>\n\n\n\n<p>Algunas personas sugieren que Betsab\u00e9 sedujo a David, pero al leer su historia me pregunto, \u00bfqu\u00e9 poder ten\u00eda ella para rechazar a un rey? La biblia no dice nada sobre los pensamientos de Betsab\u00e9, pero s\u00ed habla de las decisiones de David y del juicio de Dios sobre ellas (2 Samuel 11:27; 12:1-10).* Tanto si lo que ocurri\u00f3 con David fue consentido como si no, Betsab\u00e9 se encontr\u00f3 en una posici\u00f3n incre\u00edblemente vulnerable: embarazada de un hombre que no era su marido.<\/p>\n\n\n\n<div style=\"height:59px\" aria-hidden=\"true\" class=\"wp-block-spacer\"><\/div>\n\n\n\n<h3 class=\"wp-block-heading\" id=\"apelar-pedir\"><strong>Apelar \/ Pedir<\/strong><\/h3>\n\n\n\n<p>David rompi\u00f3 tres de los diez mandamientos de Dios en su relaci\u00f3n con Betsab\u00e9 (\u00c9xodo 20:13,14,17). En lugar de amar a su pr\u00f3jimo, tom\u00f3 ego\u00edstamente lo que quer\u00eda.&nbsp;<br><br><em>Se\u00f1or, te pido que me muestres d\u00f3nde he dejado de amar a mi pr\u00f3jimo. Al confesarme ahora, recibo con gratitud tu perd\u00f3n.<\/em><\/p>\n\n\n\n<hr class=\"wp-block-separator has-css-opacity is-style-dots\"\/>\n\n\n\n<h5 class=\"has-text-align-center wp-block-heading\" id=\"haz-una-pausa-y-ora\"><em>Haz una pausa y ora<\/em><\/h5>\n\n\n\n<hr class=\"wp-block-separator has-css-opacity is-style-dots\"\/>\n\n\n\n<p>La Organizaci\u00f3n Mundial de la Salud calcula que aproximadamente 1 de cada 3 mujeres de todo el mundo ha sufrido violencia f\u00edsica o sexual a lo largo de su vida.**<br><br><em>Se\u00f1or, nombro a alguien que conozco que ha sobrevivido a un abuso f\u00edsico o a una atenci\u00f3n sexual no deseada. Ac\u00e9rcate a &#8220;los quebrantados de coraz\u00f3n y [sana] a los que est\u00e1n abatidos de esp\u00edritu <\/em>(Salmo 34:18).<\/p>\n\n\n\n<hr class=\"wp-block-separator has-css-opacity is-style-dots\"\/>\n\n\n\n<h5 class=\"has-text-align-center wp-block-heading\" id=\"haz-una-pausa-y-ora\"><em>Haz una pausa y ora<\/em><\/h5>\n\n\n\n<hr class=\"wp-block-separator has-css-opacity is-style-dots\"\/>\n\n\n\n<h3 class=\"wp-block-heading\" id=\"apelar-pedir\"><strong>Rendirse<\/strong><\/h3>\n\n\n\n<p>Al volver al pasaje<em>, abro mis o\u00eddos para escuchar tu Palabra, y mi coraz\u00f3n para rendirme a tu voluntad una vez m\u00e1s.<\/em><\/p>\n\n\n\n<blockquote class=\"wp-block-quote is-layout-flow wp-block-quote-is-layout-flow\">\n<p>En la primavera, que era la \u00e9poca en que los reyes&nbsp;sal\u00edan de campa\u00f1a, David mand\u00f3 a Joab con la guardia real y todo el ej\u00e9rcito de Israel para que aniquilara a los amonitas y sitiara la ciudad de Rab\u00e1. Pero David se qued\u00f3 en Jerusal\u00e9n. <br>Una tarde, al levantarse David de la cama, comenz\u00f3 a pasearse por la azotea del palacio, y desde all\u00ed vio a una mujer que se estaba ba\u00f1ando. La mujer era sumamente hermosa,&nbsp;por lo que David mand\u00f3 que averiguaran qui\u00e9n era, y le informaron: \u00abSe trata de Betsab\u00e9, que es hija de Eli\u00e1n y esposa de Ur\u00edas el hitita\u00bb.&nbsp;Entonces David orden\u00f3 que la llevaran a su presencia y, cuando Betsab\u00e9 lleg\u00f3, \u00e9l se acost\u00f3 con ella. Despu\u00e9s de eso, ella volvi\u00f3 a su casa. Hac\u00eda poco que Betsab\u00e9 se hab\u00eda purificado de su menstruaci\u00f3n, as\u00ed que qued\u00f3 embarazada y se lo hizo saber a David. <\/p>\n<cite><strong><strong><strong><strong><strong><strong><strong><strong><strong><strong><strong><strong><strong><strong>2 Samuel 11:1-5 (NVICST)<\/strong><\/strong><\/strong><\/strong><\/strong><\/strong><\/strong><\/strong><\/strong><\/strong><\/strong><\/strong><\/strong><\/strong><\/cite><\/blockquote>\n\n\n\n<p>David empeora una mala situaci\u00f3n al asesinar al marido de Betsab\u00e9 y tomarla como esposa. Sin embargo, cuando Dios se enfrenta a David, \u00e9ste se arrepiente inmediata y profundamente de lo que ha hecho y se arrepiente ante Dios (2 Samuel 12). Al incluir a David y Betsab\u00e9 en la genealog\u00eda de Jes\u00fas, Mateo est\u00e1 subrayando que hay perd\u00f3n y redenci\u00f3n para todos en el gran plan de salvaci\u00f3n de Dios.<\/p>\n\n\n\n<hr class=\"wp-block-separator has-css-opacity is-style-dots\"\/>\n\n\n\n<h5 class=\"has-text-align-center wp-block-heading\" id=\"haz-una-pausa-y-ora\"><em>Haz una pausa y ora<\/em><\/h5>\n\n\n\n<hr class=\"wp-block-separator has-css-opacity is-style-dots\"\/>\n\n\n\n<h3 class=\"wp-block-heading\" id=\"apelar-pedir\"><strong><strong>Oraci\u00f3n de rendici\u00f3n<\/strong><\/strong><\/h3>\n\n\n\n<p><em><em><em><em><em><em><em><em>Hoy, Se\u00f1or, me rindo a ti con la oraci\u00f3n de arrepentimiento de David:&nbsp;<\/em><\/em><\/em><\/em><\/em><\/em><\/em><\/em><\/p>\n\n\n\n<blockquote class=\"wp-block-quote is-layout-flow wp-block-quote-is-layout-flow\">\n<p><em>Crea en m\u00ed, oh Dios, un coraz\u00f3n limpio,<\/em><br><em>&nbsp;&nbsp;&nbsp;&nbsp;y renueva la firmeza de mi esp\u00edritu.<\/em><br><em>No me alejes de tu presencia<\/em><br><em>&nbsp;&nbsp;&nbsp;&nbsp;ni me quites tu santo Esp\u00edritu.<\/em><br><em>Devu\u00e9lveme la alegr\u00eda de tu salvaci\u00f3n;<\/em><br><em>&nbsp;&nbsp;&nbsp;&nbsp;que un esp\u00edritu obediente me sostenga.<\/em><\/p>\n<cite><strong>Salmo 51:10-12 (NVICST)<\/strong><\/cite><\/blockquote>\n\n\n\n<div style=\"height:59px\" aria-hidden=\"true\" class=\"wp-block-spacer\"><\/div>\n\n\n\n<h3 class=\"wp-block-heading\" id=\"apelar-pedir\"><strong><strong><strong>Promesa de rendici\u00f3n<\/strong><\/strong><\/strong><\/h3>\n\n\n\n<p><em>Y ahora, mientras me preparo para llevar este tiempo de oraci\u00f3n al d\u00eda que tengo por delante, el Se\u00f1or, que me ama dice en 1 de Juan:&nbsp;<\/em><\/p>\n\n\n\n<blockquote class=\"wp-block-quote is-layout-flow wp-block-quote-is-layout-flow\">\n<p>\u2026Si admito mis pecados\u2014sencillamente los confieso\u2014Dios no me fallar\u00e1; \u00c9l ser\u00e1 fiel as\u00ed mismo. Perdonar\u00e1 mis pecados y me purificar\u00e1 de todos mis errores.<\/p>\n<cite><strong><strong><strong><strong><strong><strong><strong><strong>1 Juan 1:9 (MSG)<\/strong><br><\/strong><\/strong><\/strong><\/strong><\/strong><\/strong><\/strong>(Adaptado en primera persona)<\/cite><\/blockquote>\n\n\n\n<h3 class=\"wp-block-heading\" id=\"apelar-pedir\"><strong><strong><strong><strong><em>Oraci\u00f3n para terminar<\/em><\/strong><\/strong><\/strong><\/strong><\/h3>\n\n\n\n<p><strong><em>Padre, ay\u00fadame a vivir este d\u00eda al m\u00e1ximo,<\/em><\/strong><br><strong><em>siendo aut\u00e9ntica contigo en todo.<\/em><\/strong><br><strong><em>Jes\u00fas, ay\u00fadame a darme a los dem\u00e1s,&nbsp;<\/em><\/strong><br><strong><em>siendo amable con toda la gente con la que me encuentre.<\/em><\/strong><br><strong><em>Esp\u00edritu, ay\u00fadame a amar a la gente que se encuentra perdida,<\/em><\/strong><br><strong><em>proclamando a Cristo en todo lo que digo y hago.<\/em><\/strong><br><strong><em>Am\u00e9n.<\/em><\/strong><\/p>\n\n\n\n<p class=\"has-small-font-size\">*See Wim J. C. Weren, \u2018The Five Women in Matthew\u2019s Genealogy\u2019, <em>The Catholic Biblical Quarterly<\/em> 59, no. 2 (April 1997), p. 300 and Carol A. Newsom, Sharon H. Ringe, Jacqueline E. Lapsley (Editors), <em>Women\u2019s Bible Commentary<\/em>, Third Edition: Revised and Updated, (Louisville, KY: Westminster\/John Knox Press 2012, eBook), p. 159.<\/p>\n\n\n\n<p class=\"has-small-font-size\">**\u2018Violence against women\u2019, 9 March 2021, World Health Organization (<a href=\"https:\/\/www.who.int\/news-room\/fact-sheets\/detail\/violence-against-women\">https:\/\/www.who.int\/news-room\/fact-sheets\/detail\/violence-against-women<\/a>) (accessed on 03.11.22).<\/p>\n\n\n\n<p><\/p>\n","protected":false},"excerpt":{"rendered":"<p>Hoy es viernes, 16 de diciembre. Esta semana, mientras nos preparamos para la Navidad, estamos escuchando a las voces de las mujeres que Mateo nombr\u00f3 en la genealog\u00eda de Jes\u00fas (Mateo 1:1-17). **ADVERTENCIA: La reflexi\u00f3n de hoy toca el tema de la violencia f\u00edsica y sexual. Esto puede resultar inc\u00f3modo para algunos lectores.** Haz una [&hellip;]<\/p>\n","protected":false},"author":216,"featured_media":35192,"comment_status":"closed","ping_status":"open","sticky":false,"template":"","format":"standard","meta":{"_acf_changed":false,"inline_featured_image":false,"footnotes":""},"categories":[206],"tags":[],"author_slug":[370],"blog_series":[518],"topic":[353],"class_list":["post-36669","post","type-post","status-publish","format-standard","has-post-thumbnail","hentry","category-blog-es","author_slug-oracion-24-7","blog_series-voces-de-adviento","topic-orar"],"acf":[],"yoast_head":"<!-- This site is optimized with the Yoast SEO plugin v27.4 - https:\/\/yoast.com\/product\/yoast-seo-wordpress\/ -->\n<title>La voz de Betsab\u00e9<\/title>\n<meta name=\"description\" content=\"Hoy es viernes, 16 de diciembre. Esta semana, mientras nos preparamos para la Navidad, estamos escuchando a las voces de las mujeres que Mateo nombr\u00f3 en la genealog\u00eda de Jes\u00fas (Mateo 1:1-17).\" \/>\n<meta name=\"robots\" content=\"index, follow, max-snippet:-1, max-image-preview:large, max-video-preview:-1\" \/>\n<link rel=\"canonical\" href=\"https:\/\/www.24-7prayer.com\/es\/la-voz-de-betsabe\/\" \/>\n<meta property=\"og:locale\" content=\"es_ES\" \/>\n<meta property=\"og:type\" content=\"article\" \/>\n<meta property=\"og:title\" content=\"La voz de Betsab\u00e9\" \/>\n<meta property=\"og:description\" content=\"Hoy es viernes, 16 de diciembre. Esta semana, mientras nos preparamos para la Navidad, estamos escuchando a las voces de las mujeres que Mateo nombr\u00f3 en la genealog\u00eda de Jes\u00fas (Mateo 1:1-17).\" \/>\n<meta property=\"og:url\" content=\"https:\/\/www.24-7prayer.com\/es\/la-voz-de-betsabe\/\" \/>\n<meta property=\"og:site_name\" content=\"24-7 Prayer International\" \/>\n<meta property=\"article:published_time\" content=\"2022-12-16T05:00:00+00:00\" \/>\n<meta property=\"article:modified_time\" content=\"2022-12-16T23:32:51+00:00\" \/>\n<meta property=\"og:image\" content=\"https:\/\/www.24-7prayer.com\/wp-content\/uploads\/2022\/11\/365-voces-de-adviento-sin-txt.jpg\" \/>\n\t<meta property=\"og:image:width\" content=\"1080\" \/>\n\t<meta property=\"og:image:height\" content=\"1080\" \/>\n\t<meta property=\"og:image:type\" content=\"image\/jpeg\" \/>\n<meta name=\"author\" content=\"aitor@oracion24-7.com\" \/>\n<meta name=\"twitter:card\" content=\"summary_large_image\" \/>\n<script type=\"application\/ld+json\" class=\"yoast-schema-graph\">{\"@context\":\"https:\\\/\\\/schema.org\",\"@graph\":[{\"@type\":\"Article\",\"@id\":\"https:\\\/\\\/www.24-7prayer.com\\\/es\\\/la-voz-de-betsabe\\\/#article\",\"isPartOf\":{\"@id\":\"https:\\\/\\\/www.24-7prayer.com\\\/es\\\/la-voz-de-betsabe\\\/\"},\"author\":{\"name\":\"aitor@oracion24-7.com\",\"@id\":\"https:\\\/\\\/www.24-7prayer.com\\\/es\\\/#\\\/schema\\\/person\\\/cea924691d05af4dfa35da709e7ede7d\"},\"headline\":\"La voz de Betsab\u00e9\",\"datePublished\":\"2022-12-16T05:00:00+00:00\",\"dateModified\":\"2022-12-16T23:32:51+00:00\",\"mainEntityOfPage\":{\"@id\":\"https:\\\/\\\/www.24-7prayer.com\\\/es\\\/la-voz-de-betsabe\\\/\"},\"wordCount\":1211,\"publisher\":{\"@id\":\"https:\\\/\\\/www.24-7prayer.com\\\/es\\\/#organization\"},\"image\":{\"@id\":\"https:\\\/\\\/www.24-7prayer.com\\\/es\\\/la-voz-de-betsabe\\\/#primaryimage\"},\"thumbnailUrl\":\"https:\\\/\\\/www.24-7prayer.com\\\/wp-content\\\/uploads\\\/2022\\\/11\\\/365-voces-de-adviento-sin-txt.jpg\",\"articleSection\":[\"Blogs\"],\"inLanguage\":\"es\"},{\"@type\":\"WebPage\",\"@id\":\"https:\\\/\\\/www.24-7prayer.com\\\/es\\\/la-voz-de-betsabe\\\/\",\"url\":\"https:\\\/\\\/www.24-7prayer.com\\\/es\\\/la-voz-de-betsabe\\\/\",\"name\":\"La voz de Betsab\u00e9\",\"isPartOf\":{\"@id\":\"https:\\\/\\\/www.24-7prayer.com\\\/es\\\/#website\"},\"primaryImageOfPage\":{\"@id\":\"https:\\\/\\\/www.24-7prayer.com\\\/es\\\/la-voz-de-betsabe\\\/#primaryimage\"},\"image\":{\"@id\":\"https:\\\/\\\/www.24-7prayer.com\\\/es\\\/la-voz-de-betsabe\\\/#primaryimage\"},\"thumbnailUrl\":\"https:\\\/\\\/www.24-7prayer.com\\\/wp-content\\\/uploads\\\/2022\\\/11\\\/365-voces-de-adviento-sin-txt.jpg\",\"datePublished\":\"2022-12-16T05:00:00+00:00\",\"dateModified\":\"2022-12-16T23:32:51+00:00\",\"description\":\"Hoy es viernes, 16 de diciembre. Esta semana, mientras nos preparamos para la Navidad, estamos escuchando a las voces de las mujeres que Mateo nombr\u00f3 en la genealog\u00eda de Jes\u00fas (Mateo 1:1-17).\",\"breadcrumb\":{\"@id\":\"https:\\\/\\\/www.24-7prayer.com\\\/es\\\/la-voz-de-betsabe\\\/#breadcrumb\"},\"inLanguage\":\"es\",\"potentialAction\":[{\"@type\":\"ReadAction\",\"target\":[\"https:\\\/\\\/www.24-7prayer.com\\\/es\\\/la-voz-de-betsabe\\\/\"]}]},{\"@type\":\"ImageObject\",\"inLanguage\":\"es\",\"@id\":\"https:\\\/\\\/www.24-7prayer.com\\\/es\\\/la-voz-de-betsabe\\\/#primaryimage\",\"url\":\"https:\\\/\\\/www.24-7prayer.com\\\/wp-content\\\/uploads\\\/2022\\\/11\\\/365-voces-de-adviento-sin-txt.jpg\",\"contentUrl\":\"https:\\\/\\\/www.24-7prayer.com\\\/wp-content\\\/uploads\\\/2022\\\/11\\\/365-voces-de-adviento-sin-txt.jpg\",\"width\":1080,\"height\":1080},{\"@type\":\"BreadcrumbList\",\"@id\":\"https:\\\/\\\/www.24-7prayer.com\\\/es\\\/la-voz-de-betsabe\\\/#breadcrumb\",\"itemListElement\":[{\"@type\":\"ListItem\",\"position\":1,\"name\":\"Home\",\"item\":\"https:\\\/\\\/www.24-7prayer.com\\\/es\\\/\"},{\"@type\":\"ListItem\",\"position\":2,\"name\":\"La voz de Betsab\u00e9\"}]},{\"@type\":\"WebSite\",\"@id\":\"https:\\\/\\\/www.24-7prayer.com\\\/es\\\/#website\",\"url\":\"https:\\\/\\\/www.24-7prayer.com\\\/es\\\/\",\"name\":\"24-7 Prayer International\",\"description\":\"Prayer Mission Justice\",\"publisher\":{\"@id\":\"https:\\\/\\\/www.24-7prayer.com\\\/es\\\/#organization\"},\"potentialAction\":[{\"@type\":\"SearchAction\",\"target\":{\"@type\":\"EntryPoint\",\"urlTemplate\":\"https:\\\/\\\/www.24-7prayer.com\\\/es\\\/?s={search_term_string}\"},\"query-input\":{\"@type\":\"PropertyValueSpecification\",\"valueRequired\":true,\"valueName\":\"search_term_string\"}}],\"inLanguage\":\"es\"},{\"@type\":\"Organization\",\"@id\":\"https:\\\/\\\/www.24-7prayer.com\\\/es\\\/#organization\",\"name\":\"24-7 Prayer\",\"url\":\"https:\\\/\\\/www.24-7prayer.com\\\/es\\\/\",\"logo\":{\"@type\":\"ImageObject\",\"inLanguage\":\"es\",\"@id\":\"https:\\\/\\\/www.24-7prayer.com\\\/es\\\/#\\\/schema\\\/logo\\\/image\\\/\",\"url\":\"https:\\\/\\\/www.24-7prayer.com\\\/wp-content\\\/uploads\\\/2022\\\/06\\\/logo.png\",\"contentUrl\":\"https:\\\/\\\/www.24-7prayer.com\\\/wp-content\\\/uploads\\\/2022\\\/06\\\/logo.png\",\"width\":302,\"height\":49,\"caption\":\"24-7 Prayer\"},\"image\":{\"@id\":\"https:\\\/\\\/www.24-7prayer.com\\\/es\\\/#\\\/schema\\\/logo\\\/image\\\/\"}},{\"@type\":\"Person\",\"@id\":\"https:\\\/\\\/www.24-7prayer.com\\\/es\\\/#\\\/schema\\\/person\\\/cea924691d05af4dfa35da709e7ede7d\",\"name\":\"aitor@oracion24-7.com\",\"image\":{\"@type\":\"ImageObject\",\"inLanguage\":\"es\",\"@id\":\"https:\\\/\\\/secure.gravatar.com\\\/avatar\\\/e67a3b0c8e0d52ee179e9f94d3d54543d229c4da1d7def06a61faccb28313f0a?s=96&d=mm&r=g\",\"url\":\"https:\\\/\\\/secure.gravatar.com\\\/avatar\\\/e67a3b0c8e0d52ee179e9f94d3d54543d229c4da1d7def06a61faccb28313f0a?s=96&d=mm&r=g\",\"contentUrl\":\"https:\\\/\\\/secure.gravatar.com\\\/avatar\\\/e67a3b0c8e0d52ee179e9f94d3d54543d229c4da1d7def06a61faccb28313f0a?s=96&d=mm&r=g\",\"caption\":\"aitor@oracion24-7.com\"},\"url\":\"https:\\\/\\\/www.24-7prayer.com\\\/es\\\/author\\\/aitororacion24-7-com\\\/\"}]}<\/script>\n<!-- \/ Yoast SEO plugin. -->","yoast_head_json":{"title":"La voz de Betsab\u00e9","description":"Hoy es viernes, 16 de diciembre. Esta semana, mientras nos preparamos para la Navidad, estamos escuchando a las voces de las mujeres que Mateo nombr\u00f3 en la genealog\u00eda de Jes\u00fas (Mateo 1:1-17).","robots":{"index":"index","follow":"follow","max-snippet":"max-snippet:-1","max-image-preview":"max-image-preview:large","max-video-preview":"max-video-preview:-1"},"canonical":"https:\/\/www.24-7prayer.com\/es\/la-voz-de-betsabe\/","og_locale":"es_ES","og_type":"article","og_title":"La voz de Betsab\u00e9","og_description":"Hoy es viernes, 16 de diciembre. Esta semana, mientras nos preparamos para la Navidad, estamos escuchando a las voces de las mujeres que Mateo nombr\u00f3 en la genealog\u00eda de Jes\u00fas (Mateo 1:1-17).","og_url":"https:\/\/www.24-7prayer.com\/es\/la-voz-de-betsabe\/","og_site_name":"24-7 Prayer International","article_published_time":"2022-12-16T05:00:00+00:00","article_modified_time":"2022-12-16T23:32:51+00:00","og_image":[{"width":1080,"height":1080,"url":"https:\/\/www.24-7prayer.com\/wp-content\/uploads\/2022\/11\/365-voces-de-adviento-sin-txt.jpg","type":"image\/jpeg"}],"author":"aitor@oracion24-7.com","twitter_card":"summary_large_image","schema":{"@context":"https:\/\/schema.org","@graph":[{"@type":"Article","@id":"https:\/\/www.24-7prayer.com\/es\/la-voz-de-betsabe\/#article","isPartOf":{"@id":"https:\/\/www.24-7prayer.com\/es\/la-voz-de-betsabe\/"},"author":{"name":"aitor@oracion24-7.com","@id":"https:\/\/www.24-7prayer.com\/es\/#\/schema\/person\/cea924691d05af4dfa35da709e7ede7d"},"headline":"La voz de Betsab\u00e9","datePublished":"2022-12-16T05:00:00+00:00","dateModified":"2022-12-16T23:32:51+00:00","mainEntityOfPage":{"@id":"https:\/\/www.24-7prayer.com\/es\/la-voz-de-betsabe\/"},"wordCount":1211,"publisher":{"@id":"https:\/\/www.24-7prayer.com\/es\/#organization"},"image":{"@id":"https:\/\/www.24-7prayer.com\/es\/la-voz-de-betsabe\/#primaryimage"},"thumbnailUrl":"https:\/\/www.24-7prayer.com\/wp-content\/uploads\/2022\/11\/365-voces-de-adviento-sin-txt.jpg","articleSection":["Blogs"],"inLanguage":"es"},{"@type":"WebPage","@id":"https:\/\/www.24-7prayer.com\/es\/la-voz-de-betsabe\/","url":"https:\/\/www.24-7prayer.com\/es\/la-voz-de-betsabe\/","name":"La voz de Betsab\u00e9","isPartOf":{"@id":"https:\/\/www.24-7prayer.com\/es\/#website"},"primaryImageOfPage":{"@id":"https:\/\/www.24-7prayer.com\/es\/la-voz-de-betsabe\/#primaryimage"},"image":{"@id":"https:\/\/www.24-7prayer.com\/es\/la-voz-de-betsabe\/#primaryimage"},"thumbnailUrl":"https:\/\/www.24-7prayer.com\/wp-content\/uploads\/2022\/11\/365-voces-de-adviento-sin-txt.jpg","datePublished":"2022-12-16T05:00:00+00:00","dateModified":"2022-12-16T23:32:51+00:00","description":"Hoy es viernes, 16 de diciembre. Esta semana, mientras nos preparamos para la Navidad, estamos escuchando a las voces de las mujeres que Mateo nombr\u00f3 en la genealog\u00eda de Jes\u00fas (Mateo 1:1-17).","breadcrumb":{"@id":"https:\/\/www.24-7prayer.com\/es\/la-voz-de-betsabe\/#breadcrumb"},"inLanguage":"es","potentialAction":[{"@type":"ReadAction","target":["https:\/\/www.24-7prayer.com\/es\/la-voz-de-betsabe\/"]}]},{"@type":"ImageObject","inLanguage":"es","@id":"https:\/\/www.24-7prayer.com\/es\/la-voz-de-betsabe\/#primaryimage","url":"https:\/\/www.24-7prayer.com\/wp-content\/uploads\/2022\/11\/365-voces-de-adviento-sin-txt.jpg","contentUrl":"https:\/\/www.24-7prayer.com\/wp-content\/uploads\/2022\/11\/365-voces-de-adviento-sin-txt.jpg","width":1080,"height":1080},{"@type":"BreadcrumbList","@id":"https:\/\/www.24-7prayer.com\/es\/la-voz-de-betsabe\/#breadcrumb","itemListElement":[{"@type":"ListItem","position":1,"name":"Home","item":"https:\/\/www.24-7prayer.com\/es\/"},{"@type":"ListItem","position":2,"name":"La voz de Betsab\u00e9"}]},{"@type":"WebSite","@id":"https:\/\/www.24-7prayer.com\/es\/#website","url":"https:\/\/www.24-7prayer.com\/es\/","name":"24-7 Prayer International","description":"Prayer Mission Justice","publisher":{"@id":"https:\/\/www.24-7prayer.com\/es\/#organization"},"potentialAction":[{"@type":"SearchAction","target":{"@type":"EntryPoint","urlTemplate":"https:\/\/www.24-7prayer.com\/es\/?s={search_term_string}"},"query-input":{"@type":"PropertyValueSpecification","valueRequired":true,"valueName":"search_term_string"}}],"inLanguage":"es"},{"@type":"Organization","@id":"https:\/\/www.24-7prayer.com\/es\/#organization","name":"24-7 Prayer","url":"https:\/\/www.24-7prayer.com\/es\/","logo":{"@type":"ImageObject","inLanguage":"es","@id":"https:\/\/www.24-7prayer.com\/es\/#\/schema\/logo\/image\/","url":"https:\/\/www.24-7prayer.com\/wp-content\/uploads\/2022\/06\/logo.png","contentUrl":"https:\/\/www.24-7prayer.com\/wp-content\/uploads\/2022\/06\/logo.png","width":302,"height":49,"caption":"24-7 Prayer"},"image":{"@id":"https:\/\/www.24-7prayer.com\/es\/#\/schema\/logo\/image\/"}},{"@type":"Person","@id":"https:\/\/www.24-7prayer.com\/es\/#\/schema\/person\/cea924691d05af4dfa35da709e7ede7d","name":"aitor@oracion24-7.com","image":{"@type":"ImageObject","inLanguage":"es","@id":"https:\/\/secure.gravatar.com\/avatar\/e67a3b0c8e0d52ee179e9f94d3d54543d229c4da1d7def06a61faccb28313f0a?s=96&d=mm&r=g","url":"https:\/\/secure.gravatar.com\/avatar\/e67a3b0c8e0d52ee179e9f94d3d54543d229c4da1d7def06a61faccb28313f0a?s=96&d=mm&r=g","contentUrl":"https:\/\/secure.gravatar.com\/avatar\/e67a3b0c8e0d52ee179e9f94d3d54543d229c4da1d7def06a61faccb28313f0a?s=96&d=mm&r=g","caption":"aitor@oracion24-7.com"},"url":"https:\/\/www.24-7prayer.com\/es\/author\/aitororacion24-7-com\/"}]}},"_links":{"self":[{"href":"https:\/\/www.24-7prayer.com\/es\/wp-json\/wp\/v2\/posts\/36669","targetHints":{"allow":["GET"]}}],"collection":[{"href":"https:\/\/www.24-7prayer.com\/es\/wp-json\/wp\/v2\/posts"}],"about":[{"href":"https:\/\/www.24-7prayer.com\/es\/wp-json\/wp\/v2\/types\/post"}],"author":[{"embeddable":true,"href":"https:\/\/www.24-7prayer.com\/es\/wp-json\/wp\/v2\/users\/216"}],"replies":[{"embeddable":true,"href":"https:\/\/www.24-7prayer.com\/es\/wp-json\/wp\/v2\/comments?post=36669"}],"version-history":[{"count":4,"href":"https:\/\/www.24-7prayer.com\/es\/wp-json\/wp\/v2\/posts\/36669\/revisions"}],"predecessor-version":[{"id":36849,"href":"https:\/\/www.24-7prayer.com\/es\/wp-json\/wp\/v2\/posts\/36669\/revisions\/36849"}],"wp:featuredmedia":[{"embeddable":true,"href":"https:\/\/www.24-7prayer.com\/es\/wp-json\/wp\/v2\/media\/35192"}],"wp:attachment":[{"href":"https:\/\/www.24-7prayer.com\/es\/wp-json\/wp\/v2\/media?parent=36669"}],"wp:term":[{"taxonomy":"category","embeddable":true,"href":"https:\/\/www.24-7prayer.com\/es\/wp-json\/wp\/v2\/categories?post=36669"},{"taxonomy":"post_tag","embeddable":true,"href":"https:\/\/www.24-7prayer.com\/es\/wp-json\/wp\/v2\/tags?post=36669"},{"taxonomy":"author_slug","embeddable":true,"href":"https:\/\/www.24-7prayer.com\/es\/wp-json\/wp\/v2\/author_slug?post=36669"},{"taxonomy":"blog_series","embeddable":true,"href":"https:\/\/www.24-7prayer.com\/es\/wp-json\/wp\/v2\/blog_series?post=36669"},{"taxonomy":"topic","embeddable":true,"href":"https:\/\/www.24-7prayer.com\/es\/wp-json\/wp\/v2\/topic?post=36669"}],"curies":[{"name":"wp","href":"https:\/\/api.w.org\/{rel}","templated":true}]}}