{"id":36660,"date":"2022-12-15T05:00:00","date_gmt":"2022-12-15T05:00:00","guid":{"rendered":"https:\/\/www.24-7prayer.com\/?p=36660"},"modified":"2022-12-15T22:00:44","modified_gmt":"2022-12-15T22:00:44","slug":"la-voz-de-rut","status":"publish","type":"post","link":"https:\/\/www.24-7prayer.com\/es\/la-voz-de-rut\/","title":{"rendered":"<strong>La voz de Rut<\/strong>"},"content":{"rendered":"\n<div class=\"wp-block-buttons is-content-justification-center is-layout-flex wp-container-core-buttons-is-layout-a89b3969 wp-block-buttons-is-layout-flex\"><\/div>\n\n\n\n<iframe loading=\"lazy\" src=\"https:\/\/anchor.fm\/oracion247\/embed\/episodes\/La-voz-de-Rut-I-Voces-de-Adviento-I-Lectio-365-e1s8nsc\" height=\"102px\" width=\"100%\" frameborder=\"0\" scrolling=\"no\"><\/iframe>\n\n\n\n<p>Hoy es jueves, 15 de diciembre. Esta semana, mientras nos preparamos para la Navidad, estamos explorando las historias y escuchando a las voces de las mujeres que Mateo nombr\u00f3 en la genealog\u00eda de Jes\u00fas (Mateo 1:1-17).<\/p>\n\n\n\n<h3 class=\"wp-block-heading\" id=\"haz-una-pausa\">Haz una pausa<\/h3>\n\n\n\n<p><strong><em><strong><em><strong><em><strong><em><strong><em><strong><em>Por lo tanto ahora, al iniciar mi tiempo de oraci\u00f3n, hago una pausa para estar quieta; para respirar lentamente, para re-centrar mis sentidos, que se encuentran dispersos, delante de la presencia de Dios.<\/em><\/strong><\/em><\/strong><\/em><\/strong><\/em><\/strong><\/em><\/strong><\/em><\/strong><\/p>\n\n\n\n<hr class=\"wp-block-separator has-css-opacity is-style-dots\"\/>\n\n\n\n<h5 class=\"has-text-align-center wp-block-heading\" id=\"haz-una-pausa-y-ora\"><em>Haz una pausa y ora<\/em><\/h5>\n\n\n\n<hr class=\"wp-block-separator has-css-opacity is-style-dots\"\/>\n\n\n\n<h3 class=\"wp-block-heading\" id=\"haz-una-pausa\">Oraci\u00f3n de Enfoque<\/h3>\n\n\n\n<p><em>Se\u00f1or, en esta \u00e9poca de tanto ajetreo, por favor, ay\u00fadame a estar quieta. Abro mis o\u00eddos ahora para escuchar cosas incre\u00edbles sobre ti, preparando mi coraz\u00f3n calladamente para el milagro de tu venida en Navidad.<\/em><\/p>\n\n\n\n<div style=\"height:59px\" aria-hidden=\"true\" class=\"wp-block-spacer\"><\/div>\n\n\n\n<h3 class=\"wp-block-heading\" id=\"regocijarse-y-reflexionar\">Regocijarse y Reflexionar<\/h3>\n\n\n\n<p>Hoy escojo regocijarme porque Dios se deleita en m\u00ed, uni\u00e9ndome a la alabanza ancestral de todo el pueblo de Dios en palabras del Salmo 149&#8230;<\/p>\n\n\n\n<blockquote class=\"wp-block-quote is-layout-flow wp-block-quote-is-layout-flow\">\n<p> porque el&nbsp;Se\u00f1or&nbsp;se deleita en su pueblo;<br> &nbsp;&nbsp;&nbsp;&nbsp;\u00e9l corona al humilde con victoria. <br>Que los fieles se alegren de que \u00e9l les honra;<br> &nbsp;&nbsp;&nbsp;&nbsp;que canten de alegr\u00eda mientras descansan en sus camas. <\/p>\n<cite><strong><strong><strong><strong>Salmo 149:4-5 (NTV)<\/strong><\/strong><\/strong><\/strong><\/cite><\/blockquote>\n\n\n\n<hr class=\"wp-block-separator has-css-opacity is-style-dots\"\/>\n\n\n\n<h5 class=\"has-text-align-center wp-block-heading\" id=\"haz-una-pausa-y-ora\"><em>Haz una pausa y ora<\/em><\/h5>\n\n\n\n<hr class=\"wp-block-separator has-css-opacity is-style-dots\"\/>\n\n\n\n<p>Hoy escucho a la tercera mujer que Mateo destac\u00f3 en la ascendencia humana de Jes\u00fas. Rut era una viuda moabita que abandon\u00f3 su tierra para seguir a su suegra jud\u00eda viuda a Israel. Sin familia, protecci\u00f3n ni provisi\u00f3n, estas dos mujeres corrieron grandes riesgos para asegurarse un nuevo futuro\u2026&nbsp;<\/p>\n\n\n\n<blockquote class=\"wp-block-quote is-layout-flow wp-block-quote-is-layout-flow\">\n<p>Un d\u00eda su suegra Noem\u00ed le dijo: <br><br>\u2015Hija m\u00eda, \u00bfno debiera yo buscarte un hogar seguro donde no te falte nada?&nbsp;Adem\u00e1s, \u00bfacaso Booz, con cuyas criadas has estado, no es nuestro pariente? Pues bien, \u00e9l va esta noche a la era para aventar la cebada.&nbsp;B\u00e1\u00f1ate y perf\u00famate, y ponte tu mejor ropa. Baja luego a la era, pero no dejes que \u00e9l se d\u00e9 cuenta de que est\u00e1s all\u00ed hasta que haya terminado de comer y beber.&nbsp;Cuando se vaya a dormir, te fijas d\u00f3nde se acuesta. Luego vas, le destapas los pies, y te acuestas all\u00ed. Ver\u00e1s c\u00f3mo \u00e9l mismo te dice lo que tienes que hacer. <br><br>\u2015Har\u00e9 todo lo que me has dicho \u2014respondi\u00f3 Rut. <br>Y baj\u00f3 a la era e hizo todo lo que su suegra le hab\u00eda mandado. <\/p>\n<cite><strong><strong><strong><strong><strong><strong><strong><strong>Rut 3:1-6 (NVICST)<\/strong><\/strong><\/strong><\/strong><\/strong><\/strong><\/strong><\/strong><\/cite><\/blockquote>\n\n\n\n<p>Rut no ten\u00eda nada; incluso la comida que recog\u00eda depend\u00eda de la bondad de un extra\u00f1o (Rut 2). Sin embargo, en su dolor y pobreza, Rut eligi\u00f3 poner su confianza en Noem\u00ed, y en el Dios de Noem\u00ed. Cuando su suegra le dijo a Rut que lo arriesgara todo para apelar a Booz, un pariente lejano del que apenas sab\u00eda nada, Rut demostr\u00f3 su confianza en Noem\u00ed mediante una obediencia arriesgada.<\/p>\n\n\n\n<div style=\"height:59px\" aria-hidden=\"true\" class=\"wp-block-spacer\"><\/div>\n\n\n\n<h3 class=\"wp-block-heading\" id=\"apelar-pedir\"><strong>Apelar \/ Pedir<\/strong><\/h3>\n\n\n\n<p><em>Padre Dios, es f\u00e1cil hablar de confiar en ti, pero es aterrador poner esa confianza a prueba. Te hablo ahora de una necesidad en mi vida. Dame direcci\u00f3n. En las palabras de Rut, &#8216;har\u00e9 lo que t\u00fa digas&#8217;.<\/em><\/p>\n\n\n\n<hr class=\"wp-block-separator has-css-opacity is-style-dots\"\/>\n\n\n\n<h5 class=\"has-text-align-center wp-block-heading\" id=\"haz-una-pausa-y-ora\"><em>Haz una pausa y ora<\/em><\/h5>\n\n\n\n<hr class=\"wp-block-separator has-css-opacity is-style-dots\"\/>\n\n\n\n<p>Muchos medios de comunicaci\u00f3n y expertos financieros predicen una recesi\u00f3n mundial en 2023.<br><br><em>Dios, mi proveedor, oro por las personas de mi pa\u00eds que ya tienen dificultades econ\u00f3micas, incluidas aquellas que, como Rut, no est\u00e1n seguras de d\u00f3nde saldr\u00e1 su pr\u00f3xima comida.<\/em>&nbsp;<\/p>\n\n\n\n<hr class=\"wp-block-separator has-css-opacity is-style-dots\"\/>\n\n\n\n<h5 class=\"has-text-align-center wp-block-heading\" id=\"haz-una-pausa-y-ora\"><em>Haz una pausa y ora<\/em><\/h5>\n\n\n\n<hr class=\"wp-block-separator has-css-opacity is-style-dots\"\/>\n\n\n\n<h3 class=\"wp-block-heading\" id=\"apelar-pedir\"><strong>Rendirse<\/strong><\/h3>\n\n\n\n<p>Al volver al pasaje<em>, abro mis o\u00eddos para escuchar tu Palabra, y mi coraz\u00f3n para rendirme a tu voluntad una vez m\u00e1s.<\/em><\/p>\n\n\n\n<blockquote class=\"wp-block-quote is-layout-flow wp-block-quote-is-layout-flow\">\n<p>Un d\u00eda su suegra Noem\u00ed le dijo: <br><br>\u2015Hija m\u00eda, \u00bfno debiera yo buscarte un hogar seguro donde no te falte nada?&nbsp;Adem\u00e1s, \u00bfacaso Booz, con cuyas criadas has estado, no es nuestro pariente? Pues bien, \u00e9l va esta noche a la era para aventar la cebada.&nbsp;B\u00e1\u00f1ate y perf\u00famate, y ponte tu mejor ropa. Baja luego a la era, pero no dejes que \u00e9l se d\u00e9 cuenta de que est\u00e1s all\u00ed hasta que haya terminado de comer y beber.&nbsp;Cuando se vaya a dormir, te fijas d\u00f3nde se acuesta. Luego vas, le destapas los pies, y te acuestas all\u00ed. Ver\u00e1s c\u00f3mo \u00e9l mismo te dice lo que tienes que hacer. <br><br>\u2015Har\u00e9 todo lo que me has dicho \u2014respondi\u00f3 Rut. <br>Y baj\u00f3 a la era e hizo todo lo que su suegra le hab\u00eda mandado. <\/p>\n<cite><strong><strong><strong><strong><strong><strong><strong><strong><strong><strong><strong><strong><strong><strong>Rut 3:1-6 (NVICST)<\/strong><\/strong><\/strong><\/strong><\/strong><\/strong><\/strong><\/strong><\/strong><\/strong><\/strong><\/strong><\/strong><\/strong><\/cite><\/blockquote>\n\n\n\n<p>El arriesgado plan de Noem\u00ed dio sus frutos. En lugar de aprovecharse de la vulnerable Rut, Booz se cas\u00f3 con ella, aunque le costara caro. Gracias a su generosidad redentora, una mujer gentil pas\u00f3 de las garras de la pobreza al abrazo de la familia. Y el ni\u00f1o, nacido por la confianza de Rut y la misericordia de Booz, se convirti\u00f3 en el abuelo del rey David y en un antepasado de Jes\u00fas.*<\/p>\n\n\n\n<hr class=\"wp-block-separator has-css-opacity is-style-dots\"\/>\n\n\n\n<h5 class=\"has-text-align-center wp-block-heading\" id=\"haz-una-pausa-y-ora\"><em>Haz una pausa y ora<\/em><\/h5>\n\n\n\n<hr class=\"wp-block-separator has-css-opacity is-style-dots\"\/>\n\n\n\n<h3 class=\"wp-block-heading\" id=\"apelar-pedir\"><strong><strong>Oraci\u00f3n de rendici\u00f3n<\/strong><\/strong><\/h3>\n\n\n\n<p><em><em><em><em><em><em><em><em>Se\u00f1or, me falta el valor de Noem\u00ed, la obediencia de Rut y la generosidad sacrificada de Booz. Elijo confiar en ti para satisfacer todas mis necesidades hoy. Repito las palabras de Rut, tanto a m\u00ed misma como a ti: &#8220;Har\u00e9 lo que t\u00fa digas&#8221;.<\/em><\/em><\/em><\/em><\/em><\/em><\/em><\/em><\/p>\n\n\n\n<div style=\"height:59px\" aria-hidden=\"true\" class=\"wp-block-spacer\"><\/div>\n\n\n\n<h3 class=\"wp-block-heading\" id=\"apelar-pedir\"><strong><strong><strong>Promesa de rendici\u00f3n<\/strong><\/strong><\/strong><\/h3>\n\n\n\n<p><em>Y ahora, mientras me preparo para llevar este tiempo de oraci\u00f3n al d\u00eda que tengo por delante, el Se\u00f1or, que me ama dice en el evangelio de Juan:&nbsp;<\/em><\/p>\n\n\n\n<blockquote class=\"wp-block-quote is-layout-flow wp-block-quote-is-layout-flow\">\n<p>Si permaneces en m\u00ed y mis palabras permanecen en ti, pide lo que quieras, y se te conceder\u00e1.<\/p>\n<cite><strong><strong><strong><strong><strong><strong><strong><strong>Juan 15:7 (NVICST)<\/strong><br><\/strong><\/strong><\/strong><\/strong><\/strong><\/strong><\/strong>(Adaptado en primera persona)<\/cite><\/blockquote>\n\n\n\n<h3 class=\"wp-block-heading\" id=\"apelar-pedir\"><strong><strong><strong><strong><em>Oraci\u00f3n para terminar<\/em><\/strong><\/strong><\/strong><\/strong><\/h3>\n\n\n\n<p><strong><em>Padre, ay\u00fadame a vivir este d\u00eda al m\u00e1ximo,<\/em><\/strong><br><strong><em>siendo aut\u00e9ntica contigo en todo.<\/em><\/strong><br><strong><em>Jes\u00fas, ay\u00fadame a darme a los dem\u00e1s,&nbsp;<\/em><\/strong><br><strong><em>siendo amable con toda la gente con la que me encuentre.<\/em><\/strong><br><strong><em>Esp\u00edritu, ay\u00fadame a amar a la gente que se encuentra perdida,<\/em><\/strong><br><strong><em>proclamando a Cristo en todo lo que digo y hago.<\/em><\/strong><br><strong><em>Am\u00e9n.<\/em><\/strong><\/p>\n\n\n\n<p class=\"has-small-font-size\"><\/p>\n\n\n\n<p><\/p>\n","protected":false},"excerpt":{"rendered":"<p>Hoy es jueves, 15 de diciembre. Esta semana, mientras nos preparamos para la Navidad, estamos explorando las historias y escuchando a las voces de las mujeres que Mateo nombr\u00f3 en la genealog\u00eda de Jes\u00fas (Mateo 1:1-17). Haz una pausa Por lo tanto ahora, al iniciar mi tiempo de oraci\u00f3n, hago una pausa para estar quieta; [&hellip;]<\/p>\n","protected":false},"author":216,"featured_media":35192,"comment_status":"closed","ping_status":"open","sticky":false,"template":"","format":"standard","meta":{"_acf_changed":false,"inline_featured_image":false,"footnotes":""},"categories":[206],"tags":[],"author_slug":[370],"blog_series":[518],"topic":[353],"class_list":["post-36660","post","type-post","status-publish","format-standard","has-post-thumbnail","hentry","category-blog-es","author_slug-oracion-24-7","blog_series-voces-de-adviento","topic-orar"],"acf":[],"yoast_head":"<!-- This site is optimized with the Yoast SEO plugin v27.4 - https:\/\/yoast.com\/product\/yoast-seo-wordpress\/ -->\n<title>La voz de Rut<\/title>\n<meta name=\"description\" content=\"Hoy es jueves, 15 de diciembre. Esta semana, mientras nos preparamos para la Navidad, estamos explorando las historias y escuchando a las voces de las mujeres que Mateo nombr\u00f3 en la genealog\u00eda de Jes\u00fas (Mateo 1:1-17).\" \/>\n<meta name=\"robots\" content=\"index, follow, max-snippet:-1, max-image-preview:large, max-video-preview:-1\" \/>\n<link rel=\"canonical\" href=\"https:\/\/www.24-7prayer.com\/es\/la-voz-de-rut\/\" \/>\n<meta property=\"og:locale\" content=\"es_ES\" \/>\n<meta property=\"og:type\" content=\"article\" \/>\n<meta property=\"og:title\" content=\"La voz de Rut\" \/>\n<meta property=\"og:description\" content=\"Hoy es jueves, 15 de diciembre. Esta semana, mientras nos preparamos para la Navidad, estamos explorando las historias y escuchando a las voces de las mujeres que Mateo nombr\u00f3 en la genealog\u00eda de Jes\u00fas (Mateo 1:1-17).\" \/>\n<meta property=\"og:url\" content=\"https:\/\/www.24-7prayer.com\/es\/la-voz-de-rut\/\" \/>\n<meta property=\"og:site_name\" content=\"24-7 Prayer International\" \/>\n<meta property=\"article:published_time\" content=\"2022-12-15T05:00:00+00:00\" \/>\n<meta property=\"article:modified_time\" content=\"2022-12-15T22:00:44+00:00\" \/>\n<meta property=\"og:image\" content=\"https:\/\/www.24-7prayer.com\/wp-content\/uploads\/2022\/11\/365-voces-de-adviento-sin-txt.jpg\" \/>\n\t<meta property=\"og:image:width\" content=\"1080\" \/>\n\t<meta property=\"og:image:height\" content=\"1080\" \/>\n\t<meta property=\"og:image:type\" content=\"image\/jpeg\" \/>\n<meta name=\"author\" content=\"aitor@oracion24-7.com\" \/>\n<meta name=\"twitter:card\" content=\"summary_large_image\" \/>\n<script type=\"application\/ld+json\" class=\"yoast-schema-graph\">{\"@context\":\"https:\\\/\\\/schema.org\",\"@graph\":[{\"@type\":\"Article\",\"@id\":\"https:\\\/\\\/www.24-7prayer.com\\\/es\\\/la-voz-de-rut\\\/#article\",\"isPartOf\":{\"@id\":\"https:\\\/\\\/www.24-7prayer.com\\\/es\\\/la-voz-de-rut\\\/\"},\"author\":{\"name\":\"aitor@oracion24-7.com\",\"@id\":\"https:\\\/\\\/www.24-7prayer.com\\\/es\\\/#\\\/schema\\\/person\\\/cea924691d05af4dfa35da709e7ede7d\"},\"headline\":\"La voz de Rut\",\"datePublished\":\"2022-12-15T05:00:00+00:00\",\"dateModified\":\"2022-12-15T22:00:44+00:00\",\"mainEntityOfPage\":{\"@id\":\"https:\\\/\\\/www.24-7prayer.com\\\/es\\\/la-voz-de-rut\\\/\"},\"wordCount\":1022,\"publisher\":{\"@id\":\"https:\\\/\\\/www.24-7prayer.com\\\/es\\\/#organization\"},\"image\":{\"@id\":\"https:\\\/\\\/www.24-7prayer.com\\\/es\\\/la-voz-de-rut\\\/#primaryimage\"},\"thumbnailUrl\":\"https:\\\/\\\/www.24-7prayer.com\\\/wp-content\\\/uploads\\\/2022\\\/11\\\/365-voces-de-adviento-sin-txt.jpg\",\"articleSection\":[\"Blogs\"],\"inLanguage\":\"es\"},{\"@type\":\"WebPage\",\"@id\":\"https:\\\/\\\/www.24-7prayer.com\\\/es\\\/la-voz-de-rut\\\/\",\"url\":\"https:\\\/\\\/www.24-7prayer.com\\\/es\\\/la-voz-de-rut\\\/\",\"name\":\"La voz de Rut\",\"isPartOf\":{\"@id\":\"https:\\\/\\\/www.24-7prayer.com\\\/es\\\/#website\"},\"primaryImageOfPage\":{\"@id\":\"https:\\\/\\\/www.24-7prayer.com\\\/es\\\/la-voz-de-rut\\\/#primaryimage\"},\"image\":{\"@id\":\"https:\\\/\\\/www.24-7prayer.com\\\/es\\\/la-voz-de-rut\\\/#primaryimage\"},\"thumbnailUrl\":\"https:\\\/\\\/www.24-7prayer.com\\\/wp-content\\\/uploads\\\/2022\\\/11\\\/365-voces-de-adviento-sin-txt.jpg\",\"datePublished\":\"2022-12-15T05:00:00+00:00\",\"dateModified\":\"2022-12-15T22:00:44+00:00\",\"description\":\"Hoy es jueves, 15 de diciembre. Esta semana, mientras nos preparamos para la Navidad, estamos explorando las historias y escuchando a las voces de las mujeres que Mateo nombr\u00f3 en la genealog\u00eda de Jes\u00fas (Mateo 1:1-17).\",\"breadcrumb\":{\"@id\":\"https:\\\/\\\/www.24-7prayer.com\\\/es\\\/la-voz-de-rut\\\/#breadcrumb\"},\"inLanguage\":\"es\",\"potentialAction\":[{\"@type\":\"ReadAction\",\"target\":[\"https:\\\/\\\/www.24-7prayer.com\\\/es\\\/la-voz-de-rut\\\/\"]}]},{\"@type\":\"ImageObject\",\"inLanguage\":\"es\",\"@id\":\"https:\\\/\\\/www.24-7prayer.com\\\/es\\\/la-voz-de-rut\\\/#primaryimage\",\"url\":\"https:\\\/\\\/www.24-7prayer.com\\\/wp-content\\\/uploads\\\/2022\\\/11\\\/365-voces-de-adviento-sin-txt.jpg\",\"contentUrl\":\"https:\\\/\\\/www.24-7prayer.com\\\/wp-content\\\/uploads\\\/2022\\\/11\\\/365-voces-de-adviento-sin-txt.jpg\",\"width\":1080,\"height\":1080},{\"@type\":\"BreadcrumbList\",\"@id\":\"https:\\\/\\\/www.24-7prayer.com\\\/es\\\/la-voz-de-rut\\\/#breadcrumb\",\"itemListElement\":[{\"@type\":\"ListItem\",\"position\":1,\"name\":\"Home\",\"item\":\"https:\\\/\\\/www.24-7prayer.com\\\/es\\\/\"},{\"@type\":\"ListItem\",\"position\":2,\"name\":\"La voz de Rut\"}]},{\"@type\":\"WebSite\",\"@id\":\"https:\\\/\\\/www.24-7prayer.com\\\/es\\\/#website\",\"url\":\"https:\\\/\\\/www.24-7prayer.com\\\/es\\\/\",\"name\":\"24-7 Prayer International\",\"description\":\"Prayer Mission Justice\",\"publisher\":{\"@id\":\"https:\\\/\\\/www.24-7prayer.com\\\/es\\\/#organization\"},\"potentialAction\":[{\"@type\":\"SearchAction\",\"target\":{\"@type\":\"EntryPoint\",\"urlTemplate\":\"https:\\\/\\\/www.24-7prayer.com\\\/es\\\/?s={search_term_string}\"},\"query-input\":{\"@type\":\"PropertyValueSpecification\",\"valueRequired\":true,\"valueName\":\"search_term_string\"}}],\"inLanguage\":\"es\"},{\"@type\":\"Organization\",\"@id\":\"https:\\\/\\\/www.24-7prayer.com\\\/es\\\/#organization\",\"name\":\"24-7 Prayer\",\"url\":\"https:\\\/\\\/www.24-7prayer.com\\\/es\\\/\",\"logo\":{\"@type\":\"ImageObject\",\"inLanguage\":\"es\",\"@id\":\"https:\\\/\\\/www.24-7prayer.com\\\/es\\\/#\\\/schema\\\/logo\\\/image\\\/\",\"url\":\"https:\\\/\\\/www.24-7prayer.com\\\/wp-content\\\/uploads\\\/2022\\\/06\\\/logo.png\",\"contentUrl\":\"https:\\\/\\\/www.24-7prayer.com\\\/wp-content\\\/uploads\\\/2022\\\/06\\\/logo.png\",\"width\":302,\"height\":49,\"caption\":\"24-7 Prayer\"},\"image\":{\"@id\":\"https:\\\/\\\/www.24-7prayer.com\\\/es\\\/#\\\/schema\\\/logo\\\/image\\\/\"}},{\"@type\":\"Person\",\"@id\":\"https:\\\/\\\/www.24-7prayer.com\\\/es\\\/#\\\/schema\\\/person\\\/cea924691d05af4dfa35da709e7ede7d\",\"name\":\"aitor@oracion24-7.com\",\"image\":{\"@type\":\"ImageObject\",\"inLanguage\":\"es\",\"@id\":\"https:\\\/\\\/secure.gravatar.com\\\/avatar\\\/e67a3b0c8e0d52ee179e9f94d3d54543d229c4da1d7def06a61faccb28313f0a?s=96&d=mm&r=g\",\"url\":\"https:\\\/\\\/secure.gravatar.com\\\/avatar\\\/e67a3b0c8e0d52ee179e9f94d3d54543d229c4da1d7def06a61faccb28313f0a?s=96&d=mm&r=g\",\"contentUrl\":\"https:\\\/\\\/secure.gravatar.com\\\/avatar\\\/e67a3b0c8e0d52ee179e9f94d3d54543d229c4da1d7def06a61faccb28313f0a?s=96&d=mm&r=g\",\"caption\":\"aitor@oracion24-7.com\"},\"url\":\"https:\\\/\\\/www.24-7prayer.com\\\/es\\\/author\\\/aitororacion24-7-com\\\/\"}]}<\/script>\n<!-- \/ Yoast SEO plugin. -->","yoast_head_json":{"title":"La voz de Rut","description":"Hoy es jueves, 15 de diciembre. Esta semana, mientras nos preparamos para la Navidad, estamos explorando las historias y escuchando a las voces de las mujeres que Mateo nombr\u00f3 en la genealog\u00eda de Jes\u00fas (Mateo 1:1-17).","robots":{"index":"index","follow":"follow","max-snippet":"max-snippet:-1","max-image-preview":"max-image-preview:large","max-video-preview":"max-video-preview:-1"},"canonical":"https:\/\/www.24-7prayer.com\/es\/la-voz-de-rut\/","og_locale":"es_ES","og_type":"article","og_title":"La voz de Rut","og_description":"Hoy es jueves, 15 de diciembre. Esta semana, mientras nos preparamos para la Navidad, estamos explorando las historias y escuchando a las voces de las mujeres que Mateo nombr\u00f3 en la genealog\u00eda de Jes\u00fas (Mateo 1:1-17).","og_url":"https:\/\/www.24-7prayer.com\/es\/la-voz-de-rut\/","og_site_name":"24-7 Prayer International","article_published_time":"2022-12-15T05:00:00+00:00","article_modified_time":"2022-12-15T22:00:44+00:00","og_image":[{"width":1080,"height":1080,"url":"https:\/\/www.24-7prayer.com\/wp-content\/uploads\/2022\/11\/365-voces-de-adviento-sin-txt.jpg","type":"image\/jpeg"}],"author":"aitor@oracion24-7.com","twitter_card":"summary_large_image","schema":{"@context":"https:\/\/schema.org","@graph":[{"@type":"Article","@id":"https:\/\/www.24-7prayer.com\/es\/la-voz-de-rut\/#article","isPartOf":{"@id":"https:\/\/www.24-7prayer.com\/es\/la-voz-de-rut\/"},"author":{"name":"aitor@oracion24-7.com","@id":"https:\/\/www.24-7prayer.com\/es\/#\/schema\/person\/cea924691d05af4dfa35da709e7ede7d"},"headline":"La voz de Rut","datePublished":"2022-12-15T05:00:00+00:00","dateModified":"2022-12-15T22:00:44+00:00","mainEntityOfPage":{"@id":"https:\/\/www.24-7prayer.com\/es\/la-voz-de-rut\/"},"wordCount":1022,"publisher":{"@id":"https:\/\/www.24-7prayer.com\/es\/#organization"},"image":{"@id":"https:\/\/www.24-7prayer.com\/es\/la-voz-de-rut\/#primaryimage"},"thumbnailUrl":"https:\/\/www.24-7prayer.com\/wp-content\/uploads\/2022\/11\/365-voces-de-adviento-sin-txt.jpg","articleSection":["Blogs"],"inLanguage":"es"},{"@type":"WebPage","@id":"https:\/\/www.24-7prayer.com\/es\/la-voz-de-rut\/","url":"https:\/\/www.24-7prayer.com\/es\/la-voz-de-rut\/","name":"La voz de Rut","isPartOf":{"@id":"https:\/\/www.24-7prayer.com\/es\/#website"},"primaryImageOfPage":{"@id":"https:\/\/www.24-7prayer.com\/es\/la-voz-de-rut\/#primaryimage"},"image":{"@id":"https:\/\/www.24-7prayer.com\/es\/la-voz-de-rut\/#primaryimage"},"thumbnailUrl":"https:\/\/www.24-7prayer.com\/wp-content\/uploads\/2022\/11\/365-voces-de-adviento-sin-txt.jpg","datePublished":"2022-12-15T05:00:00+00:00","dateModified":"2022-12-15T22:00:44+00:00","description":"Hoy es jueves, 15 de diciembre. Esta semana, mientras nos preparamos para la Navidad, estamos explorando las historias y escuchando a las voces de las mujeres que Mateo nombr\u00f3 en la genealog\u00eda de Jes\u00fas (Mateo 1:1-17).","breadcrumb":{"@id":"https:\/\/www.24-7prayer.com\/es\/la-voz-de-rut\/#breadcrumb"},"inLanguage":"es","potentialAction":[{"@type":"ReadAction","target":["https:\/\/www.24-7prayer.com\/es\/la-voz-de-rut\/"]}]},{"@type":"ImageObject","inLanguage":"es","@id":"https:\/\/www.24-7prayer.com\/es\/la-voz-de-rut\/#primaryimage","url":"https:\/\/www.24-7prayer.com\/wp-content\/uploads\/2022\/11\/365-voces-de-adviento-sin-txt.jpg","contentUrl":"https:\/\/www.24-7prayer.com\/wp-content\/uploads\/2022\/11\/365-voces-de-adviento-sin-txt.jpg","width":1080,"height":1080},{"@type":"BreadcrumbList","@id":"https:\/\/www.24-7prayer.com\/es\/la-voz-de-rut\/#breadcrumb","itemListElement":[{"@type":"ListItem","position":1,"name":"Home","item":"https:\/\/www.24-7prayer.com\/es\/"},{"@type":"ListItem","position":2,"name":"La voz de Rut"}]},{"@type":"WebSite","@id":"https:\/\/www.24-7prayer.com\/es\/#website","url":"https:\/\/www.24-7prayer.com\/es\/","name":"24-7 Prayer International","description":"Prayer Mission Justice","publisher":{"@id":"https:\/\/www.24-7prayer.com\/es\/#organization"},"potentialAction":[{"@type":"SearchAction","target":{"@type":"EntryPoint","urlTemplate":"https:\/\/www.24-7prayer.com\/es\/?s={search_term_string}"},"query-input":{"@type":"PropertyValueSpecification","valueRequired":true,"valueName":"search_term_string"}}],"inLanguage":"es"},{"@type":"Organization","@id":"https:\/\/www.24-7prayer.com\/es\/#organization","name":"24-7 Prayer","url":"https:\/\/www.24-7prayer.com\/es\/","logo":{"@type":"ImageObject","inLanguage":"es","@id":"https:\/\/www.24-7prayer.com\/es\/#\/schema\/logo\/image\/","url":"https:\/\/www.24-7prayer.com\/wp-content\/uploads\/2022\/06\/logo.png","contentUrl":"https:\/\/www.24-7prayer.com\/wp-content\/uploads\/2022\/06\/logo.png","width":302,"height":49,"caption":"24-7 Prayer"},"image":{"@id":"https:\/\/www.24-7prayer.com\/es\/#\/schema\/logo\/image\/"}},{"@type":"Person","@id":"https:\/\/www.24-7prayer.com\/es\/#\/schema\/person\/cea924691d05af4dfa35da709e7ede7d","name":"aitor@oracion24-7.com","image":{"@type":"ImageObject","inLanguage":"es","@id":"https:\/\/secure.gravatar.com\/avatar\/e67a3b0c8e0d52ee179e9f94d3d54543d229c4da1d7def06a61faccb28313f0a?s=96&d=mm&r=g","url":"https:\/\/secure.gravatar.com\/avatar\/e67a3b0c8e0d52ee179e9f94d3d54543d229c4da1d7def06a61faccb28313f0a?s=96&d=mm&r=g","contentUrl":"https:\/\/secure.gravatar.com\/avatar\/e67a3b0c8e0d52ee179e9f94d3d54543d229c4da1d7def06a61faccb28313f0a?s=96&d=mm&r=g","caption":"aitor@oracion24-7.com"},"url":"https:\/\/www.24-7prayer.com\/es\/author\/aitororacion24-7-com\/"}]}},"_links":{"self":[{"href":"https:\/\/www.24-7prayer.com\/es\/wp-json\/wp\/v2\/posts\/36660","targetHints":{"allow":["GET"]}}],"collection":[{"href":"https:\/\/www.24-7prayer.com\/es\/wp-json\/wp\/v2\/posts"}],"about":[{"href":"https:\/\/www.24-7prayer.com\/es\/wp-json\/wp\/v2\/types\/post"}],"author":[{"embeddable":true,"href":"https:\/\/www.24-7prayer.com\/es\/wp-json\/wp\/v2\/users\/216"}],"replies":[{"embeddable":true,"href":"https:\/\/www.24-7prayer.com\/es\/wp-json\/wp\/v2\/comments?post=36660"}],"version-history":[{"count":4,"href":"https:\/\/www.24-7prayer.com\/es\/wp-json\/wp\/v2\/posts\/36660\/revisions"}],"predecessor-version":[{"id":36774,"href":"https:\/\/www.24-7prayer.com\/es\/wp-json\/wp\/v2\/posts\/36660\/revisions\/36774"}],"wp:featuredmedia":[{"embeddable":true,"href":"https:\/\/www.24-7prayer.com\/es\/wp-json\/wp\/v2\/media\/35192"}],"wp:attachment":[{"href":"https:\/\/www.24-7prayer.com\/es\/wp-json\/wp\/v2\/media?parent=36660"}],"wp:term":[{"taxonomy":"category","embeddable":true,"href":"https:\/\/www.24-7prayer.com\/es\/wp-json\/wp\/v2\/categories?post=36660"},{"taxonomy":"post_tag","embeddable":true,"href":"https:\/\/www.24-7prayer.com\/es\/wp-json\/wp\/v2\/tags?post=36660"},{"taxonomy":"author_slug","embeddable":true,"href":"https:\/\/www.24-7prayer.com\/es\/wp-json\/wp\/v2\/author_slug?post=36660"},{"taxonomy":"blog_series","embeddable":true,"href":"https:\/\/www.24-7prayer.com\/es\/wp-json\/wp\/v2\/blog_series?post=36660"},{"taxonomy":"topic","embeddable":true,"href":"https:\/\/www.24-7prayer.com\/es\/wp-json\/wp\/v2\/topic?post=36660"}],"curies":[{"name":"wp","href":"https:\/\/api.w.org\/{rel}","templated":true}]}}