{"id":36582,"date":"2022-12-14T05:17:00","date_gmt":"2022-12-14T05:17:00","guid":{"rendered":"https:\/\/www.24-7prayer.com\/?p=36582"},"modified":"2022-12-14T18:10:12","modified_gmt":"2022-12-14T18:10:12","slug":"la-voz-de-rajab","status":"publish","type":"post","link":"https:\/\/www.24-7prayer.com\/es\/la-voz-de-rajab\/","title":{"rendered":"<strong>La voz de Rajab<\/strong>"},"content":{"rendered":"\n<div class=\"wp-block-buttons is-content-justification-center is-layout-flex wp-container-core-buttons-is-layout-a89b3969 wp-block-buttons-is-layout-flex\"><\/div>\n\n\n\n<iframe loading=\"lazy\" src=\"https:\/\/anchor.fm\/oracion247\/embed\/episodes\/La-voz-de-Rajab-I-Voces-de-Adviento-I-Lectio-365-e1s7a8c\" height=\"102px\" width=\"100%\" frameborder=\"0\" scrolling=\"no\"><\/iframe>\n\n\n\n<p>Hoy es mi\u00e9rcoles, 14 de diciembre. Esta semana, mientras nos preparamos para celebrar el nacimiento de Jes\u00fas, estamos reflexionando sobre las sorprendentes mujeres que Mateo incluy\u00f3 en la l\u00ednea familiar de Jes\u00fas (Mateo 1:1-17).&nbsp;<\/p>\n\n\n\n<h3 class=\"wp-block-heading\" id=\"haz-una-pausa\">Haz una pausa<\/h3>\n\n\n\n<p><strong><em><strong><em><strong><em><strong><em><strong><em><strong><em>Por lo tanto ahora, al iniciar mi tiempo de oraci\u00f3n, hago una pausa para estar quieta; para respirar lentamente, para re-centrar mis sentidos, que se encuentran dispersos, delante de la presencia de Dios.<\/em><\/strong><\/em><\/strong><\/em><\/strong><\/em><\/strong><\/em><\/strong><\/em><\/strong><\/p>\n\n\n\n<hr class=\"wp-block-separator has-css-opacity is-style-dots\"\/>\n\n\n\n<h5 class=\"has-text-align-center wp-block-heading\" id=\"haz-una-pausa-y-ora\"><em>Haz una pausa y ora<\/em><\/h5>\n\n\n\n<hr class=\"wp-block-separator has-css-opacity is-style-dots\"\/>\n\n\n\n<h3 class=\"wp-block-heading\" id=\"haz-una-pausa\">Oraci\u00f3n de Enfoque<\/h3>\n\n\n\n<p><em>Se\u00f1or, en esta \u00e9poca de tanto ajetreo, por favor, ay\u00fadame a estar quieta. Abro mis o\u00eddos ahora para escuchar cosas incre\u00edbles sobre ti, preparando mi coraz\u00f3n calladamente para el milagro de tu venida en Navidad.<\/em><\/p>\n\n\n\n<div style=\"height:59px\" aria-hidden=\"true\" class=\"wp-block-spacer\"><\/div>\n\n\n\n<h3 class=\"wp-block-heading\" id=\"regocijarse-y-reflexionar\">Regocijarse y Reflexionar<\/h3>\n\n\n\n<p>Hoy escojo regocijarme en la misi\u00f3n global de Dios, uni\u00e9ndome a la alabanza ancestral de todo el pueblo de Dios en palabras del Salmo 98&#8230;<\/p>\n\n\n\n<blockquote class=\"wp-block-quote is-layout-flow wp-block-quote-is-layout-flow\">\n<p>El&nbsp;Se\u00f1or&nbsp;anunci\u00f3 su victoria<br> &nbsp;&nbsp;&nbsp;&nbsp;y revel\u00f3 su justicia a toda naci\u00f3n. <br>Record\u00f3 su promesa de amar y de ser fiel a Israel.<br> &nbsp;&nbsp;&nbsp;&nbsp;\u00a1Los extremos de la tierra han visto la victoria de nuestro Dios!.<\/p>\n<cite><strong><strong><strong>Salmo 98:2-3 (NTV)<\/strong><\/strong><\/strong><\/cite><\/blockquote>\n\n\n\n<hr class=\"wp-block-separator has-css-opacity is-style-dots\"\/>\n\n\n\n<h5 class=\"has-text-align-center wp-block-heading\" id=\"haz-una-pausa-y-ora\"><em>Haz una pausa y ora<\/em><\/h5>\n\n\n\n<hr class=\"wp-block-separator has-css-opacity is-style-dots\"\/>\n\n\n\n<p>Hoy reflexiono acerca de la segunda mujer que Mateo nombra en la l\u00ednea ancestral de Jes\u00fas. Rajab, una prostituta cananea de Jeric\u00f3, que decidi\u00f3 proteger a los esp\u00edas de Israel cuando se preparaban para atacar su ciudad\u2026<\/p>\n\n\n\n<blockquote class=\"wp-block-quote is-layout-flow wp-block-quote-is-layout-flow\">\n<p>Antes de que los esp\u00edas se acostaran, Rajab subi\u00f3 al techo&nbsp;y les dijo: <br><br>\u2015Yo s\u00e9 que el&nbsp;Se\u00f1or&nbsp;os ha dado esta tierra, y por eso estamos aterrorizados; todos los habitantes del pa\u00eds est\u00e1n muertos de miedo ante vosotros. Tenemos noticias de c\u00f3mo el&nbsp;Se\u00f1or&nbsp;sec\u00f3 las aguas del Mar Rojo para que vosotros pasarais, despu\u00e9s de haber salido de Egipto. Tambi\u00e9n hemos o\u00eddo c\u00f3mo destruisteis completamente a los reyes amorreos, Sij\u00f3n y Og, al este del Jord\u00e1n. Por eso estamos todos tan amedrentados y descorazonados frente a vosotros. Yo s\u00e9 que el&nbsp;Se\u00f1or&nbsp;y Dios es Dios de dioses tanto en el cielo como en la tierra.&nbsp; <br><br>Por lo tanto, os pido ahora mismo que jur\u00e9is en el nombre del&nbsp;Se\u00f1or&nbsp;que ser\u00e9is bondadosos con mi familia, como yo lo he sido con vosotros. Quiero que me deis como garant\u00eda una se\u00f1al&nbsp;de que perdonar\u00e9is la vida de mis padres, de mis hermanos y de todos los que viven con ellos. \u00a1Jurad que nos salvar\u00e9is de la muerte! <\/p>\n<cite><strong><strong><strong><strong><strong><strong><strong>Josu\u00e9 2:8-13 (NVICST)<\/strong><\/strong><\/strong><\/strong><\/strong><\/strong><\/strong><\/cite><\/blockquote>\n\n\n\n<p>Rajab, gentil de nacimiento y prostituta de profesi\u00f3n, es la \u00faltima persona que los israelitas habr\u00edan esperado que fuera una aliada. Pero Kenneth Bailey se\u00f1ala que, de alguna manera, ella \u201c&#8230; descubri\u00f3 que el Dios de los israelitas era el \u00fanico Dios verdadero y decidi\u00f3 servirle s\u00f3lo a \u00e9l. Ese descubrimiento la llev\u00f3 a&#8230;&#8217; poner su vida en juego y, &#8216;sobre la base de su nueva fe, actu\u00f3 contra su comunidad, sus dioses y sus l\u00edderes&#8217;.*&nbsp;<\/p>\n\n\n\n<div style=\"height:59px\" aria-hidden=\"true\" class=\"wp-block-spacer\"><\/div>\n\n\n\n<h3 class=\"wp-block-heading\" id=\"apelar-pedir\"><strong>Apelar \/ Pedir<\/strong><\/h3>\n\n\n\n<p>\u00bfCu\u00e1l es el mayor riesgo que he corrido por Dios? \u00bfMe est\u00e1 invitando Dios a arriesgar algo por sus planes y prop\u00f3sitos hoy?&nbsp;<br><br><em>Se\u00f1or, dame la valent\u00eda de Rajab.&nbsp;<\/em><\/p>\n\n\n\n<hr class=\"wp-block-separator has-css-opacity is-style-dots\"\/>\n\n\n\n<h5 class=\"has-text-align-center wp-block-heading\" id=\"haz-una-pausa-y-ora\"><em>Haz una pausa y ora<\/em><\/h5>\n\n\n\n<hr class=\"wp-block-separator has-css-opacity is-style-dots\"\/>\n\n\n\n<p>No s\u00e9 si Rajab se enter\u00f3 de la existencia de Israel a trav\u00e9s de chismes o de la revelaci\u00f3n prof\u00e9tica, pero en cualquier caso sab\u00eda de la existencia de Dios antes de que ning\u00fan israelita pusiera un pie en su ciudad.<br><br><em>Se\u00f1or, nombro a una familia o comunidad que a\u00fan no te conoce. Ya sea de palabra o por intervenci\u00f3n sobrenatural, prepara a uno de ellos para que me acoja mientras comparto el evangelio con ellos.<\/em><\/p>\n\n\n\n<hr class=\"wp-block-separator has-css-opacity is-style-dots\"\/>\n\n\n\n<h5 class=\"has-text-align-center wp-block-heading\" id=\"haz-una-pausa-y-ora\"><em>Haz una pausa y ora<\/em><\/h5>\n\n\n\n<hr class=\"wp-block-separator has-css-opacity is-style-dots\"\/>\n\n\n\n<h3 class=\"wp-block-heading\" id=\"apelar-pedir\"><strong>Rendirse<\/strong><\/h3>\n\n\n\n<p>Al volver al pasaje<em>, abro mis o\u00eddos para escuchar tu Palabra, y mi coraz\u00f3n para rendirme a tu voluntad una vez m\u00e1s.<\/em><\/p>\n\n\n\n<blockquote class=\"wp-block-quote is-layout-flow wp-block-quote-is-layout-flow\">\n<p>Antes de que los esp\u00edas se acostaran, Rajab subi\u00f3 al techo&nbsp;y les dijo: <br><br>\u2015Yo s\u00e9 que el&nbsp;Se\u00f1or&nbsp;os ha dado esta tierra, y por eso estamos aterrorizados; todos los habitantes del pa\u00eds est\u00e1n muertos de miedo ante vosotros. Tenemos noticias de c\u00f3mo el&nbsp;Se\u00f1or&nbsp;sec\u00f3 las aguas del Mar Rojo para que vosotros pasarais, despu\u00e9s de haber salido de Egipto. Tambi\u00e9n hemos o\u00eddo c\u00f3mo destruisteis completamente a los reyes amorreos, Sij\u00f3n y Og, al este del Jord\u00e1n. Por eso estamos todos tan amedrentados y descorazonados frente a vosotros. Yo s\u00e9 que el&nbsp;Se\u00f1or&nbsp;y Dios es Dios de dioses tanto en el cielo como en la tierra.&nbsp; <br><br>Por lo tanto, os pido ahora mismo que jur\u00e9is en el nombre del&nbsp;Se\u00f1or&nbsp;que ser\u00e9is bondadosos con mi familia, como yo lo he sido con vosotros. Quiero que me deis como garant\u00eda una se\u00f1al&nbsp;de que perdonar\u00e9is la vida de mis padres, de mis hermanos y de todos los que viven con ellos. \u00a1Jurad que nos salvar\u00e9is de la muerte! <\/p>\n<cite><strong><strong><strong><strong><strong><strong><strong><strong><strong><strong><strong><strong><strong>Josu\u00e9 2:8-13 (NVICST)<\/strong><\/strong><\/strong><\/strong><\/strong><\/strong><\/strong><\/strong><\/strong><\/strong><\/strong><\/strong><\/strong><\/cite><\/blockquote>\n\n\n\n<p>Jeric\u00f3 fue conquistada, Rajab se salv\u00f3 y pas\u00f3 a formar parte de la familia de Dios: un primer cumplimiento de la promesa de Dios a Abraham de que todos los pueblos ser\u00edan bendecidos a trav\u00e9s de Israel (G\u00e9nesis 12:3).** La inclusi\u00f3n de Rajab en la l\u00ednea familiar de Jes\u00fas (Mateo 1:5) me recuerda que s\u00f3lo por la fe en el Dios de &#8220;los cielos de arriba y de la tierra de abajo&#8221; (Josu\u00e9 2:11), yo tambi\u00e9n soy salvada y acogida en el pueblo de Dios.<br><\/p>\n\n\n\n<hr class=\"wp-block-separator has-css-opacity is-style-dots\"\/>\n\n\n\n<h5 class=\"has-text-align-center wp-block-heading\" id=\"haz-una-pausa-y-ora\"><em>Haz una pausa y ora<\/em><\/h5>\n\n\n\n<hr class=\"wp-block-separator has-css-opacity is-style-dots\"\/>\n\n\n\n<h3 class=\"wp-block-heading\" id=\"apelar-pedir\"><strong><strong>Oraci\u00f3n de rendici\u00f3n<\/strong><\/strong><\/h3>\n\n\n\n<p><em><em><em><em><em><em><em>Dios del cielo y de la tierra, en el ajetreo de este tiempo de Adviento, recuerdo qui\u00e9n eres y todo lo que has hecho por m\u00ed. En mis propias palabras me detengo para expresar mi alabanza\u2026<\/em><\/em><\/em><\/em><\/em><\/em><\/em><\/p>\n\n\n\n<div style=\"height:59px\" aria-hidden=\"true\" class=\"wp-block-spacer\"><\/div>\n\n\n\n<h3 class=\"wp-block-heading\" id=\"apelar-pedir\"><strong><strong><strong>Promesa de rendici\u00f3n<\/strong><\/strong><\/strong><\/h3>\n\n\n\n<p><em>Y ahora, mientras me preparo para llevar este tiempo de oraci\u00f3n al d\u00eda que tengo por delante, el Se\u00f1or, que me ama dice en el evangelio de Juan:<\/em><\/p>\n\n\n\n<blockquote class=\"wp-block-quote is-layout-flow wp-block-quote-is-layout-flow\">\n<p>Vino a lo que era suyo, pero los suyos no le recibieron. Mas a cuantos le recibieron, a los que creen en su nombre, les dio el derecho de ser hijos de Dios.<\/p>\n<cite><strong><strong><strong><strong><strong><strong><strong>Juan 1:11-12 (NVICST)<\/strong><\/strong><\/strong><\/strong><\/strong><\/strong><\/strong><\/cite><\/blockquote>\n\n\n\n<h3 class=\"wp-block-heading\" id=\"apelar-pedir\"><strong><strong><strong><strong><em>Oraci\u00f3n para terminar<\/em><\/strong><\/strong><\/strong><\/strong><\/h3>\n\n\n\n<p><strong><em>Padre, ay\u00fadame a vivir este d\u00eda al m\u00e1ximo,<\/em><\/strong><br><strong><em>siendo aut\u00e9ntica contigo en todo.<\/em><\/strong><br><strong><em>Jes\u00fas, ay\u00fadame a darme a los dem\u00e1s,\u00a0<\/em><\/strong><br><strong><em>siendo amable con toda la gente con la que me encuentre.<\/em><\/strong><br><strong><em>Esp\u00edritu, ay\u00fadame a amar a la gente que se encuentra perdida,<\/em><\/strong><br><strong><em>proclamando a Cristo en todo lo que digo y hago.<\/em><\/strong><br><strong><em>Am\u00e9n.<\/em><\/strong><\/p>\n\n\n\n<p class=\"has-small-font-size\">*Kenneth E. Bailey, <em>Jesus Through Middle Eastern Eyes<\/em> (London: SPCK, 2008), p. 39.<\/p>\n\n\n\n<p class=\"has-small-font-size\">**John Paul Heil, \u2018The Narrative Roles of the Women in Matthew\u2019s Genealogy\u2019, <em>Biblica<\/em> 72, No. 4 (1991), (Leuven, Belgium: Peeters Publishers) p. 540.<\/p>\n\n\n\n<p><\/p>\n","protected":false},"excerpt":{"rendered":"<p>Hoy es mi\u00e9rcoles, 14 de diciembre. Esta semana, mientras nos preparamos para celebrar el nacimiento de Jes\u00fas, estamos reflexionando sobre las sorprendentes mujeres que Mateo incluy\u00f3 en la l\u00ednea familiar de Jes\u00fas (Mateo 1:1-17).&nbsp; Haz una pausa Por lo tanto ahora, al iniciar mi tiempo de oraci\u00f3n, hago una pausa para estar quieta; para respirar [&hellip;]<\/p>\n","protected":false},"author":216,"featured_media":35192,"comment_status":"closed","ping_status":"open","sticky":false,"template":"","format":"standard","meta":{"_acf_changed":false,"inline_featured_image":false,"footnotes":""},"categories":[206],"tags":[],"author_slug":[370],"blog_series":[518],"topic":[353],"class_list":["post-36582","post","type-post","status-publish","format-standard","has-post-thumbnail","hentry","category-blog-es","author_slug-oracion-24-7","blog_series-voces-de-adviento","topic-orar"],"acf":[],"yoast_head":"<!-- This site is optimized with the Yoast SEO plugin v27.4 - https:\/\/yoast.com\/product\/yoast-seo-wordpress\/ -->\n<title>La voz de Rajab<\/title>\n<meta name=\"description\" content=\"Hoy es mi\u00e9rcoles, 14 de diciembre. Esta semana, mientras nos preparamos para celebrar el nacimiento de Jes\u00fas, estamos reflexionando sobre las sorprendentes mujeres que Mateo incluy\u00f3 en la l\u00ednea familiar de Jes\u00fas (Mateo 1:1-17).\u00a0\" \/>\n<meta name=\"robots\" content=\"index, follow, max-snippet:-1, max-image-preview:large, max-video-preview:-1\" \/>\n<link rel=\"canonical\" href=\"https:\/\/www.24-7prayer.com\/es\/la-voz-de-rajab\/\" \/>\n<meta property=\"og:locale\" content=\"es_ES\" \/>\n<meta property=\"og:type\" content=\"article\" \/>\n<meta property=\"og:title\" content=\"La voz de Rajab\" \/>\n<meta property=\"og:description\" content=\"Hoy es mi\u00e9rcoles, 14 de diciembre. Esta semana, mientras nos preparamos para celebrar el nacimiento de Jes\u00fas, estamos reflexionando sobre las sorprendentes mujeres que Mateo incluy\u00f3 en la l\u00ednea familiar de Jes\u00fas (Mateo 1:1-17).\u00a0\" \/>\n<meta property=\"og:url\" content=\"https:\/\/www.24-7prayer.com\/es\/la-voz-de-rajab\/\" \/>\n<meta property=\"og:site_name\" content=\"24-7 Prayer International\" \/>\n<meta property=\"article:published_time\" content=\"2022-12-14T05:17:00+00:00\" \/>\n<meta property=\"article:modified_time\" content=\"2022-12-14T18:10:12+00:00\" \/>\n<meta property=\"og:image\" content=\"https:\/\/www.24-7prayer.com\/wp-content\/uploads\/2022\/11\/365-voces-de-adviento-sin-txt.jpg\" \/>\n\t<meta property=\"og:image:width\" content=\"1080\" \/>\n\t<meta property=\"og:image:height\" content=\"1080\" \/>\n\t<meta property=\"og:image:type\" content=\"image\/jpeg\" \/>\n<meta name=\"author\" content=\"aitor@oracion24-7.com\" \/>\n<meta name=\"twitter:card\" content=\"summary_large_image\" \/>\n<script type=\"application\/ld+json\" class=\"yoast-schema-graph\">{\"@context\":\"https:\\\/\\\/schema.org\",\"@graph\":[{\"@type\":\"Article\",\"@id\":\"https:\\\/\\\/www.24-7prayer.com\\\/es\\\/la-voz-de-rajab\\\/#article\",\"isPartOf\":{\"@id\":\"https:\\\/\\\/www.24-7prayer.com\\\/es\\\/la-voz-de-rajab\\\/\"},\"author\":{\"name\":\"aitor@oracion24-7.com\",\"@id\":\"https:\\\/\\\/www.24-7prayer.com\\\/es\\\/#\\\/schema\\\/person\\\/cea924691d05af4dfa35da709e7ede7d\"},\"headline\":\"La voz de Rajab\",\"datePublished\":\"2022-12-14T05:17:00+00:00\",\"dateModified\":\"2022-12-14T18:10:12+00:00\",\"mainEntityOfPage\":{\"@id\":\"https:\\\/\\\/www.24-7prayer.com\\\/es\\\/la-voz-de-rajab\\\/\"},\"wordCount\":1204,\"publisher\":{\"@id\":\"https:\\\/\\\/www.24-7prayer.com\\\/es\\\/#organization\"},\"image\":{\"@id\":\"https:\\\/\\\/www.24-7prayer.com\\\/es\\\/la-voz-de-rajab\\\/#primaryimage\"},\"thumbnailUrl\":\"https:\\\/\\\/www.24-7prayer.com\\\/wp-content\\\/uploads\\\/2022\\\/11\\\/365-voces-de-adviento-sin-txt.jpg\",\"articleSection\":[\"Blogs\"],\"inLanguage\":\"es\"},{\"@type\":\"WebPage\",\"@id\":\"https:\\\/\\\/www.24-7prayer.com\\\/es\\\/la-voz-de-rajab\\\/\",\"url\":\"https:\\\/\\\/www.24-7prayer.com\\\/es\\\/la-voz-de-rajab\\\/\",\"name\":\"La voz de Rajab\",\"isPartOf\":{\"@id\":\"https:\\\/\\\/www.24-7prayer.com\\\/es\\\/#website\"},\"primaryImageOfPage\":{\"@id\":\"https:\\\/\\\/www.24-7prayer.com\\\/es\\\/la-voz-de-rajab\\\/#primaryimage\"},\"image\":{\"@id\":\"https:\\\/\\\/www.24-7prayer.com\\\/es\\\/la-voz-de-rajab\\\/#primaryimage\"},\"thumbnailUrl\":\"https:\\\/\\\/www.24-7prayer.com\\\/wp-content\\\/uploads\\\/2022\\\/11\\\/365-voces-de-adviento-sin-txt.jpg\",\"datePublished\":\"2022-12-14T05:17:00+00:00\",\"dateModified\":\"2022-12-14T18:10:12+00:00\",\"description\":\"Hoy es mi\u00e9rcoles, 14 de diciembre. Esta semana, mientras nos preparamos para celebrar el nacimiento de Jes\u00fas, estamos reflexionando sobre las sorprendentes mujeres que Mateo incluy\u00f3 en la l\u00ednea familiar de Jes\u00fas (Mateo 1:1-17).\u00a0\",\"breadcrumb\":{\"@id\":\"https:\\\/\\\/www.24-7prayer.com\\\/es\\\/la-voz-de-rajab\\\/#breadcrumb\"},\"inLanguage\":\"es\",\"potentialAction\":[{\"@type\":\"ReadAction\",\"target\":[\"https:\\\/\\\/www.24-7prayer.com\\\/es\\\/la-voz-de-rajab\\\/\"]}]},{\"@type\":\"ImageObject\",\"inLanguage\":\"es\",\"@id\":\"https:\\\/\\\/www.24-7prayer.com\\\/es\\\/la-voz-de-rajab\\\/#primaryimage\",\"url\":\"https:\\\/\\\/www.24-7prayer.com\\\/wp-content\\\/uploads\\\/2022\\\/11\\\/365-voces-de-adviento-sin-txt.jpg\",\"contentUrl\":\"https:\\\/\\\/www.24-7prayer.com\\\/wp-content\\\/uploads\\\/2022\\\/11\\\/365-voces-de-adviento-sin-txt.jpg\",\"width\":1080,\"height\":1080},{\"@type\":\"BreadcrumbList\",\"@id\":\"https:\\\/\\\/www.24-7prayer.com\\\/es\\\/la-voz-de-rajab\\\/#breadcrumb\",\"itemListElement\":[{\"@type\":\"ListItem\",\"position\":1,\"name\":\"Home\",\"item\":\"https:\\\/\\\/www.24-7prayer.com\\\/es\\\/\"},{\"@type\":\"ListItem\",\"position\":2,\"name\":\"La voz de Rajab\"}]},{\"@type\":\"WebSite\",\"@id\":\"https:\\\/\\\/www.24-7prayer.com\\\/es\\\/#website\",\"url\":\"https:\\\/\\\/www.24-7prayer.com\\\/es\\\/\",\"name\":\"24-7 Prayer International\",\"description\":\"Prayer Mission Justice\",\"publisher\":{\"@id\":\"https:\\\/\\\/www.24-7prayer.com\\\/es\\\/#organization\"},\"potentialAction\":[{\"@type\":\"SearchAction\",\"target\":{\"@type\":\"EntryPoint\",\"urlTemplate\":\"https:\\\/\\\/www.24-7prayer.com\\\/es\\\/?s={search_term_string}\"},\"query-input\":{\"@type\":\"PropertyValueSpecification\",\"valueRequired\":true,\"valueName\":\"search_term_string\"}}],\"inLanguage\":\"es\"},{\"@type\":\"Organization\",\"@id\":\"https:\\\/\\\/www.24-7prayer.com\\\/es\\\/#organization\",\"name\":\"24-7 Prayer\",\"url\":\"https:\\\/\\\/www.24-7prayer.com\\\/es\\\/\",\"logo\":{\"@type\":\"ImageObject\",\"inLanguage\":\"es\",\"@id\":\"https:\\\/\\\/www.24-7prayer.com\\\/es\\\/#\\\/schema\\\/logo\\\/image\\\/\",\"url\":\"https:\\\/\\\/www.24-7prayer.com\\\/wp-content\\\/uploads\\\/2022\\\/06\\\/logo.png\",\"contentUrl\":\"https:\\\/\\\/www.24-7prayer.com\\\/wp-content\\\/uploads\\\/2022\\\/06\\\/logo.png\",\"width\":302,\"height\":49,\"caption\":\"24-7 Prayer\"},\"image\":{\"@id\":\"https:\\\/\\\/www.24-7prayer.com\\\/es\\\/#\\\/schema\\\/logo\\\/image\\\/\"}},{\"@type\":\"Person\",\"@id\":\"https:\\\/\\\/www.24-7prayer.com\\\/es\\\/#\\\/schema\\\/person\\\/cea924691d05af4dfa35da709e7ede7d\",\"name\":\"aitor@oracion24-7.com\",\"image\":{\"@type\":\"ImageObject\",\"inLanguage\":\"es\",\"@id\":\"https:\\\/\\\/secure.gravatar.com\\\/avatar\\\/e67a3b0c8e0d52ee179e9f94d3d54543d229c4da1d7def06a61faccb28313f0a?s=96&d=mm&r=g\",\"url\":\"https:\\\/\\\/secure.gravatar.com\\\/avatar\\\/e67a3b0c8e0d52ee179e9f94d3d54543d229c4da1d7def06a61faccb28313f0a?s=96&d=mm&r=g\",\"contentUrl\":\"https:\\\/\\\/secure.gravatar.com\\\/avatar\\\/e67a3b0c8e0d52ee179e9f94d3d54543d229c4da1d7def06a61faccb28313f0a?s=96&d=mm&r=g\",\"caption\":\"aitor@oracion24-7.com\"},\"url\":\"https:\\\/\\\/www.24-7prayer.com\\\/es\\\/author\\\/aitororacion24-7-com\\\/\"}]}<\/script>\n<!-- \/ Yoast SEO plugin. -->","yoast_head_json":{"title":"La voz de Rajab","description":"Hoy es mi\u00e9rcoles, 14 de diciembre. Esta semana, mientras nos preparamos para celebrar el nacimiento de Jes\u00fas, estamos reflexionando sobre las sorprendentes mujeres que Mateo incluy\u00f3 en la l\u00ednea familiar de Jes\u00fas (Mateo 1:1-17).\u00a0","robots":{"index":"index","follow":"follow","max-snippet":"max-snippet:-1","max-image-preview":"max-image-preview:large","max-video-preview":"max-video-preview:-1"},"canonical":"https:\/\/www.24-7prayer.com\/es\/la-voz-de-rajab\/","og_locale":"es_ES","og_type":"article","og_title":"La voz de Rajab","og_description":"Hoy es mi\u00e9rcoles, 14 de diciembre. Esta semana, mientras nos preparamos para celebrar el nacimiento de Jes\u00fas, estamos reflexionando sobre las sorprendentes mujeres que Mateo incluy\u00f3 en la l\u00ednea familiar de Jes\u00fas (Mateo 1:1-17).\u00a0","og_url":"https:\/\/www.24-7prayer.com\/es\/la-voz-de-rajab\/","og_site_name":"24-7 Prayer International","article_published_time":"2022-12-14T05:17:00+00:00","article_modified_time":"2022-12-14T18:10:12+00:00","og_image":[{"width":1080,"height":1080,"url":"https:\/\/www.24-7prayer.com\/wp-content\/uploads\/2022\/11\/365-voces-de-adviento-sin-txt.jpg","type":"image\/jpeg"}],"author":"aitor@oracion24-7.com","twitter_card":"summary_large_image","schema":{"@context":"https:\/\/schema.org","@graph":[{"@type":"Article","@id":"https:\/\/www.24-7prayer.com\/es\/la-voz-de-rajab\/#article","isPartOf":{"@id":"https:\/\/www.24-7prayer.com\/es\/la-voz-de-rajab\/"},"author":{"name":"aitor@oracion24-7.com","@id":"https:\/\/www.24-7prayer.com\/es\/#\/schema\/person\/cea924691d05af4dfa35da709e7ede7d"},"headline":"La voz de Rajab","datePublished":"2022-12-14T05:17:00+00:00","dateModified":"2022-12-14T18:10:12+00:00","mainEntityOfPage":{"@id":"https:\/\/www.24-7prayer.com\/es\/la-voz-de-rajab\/"},"wordCount":1204,"publisher":{"@id":"https:\/\/www.24-7prayer.com\/es\/#organization"},"image":{"@id":"https:\/\/www.24-7prayer.com\/es\/la-voz-de-rajab\/#primaryimage"},"thumbnailUrl":"https:\/\/www.24-7prayer.com\/wp-content\/uploads\/2022\/11\/365-voces-de-adviento-sin-txt.jpg","articleSection":["Blogs"],"inLanguage":"es"},{"@type":"WebPage","@id":"https:\/\/www.24-7prayer.com\/es\/la-voz-de-rajab\/","url":"https:\/\/www.24-7prayer.com\/es\/la-voz-de-rajab\/","name":"La voz de Rajab","isPartOf":{"@id":"https:\/\/www.24-7prayer.com\/es\/#website"},"primaryImageOfPage":{"@id":"https:\/\/www.24-7prayer.com\/es\/la-voz-de-rajab\/#primaryimage"},"image":{"@id":"https:\/\/www.24-7prayer.com\/es\/la-voz-de-rajab\/#primaryimage"},"thumbnailUrl":"https:\/\/www.24-7prayer.com\/wp-content\/uploads\/2022\/11\/365-voces-de-adviento-sin-txt.jpg","datePublished":"2022-12-14T05:17:00+00:00","dateModified":"2022-12-14T18:10:12+00:00","description":"Hoy es mi\u00e9rcoles, 14 de diciembre. Esta semana, mientras nos preparamos para celebrar el nacimiento de Jes\u00fas, estamos reflexionando sobre las sorprendentes mujeres que Mateo incluy\u00f3 en la l\u00ednea familiar de Jes\u00fas (Mateo 1:1-17).\u00a0","breadcrumb":{"@id":"https:\/\/www.24-7prayer.com\/es\/la-voz-de-rajab\/#breadcrumb"},"inLanguage":"es","potentialAction":[{"@type":"ReadAction","target":["https:\/\/www.24-7prayer.com\/es\/la-voz-de-rajab\/"]}]},{"@type":"ImageObject","inLanguage":"es","@id":"https:\/\/www.24-7prayer.com\/es\/la-voz-de-rajab\/#primaryimage","url":"https:\/\/www.24-7prayer.com\/wp-content\/uploads\/2022\/11\/365-voces-de-adviento-sin-txt.jpg","contentUrl":"https:\/\/www.24-7prayer.com\/wp-content\/uploads\/2022\/11\/365-voces-de-adviento-sin-txt.jpg","width":1080,"height":1080},{"@type":"BreadcrumbList","@id":"https:\/\/www.24-7prayer.com\/es\/la-voz-de-rajab\/#breadcrumb","itemListElement":[{"@type":"ListItem","position":1,"name":"Home","item":"https:\/\/www.24-7prayer.com\/es\/"},{"@type":"ListItem","position":2,"name":"La voz de Rajab"}]},{"@type":"WebSite","@id":"https:\/\/www.24-7prayer.com\/es\/#website","url":"https:\/\/www.24-7prayer.com\/es\/","name":"24-7 Prayer International","description":"Prayer Mission Justice","publisher":{"@id":"https:\/\/www.24-7prayer.com\/es\/#organization"},"potentialAction":[{"@type":"SearchAction","target":{"@type":"EntryPoint","urlTemplate":"https:\/\/www.24-7prayer.com\/es\/?s={search_term_string}"},"query-input":{"@type":"PropertyValueSpecification","valueRequired":true,"valueName":"search_term_string"}}],"inLanguage":"es"},{"@type":"Organization","@id":"https:\/\/www.24-7prayer.com\/es\/#organization","name":"24-7 Prayer","url":"https:\/\/www.24-7prayer.com\/es\/","logo":{"@type":"ImageObject","inLanguage":"es","@id":"https:\/\/www.24-7prayer.com\/es\/#\/schema\/logo\/image\/","url":"https:\/\/www.24-7prayer.com\/wp-content\/uploads\/2022\/06\/logo.png","contentUrl":"https:\/\/www.24-7prayer.com\/wp-content\/uploads\/2022\/06\/logo.png","width":302,"height":49,"caption":"24-7 Prayer"},"image":{"@id":"https:\/\/www.24-7prayer.com\/es\/#\/schema\/logo\/image\/"}},{"@type":"Person","@id":"https:\/\/www.24-7prayer.com\/es\/#\/schema\/person\/cea924691d05af4dfa35da709e7ede7d","name":"aitor@oracion24-7.com","image":{"@type":"ImageObject","inLanguage":"es","@id":"https:\/\/secure.gravatar.com\/avatar\/e67a3b0c8e0d52ee179e9f94d3d54543d229c4da1d7def06a61faccb28313f0a?s=96&d=mm&r=g","url":"https:\/\/secure.gravatar.com\/avatar\/e67a3b0c8e0d52ee179e9f94d3d54543d229c4da1d7def06a61faccb28313f0a?s=96&d=mm&r=g","contentUrl":"https:\/\/secure.gravatar.com\/avatar\/e67a3b0c8e0d52ee179e9f94d3d54543d229c4da1d7def06a61faccb28313f0a?s=96&d=mm&r=g","caption":"aitor@oracion24-7.com"},"url":"https:\/\/www.24-7prayer.com\/es\/author\/aitororacion24-7-com\/"}]}},"_links":{"self":[{"href":"https:\/\/www.24-7prayer.com\/es\/wp-json\/wp\/v2\/posts\/36582","targetHints":{"allow":["GET"]}}],"collection":[{"href":"https:\/\/www.24-7prayer.com\/es\/wp-json\/wp\/v2\/posts"}],"about":[{"href":"https:\/\/www.24-7prayer.com\/es\/wp-json\/wp\/v2\/types\/post"}],"author":[{"embeddable":true,"href":"https:\/\/www.24-7prayer.com\/es\/wp-json\/wp\/v2\/users\/216"}],"replies":[{"embeddable":true,"href":"https:\/\/www.24-7prayer.com\/es\/wp-json\/wp\/v2\/comments?post=36582"}],"version-history":[{"count":4,"href":"https:\/\/www.24-7prayer.com\/es\/wp-json\/wp\/v2\/posts\/36582\/revisions"}],"predecessor-version":[{"id":36661,"href":"https:\/\/www.24-7prayer.com\/es\/wp-json\/wp\/v2\/posts\/36582\/revisions\/36661"}],"wp:featuredmedia":[{"embeddable":true,"href":"https:\/\/www.24-7prayer.com\/es\/wp-json\/wp\/v2\/media\/35192"}],"wp:attachment":[{"href":"https:\/\/www.24-7prayer.com\/es\/wp-json\/wp\/v2\/media?parent=36582"}],"wp:term":[{"taxonomy":"category","embeddable":true,"href":"https:\/\/www.24-7prayer.com\/es\/wp-json\/wp\/v2\/categories?post=36582"},{"taxonomy":"post_tag","embeddable":true,"href":"https:\/\/www.24-7prayer.com\/es\/wp-json\/wp\/v2\/tags?post=36582"},{"taxonomy":"author_slug","embeddable":true,"href":"https:\/\/www.24-7prayer.com\/es\/wp-json\/wp\/v2\/author_slug?post=36582"},{"taxonomy":"blog_series","embeddable":true,"href":"https:\/\/www.24-7prayer.com\/es\/wp-json\/wp\/v2\/blog_series?post=36582"},{"taxonomy":"topic","embeddable":true,"href":"https:\/\/www.24-7prayer.com\/es\/wp-json\/wp\/v2\/topic?post=36582"}],"curies":[{"name":"wp","href":"https:\/\/api.w.org\/{rel}","templated":true}]}}