{"id":36473,"date":"2022-12-13T05:00:00","date_gmt":"2022-12-13T05:00:00","guid":{"rendered":"https:\/\/www.24-7prayer.com\/?p=36473"},"modified":"2022-12-13T22:18:43","modified_gmt":"2022-12-13T22:18:43","slug":"la-voz-de-tamar","status":"publish","type":"post","link":"https:\/\/www.24-7prayer.com\/es\/la-voz-de-tamar\/","title":{"rendered":"<strong>La voz de Tamar<\/strong>"},"content":{"rendered":"\n<div class=\"wp-block-buttons is-content-justification-center is-layout-flex wp-container-core-buttons-is-layout-a89b3969 wp-block-buttons-is-layout-flex\"><\/div>\n\n\n\n<iframe loading=\"lazy\" src=\"https:\/\/anchor.fm\/oracion247\/embed\/episodes\/La-voz-de-Tamar-I-Voces-de-Adviento-I-Lectio-365-e1s5i0n\" height=\"102px\" width=\"100%\" frameborder=\"0\" scrolling=\"no\"><\/iframe>\n\n\n\n<p>Hoy es martes, 13 de diciembre. Esta semana, mientras nos preparamos para celebrar el nacimiento de Jes\u00fas, estamos explorando las historias de las mujeres que Mateo incluy\u00f3 en la genealog\u00eda de Jes\u00fas. (Mateo 1:1-17).<br><br>Juntos vamos a orar (O.R.A.R.) de forma muy sencilla cada d\u00eda \u2013 \u2018O\u2019: estar quietos para OBSERVAR. \u2018R\u2019: REGOCIJARSE con un Salmo y meditar en un pasaje de la Escritura que tenga relaci\u00f3n con la llegada de Jes\u00fas. \u2018A\u2019: APELAR\/PEDIR a Dios que nos ayude a nosotros y a otros y \u2018R\u2019: RENDIRSE a Su voluntad en nuestras vidas venga lo que venga.<br><br>**ADVERTENCIA: Por favor, ten en cuenta que la historia b\u00edblica de hoy trata sobre el incesto y puede resultar desconcertante.**<\/p>\n\n\n\n<h3 class=\"wp-block-heading\" id=\"haz-una-pausa\">Haz una pausa<\/h3>\n\n\n\n<p><strong><em><strong><em><strong><em><strong><em><strong><em><strong><em>Por lo tanto ahora, al iniciar mi tiempo de oraci\u00f3n, hago una pausa para estar quieto; para respirar lentamente, para re-centrar mis sentidos, que se encuentran dispersos, delante de la presencia de Dios.<\/em><\/strong><\/em><\/strong><\/em><\/strong><\/em><\/strong><\/em><\/strong><\/em><\/strong><\/p>\n\n\n\n<hr class=\"wp-block-separator has-css-opacity is-style-dots\"\/>\n\n\n\n<h5 class=\"has-text-align-center wp-block-heading\" id=\"haz-una-pausa-y-ora\"><em>Haz una pausa y ora<\/em><\/h5>\n\n\n\n<hr class=\"wp-block-separator has-css-opacity is-style-dots\"\/>\n\n\n\n<h3 class=\"wp-block-heading\" id=\"haz-una-pausa\">Oraci\u00f3n de Enfoque<\/h3>\n\n\n\n<p><em>Se\u00f1or, en esta \u00e9poca de tanto ajetreo, por favor, ay\u00fadame a estar quieto. Abro mis o\u00eddos ahora para escuchar cosas incre\u00edbles sobre ti, preparando mi coraz\u00f3n calladamente para el milagro de tu venida en Navidad.<\/em><\/p>\n\n\n\n<div style=\"height:59px\" aria-hidden=\"true\" class=\"wp-block-spacer\"><\/div>\n\n\n\n<h3 class=\"wp-block-heading\" id=\"regocijarse-y-reflexionar\">Regocijarse y Reflexionar<\/h3>\n\n\n\n<p>Hoy escojo regocijarme en la compasi\u00f3n de Dios, uni\u00e9ndome a la alabanza ancestral de todo el pueblo de Dios en palabras del Salmo 37&#8230;<\/p>\n\n\n\n<blockquote class=\"wp-block-quote is-layout-flow wp-block-quote-is-layout-flow\">\n<p>D\u00eda a d\u00eda el&nbsp;Se\u00f1or&nbsp;cuida a los inocentes,<br> &nbsp;&nbsp;&nbsp;&nbsp;y ellos recibir\u00e1n una herencia que permanece para siempre. <br>No ser\u00e1n avergonzados en tiempos dif\u00edciles;<br> &nbsp;&nbsp;&nbsp;&nbsp;tendr\u00e1n m\u00e1s que suficiente aun en tiempo de hambre. <\/p>\n<cite><strong><strong>Salmo 37:18-19 (NTV)<\/strong><\/strong><\/cite><\/blockquote>\n\n\n\n<hr class=\"wp-block-separator has-css-opacity is-style-dots\"\/>\n\n\n\n<h5 class=\"has-text-align-center wp-block-heading\" id=\"haz-una-pausa-y-ora\"><em>Haz una pausa y ora<\/em><\/h5>\n\n\n\n<hr class=\"wp-block-separator has-css-opacity is-style-dots\"\/>\n\n\n\n<p>Hoy reflexiono sobre la primera mujer que Mateo nombra en el linaje de Jes\u00fas. Tamar es la nuera de Jud\u00e1. Tras la muerte de su primer marido, se cas\u00f3 con el hijo mediano de Jud\u00e1. Tras la muerte de \u00e9ste, Jud\u00e1 evita casar a Tamar con su hijo menor, como era costumbre, y la env\u00eda de vuelta con su familia. Abandonada, pero decidida a buscar justicia, Tamar se disfraza de prostituta y Jud\u00e1 se acuesta con ella\u2026<\/p>\n\n\n\n<blockquote class=\"wp-block-quote is-layout-flow wp-block-quote-is-layout-flow\">\n<p>Como tres meses despu\u00e9s, le informaron a Jud\u00e1 lo siguiente: <br>\u2015Tu nuera Tamar se ha prostituido, y como resultado de sus andanzas ha quedado embarazada. \u2015\u00a1Sacadla y quemadla! \u2014exclam\u00f3 Jud\u00e1. <br>Pero, cuando la estaban sacando, ella mand\u00f3 este mensaje a su suegro: \u00abEl due\u00f1o de estas prendas fue quien me ha dejado embarazada. A ver si t\u00fa reconoces de qui\u00e9n son este sello, el cord\u00f3n del sello y este bast\u00f3n\u00bb. <br>Jud\u00e1 los reconoci\u00f3 y declar\u00f3: \u00abSu conducta es m\u00e1s justa que la m\u00eda, pues yo no se la di por esposa a mi hijo Sel\u00e1\u00bb. Y no volvi\u00f3 a acostarse con ella. <br>Cuando lleg\u00f3 el tiempo de que Tamar diera a luz, result\u00f3 que ten\u00eda mellizos en su seno.  <\/p>\n<cite><strong><strong><strong><strong><strong><strong>G\u00e9nesis 38:24-27 (NVICST)<\/strong><\/strong><\/strong><\/strong><\/strong><\/strong><\/cite><\/blockquote>\n\n\n\n<p>Esta es una historia inc\u00f3moda. Las mujeres viudas eran especialmente vulnerables en las antiguas sociedades patriarcales. La p\u00e9rdida de sus maridos significaba tambi\u00e9n la p\u00e9rdida del hogar, la provisi\u00f3n, la seguridad y la familia. Por eso la ley de Dios ordenaba que las viudas se casaran con sus cu\u00f1ados. Era para su protecci\u00f3n y para que pudieran nacer hijos con el nombre y la herencia del difunto (Deuteronomio 25:5-10).&nbsp;<br><br>Jud\u00e1 rompe esta ley y abandona a Tamar, dej\u00e1ndola sin esperanza ni futuro estable. No se responsabiliza de la vida de Tamar, pero, cuando cree que Tamar ha pecado, se apresura a pronunciar el juicio y la muerte.<\/p>\n\n\n\n<div style=\"height:59px\" aria-hidden=\"true\" class=\"wp-block-spacer\"><\/div>\n\n\n\n<h3 class=\"wp-block-heading\" id=\"apelar-pedir\"><strong>Apelar \/ Pedir<\/strong><\/h3>\n\n\n\n<p>Tamar ten\u00eda muy poco poder, as\u00ed que, desesperada, tom\u00f3 medidas dr\u00e1sticas para asegurar su futuro. \u00bfHay alg\u00fan aspecto de mi vida en el que me sienta desesperada o impotente en este momento?<br><br><em>Padre, dame esperanza y una soluci\u00f3n para mi situaci\u00f3n.<\/em><\/p>\n\n\n\n<hr class=\"wp-block-separator has-css-opacity is-style-dots\"\/>\n\n\n\n<h5 class=\"has-text-align-center wp-block-heading\" id=\"haz-una-pausa-y-ora\"><em>Haz una pausa y ora<\/em><\/h5>\n\n\n\n<hr class=\"wp-block-separator has-css-opacity is-style-dots\"\/>\n\n\n\n<p>La prostituci\u00f3n todav\u00eda es parte de la sociedad de hoy.&nbsp;<br><br><em>Padre, te pido por las trabajadoras sexuales que trabajan en Internet, en burdeles o en las calles de mi comunidad. Mu\u00e9strales tu amor que no falla y que es incondicional. Prot\u00e9gelas, provee para ellas y abre nuevas posibilidades hoy.&nbsp;<\/em><\/p>\n\n\n\n<hr class=\"wp-block-separator has-css-opacity is-style-dots\"\/>\n\n\n\n<h5 class=\"has-text-align-center wp-block-heading\" id=\"haz-una-pausa-y-ora\"><em>Haz una pausa y ora<\/em><\/h5>\n\n\n\n<hr class=\"wp-block-separator has-css-opacity is-style-dots\"\/>\n\n\n\n<h3 class=\"wp-block-heading\" id=\"apelar-pedir\"><strong>Rendirse<\/strong><\/h3>\n\n\n\n<p>Al volver al pasaje<em>, abro mis o\u00eddos para escuchar tu Palabra, y mi coraz\u00f3n para rendirme a tu voluntad una vez m\u00e1s.<\/em><\/p>\n\n\n\n<blockquote class=\"wp-block-quote is-layout-flow wp-block-quote-is-layout-flow\">\n<p>Como tres meses despu\u00e9s, le informaron a Jud\u00e1 lo siguiente: <br>\u2015Tu nuera Tamar se ha prostituido, y como resultado de sus andanzas ha quedado embarazada. \u2015\u00a1Sacadla y quemadla! \u2014exclam\u00f3 Jud\u00e1. <br>Pero, cuando la estaban sacando, ella mand\u00f3 este mensaje a su suegro: \u00abEl due\u00f1o de estas prendas fue quien me ha dejado embarazada. A ver si t\u00fa reconoces de qui\u00e9n son este sello, el cord\u00f3n del sello y este bast\u00f3n\u00bb. <br>Jud\u00e1 los reconoci\u00f3 y declar\u00f3: \u00abSu conducta es m\u00e1s justa que la m\u00eda, pues yo no se la di por esposa a mi hijo Sel\u00e1\u00bb. Y no volvi\u00f3 a acostarse con ella. <br>Cuando lleg\u00f3 el tiempo de que Tamar diera a luz, result\u00f3 que ten\u00eda mellizos en su seno.  <\/p>\n<cite><strong><strong><strong><strong><strong><strong>G\u00e9nesis 38:24-27 (NVICST)<\/strong><\/strong><\/strong><\/strong><\/strong><\/strong><\/cite><\/blockquote>\n\n\n\n<p>\u201cAunque en mi mundo las acciones de Tamar ser\u00edan censurables&#8221;, escribe la autora Sandra Richter, &#8220;en su propia cultura era Jud\u00e1 quien merec\u00eda ser reprendido&#8230; Jud\u00e1 era el villano; Tamar era la hero\u00edna valiente (\u00a1aunque un poco audaz!)\u201d.*&nbsp;<br><br>Al nombrar a Tamar en la genealog\u00eda de Jes\u00fas, Mateo acoge a los abandonados y vulnerables en la historia de la Navidad (Mateo 1:3).&nbsp;<\/p>\n\n\n\n<hr class=\"wp-block-separator has-css-opacity is-style-dots\"\/>\n\n\n\n<h5 class=\"has-text-align-center wp-block-heading\" id=\"haz-una-pausa-y-ora\"><em>Haz una pausa y ora<\/em><\/h5>\n\n\n\n<hr class=\"wp-block-separator has-css-opacity is-style-dots\"\/>\n\n\n\n<h3 class=\"wp-block-heading\" id=\"apelar-pedir\"><strong><strong>Oraci\u00f3n de rendici\u00f3n<\/strong><\/strong><\/h3>\n\n\n\n<p><em><em><em><em><em><em>Jes\u00fas, confieso que puedo ser un poco como Jud\u00e1: me apresuro a juzgar las decisiones de alguien cuando no entiendo su situaci\u00f3n. Ens\u00e9\u00f1ame a ver a las personas hoy como t\u00fa lo haces.<\/em><\/em><\/em><\/em><\/em><\/em><\/p>\n\n\n\n<div style=\"height:59px\" aria-hidden=\"true\" class=\"wp-block-spacer\"><\/div>\n\n\n\n<h3 class=\"wp-block-heading\" id=\"apelar-pedir\"><strong><strong><strong>Promesa de rendici\u00f3n<\/strong><\/strong><\/strong><\/h3>\n\n\n\n<p>Y ahora, mientras me preparo para llevar este tiempo de oraci\u00f3n al d\u00eda que tengo por delante, el Se\u00f1or, que me ama dice en Romanos:&nbsp;<\/p>\n\n\n\n<blockquote class=\"wp-block-quote is-layout-flow wp-block-quote-is-layout-flow\">\n<p>\u00bfQui\u00e9n condenar\u00e1? Cristo Jes\u00fas es el que muri\u00f3, e incluso resucit\u00f3, y est\u00e1 a la derecha de Dios e intercede por nosotros. \u00bfQui\u00e9n nos apartar\u00e1 del amor de Cristo?&nbsp;<\/p>\n<cite><strong><strong><strong><strong><strong><strong>Romanos 8:34-35a (NVICST)<\/strong><\/strong><\/strong><\/strong><\/strong><\/strong><\/cite><\/blockquote>\n\n\n\n<h3 class=\"wp-block-heading\" id=\"apelar-pedir\"><strong><strong><strong><strong><em>Oraci\u00f3n para terminar<\/em><\/strong><\/strong><\/strong><\/strong><\/h3>\n\n\n\n<p><strong><em>Padre, ay\u00fadame a vivir este d\u00eda al m\u00e1ximo,<\/em><\/strong><br><strong><em>siendo aut\u00e9ntico contigo en todo.<\/em><\/strong><br><strong><em>Jes\u00fas, ay\u00fadame a darme a los dem\u00e1s,&nbsp;<\/em><\/strong><br><strong><em>siendo amable con toda la gente con la que me encuentre.<\/em><\/strong><br><strong><em>Esp\u00edritu, ay\u00fadame a amar a la gente que se encuentra perdida,<\/em><\/strong><br><strong><em>proclamando a Cristo en todo lo que digo y hago.<\/em><\/strong><br><strong><em>Am\u00e9n.<\/em><\/strong><\/p>\n\n\n\n<p class=\"has-small-font-size\">*Sandra L. Richter, <em>The Epic of Eden<\/em>, (Downers Grove, IL: IVP, 2008), p. 33.<\/p>\n\n\n\n<p><\/p>\n","protected":false},"excerpt":{"rendered":"<p>Hoy es martes, 13 de diciembre. Esta semana, mientras nos preparamos para celebrar el nacimiento de Jes\u00fas, estamos explorando las historias de las mujeres que Mateo incluy\u00f3 en la genealog\u00eda de Jes\u00fas. (Mateo 1:1-17). Juntos vamos a orar (O.R.A.R.) de forma muy sencilla cada d\u00eda \u2013 \u2018O\u2019: estar quietos para OBSERVAR. \u2018R\u2019: REGOCIJARSE con un [&hellip;]<\/p>\n","protected":false},"author":216,"featured_media":35192,"comment_status":"closed","ping_status":"open","sticky":false,"template":"","format":"standard","meta":{"_acf_changed":false,"inline_featured_image":false,"footnotes":""},"categories":[206],"tags":[],"author_slug":[370],"blog_series":[518],"topic":[353],"class_list":["post-36473","post","type-post","status-publish","format-standard","has-post-thumbnail","hentry","category-blog-es","author_slug-oracion-24-7","blog_series-voces-de-adviento","topic-orar"],"acf":[],"yoast_head":"<!-- This site is optimized with the Yoast SEO plugin v27.4 - https:\/\/yoast.com\/product\/yoast-seo-wordpress\/ -->\n<title>La voz de Tamar<\/title>\n<meta name=\"description\" content=\"Hoy es martes, 13 de diciembre. Esta semana, mientras nos preparamos para celebrar el nacimiento de Jes\u00fas, estamos explorando las historias de las mujeres que Mateo incluy\u00f3 en la genealog\u00eda de Jes\u00fas. (Mateo 1:1-17).\" \/>\n<meta name=\"robots\" content=\"index, follow, max-snippet:-1, max-image-preview:large, max-video-preview:-1\" \/>\n<link rel=\"canonical\" href=\"https:\/\/www.24-7prayer.com\/es\/la-voz-de-tamar\/\" \/>\n<meta property=\"og:locale\" content=\"es_ES\" \/>\n<meta property=\"og:type\" content=\"article\" \/>\n<meta property=\"og:title\" content=\"La voz de Tamar\" \/>\n<meta property=\"og:description\" content=\"Hoy es martes, 13 de diciembre. Esta semana, mientras nos preparamos para celebrar el nacimiento de Jes\u00fas, estamos explorando las historias de las mujeres que Mateo incluy\u00f3 en la genealog\u00eda de Jes\u00fas. (Mateo 1:1-17).\" \/>\n<meta property=\"og:url\" content=\"https:\/\/www.24-7prayer.com\/es\/la-voz-de-tamar\/\" \/>\n<meta property=\"og:site_name\" content=\"24-7 Prayer International\" \/>\n<meta property=\"article:published_time\" content=\"2022-12-13T05:00:00+00:00\" \/>\n<meta property=\"article:modified_time\" content=\"2022-12-13T22:18:43+00:00\" \/>\n<meta property=\"og:image\" content=\"https:\/\/www.24-7prayer.com\/wp-content\/uploads\/2022\/11\/365-voces-de-adviento-sin-txt.jpg\" \/>\n\t<meta property=\"og:image:width\" content=\"1080\" \/>\n\t<meta property=\"og:image:height\" content=\"1080\" \/>\n\t<meta property=\"og:image:type\" content=\"image\/jpeg\" \/>\n<meta name=\"author\" content=\"aitor@oracion24-7.com\" \/>\n<meta name=\"twitter:card\" content=\"summary_large_image\" \/>\n<script type=\"application\/ld+json\" class=\"yoast-schema-graph\">{\"@context\":\"https:\\\/\\\/schema.org\",\"@graph\":[{\"@type\":\"Article\",\"@id\":\"https:\\\/\\\/www.24-7prayer.com\\\/es\\\/la-voz-de-tamar\\\/#article\",\"isPartOf\":{\"@id\":\"https:\\\/\\\/www.24-7prayer.com\\\/es\\\/la-voz-de-tamar\\\/\"},\"author\":{\"name\":\"aitor@oracion24-7.com\",\"@id\":\"https:\\\/\\\/www.24-7prayer.com\\\/es\\\/#\\\/schema\\\/person\\\/cea924691d05af4dfa35da709e7ede7d\"},\"headline\":\"La voz de Tamar\",\"datePublished\":\"2022-12-13T05:00:00+00:00\",\"dateModified\":\"2022-12-13T22:18:43+00:00\",\"mainEntityOfPage\":{\"@id\":\"https:\\\/\\\/www.24-7prayer.com\\\/es\\\/la-voz-de-tamar\\\/\"},\"wordCount\":1163,\"publisher\":{\"@id\":\"https:\\\/\\\/www.24-7prayer.com\\\/es\\\/#organization\"},\"image\":{\"@id\":\"https:\\\/\\\/www.24-7prayer.com\\\/es\\\/la-voz-de-tamar\\\/#primaryimage\"},\"thumbnailUrl\":\"https:\\\/\\\/www.24-7prayer.com\\\/wp-content\\\/uploads\\\/2022\\\/11\\\/365-voces-de-adviento-sin-txt.jpg\",\"articleSection\":[\"Blogs\"],\"inLanguage\":\"es\"},{\"@type\":\"WebPage\",\"@id\":\"https:\\\/\\\/www.24-7prayer.com\\\/es\\\/la-voz-de-tamar\\\/\",\"url\":\"https:\\\/\\\/www.24-7prayer.com\\\/es\\\/la-voz-de-tamar\\\/\",\"name\":\"La voz de Tamar\",\"isPartOf\":{\"@id\":\"https:\\\/\\\/www.24-7prayer.com\\\/es\\\/#website\"},\"primaryImageOfPage\":{\"@id\":\"https:\\\/\\\/www.24-7prayer.com\\\/es\\\/la-voz-de-tamar\\\/#primaryimage\"},\"image\":{\"@id\":\"https:\\\/\\\/www.24-7prayer.com\\\/es\\\/la-voz-de-tamar\\\/#primaryimage\"},\"thumbnailUrl\":\"https:\\\/\\\/www.24-7prayer.com\\\/wp-content\\\/uploads\\\/2022\\\/11\\\/365-voces-de-adviento-sin-txt.jpg\",\"datePublished\":\"2022-12-13T05:00:00+00:00\",\"dateModified\":\"2022-12-13T22:18:43+00:00\",\"description\":\"Hoy es martes, 13 de diciembre. Esta semana, mientras nos preparamos para celebrar el nacimiento de Jes\u00fas, estamos explorando las historias de las mujeres que Mateo incluy\u00f3 en la genealog\u00eda de Jes\u00fas. (Mateo 1:1-17).\",\"breadcrumb\":{\"@id\":\"https:\\\/\\\/www.24-7prayer.com\\\/es\\\/la-voz-de-tamar\\\/#breadcrumb\"},\"inLanguage\":\"es\",\"potentialAction\":[{\"@type\":\"ReadAction\",\"target\":[\"https:\\\/\\\/www.24-7prayer.com\\\/es\\\/la-voz-de-tamar\\\/\"]}]},{\"@type\":\"ImageObject\",\"inLanguage\":\"es\",\"@id\":\"https:\\\/\\\/www.24-7prayer.com\\\/es\\\/la-voz-de-tamar\\\/#primaryimage\",\"url\":\"https:\\\/\\\/www.24-7prayer.com\\\/wp-content\\\/uploads\\\/2022\\\/11\\\/365-voces-de-adviento-sin-txt.jpg\",\"contentUrl\":\"https:\\\/\\\/www.24-7prayer.com\\\/wp-content\\\/uploads\\\/2022\\\/11\\\/365-voces-de-adviento-sin-txt.jpg\",\"width\":1080,\"height\":1080},{\"@type\":\"BreadcrumbList\",\"@id\":\"https:\\\/\\\/www.24-7prayer.com\\\/es\\\/la-voz-de-tamar\\\/#breadcrumb\",\"itemListElement\":[{\"@type\":\"ListItem\",\"position\":1,\"name\":\"Home\",\"item\":\"https:\\\/\\\/www.24-7prayer.com\\\/es\\\/\"},{\"@type\":\"ListItem\",\"position\":2,\"name\":\"La voz de Tamar\"}]},{\"@type\":\"WebSite\",\"@id\":\"https:\\\/\\\/www.24-7prayer.com\\\/es\\\/#website\",\"url\":\"https:\\\/\\\/www.24-7prayer.com\\\/es\\\/\",\"name\":\"24-7 Prayer International\",\"description\":\"Prayer Mission Justice\",\"publisher\":{\"@id\":\"https:\\\/\\\/www.24-7prayer.com\\\/es\\\/#organization\"},\"potentialAction\":[{\"@type\":\"SearchAction\",\"target\":{\"@type\":\"EntryPoint\",\"urlTemplate\":\"https:\\\/\\\/www.24-7prayer.com\\\/es\\\/?s={search_term_string}\"},\"query-input\":{\"@type\":\"PropertyValueSpecification\",\"valueRequired\":true,\"valueName\":\"search_term_string\"}}],\"inLanguage\":\"es\"},{\"@type\":\"Organization\",\"@id\":\"https:\\\/\\\/www.24-7prayer.com\\\/es\\\/#organization\",\"name\":\"24-7 Prayer\",\"url\":\"https:\\\/\\\/www.24-7prayer.com\\\/es\\\/\",\"logo\":{\"@type\":\"ImageObject\",\"inLanguage\":\"es\",\"@id\":\"https:\\\/\\\/www.24-7prayer.com\\\/es\\\/#\\\/schema\\\/logo\\\/image\\\/\",\"url\":\"https:\\\/\\\/www.24-7prayer.com\\\/wp-content\\\/uploads\\\/2022\\\/06\\\/logo.png\",\"contentUrl\":\"https:\\\/\\\/www.24-7prayer.com\\\/wp-content\\\/uploads\\\/2022\\\/06\\\/logo.png\",\"width\":302,\"height\":49,\"caption\":\"24-7 Prayer\"},\"image\":{\"@id\":\"https:\\\/\\\/www.24-7prayer.com\\\/es\\\/#\\\/schema\\\/logo\\\/image\\\/\"}},{\"@type\":\"Person\",\"@id\":\"https:\\\/\\\/www.24-7prayer.com\\\/es\\\/#\\\/schema\\\/person\\\/cea924691d05af4dfa35da709e7ede7d\",\"name\":\"aitor@oracion24-7.com\",\"image\":{\"@type\":\"ImageObject\",\"inLanguage\":\"es\",\"@id\":\"https:\\\/\\\/secure.gravatar.com\\\/avatar\\\/e67a3b0c8e0d52ee179e9f94d3d54543d229c4da1d7def06a61faccb28313f0a?s=96&d=mm&r=g\",\"url\":\"https:\\\/\\\/secure.gravatar.com\\\/avatar\\\/e67a3b0c8e0d52ee179e9f94d3d54543d229c4da1d7def06a61faccb28313f0a?s=96&d=mm&r=g\",\"contentUrl\":\"https:\\\/\\\/secure.gravatar.com\\\/avatar\\\/e67a3b0c8e0d52ee179e9f94d3d54543d229c4da1d7def06a61faccb28313f0a?s=96&d=mm&r=g\",\"caption\":\"aitor@oracion24-7.com\"},\"url\":\"https:\\\/\\\/www.24-7prayer.com\\\/es\\\/author\\\/aitororacion24-7-com\\\/\"}]}<\/script>\n<!-- \/ Yoast SEO plugin. -->","yoast_head_json":{"title":"La voz de Tamar","description":"Hoy es martes, 13 de diciembre. Esta semana, mientras nos preparamos para celebrar el nacimiento de Jes\u00fas, estamos explorando las historias de las mujeres que Mateo incluy\u00f3 en la genealog\u00eda de Jes\u00fas. (Mateo 1:1-17).","robots":{"index":"index","follow":"follow","max-snippet":"max-snippet:-1","max-image-preview":"max-image-preview:large","max-video-preview":"max-video-preview:-1"},"canonical":"https:\/\/www.24-7prayer.com\/es\/la-voz-de-tamar\/","og_locale":"es_ES","og_type":"article","og_title":"La voz de Tamar","og_description":"Hoy es martes, 13 de diciembre. Esta semana, mientras nos preparamos para celebrar el nacimiento de Jes\u00fas, estamos explorando las historias de las mujeres que Mateo incluy\u00f3 en la genealog\u00eda de Jes\u00fas. (Mateo 1:1-17).","og_url":"https:\/\/www.24-7prayer.com\/es\/la-voz-de-tamar\/","og_site_name":"24-7 Prayer International","article_published_time":"2022-12-13T05:00:00+00:00","article_modified_time":"2022-12-13T22:18:43+00:00","og_image":[{"width":1080,"height":1080,"url":"https:\/\/www.24-7prayer.com\/wp-content\/uploads\/2022\/11\/365-voces-de-adviento-sin-txt.jpg","type":"image\/jpeg"}],"author":"aitor@oracion24-7.com","twitter_card":"summary_large_image","schema":{"@context":"https:\/\/schema.org","@graph":[{"@type":"Article","@id":"https:\/\/www.24-7prayer.com\/es\/la-voz-de-tamar\/#article","isPartOf":{"@id":"https:\/\/www.24-7prayer.com\/es\/la-voz-de-tamar\/"},"author":{"name":"aitor@oracion24-7.com","@id":"https:\/\/www.24-7prayer.com\/es\/#\/schema\/person\/cea924691d05af4dfa35da709e7ede7d"},"headline":"La voz de Tamar","datePublished":"2022-12-13T05:00:00+00:00","dateModified":"2022-12-13T22:18:43+00:00","mainEntityOfPage":{"@id":"https:\/\/www.24-7prayer.com\/es\/la-voz-de-tamar\/"},"wordCount":1163,"publisher":{"@id":"https:\/\/www.24-7prayer.com\/es\/#organization"},"image":{"@id":"https:\/\/www.24-7prayer.com\/es\/la-voz-de-tamar\/#primaryimage"},"thumbnailUrl":"https:\/\/www.24-7prayer.com\/wp-content\/uploads\/2022\/11\/365-voces-de-adviento-sin-txt.jpg","articleSection":["Blogs"],"inLanguage":"es"},{"@type":"WebPage","@id":"https:\/\/www.24-7prayer.com\/es\/la-voz-de-tamar\/","url":"https:\/\/www.24-7prayer.com\/es\/la-voz-de-tamar\/","name":"La voz de Tamar","isPartOf":{"@id":"https:\/\/www.24-7prayer.com\/es\/#website"},"primaryImageOfPage":{"@id":"https:\/\/www.24-7prayer.com\/es\/la-voz-de-tamar\/#primaryimage"},"image":{"@id":"https:\/\/www.24-7prayer.com\/es\/la-voz-de-tamar\/#primaryimage"},"thumbnailUrl":"https:\/\/www.24-7prayer.com\/wp-content\/uploads\/2022\/11\/365-voces-de-adviento-sin-txt.jpg","datePublished":"2022-12-13T05:00:00+00:00","dateModified":"2022-12-13T22:18:43+00:00","description":"Hoy es martes, 13 de diciembre. Esta semana, mientras nos preparamos para celebrar el nacimiento de Jes\u00fas, estamos explorando las historias de las mujeres que Mateo incluy\u00f3 en la genealog\u00eda de Jes\u00fas. (Mateo 1:1-17).","breadcrumb":{"@id":"https:\/\/www.24-7prayer.com\/es\/la-voz-de-tamar\/#breadcrumb"},"inLanguage":"es","potentialAction":[{"@type":"ReadAction","target":["https:\/\/www.24-7prayer.com\/es\/la-voz-de-tamar\/"]}]},{"@type":"ImageObject","inLanguage":"es","@id":"https:\/\/www.24-7prayer.com\/es\/la-voz-de-tamar\/#primaryimage","url":"https:\/\/www.24-7prayer.com\/wp-content\/uploads\/2022\/11\/365-voces-de-adviento-sin-txt.jpg","contentUrl":"https:\/\/www.24-7prayer.com\/wp-content\/uploads\/2022\/11\/365-voces-de-adviento-sin-txt.jpg","width":1080,"height":1080},{"@type":"BreadcrumbList","@id":"https:\/\/www.24-7prayer.com\/es\/la-voz-de-tamar\/#breadcrumb","itemListElement":[{"@type":"ListItem","position":1,"name":"Home","item":"https:\/\/www.24-7prayer.com\/es\/"},{"@type":"ListItem","position":2,"name":"La voz de Tamar"}]},{"@type":"WebSite","@id":"https:\/\/www.24-7prayer.com\/es\/#website","url":"https:\/\/www.24-7prayer.com\/es\/","name":"24-7 Prayer International","description":"Prayer Mission Justice","publisher":{"@id":"https:\/\/www.24-7prayer.com\/es\/#organization"},"potentialAction":[{"@type":"SearchAction","target":{"@type":"EntryPoint","urlTemplate":"https:\/\/www.24-7prayer.com\/es\/?s={search_term_string}"},"query-input":{"@type":"PropertyValueSpecification","valueRequired":true,"valueName":"search_term_string"}}],"inLanguage":"es"},{"@type":"Organization","@id":"https:\/\/www.24-7prayer.com\/es\/#organization","name":"24-7 Prayer","url":"https:\/\/www.24-7prayer.com\/es\/","logo":{"@type":"ImageObject","inLanguage":"es","@id":"https:\/\/www.24-7prayer.com\/es\/#\/schema\/logo\/image\/","url":"https:\/\/www.24-7prayer.com\/wp-content\/uploads\/2022\/06\/logo.png","contentUrl":"https:\/\/www.24-7prayer.com\/wp-content\/uploads\/2022\/06\/logo.png","width":302,"height":49,"caption":"24-7 Prayer"},"image":{"@id":"https:\/\/www.24-7prayer.com\/es\/#\/schema\/logo\/image\/"}},{"@type":"Person","@id":"https:\/\/www.24-7prayer.com\/es\/#\/schema\/person\/cea924691d05af4dfa35da709e7ede7d","name":"aitor@oracion24-7.com","image":{"@type":"ImageObject","inLanguage":"es","@id":"https:\/\/secure.gravatar.com\/avatar\/e67a3b0c8e0d52ee179e9f94d3d54543d229c4da1d7def06a61faccb28313f0a?s=96&d=mm&r=g","url":"https:\/\/secure.gravatar.com\/avatar\/e67a3b0c8e0d52ee179e9f94d3d54543d229c4da1d7def06a61faccb28313f0a?s=96&d=mm&r=g","contentUrl":"https:\/\/secure.gravatar.com\/avatar\/e67a3b0c8e0d52ee179e9f94d3d54543d229c4da1d7def06a61faccb28313f0a?s=96&d=mm&r=g","caption":"aitor@oracion24-7.com"},"url":"https:\/\/www.24-7prayer.com\/es\/author\/aitororacion24-7-com\/"}]}},"_links":{"self":[{"href":"https:\/\/www.24-7prayer.com\/es\/wp-json\/wp\/v2\/posts\/36473","targetHints":{"allow":["GET"]}}],"collection":[{"href":"https:\/\/www.24-7prayer.com\/es\/wp-json\/wp\/v2\/posts"}],"about":[{"href":"https:\/\/www.24-7prayer.com\/es\/wp-json\/wp\/v2\/types\/post"}],"author":[{"embeddable":true,"href":"https:\/\/www.24-7prayer.com\/es\/wp-json\/wp\/v2\/users\/216"}],"replies":[{"embeddable":true,"href":"https:\/\/www.24-7prayer.com\/es\/wp-json\/wp\/v2\/comments?post=36473"}],"version-history":[{"count":3,"href":"https:\/\/www.24-7prayer.com\/es\/wp-json\/wp\/v2\/posts\/36473\/revisions"}],"predecessor-version":[{"id":36589,"href":"https:\/\/www.24-7prayer.com\/es\/wp-json\/wp\/v2\/posts\/36473\/revisions\/36589"}],"wp:featuredmedia":[{"embeddable":true,"href":"https:\/\/www.24-7prayer.com\/es\/wp-json\/wp\/v2\/media\/35192"}],"wp:attachment":[{"href":"https:\/\/www.24-7prayer.com\/es\/wp-json\/wp\/v2\/media?parent=36473"}],"wp:term":[{"taxonomy":"category","embeddable":true,"href":"https:\/\/www.24-7prayer.com\/es\/wp-json\/wp\/v2\/categories?post=36473"},{"taxonomy":"post_tag","embeddable":true,"href":"https:\/\/www.24-7prayer.com\/es\/wp-json\/wp\/v2\/tags?post=36473"},{"taxonomy":"author_slug","embeddable":true,"href":"https:\/\/www.24-7prayer.com\/es\/wp-json\/wp\/v2\/author_slug?post=36473"},{"taxonomy":"blog_series","embeddable":true,"href":"https:\/\/www.24-7prayer.com\/es\/wp-json\/wp\/v2\/blog_series?post=36473"},{"taxonomy":"topic","embeddable":true,"href":"https:\/\/www.24-7prayer.com\/es\/wp-json\/wp\/v2\/topic?post=36473"}],"curies":[{"name":"wp","href":"https:\/\/api.w.org\/{rel}","templated":true}]}}