{"id":36392,"date":"2022-12-12T05:00:00","date_gmt":"2022-12-12T05:00:00","guid":{"rendered":"https:\/\/www.24-7prayer.com\/?p=36392"},"modified":"2022-12-12T23:24:05","modified_gmt":"2022-12-12T23:24:05","slug":"la-ascendencia-humana-de-jesus","status":"publish","type":"post","link":"https:\/\/www.24-7prayer.com\/es\/la-ascendencia-humana-de-jesus\/","title":{"rendered":"<strong>La ascendencia humana de Jes\u00fas<\/strong>"},"content":{"rendered":"\n<div class=\"wp-block-buttons is-content-justification-center is-layout-flex wp-container-core-buttons-is-layout-a89b3969 wp-block-buttons-is-layout-flex\"><\/div>\n\n\n\n<iframe loading=\"lazy\" src=\"https:\/\/anchor.fm\/oracion247\/embed\/episodes\/La-ascendencia-humana-de-Jess-I-Voces-de-Adviento-I-Lectio-365-e1s4718\" height=\"102px\" width=\"100%\" frameborder=\"0\" scrolling=\"no\"><\/iframe>\n\n\n\n<p>Hoy es lunes, 12 de diciembre y este Adviento nos estamos preparando para celebrar el nacimiento de Jes\u00fas, meditando en la gente incluida en su historia. Hasta ahora hemos escuchado las voces de los profetas que describieron al Mes\u00edas que vendr\u00eda. La semana pasada escuchamos las voces de los hombres atrapados en la historia de la Navidad. Esta semana escuchamos las voces de las mujeres que desempe\u00f1aron papeles importantes en la ascendencia humana de Jes\u00fas.<\/p>\n\n\n\n<h3 class=\"wp-block-heading\" id=\"haz-una-pausa\">Haz una pausa<\/h3>\n\n\n\n<p><strong><em><strong><em><strong><em><strong><em><strong><em>Ahora, al iniciar mi tiempo de oraci\u00f3n, hago una pausa para estar quieta; para respirar lentamente, para re-centrar mis sentidos, que se encuentran dispersos, delante de la presencia de Dios.<\/em><\/strong><\/em><\/strong><\/em><\/strong><\/em><\/strong><\/em><\/strong><\/p>\n\n\n\n<hr class=\"wp-block-separator has-css-opacity is-style-dots\"\/>\n\n\n\n<h5 class=\"has-text-align-center wp-block-heading\" id=\"haz-una-pausa-y-ora\"><em>Haz una pausa y ora<\/em><\/h5>\n\n\n\n<hr class=\"wp-block-separator has-css-opacity is-style-dots\"\/>\n\n\n\n<h3 class=\"wp-block-heading\" id=\"haz-una-pausa\">Oraci\u00f3n de Enfoque<\/h3>\n\n\n\n<p><em>Se\u00f1or, en esta \u00e9poca de tanto ajetreo, por favor, ay\u00fadame a estar quieta . Abro mis o\u00eddos ahora para escuchar cosas incre\u00edbles sobre ti, preparando mi coraz\u00f3n calladamente para el milagro de tu venida en Navidad.<\/em><\/p>\n\n\n\n<div style=\"height:59px\" aria-hidden=\"true\" class=\"wp-block-spacer\"><\/div>\n\n\n\n<h3 class=\"wp-block-heading\" id=\"regocijarse-y-reflexionar\">Regocijarse y Reflexionar<\/h3>\n\n\n\n<p>Hoy escojo regocijarme en la anticipaci\u00f3n de la llegada de Cristo, uni\u00e9ndome a la alabanza ancestral de todo el pueblo de Dios en palabras del Salmo 96&#8230;<\/p>\n\n\n\n<blockquote class=\"wp-block-quote is-layout-flow wp-block-quote-is-layout-flow\">\n<p>\u00a1Que los cielos se alegren, y la tierra se goce!<br> &nbsp;&nbsp;&nbsp;&nbsp;\u00a1Que el mar y todo lo que contiene exclamen sus alabanzas! <br>\u00a1Que los campos y sus cultivos estallen de alegr\u00eda!<br> &nbsp;&nbsp;&nbsp;&nbsp;Que los \u00e1rboles del bosque canten de alegr\u00eda delante del&nbsp;Se\u00f1or, \u00a1porque \u00e9l viene!<\/p>\n<cite><strong>Salmo 96:11-13a (NTV)<\/strong><\/cite><\/blockquote>\n\n\n\n<hr class=\"wp-block-separator has-css-opacity is-style-dots\"\/>\n\n\n\n<h5 class=\"has-text-align-center wp-block-heading\" id=\"haz-una-pausa-y-ora\"><em>Haz una pausa y ora<\/em><\/h5>\n\n\n\n<hr class=\"wp-block-separator has-css-opacity is-style-dots\"\/>\n\n\n\n<p>El Evangelio de Mateo comienza de forma inesperada. Antes de lanzarse al drama de la historia de la Navidad, el autor se toma el tiempo de enumerar la l\u00ednea ancestral de Jes\u00fas\u2026<\/p>\n\n\n\n<blockquote class=\"wp-block-quote is-layout-flow wp-block-quote-is-layout-flow\">\n<p>Tabla geneal\u00f3gica de Jesucristo, hijo de David, hijo de Abraham: <br>Abraham fue el padre de&nbsp;Isaac; Isaac, padre de Jacob; Jacob, padre de Jud\u00e1 y de sus hermanos; Jud\u00e1, padre de Fares y de Zera, cuya madre fue Tamar; Fares, padre de Jezr\u00f3n; Jezr\u00f3n, padre de Aram; Aram, padre de Aminadab; Aminadab, padre de Naas\u00f3n; Naas\u00f3n, padre de Salm\u00f3n; Salm\u00f3n, padre de Booz, cuya madre fue Rajab; Booz, padre de Obed, cuya madre fue Rut; Obed, padre de Isa\u00ed; e Isa\u00ed, padre del rey David. David fue el padre de Salom\u00f3n, cuya madre hab\u00eda sido la esposa de Ur\u00edas; <\/p>\n<cite><strong><strong><strong><strong><strong>Mateo 1:1-6 (NVICST)<\/strong><\/strong><\/strong><\/strong><\/strong><\/cite><\/blockquote>\n\n\n\n<p>Las genealog\u00edas del antiguo Oriente Medio no son como los \u00e1rboles geneal\u00f3gicos modernos. En ellas se trazaba la l\u00ednea familiar masculina y se inclu\u00edan o exclu\u00edan generaciones en funci\u00f3n de lo que el autor quisiera destacar.* Mateo elabor\u00f3 cuidadosamente esta genealog\u00eda. Para sus lectores originales, antepasados como Abraham y David formaban parte de las credenciales jud\u00edas y mesi\u00e1nicas de Jes\u00fas, pero la inclusi\u00f3n de cuatro mujeres en la lista de Mateo tuvo que ser una sorpresa.&nbsp;<br><br>En la ascendencia de Jes\u00fas, Mateo nombra a: Tamar, una viuda que sedujo a su suegro para buscar justicia (G\u00e9nesis 38); Rahab, una prostituta cananea que ayud\u00f3 a los israelitas a tomar Jeric\u00f3 (Josu\u00e9 2); Rut, una viuda moabita que eligi\u00f3 a su suegra y al Dios de Israel por encima de su propio pueblo (Rut); y Betsab\u00e9, una viuda cuyo marido fue asesinado para que el rey David pudiera tomarla como esposa (2 Samuel 11).<\/p>\n\n\n\n<div style=\"height:59px\" aria-hidden=\"true\" class=\"wp-block-spacer\"><\/div>\n\n\n\n<h3 class=\"wp-block-heading\" id=\"apelar-pedir\"><strong>Apelar \/ Pedir<\/strong><\/h3>\n\n\n\n<p><em><em><em>Al incluir a estas mujeres, Mateo destaca historias dif\u00edciles o impactantes del pasado de Israel. Pienso en mi pasado, en mi familia. Recuerdo las personas y los acontecimientos que han sido dolorosos o dif\u00edciles, cosas que preferir\u00eda editar de mi historia\u2026<\/em><\/em><\/em><\/p>\n\n\n\n<hr class=\"wp-block-separator has-css-opacity is-style-dots\"\/>\n\n\n\n<h5 class=\"has-text-align-center wp-block-heading\" id=\"haz-una-pausa-y-ora\"><em>Haz una pausa y ora<\/em><\/h5>\n\n\n\n<hr class=\"wp-block-separator has-css-opacity is-style-dots\"\/>\n\n\n\n<p><em>Padre Dios, pongo estos nombres y acontecimientos delante de ti. Si puedes sacar algo tan sanador y bueno de las dificultades de la familia humana de Jes\u00fas, te pido que hagas lo mismo con la m\u00eda.<\/em><\/p>\n\n\n\n<hr class=\"wp-block-separator has-css-opacity is-style-dots\"\/>\n\n\n\n<h5 class=\"has-text-align-center wp-block-heading\" id=\"haz-una-pausa-y-ora\"><em>Haz una pausa y ora<\/em><\/h5>\n\n\n\n<hr class=\"wp-block-separator has-css-opacity is-style-dots\"\/>\n\n\n\n<h3 class=\"wp-block-heading\" id=\"apelar-pedir\"><strong>Rendirse<\/strong><\/h3>\n\n\n\n<p>Al volver al pasaje<em>, abro mis o\u00eddos para escuchar tu Palabra, y mi coraz\u00f3n para rendirme a tu voluntad una vez m\u00e1s.<\/em><\/p>\n\n\n\n<blockquote class=\"wp-block-quote is-layout-flow wp-block-quote-is-layout-flow\">\n<p>Tabla geneal\u00f3gica de Jesucristo, hijo de David, hijo de Abraham: <br>Abraham fue el padre de&nbsp;Isaac; Isaac, padre de Jacob; Jacob, padre de Jud\u00e1 y de sus hermanos; Jud\u00e1, padre de Fares y de Zera, cuya madre fue Tamar; Fares, padre de Jezr\u00f3n; Jezr\u00f3n, padre de Aram; Aram, padre de Aminadab; Aminadab, padre de Naas\u00f3n; Naas\u00f3n, padre de Salm\u00f3n; Salm\u00f3n, padre de Booz, cuya madre fue Rajab; Booz, padre de Obed, cuya madre fue Rut; Obed, padre de Isa\u00ed; e Isa\u00ed, padre del rey David. David fue el padre de Salom\u00f3n, cuya madre hab\u00eda sido la esposa de Ur\u00edas; <\/p>\n<cite><strong><strong><strong><strong><strong>Mateo 1:1-6 (NVICST)<\/strong><\/strong><\/strong><\/strong><\/strong><\/cite><\/blockquote>\n\n\n\n<p>Las historias de Tamar, Rahab, Rut y Betsab\u00e9 son complicadas e inc\u00f3modas. Cada una de ellas experiment\u00f3 un gran dolor y p\u00e9rdida, y algunas se vieron envueltas en un esc\u00e1ndalo. Sin embargo, cada una de ellas mostr\u00f3 una gran determinaci\u00f3n frente a la adversidad y finalmente fueron restauradas a la familia y a la comunidad. \u00bfQu\u00e9 dice de Dios el que haya elegido incluir a estas mujeres en la ascendencia humana de su Hijo?<\/p>\n\n\n\n<hr class=\"wp-block-separator has-css-opacity is-style-dots\"\/>\n\n\n\n<h5 class=\"has-text-align-center wp-block-heading\" id=\"haz-una-pausa-y-ora\"><em>Haz una pausa y ora<\/em><\/h5>\n\n\n\n<hr class=\"wp-block-separator has-css-opacity is-style-dots\"\/>\n\n\n\n<h3 class=\"wp-block-heading\" id=\"apelar-pedir\"><strong><strong>Oraci\u00f3n de rendici\u00f3n<\/strong><\/strong><\/h3>\n\n\n\n<p><em><em><em><em><em>Padre Dios, gracias por acogerme en tu familia. Soy desordenada e imperfecta, pero te ofrezco todo mi ser, la totalidad de mi historia, y te pido que me entretejas en tu misi\u00f3n de restauraci\u00f3n.<\/em><\/em><\/em><\/em><\/em><\/p>\n\n\n\n<div style=\"height:59px\" aria-hidden=\"true\" class=\"wp-block-spacer\"><\/div>\n\n\n\n<h3 class=\"wp-block-heading\" id=\"apelar-pedir\"><strong><strong><strong>Promesa de rendici\u00f3n<\/strong><\/strong><\/strong><\/h3>\n\n\n\n<p>Y ahora, mientras me preparo para llevar este tiempo de oraci\u00f3n al d\u00eda que tengo por delante, el Se\u00f1or, que me ama dice en Efesios:&nbsp;<\/p>\n\n\n\n<blockquote class=\"wp-block-quote is-layout-flow wp-block-quote-is-layout-flow\">\n<p>Por lo tanto, ya no soy extra\u00f1a ni extranjera, sino conciudadana de los santos y miembro de la familia de Dios,\u00a0edificado sobre el fundamento de los ap\u00f3stoles y los profetas, siendo Cristo Jes\u00fas mismo la piedra angular.<\/p>\n<cite><strong><strong><strong><strong><strong>Efesios 2:19-20 (NVICST)<\/strong><br>(Adaptado en primera persona)<\/strong><\/strong><\/strong><\/strong><\/cite><\/blockquote>\n\n\n\n<h3 class=\"wp-block-heading\" id=\"apelar-pedir\"><strong><strong><strong><strong><em>Oraci\u00f3n para terminar<\/em><\/strong><\/strong><\/strong><\/strong><\/h3>\n\n\n\n<p><strong><em>Padre, ay\u00fadame a vivir este d\u00eda al m\u00e1ximo,<\/em><\/strong><br><strong><em>siendo aut\u00e9ntico contigo en todo.<\/em><\/strong><br><strong><em>Jes\u00fas, ay\u00fadame a darme a los dem\u00e1s,&nbsp;<\/em><\/strong><br><strong><em>siendo amable con toda la gente con la que me encuentre.<\/em><\/strong><br><strong><em>Esp\u00edritu, ay\u00fadame a amar a la gente que se encuentra perdida,<\/em><\/strong><br><strong><em>proclamando a Cristo en todo lo que digo y hago.<\/em><\/strong><br><strong><em>Am\u00e9n.<\/em><\/strong><\/p>\n\n\n\n<p class=\"has-small-font-size\">*Sandra L. Richter, <em>The Epic of Eden<\/em>, (Downers Grove, IL: IVP, 2008), pp. 50-53.<\/p>\n\n\n\n<p><\/p>\n","protected":false},"excerpt":{"rendered":"<p>Hoy es lunes, 12 de diciembre y este Adviento nos estamos preparando para celebrar el nacimiento de Jes\u00fas, meditando en la gente incluida en su historia. Hasta ahora hemos escuchado las voces de los profetas que describieron al Mes\u00edas que vendr\u00eda. La semana pasada escuchamos las voces de los hombres atrapados en la historia de [&hellip;]<\/p>\n","protected":false},"author":216,"featured_media":35192,"comment_status":"closed","ping_status":"open","sticky":false,"template":"","format":"standard","meta":{"_acf_changed":false,"inline_featured_image":false,"footnotes":""},"categories":[206],"tags":[],"author_slug":[370],"blog_series":[518],"topic":[353],"class_list":["post-36392","post","type-post","status-publish","format-standard","has-post-thumbnail","hentry","category-blog-es","author_slug-oracion-24-7","blog_series-voces-de-adviento","topic-orar"],"acf":[],"yoast_head":"<!-- This site is optimized with the Yoast SEO plugin v27.4 - https:\/\/yoast.com\/product\/yoast-seo-wordpress\/ -->\n<title>La ascendencia humana de Jes\u00fas<\/title>\n<meta name=\"description\" content=\"Hoy es lunes, 12 de diciembre y este Adviento nos estamos preparando para celebrar el nacimiento de Jes\u00fas, meditando en la gente incluida en su historia.\" \/>\n<meta name=\"robots\" content=\"index, follow, max-snippet:-1, max-image-preview:large, max-video-preview:-1\" \/>\n<link rel=\"canonical\" href=\"https:\/\/www.24-7prayer.com\/es\/la-ascendencia-humana-de-jesus\/\" \/>\n<meta property=\"og:locale\" content=\"es_ES\" \/>\n<meta property=\"og:type\" content=\"article\" \/>\n<meta property=\"og:title\" content=\"La ascendencia humana de Jes\u00fas\" \/>\n<meta property=\"og:description\" content=\"Hoy es lunes, 12 de diciembre y este Adviento nos estamos preparando para celebrar el nacimiento de Jes\u00fas, meditando en la gente incluida en su historia.\" \/>\n<meta property=\"og:url\" content=\"https:\/\/www.24-7prayer.com\/es\/la-ascendencia-humana-de-jesus\/\" \/>\n<meta property=\"og:site_name\" content=\"24-7 Prayer International\" \/>\n<meta property=\"article:published_time\" content=\"2022-12-12T05:00:00+00:00\" \/>\n<meta property=\"article:modified_time\" content=\"2022-12-12T23:24:05+00:00\" \/>\n<meta property=\"og:image\" content=\"https:\/\/www.24-7prayer.com\/wp-content\/uploads\/2022\/11\/365-voces-de-adviento-sin-txt.jpg\" \/>\n\t<meta property=\"og:image:width\" content=\"1080\" \/>\n\t<meta property=\"og:image:height\" content=\"1080\" \/>\n\t<meta property=\"og:image:type\" content=\"image\/jpeg\" \/>\n<meta name=\"author\" content=\"aitor@oracion24-7.com\" \/>\n<meta name=\"twitter:card\" content=\"summary_large_image\" \/>\n<script type=\"application\/ld+json\" class=\"yoast-schema-graph\">{\"@context\":\"https:\\\/\\\/schema.org\",\"@graph\":[{\"@type\":\"Article\",\"@id\":\"https:\\\/\\\/www.24-7prayer.com\\\/es\\\/la-ascendencia-humana-de-jesus\\\/#article\",\"isPartOf\":{\"@id\":\"https:\\\/\\\/www.24-7prayer.com\\\/es\\\/la-ascendencia-humana-de-jesus\\\/\"},\"author\":{\"name\":\"aitor@oracion24-7.com\",\"@id\":\"https:\\\/\\\/www.24-7prayer.com\\\/es\\\/#\\\/schema\\\/person\\\/cea924691d05af4dfa35da709e7ede7d\"},\"headline\":\"La ascendencia humana de Jes\u00fas\",\"datePublished\":\"2022-12-12T05:00:00+00:00\",\"dateModified\":\"2022-12-12T23:24:05+00:00\",\"mainEntityOfPage\":{\"@id\":\"https:\\\/\\\/www.24-7prayer.com\\\/es\\\/la-ascendencia-humana-de-jesus\\\/\"},\"wordCount\":1092,\"publisher\":{\"@id\":\"https:\\\/\\\/www.24-7prayer.com\\\/es\\\/#organization\"},\"image\":{\"@id\":\"https:\\\/\\\/www.24-7prayer.com\\\/es\\\/la-ascendencia-humana-de-jesus\\\/#primaryimage\"},\"thumbnailUrl\":\"https:\\\/\\\/www.24-7prayer.com\\\/wp-content\\\/uploads\\\/2022\\\/11\\\/365-voces-de-adviento-sin-txt.jpg\",\"articleSection\":[\"Blogs\"],\"inLanguage\":\"es\"},{\"@type\":\"WebPage\",\"@id\":\"https:\\\/\\\/www.24-7prayer.com\\\/es\\\/la-ascendencia-humana-de-jesus\\\/\",\"url\":\"https:\\\/\\\/www.24-7prayer.com\\\/es\\\/la-ascendencia-humana-de-jesus\\\/\",\"name\":\"La ascendencia humana de Jes\u00fas\",\"isPartOf\":{\"@id\":\"https:\\\/\\\/www.24-7prayer.com\\\/es\\\/#website\"},\"primaryImageOfPage\":{\"@id\":\"https:\\\/\\\/www.24-7prayer.com\\\/es\\\/la-ascendencia-humana-de-jesus\\\/#primaryimage\"},\"image\":{\"@id\":\"https:\\\/\\\/www.24-7prayer.com\\\/es\\\/la-ascendencia-humana-de-jesus\\\/#primaryimage\"},\"thumbnailUrl\":\"https:\\\/\\\/www.24-7prayer.com\\\/wp-content\\\/uploads\\\/2022\\\/11\\\/365-voces-de-adviento-sin-txt.jpg\",\"datePublished\":\"2022-12-12T05:00:00+00:00\",\"dateModified\":\"2022-12-12T23:24:05+00:00\",\"description\":\"Hoy es lunes, 12 de diciembre y este Adviento nos estamos preparando para celebrar el nacimiento de Jes\u00fas, meditando en la gente incluida en su historia.\",\"breadcrumb\":{\"@id\":\"https:\\\/\\\/www.24-7prayer.com\\\/es\\\/la-ascendencia-humana-de-jesus\\\/#breadcrumb\"},\"inLanguage\":\"es\",\"potentialAction\":[{\"@type\":\"ReadAction\",\"target\":[\"https:\\\/\\\/www.24-7prayer.com\\\/es\\\/la-ascendencia-humana-de-jesus\\\/\"]}]},{\"@type\":\"ImageObject\",\"inLanguage\":\"es\",\"@id\":\"https:\\\/\\\/www.24-7prayer.com\\\/es\\\/la-ascendencia-humana-de-jesus\\\/#primaryimage\",\"url\":\"https:\\\/\\\/www.24-7prayer.com\\\/wp-content\\\/uploads\\\/2022\\\/11\\\/365-voces-de-adviento-sin-txt.jpg\",\"contentUrl\":\"https:\\\/\\\/www.24-7prayer.com\\\/wp-content\\\/uploads\\\/2022\\\/11\\\/365-voces-de-adviento-sin-txt.jpg\",\"width\":1080,\"height\":1080},{\"@type\":\"BreadcrumbList\",\"@id\":\"https:\\\/\\\/www.24-7prayer.com\\\/es\\\/la-ascendencia-humana-de-jesus\\\/#breadcrumb\",\"itemListElement\":[{\"@type\":\"ListItem\",\"position\":1,\"name\":\"Home\",\"item\":\"https:\\\/\\\/www.24-7prayer.com\\\/es\\\/\"},{\"@type\":\"ListItem\",\"position\":2,\"name\":\"La ascendencia humana de Jes\u00fas\"}]},{\"@type\":\"WebSite\",\"@id\":\"https:\\\/\\\/www.24-7prayer.com\\\/es\\\/#website\",\"url\":\"https:\\\/\\\/www.24-7prayer.com\\\/es\\\/\",\"name\":\"24-7 Prayer International\",\"description\":\"Prayer Mission Justice\",\"publisher\":{\"@id\":\"https:\\\/\\\/www.24-7prayer.com\\\/es\\\/#organization\"},\"potentialAction\":[{\"@type\":\"SearchAction\",\"target\":{\"@type\":\"EntryPoint\",\"urlTemplate\":\"https:\\\/\\\/www.24-7prayer.com\\\/es\\\/?s={search_term_string}\"},\"query-input\":{\"@type\":\"PropertyValueSpecification\",\"valueRequired\":true,\"valueName\":\"search_term_string\"}}],\"inLanguage\":\"es\"},{\"@type\":\"Organization\",\"@id\":\"https:\\\/\\\/www.24-7prayer.com\\\/es\\\/#organization\",\"name\":\"24-7 Prayer\",\"url\":\"https:\\\/\\\/www.24-7prayer.com\\\/es\\\/\",\"logo\":{\"@type\":\"ImageObject\",\"inLanguage\":\"es\",\"@id\":\"https:\\\/\\\/www.24-7prayer.com\\\/es\\\/#\\\/schema\\\/logo\\\/image\\\/\",\"url\":\"https:\\\/\\\/www.24-7prayer.com\\\/wp-content\\\/uploads\\\/2022\\\/06\\\/logo.png\",\"contentUrl\":\"https:\\\/\\\/www.24-7prayer.com\\\/wp-content\\\/uploads\\\/2022\\\/06\\\/logo.png\",\"width\":302,\"height\":49,\"caption\":\"24-7 Prayer\"},\"image\":{\"@id\":\"https:\\\/\\\/www.24-7prayer.com\\\/es\\\/#\\\/schema\\\/logo\\\/image\\\/\"}},{\"@type\":\"Person\",\"@id\":\"https:\\\/\\\/www.24-7prayer.com\\\/es\\\/#\\\/schema\\\/person\\\/cea924691d05af4dfa35da709e7ede7d\",\"name\":\"aitor@oracion24-7.com\",\"image\":{\"@type\":\"ImageObject\",\"inLanguage\":\"es\",\"@id\":\"https:\\\/\\\/secure.gravatar.com\\\/avatar\\\/e67a3b0c8e0d52ee179e9f94d3d54543d229c4da1d7def06a61faccb28313f0a?s=96&d=mm&r=g\",\"url\":\"https:\\\/\\\/secure.gravatar.com\\\/avatar\\\/e67a3b0c8e0d52ee179e9f94d3d54543d229c4da1d7def06a61faccb28313f0a?s=96&d=mm&r=g\",\"contentUrl\":\"https:\\\/\\\/secure.gravatar.com\\\/avatar\\\/e67a3b0c8e0d52ee179e9f94d3d54543d229c4da1d7def06a61faccb28313f0a?s=96&d=mm&r=g\",\"caption\":\"aitor@oracion24-7.com\"},\"url\":\"https:\\\/\\\/www.24-7prayer.com\\\/es\\\/author\\\/aitororacion24-7-com\\\/\"}]}<\/script>\n<!-- \/ Yoast SEO plugin. -->","yoast_head_json":{"title":"La ascendencia humana de Jes\u00fas","description":"Hoy es lunes, 12 de diciembre y este Adviento nos estamos preparando para celebrar el nacimiento de Jes\u00fas, meditando en la gente incluida en su historia.","robots":{"index":"index","follow":"follow","max-snippet":"max-snippet:-1","max-image-preview":"max-image-preview:large","max-video-preview":"max-video-preview:-1"},"canonical":"https:\/\/www.24-7prayer.com\/es\/la-ascendencia-humana-de-jesus\/","og_locale":"es_ES","og_type":"article","og_title":"La ascendencia humana de Jes\u00fas","og_description":"Hoy es lunes, 12 de diciembre y este Adviento nos estamos preparando para celebrar el nacimiento de Jes\u00fas, meditando en la gente incluida en su historia.","og_url":"https:\/\/www.24-7prayer.com\/es\/la-ascendencia-humana-de-jesus\/","og_site_name":"24-7 Prayer International","article_published_time":"2022-12-12T05:00:00+00:00","article_modified_time":"2022-12-12T23:24:05+00:00","og_image":[{"width":1080,"height":1080,"url":"https:\/\/www.24-7prayer.com\/wp-content\/uploads\/2022\/11\/365-voces-de-adviento-sin-txt.jpg","type":"image\/jpeg"}],"author":"aitor@oracion24-7.com","twitter_card":"summary_large_image","schema":{"@context":"https:\/\/schema.org","@graph":[{"@type":"Article","@id":"https:\/\/www.24-7prayer.com\/es\/la-ascendencia-humana-de-jesus\/#article","isPartOf":{"@id":"https:\/\/www.24-7prayer.com\/es\/la-ascendencia-humana-de-jesus\/"},"author":{"name":"aitor@oracion24-7.com","@id":"https:\/\/www.24-7prayer.com\/es\/#\/schema\/person\/cea924691d05af4dfa35da709e7ede7d"},"headline":"La ascendencia humana de Jes\u00fas","datePublished":"2022-12-12T05:00:00+00:00","dateModified":"2022-12-12T23:24:05+00:00","mainEntityOfPage":{"@id":"https:\/\/www.24-7prayer.com\/es\/la-ascendencia-humana-de-jesus\/"},"wordCount":1092,"publisher":{"@id":"https:\/\/www.24-7prayer.com\/es\/#organization"},"image":{"@id":"https:\/\/www.24-7prayer.com\/es\/la-ascendencia-humana-de-jesus\/#primaryimage"},"thumbnailUrl":"https:\/\/www.24-7prayer.com\/wp-content\/uploads\/2022\/11\/365-voces-de-adviento-sin-txt.jpg","articleSection":["Blogs"],"inLanguage":"es"},{"@type":"WebPage","@id":"https:\/\/www.24-7prayer.com\/es\/la-ascendencia-humana-de-jesus\/","url":"https:\/\/www.24-7prayer.com\/es\/la-ascendencia-humana-de-jesus\/","name":"La ascendencia humana de Jes\u00fas","isPartOf":{"@id":"https:\/\/www.24-7prayer.com\/es\/#website"},"primaryImageOfPage":{"@id":"https:\/\/www.24-7prayer.com\/es\/la-ascendencia-humana-de-jesus\/#primaryimage"},"image":{"@id":"https:\/\/www.24-7prayer.com\/es\/la-ascendencia-humana-de-jesus\/#primaryimage"},"thumbnailUrl":"https:\/\/www.24-7prayer.com\/wp-content\/uploads\/2022\/11\/365-voces-de-adviento-sin-txt.jpg","datePublished":"2022-12-12T05:00:00+00:00","dateModified":"2022-12-12T23:24:05+00:00","description":"Hoy es lunes, 12 de diciembre y este Adviento nos estamos preparando para celebrar el nacimiento de Jes\u00fas, meditando en la gente incluida en su historia.","breadcrumb":{"@id":"https:\/\/www.24-7prayer.com\/es\/la-ascendencia-humana-de-jesus\/#breadcrumb"},"inLanguage":"es","potentialAction":[{"@type":"ReadAction","target":["https:\/\/www.24-7prayer.com\/es\/la-ascendencia-humana-de-jesus\/"]}]},{"@type":"ImageObject","inLanguage":"es","@id":"https:\/\/www.24-7prayer.com\/es\/la-ascendencia-humana-de-jesus\/#primaryimage","url":"https:\/\/www.24-7prayer.com\/wp-content\/uploads\/2022\/11\/365-voces-de-adviento-sin-txt.jpg","contentUrl":"https:\/\/www.24-7prayer.com\/wp-content\/uploads\/2022\/11\/365-voces-de-adviento-sin-txt.jpg","width":1080,"height":1080},{"@type":"BreadcrumbList","@id":"https:\/\/www.24-7prayer.com\/es\/la-ascendencia-humana-de-jesus\/#breadcrumb","itemListElement":[{"@type":"ListItem","position":1,"name":"Home","item":"https:\/\/www.24-7prayer.com\/es\/"},{"@type":"ListItem","position":2,"name":"La ascendencia humana de Jes\u00fas"}]},{"@type":"WebSite","@id":"https:\/\/www.24-7prayer.com\/es\/#website","url":"https:\/\/www.24-7prayer.com\/es\/","name":"24-7 Prayer International","description":"Prayer Mission Justice","publisher":{"@id":"https:\/\/www.24-7prayer.com\/es\/#organization"},"potentialAction":[{"@type":"SearchAction","target":{"@type":"EntryPoint","urlTemplate":"https:\/\/www.24-7prayer.com\/es\/?s={search_term_string}"},"query-input":{"@type":"PropertyValueSpecification","valueRequired":true,"valueName":"search_term_string"}}],"inLanguage":"es"},{"@type":"Organization","@id":"https:\/\/www.24-7prayer.com\/es\/#organization","name":"24-7 Prayer","url":"https:\/\/www.24-7prayer.com\/es\/","logo":{"@type":"ImageObject","inLanguage":"es","@id":"https:\/\/www.24-7prayer.com\/es\/#\/schema\/logo\/image\/","url":"https:\/\/www.24-7prayer.com\/wp-content\/uploads\/2022\/06\/logo.png","contentUrl":"https:\/\/www.24-7prayer.com\/wp-content\/uploads\/2022\/06\/logo.png","width":302,"height":49,"caption":"24-7 Prayer"},"image":{"@id":"https:\/\/www.24-7prayer.com\/es\/#\/schema\/logo\/image\/"}},{"@type":"Person","@id":"https:\/\/www.24-7prayer.com\/es\/#\/schema\/person\/cea924691d05af4dfa35da709e7ede7d","name":"aitor@oracion24-7.com","image":{"@type":"ImageObject","inLanguage":"es","@id":"https:\/\/secure.gravatar.com\/avatar\/e67a3b0c8e0d52ee179e9f94d3d54543d229c4da1d7def06a61faccb28313f0a?s=96&d=mm&r=g","url":"https:\/\/secure.gravatar.com\/avatar\/e67a3b0c8e0d52ee179e9f94d3d54543d229c4da1d7def06a61faccb28313f0a?s=96&d=mm&r=g","contentUrl":"https:\/\/secure.gravatar.com\/avatar\/e67a3b0c8e0d52ee179e9f94d3d54543d229c4da1d7def06a61faccb28313f0a?s=96&d=mm&r=g","caption":"aitor@oracion24-7.com"},"url":"https:\/\/www.24-7prayer.com\/es\/author\/aitororacion24-7-com\/"}]}},"_links":{"self":[{"href":"https:\/\/www.24-7prayer.com\/es\/wp-json\/wp\/v2\/posts\/36392","targetHints":{"allow":["GET"]}}],"collection":[{"href":"https:\/\/www.24-7prayer.com\/es\/wp-json\/wp\/v2\/posts"}],"about":[{"href":"https:\/\/www.24-7prayer.com\/es\/wp-json\/wp\/v2\/types\/post"}],"author":[{"embeddable":true,"href":"https:\/\/www.24-7prayer.com\/es\/wp-json\/wp\/v2\/users\/216"}],"replies":[{"embeddable":true,"href":"https:\/\/www.24-7prayer.com\/es\/wp-json\/wp\/v2\/comments?post=36392"}],"version-history":[{"count":3,"href":"https:\/\/www.24-7prayer.com\/es\/wp-json\/wp\/v2\/posts\/36392\/revisions"}],"predecessor-version":[{"id":36477,"href":"https:\/\/www.24-7prayer.com\/es\/wp-json\/wp\/v2\/posts\/36392\/revisions\/36477"}],"wp:featuredmedia":[{"embeddable":true,"href":"https:\/\/www.24-7prayer.com\/es\/wp-json\/wp\/v2\/media\/35192"}],"wp:attachment":[{"href":"https:\/\/www.24-7prayer.com\/es\/wp-json\/wp\/v2\/media?parent=36392"}],"wp:term":[{"taxonomy":"category","embeddable":true,"href":"https:\/\/www.24-7prayer.com\/es\/wp-json\/wp\/v2\/categories?post=36392"},{"taxonomy":"post_tag","embeddable":true,"href":"https:\/\/www.24-7prayer.com\/es\/wp-json\/wp\/v2\/tags?post=36392"},{"taxonomy":"author_slug","embeddable":true,"href":"https:\/\/www.24-7prayer.com\/es\/wp-json\/wp\/v2\/author_slug?post=36392"},{"taxonomy":"blog_series","embeddable":true,"href":"https:\/\/www.24-7prayer.com\/es\/wp-json\/wp\/v2\/blog_series?post=36392"},{"taxonomy":"topic","embeddable":true,"href":"https:\/\/www.24-7prayer.com\/es\/wp-json\/wp\/v2\/topic?post=36392"}],"curies":[{"name":"wp","href":"https:\/\/api.w.org\/{rel}","templated":true}]}}