{"id":35848,"date":"2022-12-10T05:00:00","date_gmt":"2022-12-10T05:00:00","guid":{"rendered":"https:\/\/www.24-7prayer.com\/?p=35848"},"modified":"2022-12-10T23:39:48","modified_gmt":"2022-12-10T23:39:48","slug":"la-gratitud-de-simeon","status":"publish","type":"post","link":"https:\/\/www.24-7prayer.com\/es\/la-gratitud-de-simeon\/","title":{"rendered":"<strong>La gratitud de Sime\u00f3n<\/strong>"},"content":{"rendered":"\n<div class=\"wp-block-buttons is-content-justification-center is-layout-flex wp-container-core-buttons-is-layout-a89b3969 wp-block-buttons-is-layout-flex\"><\/div>\n\n\n\n<iframe loading=\"lazy\" src=\"https:\/\/anchor.fm\/oracion247\/embed\/episodes\/La-gratitud-de-Simen--I-Voces-de-Adviento-I-Lectio-365-e1s1ee8\" height=\"102px\" width=\"100%\" frameborder=\"0\" scrolling=\"no\"><\/iframe>\n\n\n\n<p>Hoy es s\u00e1bado, 10 de diciembre. A lo largo de esta \u00e9poca de Adviento estamos reflexionando sobre las voces de las muchas personas cuyas experiencias se unen para componer la historia de la Navidad.&nbsp;<\/p>\n\n\n\n<h3 class=\"wp-block-heading\" id=\"haz-una-pausa\">Haz una pausa<\/h3>\n\n\n\n<p><strong><em><strong><em><strong><em><strong><em><strong><em>Ahora, al iniciar mi tiempo de oraci\u00f3n, hago una pausa para estar quieto; para respirar lentamente, para re-centrar mis sentidos, que se encuentran dispersos, delante de la presencia de Dios.<\/em><\/strong><\/em><\/strong><\/em><\/strong><\/em><\/strong><\/em><\/strong><\/p>\n\n\n\n<hr class=\"wp-block-separator has-css-opacity is-style-dots\"\/>\n\n\n\n<h5 class=\"has-text-align-center wp-block-heading\" id=\"haz-una-pausa-y-ora\"><em>Haz una pausa y ora<\/em><\/h5>\n\n\n\n<hr class=\"wp-block-separator has-css-opacity is-style-dots\"\/>\n\n\n\n<h3 class=\"wp-block-heading\" id=\"haz-una-pausa\">Oraci\u00f3n de Enfoque<\/h3>\n\n\n\n<p><em>Se\u00f1or, en esta \u00e9poca de tanto ajetreo, por favor, ay\u00fadame a estar quieto. Abro mis o\u00eddos ahora para escuchar cosas incre\u00edbles sobre ti, preparando mi coraz\u00f3n calladamente para el milagro de tu venida en Navidad.<\/em><\/p>\n\n\n\n<div style=\"height:59px\" aria-hidden=\"true\" class=\"wp-block-spacer\"><\/div>\n\n\n\n<h3 class=\"wp-block-heading\" id=\"regocijarse-y-reflexionar\">Regocijarse y Reflexionar<\/h3>\n\n\n\n<p>Hoy escojo regocijarme en anticipation de la venida de Cristo, uni\u00e9ndome a la alabanza ancestral de todo el pueblo de Dios en palabras del Salmo 89&#8230;<\/p>\n\n\n\n<blockquote class=\"wp-block-quote is-layout-flow wp-block-quote-is-layout-flow\">\n<p>\u00a1Siempre cantar\u00e9 acerca del amor inagotable del&nbsp;Se\u00f1or!<br> &nbsp;&nbsp;&nbsp;&nbsp;J\u00f3venes y ancianos oir\u00e1n de tu fidelidad. <br>Tu amor inagotable durar\u00e1 para siempre;<br> &nbsp;&nbsp;&nbsp;&nbsp;tu fidelidad es tan perdurable como los cielos.<\/p>\n<cite><strong><strong>Salmo 89:1-2 (NTV)<\/strong><\/strong><\/cite><\/blockquote>\n\n\n\n<hr class=\"wp-block-separator has-css-opacity is-style-dots\"\/>\n\n\n\n<h5 class=\"has-text-align-center wp-block-heading\" id=\"haz-una-pausa-y-ora\"><em>Haz una pausa y ora<\/em><\/h5>\n\n\n\n<hr class=\"wp-block-separator has-css-opacity is-style-dots\"\/>\n\n\n\n<p>Hoy reflexiono en el cumplimiento de una promesa que se ha hecho esperar\u2026<\/p>\n\n\n\n<blockquote class=\"wp-block-quote is-layout-flow wp-block-quote-is-layout-flow\">\n<p>Ahora bien, en Jerusal\u00e9n hab\u00eda un hombre llamado Sime\u00f3n, que era justo y devoto, y aguardaba con esperanza la redenci\u00f3n de Israel. El Esp\u00edritu Santo estaba con \u00e9l&nbsp;y le hab\u00eda revelado que no morir\u00eda sin antes ver al Cristo del Se\u00f1or.&nbsp;Movido por el Esp\u00edritu, fue al templo. Cuando al ni\u00f1o Jes\u00fas lo llevaron sus padres para cumplir con la costumbre establecida por la ley,&nbsp;Sime\u00f3n lo tom\u00f3 en sus brazos y bendijo a Dios: <br>\u00abSeg\u00fan tu palabra, Soberano Se\u00f1or,<br>&nbsp;&nbsp;&nbsp;&nbsp;ya puedes despedir a tu siervo en paz. <br>Porque han visto mis ojos tu salvaci\u00f3n,<br> &nbsp;&nbsp;&nbsp;&nbsp;que has preparado a la vista de todos los pueblos: <br>luz que ilumina a las naciones<br>&nbsp;&nbsp;&nbsp;&nbsp;y gloria de tu pueblo Israel\u00bb.<\/p>\n<cite><strong><strong><strong><strong>Lucas 2:25-32 (NVICST)&nbsp;<\/strong><\/strong><\/strong><\/strong><\/cite><\/blockquote>\n\n\n\n<p>Vivo en una cultura de gratificaci\u00f3n instant\u00e1nea, de citas que se deslizan a la izquierda y de compras con un solo clic. He sido condicionado a esperar obtener lo que quiero, cuando lo quiero. Por eso, si no veo un cumplimiento r\u00e1pido de una promesa de Dios, puedo tener la tentaci\u00f3n de descartarla como algo falso o de dudar de la bondad de Dios hacia m\u00ed. Sime\u00f3n me recuerda que las promesas que Dios hace se cumplir\u00e1n, pero el momento de ese cumplimiento no depende de m\u00ed. <\/p>\n\n\n\n<div style=\"height:59px\" aria-hidden=\"true\" class=\"wp-block-spacer\"><\/div>\n\n\n\n<h3 class=\"wp-block-heading\" id=\"apelar-pedir\"><strong>Apelar \/ Pedir<\/strong><\/h3>\n\n\n\n<p><em><em><em>Se\u00f1or Dios, para quien un d\u00eda es como mil a\u00f1os, y mil a\u00f1os son como un d\u00eda <\/em>(2 Pedro 3:8)<em> mi esperanza est\u00e1 en ti ahora y por siempre. Hoy, mientras recuerdo las promesas que estoy esperando que cumplas, haz que mi conocimiento de tu bondad y fidelidad sea m\u00e1s profundo.<\/em><\/em><\/em><\/p>\n\n\n\n<hr class=\"wp-block-separator has-css-opacity is-style-dots\"\/>\n\n\n\n<h5 class=\"has-text-align-center wp-block-heading\" id=\"haz-una-pausa-y-ora\"><em>Haz una pausa y ora<\/em><\/h5>\n\n\n\n<hr class=\"wp-block-separator has-css-opacity is-style-dots\"\/>\n\n\n\n<p>Aunque la edad de Sime\u00f3n no se menciona en el pasaje, la tradici\u00f3n cristiana sostiene que era un hombre mayor. Pienso ahora en un cristiano mayor en mi vida, un padre o madre espiritual que me haya indicado hacia Jes\u00fas.<br><br><em>Se\u00f1or Dios, sostengo a este h\u00e9roe o hero\u00edna de la fe ante ti. En el tiempo que les queda en la Tierra, te pido que sus mejores d\u00edas est\u00e9n todav\u00eda por delante. Habla con ellos como lo hiciste con Sime\u00f3n y \u00fasales poderosamente para animar a otros a seguirte.<\/em><\/p>\n\n\n\n<hr class=\"wp-block-separator has-css-opacity is-style-dots\"\/>\n\n\n\n<h5 class=\"has-text-align-center wp-block-heading\" id=\"haz-una-pausa-y-ora\"><em>Haz una pausa y ora<\/em><\/h5>\n\n\n\n<hr class=\"wp-block-separator has-css-opacity is-style-dots\"\/>\n\n\n\n<h3 class=\"wp-block-heading\" id=\"apelar-pedir\"><strong>Rendirse<\/strong><\/h3>\n\n\n\n<p>Al volver al pasaje<em>, abro mis o\u00eddos para escuchar tu Palabra, y mi coraz\u00f3n para rendirme a tu voluntad una vez m\u00e1s.<\/em><\/p>\n\n\n\n<blockquote class=\"wp-block-quote is-layout-flow wp-block-quote-is-layout-flow\">\n<p>Ahora bien, en Jerusal\u00e9n hab\u00eda un hombre llamado Sime\u00f3n, que era justo y devoto, y aguardaba con esperanza la redenci\u00f3n de Israel. El Esp\u00edritu Santo estaba con \u00e9l&nbsp;y le hab\u00eda revelado que no morir\u00eda sin antes ver al Cristo del Se\u00f1or.&nbsp;Movido por el Esp\u00edritu, fue al templo. Cuando al ni\u00f1o Jes\u00fas lo llevaron sus padres para cumplir con la costumbre establecida por la ley,&nbsp;Sime\u00f3n lo tom\u00f3 en sus brazos y bendijo a Dios: <br>\u00abSeg\u00fan tu palabra, Soberano Se\u00f1or,<br>&nbsp;&nbsp;&nbsp;&nbsp;ya puedes despedir a tu siervo en paz. <br>Porque han visto mis ojos tu salvaci\u00f3n,<br> &nbsp;&nbsp;&nbsp;&nbsp;que has preparado a la vista de todos los pueblos: <br>luz que ilumina a las naciones<br>&nbsp;&nbsp;&nbsp;&nbsp;y gloria de tu pueblo Israel\u00bb.<\/p>\n<cite><strong><strong><strong><strong>Lucas 2:25-32 (NVICST)<\/strong><\/strong><\/strong><\/strong><\/cite><\/blockquote>\n\n\n\n<p>Tras haber visto al ni\u00f1o Jes\u00fas, Sime\u00f3n tuvo que enfrentarse ahora al final de su vida. Sabiendo que seguir\u00eda vivo hasta ese momento, sus d\u00edas hab\u00edan sido inusualmente seguros. M\u00e1s all\u00e1 de este punto, su futuro se volvi\u00f3 incierto. Sin embargo, \u00e9l recibi\u00f3 esta incertidumbre con alegr\u00eda porque comprendi\u00f3 que su vida formaba parte del plan de salvaci\u00f3n de Dios.<br><br>\u00bfC\u00f3mo afronto la incertidumbre en mi vida, especialmente cuando las suposiciones en las que me he apoyado desaparecen de repente?<\/p>\n\n\n\n<hr class=\"wp-block-separator has-css-opacity is-style-dots\"\/>\n\n\n\n<h5 class=\"has-text-align-center wp-block-heading\" id=\"haz-una-pausa-y-ora\"><em>Haz una pausa y ora<\/em><\/h5>\n\n\n\n<hr class=\"wp-block-separator has-css-opacity is-style-dots\"\/>\n\n\n\n<h3 class=\"wp-block-heading\" id=\"apelar-pedir\"><strong><strong>Oraci\u00f3n de rendici\u00f3n<\/strong><\/strong><\/h3>\n\n\n\n<p><em><em><em><em>Se\u00f1or, cuando mis circunstancias se vuelven inciertas, quiero crecer en la certeza de que t\u00fa eres bueno y que me amas. Sea como sea mi futuro, elijo confiar en que est\u00e1 ligado a tu historia de salvaci\u00f3n.<\/em><\/em><\/em><\/em><\/p>\n\n\n\n<div style=\"height:59px\" aria-hidden=\"true\" class=\"wp-block-spacer\"><\/div>\n\n\n\n<h3 class=\"wp-block-heading\" id=\"apelar-pedir\"><strong><strong><strong>Promesa de rendici\u00f3n<\/strong><\/strong><\/strong><\/h3>\n\n\n\n<p>Y ahora, mientras me preparo para llevar este tiempo de oraci\u00f3n al d\u00eda que tengo por delante, el Se\u00f1or, que me ama dice en el libro de Filipenses que:<\/p>\n\n\n\n<blockquote class=\"wp-block-quote is-layout-flow wp-block-quote-is-layout-flow\">\n<p>Estoy convencido de esto: el que comenz\u00f3 tan buena obra en vosotros la ir\u00e1 perfeccionando hasta el d\u00eda de Cristo Jes\u00fas.<\/p>\n<cite><strong><strong><strong><strong>Filipenses 1:6 (NVICST)<\/strong><br><\/strong><\/strong><\/strong><\/cite><\/blockquote>\n\n\n\n<h3 class=\"wp-block-heading\" id=\"apelar-pedir\"><strong><strong><strong><strong><em>Oraci\u00f3n para terminar<\/em><\/strong><\/strong><\/strong><\/strong><\/h3>\n\n\n\n<p><strong><em>Padre, ay\u00fadame a vivir este d\u00eda al m\u00e1ximo,<\/em><\/strong><br><strong><em>siendo aut\u00e9ntico contigo en todo.<\/em><\/strong><br><strong><em>Jes\u00fas, ay\u00fadame a darme a los dem\u00e1s,&nbsp;<\/em><\/strong><br><strong><em>siendo amable con toda la gente con la que me encuentre.<\/em><\/strong><br><strong><em>Esp\u00edritu, ay\u00fadame a amar a la gente que se encuentra perdida,<\/em><\/strong><br><strong><em>proclamando a Cristo en todo lo que digo y hago.<\/em><\/strong><br><strong><em>Am\u00e9n.<\/em><\/strong><\/p>\n\n\n\n<p class=\"has-small-font-size\"><\/p>\n\n\n\n<p><\/p>\n","protected":false},"excerpt":{"rendered":"<p>Hoy es s\u00e1bado, 10 de diciembre. A lo largo de esta \u00e9poca de Adviento estamos reflexionando sobre las voces de las muchas personas cuyas experiencias se unen para componer la historia de la Navidad.&nbsp; Haz una pausa Ahora, al iniciar mi tiempo de oraci\u00f3n, hago una pausa para estar quieto; para respirar lentamente, para re-centrar [&hellip;]<\/p>\n","protected":false},"author":216,"featured_media":35192,"comment_status":"closed","ping_status":"open","sticky":false,"template":"","format":"standard","meta":{"_acf_changed":false,"inline_featured_image":false,"footnotes":""},"categories":[206],"tags":[],"author_slug":[370],"blog_series":[518],"topic":[353],"class_list":["post-35848","post","type-post","status-publish","format-standard","has-post-thumbnail","hentry","category-blog-es","author_slug-oracion-24-7","blog_series-voces-de-adviento","topic-orar"],"acf":[],"yoast_head":"<!-- This site is optimized with the Yoast SEO plugin v27.4 - https:\/\/yoast.com\/product\/yoast-seo-wordpress\/ -->\n<title>La gratitud de Sime\u00f3n<\/title>\n<meta name=\"description\" content=\"Hoy es s\u00e1bado, 10 de diciembre. A lo largo de esta \u00e9poca de Adviento estamos reflexionando sobre las voces de las muchas personas cuyas experiencias se unen para componer la historia de la Navidad.\u00a0\" \/>\n<meta name=\"robots\" content=\"index, follow, max-snippet:-1, max-image-preview:large, max-video-preview:-1\" \/>\n<link rel=\"canonical\" href=\"https:\/\/www.24-7prayer.com\/es\/la-gratitud-de-simeon\/\" \/>\n<meta property=\"og:locale\" content=\"es_ES\" \/>\n<meta property=\"og:type\" content=\"article\" \/>\n<meta property=\"og:title\" content=\"La gratitud de Sime\u00f3n\" \/>\n<meta property=\"og:description\" content=\"Hoy es s\u00e1bado, 10 de diciembre. A lo largo de esta \u00e9poca de Adviento estamos reflexionando sobre las voces de las muchas personas cuyas experiencias se unen para componer la historia de la Navidad.\u00a0\" \/>\n<meta property=\"og:url\" content=\"https:\/\/www.24-7prayer.com\/es\/la-gratitud-de-simeon\/\" \/>\n<meta property=\"og:site_name\" content=\"24-7 Prayer International\" \/>\n<meta property=\"article:published_time\" content=\"2022-12-10T05:00:00+00:00\" \/>\n<meta property=\"article:modified_time\" content=\"2022-12-10T23:39:48+00:00\" \/>\n<meta property=\"og:image\" content=\"https:\/\/www.24-7prayer.com\/wp-content\/uploads\/2022\/11\/365-voces-de-adviento-sin-txt.jpg\" \/>\n\t<meta property=\"og:image:width\" content=\"1080\" \/>\n\t<meta property=\"og:image:height\" content=\"1080\" \/>\n\t<meta property=\"og:image:type\" content=\"image\/jpeg\" \/>\n<meta name=\"author\" content=\"aitor@oracion24-7.com\" \/>\n<meta name=\"twitter:card\" content=\"summary_large_image\" \/>\n<script type=\"application\/ld+json\" class=\"yoast-schema-graph\">{\"@context\":\"https:\\\/\\\/schema.org\",\"@graph\":[{\"@type\":\"Article\",\"@id\":\"https:\\\/\\\/www.24-7prayer.com\\\/es\\\/la-gratitud-de-simeon\\\/#article\",\"isPartOf\":{\"@id\":\"https:\\\/\\\/www.24-7prayer.com\\\/es\\\/la-gratitud-de-simeon\\\/\"},\"author\":{\"name\":\"aitor@oracion24-7.com\",\"@id\":\"https:\\\/\\\/www.24-7prayer.com\\\/es\\\/#\\\/schema\\\/person\\\/cea924691d05af4dfa35da709e7ede7d\"},\"headline\":\"La gratitud de Sime\u00f3n\",\"datePublished\":\"2022-12-10T05:00:00+00:00\",\"dateModified\":\"2022-12-10T23:39:48+00:00\",\"mainEntityOfPage\":{\"@id\":\"https:\\\/\\\/www.24-7prayer.com\\\/es\\\/la-gratitud-de-simeon\\\/\"},\"wordCount\":1070,\"publisher\":{\"@id\":\"https:\\\/\\\/www.24-7prayer.com\\\/es\\\/#organization\"},\"image\":{\"@id\":\"https:\\\/\\\/www.24-7prayer.com\\\/es\\\/la-gratitud-de-simeon\\\/#primaryimage\"},\"thumbnailUrl\":\"https:\\\/\\\/www.24-7prayer.com\\\/wp-content\\\/uploads\\\/2022\\\/11\\\/365-voces-de-adviento-sin-txt.jpg\",\"articleSection\":[\"Blogs\"],\"inLanguage\":\"es\"},{\"@type\":\"WebPage\",\"@id\":\"https:\\\/\\\/www.24-7prayer.com\\\/es\\\/la-gratitud-de-simeon\\\/\",\"url\":\"https:\\\/\\\/www.24-7prayer.com\\\/es\\\/la-gratitud-de-simeon\\\/\",\"name\":\"La gratitud de Sime\u00f3n\",\"isPartOf\":{\"@id\":\"https:\\\/\\\/www.24-7prayer.com\\\/es\\\/#website\"},\"primaryImageOfPage\":{\"@id\":\"https:\\\/\\\/www.24-7prayer.com\\\/es\\\/la-gratitud-de-simeon\\\/#primaryimage\"},\"image\":{\"@id\":\"https:\\\/\\\/www.24-7prayer.com\\\/es\\\/la-gratitud-de-simeon\\\/#primaryimage\"},\"thumbnailUrl\":\"https:\\\/\\\/www.24-7prayer.com\\\/wp-content\\\/uploads\\\/2022\\\/11\\\/365-voces-de-adviento-sin-txt.jpg\",\"datePublished\":\"2022-12-10T05:00:00+00:00\",\"dateModified\":\"2022-12-10T23:39:48+00:00\",\"description\":\"Hoy es s\u00e1bado, 10 de diciembre. A lo largo de esta \u00e9poca de Adviento estamos reflexionando sobre las voces de las muchas personas cuyas experiencias se unen para componer la historia de la Navidad.\u00a0\",\"breadcrumb\":{\"@id\":\"https:\\\/\\\/www.24-7prayer.com\\\/es\\\/la-gratitud-de-simeon\\\/#breadcrumb\"},\"inLanguage\":\"es\",\"potentialAction\":[{\"@type\":\"ReadAction\",\"target\":[\"https:\\\/\\\/www.24-7prayer.com\\\/es\\\/la-gratitud-de-simeon\\\/\"]}]},{\"@type\":\"ImageObject\",\"inLanguage\":\"es\",\"@id\":\"https:\\\/\\\/www.24-7prayer.com\\\/es\\\/la-gratitud-de-simeon\\\/#primaryimage\",\"url\":\"https:\\\/\\\/www.24-7prayer.com\\\/wp-content\\\/uploads\\\/2022\\\/11\\\/365-voces-de-adviento-sin-txt.jpg\",\"contentUrl\":\"https:\\\/\\\/www.24-7prayer.com\\\/wp-content\\\/uploads\\\/2022\\\/11\\\/365-voces-de-adviento-sin-txt.jpg\",\"width\":1080,\"height\":1080},{\"@type\":\"BreadcrumbList\",\"@id\":\"https:\\\/\\\/www.24-7prayer.com\\\/es\\\/la-gratitud-de-simeon\\\/#breadcrumb\",\"itemListElement\":[{\"@type\":\"ListItem\",\"position\":1,\"name\":\"Home\",\"item\":\"https:\\\/\\\/www.24-7prayer.com\\\/es\\\/\"},{\"@type\":\"ListItem\",\"position\":2,\"name\":\"La gratitud de Sime\u00f3n\"}]},{\"@type\":\"WebSite\",\"@id\":\"https:\\\/\\\/www.24-7prayer.com\\\/es\\\/#website\",\"url\":\"https:\\\/\\\/www.24-7prayer.com\\\/es\\\/\",\"name\":\"24-7 Prayer International\",\"description\":\"Prayer Mission Justice\",\"publisher\":{\"@id\":\"https:\\\/\\\/www.24-7prayer.com\\\/es\\\/#organization\"},\"potentialAction\":[{\"@type\":\"SearchAction\",\"target\":{\"@type\":\"EntryPoint\",\"urlTemplate\":\"https:\\\/\\\/www.24-7prayer.com\\\/es\\\/?s={search_term_string}\"},\"query-input\":{\"@type\":\"PropertyValueSpecification\",\"valueRequired\":true,\"valueName\":\"search_term_string\"}}],\"inLanguage\":\"es\"},{\"@type\":\"Organization\",\"@id\":\"https:\\\/\\\/www.24-7prayer.com\\\/es\\\/#organization\",\"name\":\"24-7 Prayer\",\"url\":\"https:\\\/\\\/www.24-7prayer.com\\\/es\\\/\",\"logo\":{\"@type\":\"ImageObject\",\"inLanguage\":\"es\",\"@id\":\"https:\\\/\\\/www.24-7prayer.com\\\/es\\\/#\\\/schema\\\/logo\\\/image\\\/\",\"url\":\"https:\\\/\\\/www.24-7prayer.com\\\/wp-content\\\/uploads\\\/2022\\\/06\\\/logo.png\",\"contentUrl\":\"https:\\\/\\\/www.24-7prayer.com\\\/wp-content\\\/uploads\\\/2022\\\/06\\\/logo.png\",\"width\":302,\"height\":49,\"caption\":\"24-7 Prayer\"},\"image\":{\"@id\":\"https:\\\/\\\/www.24-7prayer.com\\\/es\\\/#\\\/schema\\\/logo\\\/image\\\/\"}},{\"@type\":\"Person\",\"@id\":\"https:\\\/\\\/www.24-7prayer.com\\\/es\\\/#\\\/schema\\\/person\\\/cea924691d05af4dfa35da709e7ede7d\",\"name\":\"aitor@oracion24-7.com\",\"image\":{\"@type\":\"ImageObject\",\"inLanguage\":\"es\",\"@id\":\"https:\\\/\\\/secure.gravatar.com\\\/avatar\\\/e67a3b0c8e0d52ee179e9f94d3d54543d229c4da1d7def06a61faccb28313f0a?s=96&d=mm&r=g\",\"url\":\"https:\\\/\\\/secure.gravatar.com\\\/avatar\\\/e67a3b0c8e0d52ee179e9f94d3d54543d229c4da1d7def06a61faccb28313f0a?s=96&d=mm&r=g\",\"contentUrl\":\"https:\\\/\\\/secure.gravatar.com\\\/avatar\\\/e67a3b0c8e0d52ee179e9f94d3d54543d229c4da1d7def06a61faccb28313f0a?s=96&d=mm&r=g\",\"caption\":\"aitor@oracion24-7.com\"},\"url\":\"https:\\\/\\\/www.24-7prayer.com\\\/es\\\/author\\\/aitororacion24-7-com\\\/\"}]}<\/script>\n<!-- \/ Yoast SEO plugin. -->","yoast_head_json":{"title":"La gratitud de Sime\u00f3n","description":"Hoy es s\u00e1bado, 10 de diciembre. A lo largo de esta \u00e9poca de Adviento estamos reflexionando sobre las voces de las muchas personas cuyas experiencias se unen para componer la historia de la Navidad.\u00a0","robots":{"index":"index","follow":"follow","max-snippet":"max-snippet:-1","max-image-preview":"max-image-preview:large","max-video-preview":"max-video-preview:-1"},"canonical":"https:\/\/www.24-7prayer.com\/es\/la-gratitud-de-simeon\/","og_locale":"es_ES","og_type":"article","og_title":"La gratitud de Sime\u00f3n","og_description":"Hoy es s\u00e1bado, 10 de diciembre. A lo largo de esta \u00e9poca de Adviento estamos reflexionando sobre las voces de las muchas personas cuyas experiencias se unen para componer la historia de la Navidad.\u00a0","og_url":"https:\/\/www.24-7prayer.com\/es\/la-gratitud-de-simeon\/","og_site_name":"24-7 Prayer International","article_published_time":"2022-12-10T05:00:00+00:00","article_modified_time":"2022-12-10T23:39:48+00:00","og_image":[{"width":1080,"height":1080,"url":"https:\/\/www.24-7prayer.com\/wp-content\/uploads\/2022\/11\/365-voces-de-adviento-sin-txt.jpg","type":"image\/jpeg"}],"author":"aitor@oracion24-7.com","twitter_card":"summary_large_image","schema":{"@context":"https:\/\/schema.org","@graph":[{"@type":"Article","@id":"https:\/\/www.24-7prayer.com\/es\/la-gratitud-de-simeon\/#article","isPartOf":{"@id":"https:\/\/www.24-7prayer.com\/es\/la-gratitud-de-simeon\/"},"author":{"name":"aitor@oracion24-7.com","@id":"https:\/\/www.24-7prayer.com\/es\/#\/schema\/person\/cea924691d05af4dfa35da709e7ede7d"},"headline":"La gratitud de Sime\u00f3n","datePublished":"2022-12-10T05:00:00+00:00","dateModified":"2022-12-10T23:39:48+00:00","mainEntityOfPage":{"@id":"https:\/\/www.24-7prayer.com\/es\/la-gratitud-de-simeon\/"},"wordCount":1070,"publisher":{"@id":"https:\/\/www.24-7prayer.com\/es\/#organization"},"image":{"@id":"https:\/\/www.24-7prayer.com\/es\/la-gratitud-de-simeon\/#primaryimage"},"thumbnailUrl":"https:\/\/www.24-7prayer.com\/wp-content\/uploads\/2022\/11\/365-voces-de-adviento-sin-txt.jpg","articleSection":["Blogs"],"inLanguage":"es"},{"@type":"WebPage","@id":"https:\/\/www.24-7prayer.com\/es\/la-gratitud-de-simeon\/","url":"https:\/\/www.24-7prayer.com\/es\/la-gratitud-de-simeon\/","name":"La gratitud de Sime\u00f3n","isPartOf":{"@id":"https:\/\/www.24-7prayer.com\/es\/#website"},"primaryImageOfPage":{"@id":"https:\/\/www.24-7prayer.com\/es\/la-gratitud-de-simeon\/#primaryimage"},"image":{"@id":"https:\/\/www.24-7prayer.com\/es\/la-gratitud-de-simeon\/#primaryimage"},"thumbnailUrl":"https:\/\/www.24-7prayer.com\/wp-content\/uploads\/2022\/11\/365-voces-de-adviento-sin-txt.jpg","datePublished":"2022-12-10T05:00:00+00:00","dateModified":"2022-12-10T23:39:48+00:00","description":"Hoy es s\u00e1bado, 10 de diciembre. A lo largo de esta \u00e9poca de Adviento estamos reflexionando sobre las voces de las muchas personas cuyas experiencias se unen para componer la historia de la Navidad.\u00a0","breadcrumb":{"@id":"https:\/\/www.24-7prayer.com\/es\/la-gratitud-de-simeon\/#breadcrumb"},"inLanguage":"es","potentialAction":[{"@type":"ReadAction","target":["https:\/\/www.24-7prayer.com\/es\/la-gratitud-de-simeon\/"]}]},{"@type":"ImageObject","inLanguage":"es","@id":"https:\/\/www.24-7prayer.com\/es\/la-gratitud-de-simeon\/#primaryimage","url":"https:\/\/www.24-7prayer.com\/wp-content\/uploads\/2022\/11\/365-voces-de-adviento-sin-txt.jpg","contentUrl":"https:\/\/www.24-7prayer.com\/wp-content\/uploads\/2022\/11\/365-voces-de-adviento-sin-txt.jpg","width":1080,"height":1080},{"@type":"BreadcrumbList","@id":"https:\/\/www.24-7prayer.com\/es\/la-gratitud-de-simeon\/#breadcrumb","itemListElement":[{"@type":"ListItem","position":1,"name":"Home","item":"https:\/\/www.24-7prayer.com\/es\/"},{"@type":"ListItem","position":2,"name":"La gratitud de Sime\u00f3n"}]},{"@type":"WebSite","@id":"https:\/\/www.24-7prayer.com\/es\/#website","url":"https:\/\/www.24-7prayer.com\/es\/","name":"24-7 Prayer International","description":"Prayer Mission Justice","publisher":{"@id":"https:\/\/www.24-7prayer.com\/es\/#organization"},"potentialAction":[{"@type":"SearchAction","target":{"@type":"EntryPoint","urlTemplate":"https:\/\/www.24-7prayer.com\/es\/?s={search_term_string}"},"query-input":{"@type":"PropertyValueSpecification","valueRequired":true,"valueName":"search_term_string"}}],"inLanguage":"es"},{"@type":"Organization","@id":"https:\/\/www.24-7prayer.com\/es\/#organization","name":"24-7 Prayer","url":"https:\/\/www.24-7prayer.com\/es\/","logo":{"@type":"ImageObject","inLanguage":"es","@id":"https:\/\/www.24-7prayer.com\/es\/#\/schema\/logo\/image\/","url":"https:\/\/www.24-7prayer.com\/wp-content\/uploads\/2022\/06\/logo.png","contentUrl":"https:\/\/www.24-7prayer.com\/wp-content\/uploads\/2022\/06\/logo.png","width":302,"height":49,"caption":"24-7 Prayer"},"image":{"@id":"https:\/\/www.24-7prayer.com\/es\/#\/schema\/logo\/image\/"}},{"@type":"Person","@id":"https:\/\/www.24-7prayer.com\/es\/#\/schema\/person\/cea924691d05af4dfa35da709e7ede7d","name":"aitor@oracion24-7.com","image":{"@type":"ImageObject","inLanguage":"es","@id":"https:\/\/secure.gravatar.com\/avatar\/e67a3b0c8e0d52ee179e9f94d3d54543d229c4da1d7def06a61faccb28313f0a?s=96&d=mm&r=g","url":"https:\/\/secure.gravatar.com\/avatar\/e67a3b0c8e0d52ee179e9f94d3d54543d229c4da1d7def06a61faccb28313f0a?s=96&d=mm&r=g","contentUrl":"https:\/\/secure.gravatar.com\/avatar\/e67a3b0c8e0d52ee179e9f94d3d54543d229c4da1d7def06a61faccb28313f0a?s=96&d=mm&r=g","caption":"aitor@oracion24-7.com"},"url":"https:\/\/www.24-7prayer.com\/es\/author\/aitororacion24-7-com\/"}]}},"_links":{"self":[{"href":"https:\/\/www.24-7prayer.com\/es\/wp-json\/wp\/v2\/posts\/35848","targetHints":{"allow":["GET"]}}],"collection":[{"href":"https:\/\/www.24-7prayer.com\/es\/wp-json\/wp\/v2\/posts"}],"about":[{"href":"https:\/\/www.24-7prayer.com\/es\/wp-json\/wp\/v2\/types\/post"}],"author":[{"embeddable":true,"href":"https:\/\/www.24-7prayer.com\/es\/wp-json\/wp\/v2\/users\/216"}],"replies":[{"embeddable":true,"href":"https:\/\/www.24-7prayer.com\/es\/wp-json\/wp\/v2\/comments?post=35848"}],"version-history":[{"count":7,"href":"https:\/\/www.24-7prayer.com\/es\/wp-json\/wp\/v2\/posts\/35848\/revisions"}],"predecessor-version":[{"id":36335,"href":"https:\/\/www.24-7prayer.com\/es\/wp-json\/wp\/v2\/posts\/35848\/revisions\/36335"}],"wp:featuredmedia":[{"embeddable":true,"href":"https:\/\/www.24-7prayer.com\/es\/wp-json\/wp\/v2\/media\/35192"}],"wp:attachment":[{"href":"https:\/\/www.24-7prayer.com\/es\/wp-json\/wp\/v2\/media?parent=35848"}],"wp:term":[{"taxonomy":"category","embeddable":true,"href":"https:\/\/www.24-7prayer.com\/es\/wp-json\/wp\/v2\/categories?post=35848"},{"taxonomy":"post_tag","embeddable":true,"href":"https:\/\/www.24-7prayer.com\/es\/wp-json\/wp\/v2\/tags?post=35848"},{"taxonomy":"author_slug","embeddable":true,"href":"https:\/\/www.24-7prayer.com\/es\/wp-json\/wp\/v2\/author_slug?post=35848"},{"taxonomy":"blog_series","embeddable":true,"href":"https:\/\/www.24-7prayer.com\/es\/wp-json\/wp\/v2\/blog_series?post=35848"},{"taxonomy":"topic","embeddable":true,"href":"https:\/\/www.24-7prayer.com\/es\/wp-json\/wp\/v2\/topic?post=35848"}],"curies":[{"name":"wp","href":"https:\/\/api.w.org\/{rel}","templated":true}]}}