{"id":35841,"date":"2022-12-09T05:00:00","date_gmt":"2022-12-09T05:00:00","guid":{"rendered":"https:\/\/www.24-7prayer.com\/?p=35841"},"modified":"2022-12-10T23:36:08","modified_gmt":"2022-12-10T23:36:08","slug":"las-palabras-de-herodes","status":"publish","type":"post","link":"https:\/\/www.24-7prayer.com\/es\/las-palabras-de-herodes\/","title":{"rendered":"<strong>Las palabras de Herodes\u00a0<\/strong>"},"content":{"rendered":"\n<div class=\"wp-block-buttons is-content-justification-center is-layout-flex wp-container-core-buttons-is-layout-a89b3969 wp-block-buttons-is-layout-flex\"><\/div>\n\n\n\n<iframe loading=\"lazy\" src=\"https:\/\/anchor.fm\/oracion247\/embed\/episodes\/Las-palabras-de-Herodes--I-Voces-de-Adviento-I-Lectio-365-e1ru2v2\" height=\"102px\" width=\"100%\" frameborder=\"0\" scrolling=\"no\"><\/iframe>\n\n\n\n<p>Hoy es viernes, 9 de diciembre. A lo largo de esta \u00e9poca de Adviento estamos reflexionando sobre las voces de las muchas personas cuyas experiencias se unen para componer la historia de la Navidad.&nbsp;<\/p>\n\n\n\n<p class=\"has-red-color has-text-color has-small-font-size\">**Advertencia: Por favor, tened en cuenta que el devocional de hoy toca el tema del rey Herodes ordenando la muerte de los ni\u00f1os en la historia de la Navidad.**<\/p>\n\n\n\n<h3 class=\"wp-block-heading\" id=\"haz-una-pausa\">Haz una pausa<\/h3>\n\n\n\n<p><strong><em><strong><em><strong><em><strong><em><strong><em>Ahora, al iniciar mi tiempo de oraci\u00f3n, hago una pausa para estar quieto; para respirar lentamente, para re-centrar mis sentidos, que se encuentran dispersos, delante de la presencia de Dios.<\/em><\/strong><\/em><\/strong><\/em><\/strong><\/em><\/strong><\/em><\/strong><\/p>\n\n\n\n<hr class=\"wp-block-separator has-css-opacity is-style-dots\"\/>\n\n\n\n<h5 class=\"has-text-align-center wp-block-heading\" id=\"haz-una-pausa-y-ora\"><em>Haz una pausa y ora<\/em><\/h5>\n\n\n\n<hr class=\"wp-block-separator has-css-opacity is-style-dots\"\/>\n\n\n\n<h3 class=\"wp-block-heading\" id=\"haz-una-pausa\">Oraci\u00f3n de Enfoque<\/h3>\n\n\n\n<p><em>Se\u00f1or, en esta \u00e9poca de tanto ajetreo, por favor, ay\u00fadame a estar quieto. Abro mis o\u00eddos ahora para escuchar cosas incre\u00edbles sobre ti, preparando mi coraz\u00f3n calladamente para el milagro de tu venida en Navidad.<\/em><\/p>\n\n\n\n<div style=\"height:59px\" aria-hidden=\"true\" class=\"wp-block-spacer\"><\/div>\n\n\n\n<h3 class=\"wp-block-heading\" id=\"regocijarse-y-reflexionar\">Regocijarse y Reflexionar<\/h3>\n\n\n\n<p>Hoy escojo regocijarme en la paz de Dios hacia mi vida, uni\u00e9ndome a la alabanza ancestral de todo el pueblo de Dios en palabras del Salmo 37\u2026<\/p>\n\n\n\n<blockquote class=\"wp-block-quote is-layout-flow wp-block-quote-is-layout-flow\">\n<p>Pronto los perversos desaparecer\u00e1n;<br> &nbsp;&nbsp;&nbsp;&nbsp;por m\u00e1s que los busques, no los encontrar\u00e1s. <br>Los humildes poseer\u00e1n la tierra<br> &nbsp;&nbsp;&nbsp;&nbsp;y vivir\u00e1n en paz y prosperidad.<\/p>\n<cite><strong><strong>Salmo 37:10-11 (NTV)<\/strong><\/strong><\/cite><\/blockquote>\n\n\n\n<hr class=\"wp-block-separator has-css-opacity is-style-dots\"\/>\n\n\n\n<h5 class=\"has-text-align-center wp-block-heading\" id=\"haz-una-pausa-y-ora\"><em>Haz una pausa y ora<\/em><\/h5>\n\n\n\n<hr class=\"wp-block-separator has-css-opacity is-style-dots\"\/>\n\n\n\n<p>Es f\u00e1cil sanear la historia de la Navidad, reducirla a una obra de teatro sentimental. Pero el rey inseguro y asesino que protagoniza la lectura de hoy me recuerda que Cristo naci\u00f3 en el mundo real, con toda su crueldad e injusticia.<\/p>\n\n\n\n<blockquote class=\"wp-block-quote is-layout-flow wp-block-quote-is-layout-flow\">\n<p>Cuando lo oy\u00f3 el rey Herodes, se turb\u00f3, y toda Jerusal\u00e9n con \u00e9l&#8230;<br>Luego Herodes llam\u00f3 en secreto a los sabios y se enter\u00f3 por ellos del tiempo exacto en que hab\u00eda aparecido la estrella.&nbsp;Les envi\u00f3 a Bel\u00e9n y les dijo:<br>\u2015Id e informaros bien acerca de ese ni\u00f1o y, tan pronto como le encontr\u00e9is, informadme a m\u00ed para que tambi\u00e9n vaya yo y le adore.<br>&#8230; Cuando Herodes se dio cuenta de que los sabios se hab\u00edan burlado de \u00e9l, se enfureci\u00f3 y mand\u00f3 matar a todos los ni\u00f1os menores de dos a\u00f1os en Bel\u00e9n y en sus alrededores, de acuerdo con el tiempo que hab\u00eda averiguado de los sabios.<\/p>\n<cite><strong><strong><strong><strong><strong>Mateo 2:3,7-8,16 (NVICST)<\/strong><\/strong><\/strong><\/strong><\/strong><\/cite><\/blockquote>\n\n\n\n<p>El rey Herodes, un gobernante t\u00edtere instalado por el Imperio Romano, respondi\u00f3 al nacimiento del verdadero Rey, Jes\u00fas, con un ataque de celos y orden\u00f3 la matanza de ni\u00f1os. Aunque me gustar\u00eda que tales injusticias quedaran relegadas a la historia, casi a diario me llegan historias de atrocidades actuales, llevadas a cabo por orden de personas poderosas. Quiero hacer algo m\u00e1s que enfurecerme ante esas acciones, as\u00ed que me pregunto: \u00bfqu\u00e9 medidas concretas puedo tomar hoy para ayudar a los afectados por la guerra o la injusticia?&nbsp;<\/p>\n\n\n\n<hr class=\"wp-block-separator has-css-opacity is-style-dots\"\/>\n\n\n\n<h5 class=\"has-text-align-center wp-block-heading\" id=\"haz-una-pausa-y-ora\"><em>Haz una pausa y ora<\/em><\/h5>\n\n\n\n<hr class=\"wp-block-separator has-css-opacity is-style-dots\"\/>\n\n\n\n<div style=\"height:59px\" aria-hidden=\"true\" class=\"wp-block-spacer\"><\/div>\n\n\n\n<h3 class=\"wp-block-heading\" id=\"apelar-pedir\"><strong>Apelar \/ Pedir<\/strong><\/h3>\n\n\n\n<p><em><em><em>Pr\u00edncipe de Paz, quiero enfrentarme a los Herodes de este mundo. \u00bfD\u00f3nde puedo ofrecer mis habilidades, mi dinero y mi tiempo para ayudar a los que sufren bajo los tiranos? \u00bfHay alg\u00fan refugiado en mi comunidad al que pueda ayudar o hay alguna organizaci\u00f3n ben\u00e9fica o de beneficencia a la que te gustar\u00eda que apoyara?<\/em><\/em><\/em><\/p>\n\n\n\n<hr class=\"wp-block-separator has-css-opacity is-style-dots\"\/>\n\n\n\n<h5 class=\"has-text-align-center wp-block-heading\" id=\"haz-una-pausa-y-ora\"><em>Haz una pausa y ora<\/em><\/h5>\n\n\n\n<hr class=\"wp-block-separator has-css-opacity is-style-dots\"\/>\n\n\n\n<p>Si bien Herodes orden\u00f3 los asesinatos, \u00e9stos fueron llevados a cabo por otras personas, aquellas que dijeron s\u00ed a sus demandas en lugar de decirle que no.<br><br><em>Dios liberador, te pido por las almas valientes que se enfrentan a los reg\u00edmenes opresores en todo el mundo. Fortalece su determinaci\u00f3n y prot\u00e9gelos hoy. An\u00edmales a ellos y a otros a decir no a los Herodes de hoy en d\u00eda.<\/em><\/p>\n\n\n\n<hr class=\"wp-block-separator has-css-opacity is-style-dots\"\/>\n\n\n\n<h5 class=\"has-text-align-center wp-block-heading\" id=\"haz-una-pausa-y-ora\"><em>Haz una pausa y ora<\/em><\/h5>\n\n\n\n<hr class=\"wp-block-separator has-css-opacity is-style-dots\"\/>\n\n\n\n<h3 class=\"wp-block-heading\" id=\"apelar-pedir\"><strong>Rendirse<\/strong><\/h3>\n\n\n\n<p>Al volver al pasaje<em>, abro mis o\u00eddos para escuchar tu Palabra, y mi coraz\u00f3n para rendirme a tu voluntad una vez m\u00e1s.<\/em><\/p>\n\n\n\n<blockquote class=\"wp-block-quote is-layout-flow wp-block-quote-is-layout-flow\">\n<p>Cuando lo oy\u00f3 el rey Herodes, se turb\u00f3, y toda Jerusal\u00e9n con \u00e9l&#8230;<br>Luego Herodes llam\u00f3 en secreto a los sabios y se enter\u00f3 por ellos del tiempo exacto en que hab\u00eda aparecido la estrella.&nbsp;Les envi\u00f3 a Bel\u00e9n y les dijo:<br>\u2015Id e informaros bien acerca de ese ni\u00f1o y, tan pronto como le encontr\u00e9is, informadme a m\u00ed para que tambi\u00e9n vaya yo y le adore.<br>&#8230; Cuando Herodes se dio cuenta de que los sabios se hab\u00edan burlado de \u00e9l, se enfureci\u00f3 y mand\u00f3 matar a todos los ni\u00f1os menores de dos a\u00f1os en Bel\u00e9n y en sus alrededores, de acuerdo con el tiempo que hab\u00eda averiguado de los sabios.<\/p>\n<cite><strong><strong><strong><strong>Mateo 2:3,7-8,16 (NVICST)<\/strong><\/strong><\/strong><\/strong><\/cite><\/blockquote>\n\n\n\n<p>Temiendo por su condici\u00f3n de rey, las palabras encantadoras y amistosas de Herodes dieron paso a una rabieta cuando se le neg\u00f3 lo que quer\u00eda. Aprovecho esta oportunidad para examinar mi propio ego y mi propio temperamento. \u00bfCon qu\u00e9 rapidez surgen en mi coraz\u00f3n palabras duras o acciones violentas cuando mi orgullo es herido o mis deseos son frustrados?<\/p>\n\n\n\n<hr class=\"wp-block-separator has-css-opacity is-style-dots\"\/>\n\n\n\n<h5 class=\"has-text-align-center wp-block-heading\" id=\"haz-una-pausa-y-ora\"><em>Haz una pausa y ora<\/em><\/h5>\n\n\n\n<hr class=\"wp-block-separator has-css-opacity is-style-dots\"\/>\n\n\n\n<h3 class=\"wp-block-heading\" id=\"apelar-pedir\"><strong><strong>Oraci\u00f3n de rendici\u00f3n<\/strong><\/strong><\/h3>\n\n\n\n<p><em><em><em><em>Rey Jes\u00fas, que no viniste a ser servido sino a servir, mu\u00e9strame d\u00f3nde han echado ra\u00edces en mi coraz\u00f3n el derecho o la superioridad para que pueda desenterrarlos. Una vez m\u00e1s, elijo negarme a m\u00ed mismo para poder seguirte en la sanidad de un mundo roto.<\/em><\/em><\/em><\/em><\/p>\n\n\n\n<div style=\"height:59px\" aria-hidden=\"true\" class=\"wp-block-spacer\"><\/div>\n\n\n\n<h3 class=\"wp-block-heading\" id=\"apelar-pedir\"><strong><strong><strong>Promesa de rendici\u00f3n<\/strong><\/strong><\/strong><\/h3>\n\n\n\n<p>Y ahora, mientras me preparo para llevar este tiempo de oraci\u00f3n al d\u00eda que tengo por delante, el Se\u00f1or, que me ama dice en el libro de Apocalipsis que:&nbsp;&nbsp;<\/p>\n\n\n\n<blockquote class=\"wp-block-quote is-layout-flow wp-block-quote-is-layout-flow\">\n<p>\u00c9l nos enjugar\u00e1 toda l\u00e1grima de los ojos. Ya no habr\u00e1 muerte, ni llanto, ni lamento ni dolor, porque las primeras cosas han dejado de existir.<\/p>\n<cite><strong><strong><strong><strong>Apocalipsis 21:4 (NVICST)<\/strong><\/strong><\/strong><\/strong><\/cite><\/blockquote>\n\n\n\n<h3 class=\"wp-block-heading\" id=\"apelar-pedir\"><strong><strong><strong><strong><em>Oraci\u00f3n para terminar<\/em><\/strong><\/strong><\/strong><\/strong><\/h3>\n\n\n\n<p><strong><em>Padre, ay\u00fadame a vivir este d\u00eda al m\u00e1ximo,<\/em><\/strong><br><strong><em>siendo aut\u00e9ntico contigo en todo.<\/em><\/strong><br><strong><em>Jes\u00fas, ay\u00fadame a darme a los dem\u00e1s,&nbsp;<\/em><\/strong><br><strong><em>siendo amable con toda la gente con la que me encuentre.<\/em><\/strong><br><strong><em>Esp\u00edritu, ay\u00fadame a amar a la gente que se encuentra perdida,<\/em><\/strong><br><strong><em>proclamando a Cristo en todo lo que digo y hago.<\/em><\/strong><br><strong><em>Am\u00e9n.<\/em><\/strong><\/p>\n\n\n\n<p class=\"has-small-font-size\"><\/p>\n\n\n\n<p><\/p>\n","protected":false},"excerpt":{"rendered":"<p>Hoy es viernes, 9 de diciembre. A lo largo de esta \u00e9poca de Adviento estamos reflexionando sobre las voces de las muchas personas cuyas experiencias se unen para componer la historia de la Navidad.&nbsp; **Advertencia: Por favor, tened en cuenta que el devocional de hoy toca el tema del rey Herodes ordenando la muerte de [&hellip;]<\/p>\n","protected":false},"author":216,"featured_media":35192,"comment_status":"closed","ping_status":"open","sticky":false,"template":"","format":"standard","meta":{"_acf_changed":false,"inline_featured_image":false,"footnotes":""},"categories":[206],"tags":[],"author_slug":[370],"blog_series":[518],"topic":[353],"class_list":["post-35841","post","type-post","status-publish","format-standard","has-post-thumbnail","hentry","category-blog-es","author_slug-oracion-24-7","blog_series-voces-de-adviento","topic-orar"],"acf":[],"yoast_head":"<!-- This site is optimized with the Yoast SEO plugin v27.4 - https:\/\/yoast.com\/product\/yoast-seo-wordpress\/ -->\n<title>Las palabras de Herodes\u00a0<\/title>\n<meta name=\"description\" content=\"Hoy es viernes, 9 de diciembre. A lo largo de esta \u00e9poca de Adviento estamos reflexionando sobre las voces de las muchas personas cuyas experiencias se unen para componer la historia de la Navidad.\u00a0\" \/>\n<meta name=\"robots\" content=\"index, follow, max-snippet:-1, max-image-preview:large, max-video-preview:-1\" \/>\n<link rel=\"canonical\" href=\"https:\/\/www.24-7prayer.com\/es\/las-palabras-de-herodes\/\" \/>\n<meta property=\"og:locale\" content=\"es_ES\" \/>\n<meta property=\"og:type\" content=\"article\" \/>\n<meta property=\"og:title\" content=\"Las palabras de Herodes\u00a0\" \/>\n<meta property=\"og:description\" content=\"Hoy es viernes, 9 de diciembre. A lo largo de esta \u00e9poca de Adviento estamos reflexionando sobre las voces de las muchas personas cuyas experiencias se unen para componer la historia de la Navidad.\u00a0\" \/>\n<meta property=\"og:url\" content=\"https:\/\/www.24-7prayer.com\/es\/las-palabras-de-herodes\/\" \/>\n<meta property=\"og:site_name\" content=\"24-7 Prayer International\" \/>\n<meta property=\"article:published_time\" content=\"2022-12-09T05:00:00+00:00\" \/>\n<meta property=\"article:modified_time\" content=\"2022-12-10T23:36:08+00:00\" \/>\n<meta property=\"og:image\" content=\"https:\/\/www.24-7prayer.com\/wp-content\/uploads\/2022\/11\/365-voces-de-adviento-sin-txt.jpg\" \/>\n\t<meta property=\"og:image:width\" content=\"1080\" \/>\n\t<meta property=\"og:image:height\" content=\"1080\" \/>\n\t<meta property=\"og:image:type\" content=\"image\/jpeg\" \/>\n<meta name=\"author\" content=\"aitor@oracion24-7.com\" \/>\n<meta name=\"twitter:card\" content=\"summary_large_image\" \/>\n<script type=\"application\/ld+json\" class=\"yoast-schema-graph\">{\"@context\":\"https:\\\/\\\/schema.org\",\"@graph\":[{\"@type\":\"Article\",\"@id\":\"https:\\\/\\\/www.24-7prayer.com\\\/es\\\/las-palabras-de-herodes\\\/#article\",\"isPartOf\":{\"@id\":\"https:\\\/\\\/www.24-7prayer.com\\\/es\\\/las-palabras-de-herodes\\\/\"},\"author\":{\"name\":\"aitor@oracion24-7.com\",\"@id\":\"https:\\\/\\\/www.24-7prayer.com\\\/es\\\/#\\\/schema\\\/person\\\/cea924691d05af4dfa35da709e7ede7d\"},\"headline\":\"Las palabras de Herodes\u00a0\",\"datePublished\":\"2022-12-09T05:00:00+00:00\",\"dateModified\":\"2022-12-10T23:36:08+00:00\",\"mainEntityOfPage\":{\"@id\":\"https:\\\/\\\/www.24-7prayer.com\\\/es\\\/las-palabras-de-herodes\\\/\"},\"wordCount\":1049,\"publisher\":{\"@id\":\"https:\\\/\\\/www.24-7prayer.com\\\/es\\\/#organization\"},\"image\":{\"@id\":\"https:\\\/\\\/www.24-7prayer.com\\\/es\\\/las-palabras-de-herodes\\\/#primaryimage\"},\"thumbnailUrl\":\"https:\\\/\\\/www.24-7prayer.com\\\/wp-content\\\/uploads\\\/2022\\\/11\\\/365-voces-de-adviento-sin-txt.jpg\",\"articleSection\":[\"Blogs\"],\"inLanguage\":\"es\"},{\"@type\":\"WebPage\",\"@id\":\"https:\\\/\\\/www.24-7prayer.com\\\/es\\\/las-palabras-de-herodes\\\/\",\"url\":\"https:\\\/\\\/www.24-7prayer.com\\\/es\\\/las-palabras-de-herodes\\\/\",\"name\":\"Las palabras de Herodes\u00a0\",\"isPartOf\":{\"@id\":\"https:\\\/\\\/www.24-7prayer.com\\\/es\\\/#website\"},\"primaryImageOfPage\":{\"@id\":\"https:\\\/\\\/www.24-7prayer.com\\\/es\\\/las-palabras-de-herodes\\\/#primaryimage\"},\"image\":{\"@id\":\"https:\\\/\\\/www.24-7prayer.com\\\/es\\\/las-palabras-de-herodes\\\/#primaryimage\"},\"thumbnailUrl\":\"https:\\\/\\\/www.24-7prayer.com\\\/wp-content\\\/uploads\\\/2022\\\/11\\\/365-voces-de-adviento-sin-txt.jpg\",\"datePublished\":\"2022-12-09T05:00:00+00:00\",\"dateModified\":\"2022-12-10T23:36:08+00:00\",\"description\":\"Hoy es viernes, 9 de diciembre. A lo largo de esta \u00e9poca de Adviento estamos reflexionando sobre las voces de las muchas personas cuyas experiencias se unen para componer la historia de la Navidad.\u00a0\",\"breadcrumb\":{\"@id\":\"https:\\\/\\\/www.24-7prayer.com\\\/es\\\/las-palabras-de-herodes\\\/#breadcrumb\"},\"inLanguage\":\"es\",\"potentialAction\":[{\"@type\":\"ReadAction\",\"target\":[\"https:\\\/\\\/www.24-7prayer.com\\\/es\\\/las-palabras-de-herodes\\\/\"]}]},{\"@type\":\"ImageObject\",\"inLanguage\":\"es\",\"@id\":\"https:\\\/\\\/www.24-7prayer.com\\\/es\\\/las-palabras-de-herodes\\\/#primaryimage\",\"url\":\"https:\\\/\\\/www.24-7prayer.com\\\/wp-content\\\/uploads\\\/2022\\\/11\\\/365-voces-de-adviento-sin-txt.jpg\",\"contentUrl\":\"https:\\\/\\\/www.24-7prayer.com\\\/wp-content\\\/uploads\\\/2022\\\/11\\\/365-voces-de-adviento-sin-txt.jpg\",\"width\":1080,\"height\":1080},{\"@type\":\"BreadcrumbList\",\"@id\":\"https:\\\/\\\/www.24-7prayer.com\\\/es\\\/las-palabras-de-herodes\\\/#breadcrumb\",\"itemListElement\":[{\"@type\":\"ListItem\",\"position\":1,\"name\":\"Home\",\"item\":\"https:\\\/\\\/www.24-7prayer.com\\\/es\\\/\"},{\"@type\":\"ListItem\",\"position\":2,\"name\":\"Las palabras de Herodes\u00a0\"}]},{\"@type\":\"WebSite\",\"@id\":\"https:\\\/\\\/www.24-7prayer.com\\\/es\\\/#website\",\"url\":\"https:\\\/\\\/www.24-7prayer.com\\\/es\\\/\",\"name\":\"24-7 Prayer International\",\"description\":\"Prayer Mission Justice\",\"publisher\":{\"@id\":\"https:\\\/\\\/www.24-7prayer.com\\\/es\\\/#organization\"},\"potentialAction\":[{\"@type\":\"SearchAction\",\"target\":{\"@type\":\"EntryPoint\",\"urlTemplate\":\"https:\\\/\\\/www.24-7prayer.com\\\/es\\\/?s={search_term_string}\"},\"query-input\":{\"@type\":\"PropertyValueSpecification\",\"valueRequired\":true,\"valueName\":\"search_term_string\"}}],\"inLanguage\":\"es\"},{\"@type\":\"Organization\",\"@id\":\"https:\\\/\\\/www.24-7prayer.com\\\/es\\\/#organization\",\"name\":\"24-7 Prayer\",\"url\":\"https:\\\/\\\/www.24-7prayer.com\\\/es\\\/\",\"logo\":{\"@type\":\"ImageObject\",\"inLanguage\":\"es\",\"@id\":\"https:\\\/\\\/www.24-7prayer.com\\\/es\\\/#\\\/schema\\\/logo\\\/image\\\/\",\"url\":\"https:\\\/\\\/www.24-7prayer.com\\\/wp-content\\\/uploads\\\/2022\\\/06\\\/logo.png\",\"contentUrl\":\"https:\\\/\\\/www.24-7prayer.com\\\/wp-content\\\/uploads\\\/2022\\\/06\\\/logo.png\",\"width\":302,\"height\":49,\"caption\":\"24-7 Prayer\"},\"image\":{\"@id\":\"https:\\\/\\\/www.24-7prayer.com\\\/es\\\/#\\\/schema\\\/logo\\\/image\\\/\"}},{\"@type\":\"Person\",\"@id\":\"https:\\\/\\\/www.24-7prayer.com\\\/es\\\/#\\\/schema\\\/person\\\/cea924691d05af4dfa35da709e7ede7d\",\"name\":\"aitor@oracion24-7.com\",\"image\":{\"@type\":\"ImageObject\",\"inLanguage\":\"es\",\"@id\":\"https:\\\/\\\/secure.gravatar.com\\\/avatar\\\/e67a3b0c8e0d52ee179e9f94d3d54543d229c4da1d7def06a61faccb28313f0a?s=96&d=mm&r=g\",\"url\":\"https:\\\/\\\/secure.gravatar.com\\\/avatar\\\/e67a3b0c8e0d52ee179e9f94d3d54543d229c4da1d7def06a61faccb28313f0a?s=96&d=mm&r=g\",\"contentUrl\":\"https:\\\/\\\/secure.gravatar.com\\\/avatar\\\/e67a3b0c8e0d52ee179e9f94d3d54543d229c4da1d7def06a61faccb28313f0a?s=96&d=mm&r=g\",\"caption\":\"aitor@oracion24-7.com\"},\"url\":\"https:\\\/\\\/www.24-7prayer.com\\\/es\\\/author\\\/aitororacion24-7-com\\\/\"}]}<\/script>\n<!-- \/ Yoast SEO plugin. -->","yoast_head_json":{"title":"Las palabras de Herodes\u00a0","description":"Hoy es viernes, 9 de diciembre. A lo largo de esta \u00e9poca de Adviento estamos reflexionando sobre las voces de las muchas personas cuyas experiencias se unen para componer la historia de la Navidad.\u00a0","robots":{"index":"index","follow":"follow","max-snippet":"max-snippet:-1","max-image-preview":"max-image-preview:large","max-video-preview":"max-video-preview:-1"},"canonical":"https:\/\/www.24-7prayer.com\/es\/las-palabras-de-herodes\/","og_locale":"es_ES","og_type":"article","og_title":"Las palabras de Herodes\u00a0","og_description":"Hoy es viernes, 9 de diciembre. A lo largo de esta \u00e9poca de Adviento estamos reflexionando sobre las voces de las muchas personas cuyas experiencias se unen para componer la historia de la Navidad.\u00a0","og_url":"https:\/\/www.24-7prayer.com\/es\/las-palabras-de-herodes\/","og_site_name":"24-7 Prayer International","article_published_time":"2022-12-09T05:00:00+00:00","article_modified_time":"2022-12-10T23:36:08+00:00","og_image":[{"width":1080,"height":1080,"url":"https:\/\/www.24-7prayer.com\/wp-content\/uploads\/2022\/11\/365-voces-de-adviento-sin-txt.jpg","type":"image\/jpeg"}],"author":"aitor@oracion24-7.com","twitter_card":"summary_large_image","schema":{"@context":"https:\/\/schema.org","@graph":[{"@type":"Article","@id":"https:\/\/www.24-7prayer.com\/es\/las-palabras-de-herodes\/#article","isPartOf":{"@id":"https:\/\/www.24-7prayer.com\/es\/las-palabras-de-herodes\/"},"author":{"name":"aitor@oracion24-7.com","@id":"https:\/\/www.24-7prayer.com\/es\/#\/schema\/person\/cea924691d05af4dfa35da709e7ede7d"},"headline":"Las palabras de Herodes\u00a0","datePublished":"2022-12-09T05:00:00+00:00","dateModified":"2022-12-10T23:36:08+00:00","mainEntityOfPage":{"@id":"https:\/\/www.24-7prayer.com\/es\/las-palabras-de-herodes\/"},"wordCount":1049,"publisher":{"@id":"https:\/\/www.24-7prayer.com\/es\/#organization"},"image":{"@id":"https:\/\/www.24-7prayer.com\/es\/las-palabras-de-herodes\/#primaryimage"},"thumbnailUrl":"https:\/\/www.24-7prayer.com\/wp-content\/uploads\/2022\/11\/365-voces-de-adviento-sin-txt.jpg","articleSection":["Blogs"],"inLanguage":"es"},{"@type":"WebPage","@id":"https:\/\/www.24-7prayer.com\/es\/las-palabras-de-herodes\/","url":"https:\/\/www.24-7prayer.com\/es\/las-palabras-de-herodes\/","name":"Las palabras de Herodes\u00a0","isPartOf":{"@id":"https:\/\/www.24-7prayer.com\/es\/#website"},"primaryImageOfPage":{"@id":"https:\/\/www.24-7prayer.com\/es\/las-palabras-de-herodes\/#primaryimage"},"image":{"@id":"https:\/\/www.24-7prayer.com\/es\/las-palabras-de-herodes\/#primaryimage"},"thumbnailUrl":"https:\/\/www.24-7prayer.com\/wp-content\/uploads\/2022\/11\/365-voces-de-adviento-sin-txt.jpg","datePublished":"2022-12-09T05:00:00+00:00","dateModified":"2022-12-10T23:36:08+00:00","description":"Hoy es viernes, 9 de diciembre. A lo largo de esta \u00e9poca de Adviento estamos reflexionando sobre las voces de las muchas personas cuyas experiencias se unen para componer la historia de la Navidad.\u00a0","breadcrumb":{"@id":"https:\/\/www.24-7prayer.com\/es\/las-palabras-de-herodes\/#breadcrumb"},"inLanguage":"es","potentialAction":[{"@type":"ReadAction","target":["https:\/\/www.24-7prayer.com\/es\/las-palabras-de-herodes\/"]}]},{"@type":"ImageObject","inLanguage":"es","@id":"https:\/\/www.24-7prayer.com\/es\/las-palabras-de-herodes\/#primaryimage","url":"https:\/\/www.24-7prayer.com\/wp-content\/uploads\/2022\/11\/365-voces-de-adviento-sin-txt.jpg","contentUrl":"https:\/\/www.24-7prayer.com\/wp-content\/uploads\/2022\/11\/365-voces-de-adviento-sin-txt.jpg","width":1080,"height":1080},{"@type":"BreadcrumbList","@id":"https:\/\/www.24-7prayer.com\/es\/las-palabras-de-herodes\/#breadcrumb","itemListElement":[{"@type":"ListItem","position":1,"name":"Home","item":"https:\/\/www.24-7prayer.com\/es\/"},{"@type":"ListItem","position":2,"name":"Las palabras de Herodes\u00a0"}]},{"@type":"WebSite","@id":"https:\/\/www.24-7prayer.com\/es\/#website","url":"https:\/\/www.24-7prayer.com\/es\/","name":"24-7 Prayer International","description":"Prayer Mission Justice","publisher":{"@id":"https:\/\/www.24-7prayer.com\/es\/#organization"},"potentialAction":[{"@type":"SearchAction","target":{"@type":"EntryPoint","urlTemplate":"https:\/\/www.24-7prayer.com\/es\/?s={search_term_string}"},"query-input":{"@type":"PropertyValueSpecification","valueRequired":true,"valueName":"search_term_string"}}],"inLanguage":"es"},{"@type":"Organization","@id":"https:\/\/www.24-7prayer.com\/es\/#organization","name":"24-7 Prayer","url":"https:\/\/www.24-7prayer.com\/es\/","logo":{"@type":"ImageObject","inLanguage":"es","@id":"https:\/\/www.24-7prayer.com\/es\/#\/schema\/logo\/image\/","url":"https:\/\/www.24-7prayer.com\/wp-content\/uploads\/2022\/06\/logo.png","contentUrl":"https:\/\/www.24-7prayer.com\/wp-content\/uploads\/2022\/06\/logo.png","width":302,"height":49,"caption":"24-7 Prayer"},"image":{"@id":"https:\/\/www.24-7prayer.com\/es\/#\/schema\/logo\/image\/"}},{"@type":"Person","@id":"https:\/\/www.24-7prayer.com\/es\/#\/schema\/person\/cea924691d05af4dfa35da709e7ede7d","name":"aitor@oracion24-7.com","image":{"@type":"ImageObject","inLanguage":"es","@id":"https:\/\/secure.gravatar.com\/avatar\/e67a3b0c8e0d52ee179e9f94d3d54543d229c4da1d7def06a61faccb28313f0a?s=96&d=mm&r=g","url":"https:\/\/secure.gravatar.com\/avatar\/e67a3b0c8e0d52ee179e9f94d3d54543d229c4da1d7def06a61faccb28313f0a?s=96&d=mm&r=g","contentUrl":"https:\/\/secure.gravatar.com\/avatar\/e67a3b0c8e0d52ee179e9f94d3d54543d229c4da1d7def06a61faccb28313f0a?s=96&d=mm&r=g","caption":"aitor@oracion24-7.com"},"url":"https:\/\/www.24-7prayer.com\/es\/author\/aitororacion24-7-com\/"}]}},"_links":{"self":[{"href":"https:\/\/www.24-7prayer.com\/es\/wp-json\/wp\/v2\/posts\/35841","targetHints":{"allow":["GET"]}}],"collection":[{"href":"https:\/\/www.24-7prayer.com\/es\/wp-json\/wp\/v2\/posts"}],"about":[{"href":"https:\/\/www.24-7prayer.com\/es\/wp-json\/wp\/v2\/types\/post"}],"author":[{"embeddable":true,"href":"https:\/\/www.24-7prayer.com\/es\/wp-json\/wp\/v2\/users\/216"}],"replies":[{"embeddable":true,"href":"https:\/\/www.24-7prayer.com\/es\/wp-json\/wp\/v2\/comments?post=35841"}],"version-history":[{"count":4,"href":"https:\/\/www.24-7prayer.com\/es\/wp-json\/wp\/v2\/posts\/35841\/revisions"}],"predecessor-version":[{"id":36256,"href":"https:\/\/www.24-7prayer.com\/es\/wp-json\/wp\/v2\/posts\/35841\/revisions\/36256"}],"wp:featuredmedia":[{"embeddable":true,"href":"https:\/\/www.24-7prayer.com\/es\/wp-json\/wp\/v2\/media\/35192"}],"wp:attachment":[{"href":"https:\/\/www.24-7prayer.com\/es\/wp-json\/wp\/v2\/media?parent=35841"}],"wp:term":[{"taxonomy":"category","embeddable":true,"href":"https:\/\/www.24-7prayer.com\/es\/wp-json\/wp\/v2\/categories?post=35841"},{"taxonomy":"post_tag","embeddable":true,"href":"https:\/\/www.24-7prayer.com\/es\/wp-json\/wp\/v2\/tags?post=35841"},{"taxonomy":"author_slug","embeddable":true,"href":"https:\/\/www.24-7prayer.com\/es\/wp-json\/wp\/v2\/author_slug?post=35841"},{"taxonomy":"blog_series","embeddable":true,"href":"https:\/\/www.24-7prayer.com\/es\/wp-json\/wp\/v2\/blog_series?post=35841"},{"taxonomy":"topic","embeddable":true,"href":"https:\/\/www.24-7prayer.com\/es\/wp-json\/wp\/v2\/topic?post=35841"}],"curies":[{"name":"wp","href":"https:\/\/api.w.org\/{rel}","templated":true}]}}