{"id":35832,"date":"2022-12-07T05:00:00","date_gmt":"2022-12-07T05:00:00","guid":{"rendered":"https:\/\/www.24-7prayer.com\/?p=35832"},"modified":"2022-12-07T15:32:51","modified_gmt":"2022-12-07T15:32:51","slug":"la-profecia-de-zacarias","status":"publish","type":"post","link":"https:\/\/www.24-7prayer.com\/es\/la-profecia-de-zacarias\/","title":{"rendered":"<strong>La profec\u00eda de Zacar\u00edas<\/strong>"},"content":{"rendered":"\n<div class=\"wp-block-buttons is-content-justification-center is-layout-flex wp-container-core-buttons-is-layout-a89b3969 wp-block-buttons-is-layout-flex\"><\/div>\n\n\n\n<iframe loading=\"lazy\" src=\"https:\/\/anchor.fm\/oracion247\/embed\/episodes\/La-profeca-de-Zacaras-I-Voces-de-Adviento-I-Lectio-365-e1rs0th\" height=\"102px\" width=\"100%\" frameborder=\"0\" scrolling=\"no\"><\/iframe>\n\n\n\n<p>Hoy es mi\u00e9rcoles, 7 de diciembre. A lo largo de esta \u00e9poca de Adviento estamos reflexionando sobre las voces de las muchas personas cuyas experiencias se unen para componer la historia de la Navidad. Esta semana reflexionamos sobre las palabras de algunos de los hombres cuyas vidas se vieron envueltas en el nacimiento del Mes\u00edas.<\/p>\n\n\n\n<h3 class=\"wp-block-heading\" id=\"haz-una-pausa\">Haz una pausa<\/h3>\n\n\n\n<p><strong><em><strong><em><strong><em><strong><em><strong><em>Ahora, al iniciar mi tiempo de oraci\u00f3n, hago una pausa para estar quieto; para respirar lentamente, para re-centrar mis sentidos, que se encuentran dispersos, delante de la presencia de Dios.<\/em><\/strong><\/em><\/strong><\/em><\/strong><\/em><\/strong><\/em><\/strong><\/p>\n\n\n\n<hr class=\"wp-block-separator has-css-opacity is-style-dots\"\/>\n\n\n\n<h5 class=\"has-text-align-center wp-block-heading\" id=\"haz-una-pausa-y-ora\"><em>Haz una pausa y ora<\/em><\/h5>\n\n\n\n<hr class=\"wp-block-separator has-css-opacity is-style-dots\"\/>\n\n\n\n<h3 class=\"wp-block-heading\" id=\"haz-una-pausa\">Oraci\u00f3n de Enfoque<\/h3>\n\n\n\n<p><em>Se\u00f1or, en esta \u00e9poca de tanto ajetreo, por favor, ay\u00fadame a estar quieto. Abro mis o\u00eddos ahora para escuchar cosas incre\u00edbles sobre ti, preparando mi coraz\u00f3n calladamente para el milagro de tu venida en Navidad.<\/em><\/p>\n\n\n\n<div style=\"height:59px\" aria-hidden=\"true\" class=\"wp-block-spacer\"><\/div>\n\n\n\n<h3 class=\"wp-block-heading\" id=\"regocijarse-y-reflexionar\">Regocijarse y Reflexionar<\/h3>\n\n\n\n<p>Hoy escojo regocijarme en la instrucci\u00f3n de Dios, uni\u00e9ndome a la alabanza ancestral de todo el pueblo de Dios en palabras del Salmo 119&#8230;<\/p>\n\n\n\n<blockquote class=\"wp-block-quote is-layout-flow wp-block-quote-is-layout-flow\">\n<p>Ahora deja que tu amor inagotable me consuele,<br> &nbsp;&nbsp;&nbsp;&nbsp;tal como le prometiste a este siervo tuyo. <br>Rod\u00e9ame con tus tiernas misericordias para que viva,<br> &nbsp;&nbsp;&nbsp;&nbsp;porque tus ense\u00f1anzas son mi deleite.<\/p>\n<cite><strong><strong>Salmo 119:76-77 (NTV)<\/strong><\/strong><\/cite><\/blockquote>\n\n\n\n<hr class=\"wp-block-separator has-css-opacity is-style-dots\"\/>\n\n\n\n<h5 class=\"has-text-align-center wp-block-heading\" id=\"haz-una-pausa-y-ora\"><em>Haz una pausa y ora<\/em><\/h5>\n\n\n\n<hr class=\"wp-block-separator has-css-opacity is-style-dots\"\/>\n\n\n\n<p>El sacerdote Zacar\u00edas no ha pronunciado una palabra durante nueve meses, pero con el nacimiento de su hijo Juan, su boca se ha abierto. Las primeras palabras de Zacar\u00edas fueron una efusi\u00f3n prof\u00e9tica de consuelo dirigida a toda su comunidad, pero ahora su atenci\u00f3n se dirige a su hijo&#8230;&nbsp;<\/p>\n\n\n\n<blockquote class=\"wp-block-quote is-layout-flow wp-block-quote-is-layout-flow\">\n<p>\u00bbY t\u00fa, hijito m\u00edo, ser\u00e1s llamado profeta del Alt\u00edsimo,<br> &nbsp;&nbsp;&nbsp;&nbsp;porque ir\u00e1s delante del Se\u00f1or para prepararle el camino. <br>Dar\u00e1s a conocer a su pueblo la salvaci\u00f3n<br> &nbsp;&nbsp;&nbsp;&nbsp;mediante el perd\u00f3n de sus pecados, <br>gracias a la entra\u00f1able misericordia de nuestro Dios.<br> &nbsp;&nbsp;&nbsp;&nbsp;As\u00ed nos visitar\u00e1 desde el cielo el sol naciente, <br>para dar luz a los que viven en tinieblas,<br> &nbsp;&nbsp;&nbsp;&nbsp;en la m\u00e1s terrible oscuridad, <br>para guiar nuestros pasos por la senda de la paz\u00bb.<\/p>\n<cite><strong><strong><strong><strong>Lucas 1:76-79 (NVICST)<\/strong><\/strong><\/strong><\/strong><\/cite><\/blockquote>\n\n\n\n<p>Mientras crec\u00eda, me pregunto cu\u00e1ntas veces contempl\u00f3 Juan las palabras que su padre or\u00f3 por \u00e9l cuando era un beb\u00e9. De adulto se enfrent\u00f3 a dificultades extremas en su misi\u00f3n de preparar a la naci\u00f3n para Jes\u00fas. Seguramente esta declaraci\u00f3n de visi\u00f3n prof\u00e9tica, dada por el Esp\u00edritu Santo, le ayud\u00f3 a mantenerse fiel a su vocaci\u00f3n. \u00bfTengo la figura de Zacar\u00edas en mi propia vida, alguien a quien Dios ha utilizado para hablarme de forma clara y poderosa?<\/p>\n\n\n\n<hr class=\"wp-block-separator has-css-opacity is-style-dots\"\/>\n\n\n\n<h5 class=\"has-text-align-center wp-block-heading\" id=\"haz-una-pausa-y-ora\"><em>Haz una pausa y ora<\/em><\/h5>\n\n\n\n<hr class=\"wp-block-separator has-css-opacity is-style-dots\"\/>\n\n\n\n<div style=\"height:59px\" aria-hidden=\"true\" class=\"wp-block-spacer\"><\/div>\n\n\n\n<h3 class=\"wp-block-heading\" id=\"apelar-pedir\"><strong>Apelar \/ Pedir<\/strong><\/h3>\n\n\n\n<p><em>Se\u00f1or, gracias por las palabras de vida que me has dado a trav\u00e9s de otros. Trae a mi coraz\u00f3n y a mi mente ahora una palabra de \u00e1nimo clave que alguien haya compartido conmigo y que me sostenga en mi caminar contigo hoy.&nbsp;<\/em><\/p>\n\n\n\n<hr class=\"wp-block-separator has-css-opacity is-style-dots\"\/>\n\n\n\n<h5 class=\"has-text-align-center wp-block-heading\" id=\"haz-una-pausa-y-ora\"><em>Haz una pausa y ora<\/em><\/h5>\n\n\n\n<hr class=\"wp-block-separator has-css-opacity is-style-dots\"\/>\n\n\n\n<p><em>Se\u00f1or, nombro a un ni\u00f1o o joven que conozco. Que hoy les abras los o\u00eddos para que escuchen tu palabra y capten tu amor por ellos. Que reconozcan tu voz gui\u00e1ndoles todos los d\u00edas de su vida.<\/em><\/p>\n\n\n\n<hr class=\"wp-block-separator has-css-opacity is-style-dots\"\/>\n\n\n\n<h5 class=\"has-text-align-center wp-block-heading\" id=\"haz-una-pausa-y-ora\"><em>Haz una pausa y ora<\/em><\/h5>\n\n\n\n<hr class=\"wp-block-separator has-css-opacity is-style-dots\"\/>\n\n\n\n<h3 class=\"wp-block-heading\" id=\"apelar-pedir\"><strong>Rendirse<\/strong><\/h3>\n\n\n\n<p>Al volver al pasaje<em>, abro mis o\u00eddos para escuchar tu Palabra, y mi coraz\u00f3n para rendirme a tu voluntad una vez m\u00e1s.<\/em><\/p>\n\n\n\n<blockquote class=\"wp-block-quote is-layout-flow wp-block-quote-is-layout-flow\">\n<p>\u00bbY t\u00fa, hijito m\u00edo, ser\u00e1s llamado profeta del Alt\u00edsimo,<br> &nbsp;&nbsp;&nbsp;&nbsp;porque ir\u00e1s delante del Se\u00f1or para prepararle el camino. <br>Dar\u00e1s a conocer a su pueblo la salvaci\u00f3n<br> &nbsp;&nbsp;&nbsp;&nbsp;mediante el perd\u00f3n de sus pecados, <br>gracias a la entra\u00f1able misericordia de nuestro Dios.<br> &nbsp;&nbsp;&nbsp;&nbsp;As\u00ed nos visitar\u00e1 desde el cielo el sol naciente, <br>para dar luz a los que viven en tinieblas,<br> &nbsp;&nbsp;&nbsp;&nbsp;en la m\u00e1s terrible oscuridad, <br>para guiar nuestros pasos por la senda de la paz\u00bb.<\/p>\n<cite><strong><strong><strong><strong>Lucas 1:76-79 (NVICST)<\/strong><\/strong><\/strong><\/strong><\/cite><\/blockquote>\n\n\n\n<p>Aunque estas palabras fueron inspiradas por el Esp\u00edritu Santo, llegaron a Juan porque Zacar\u00edas abri\u00f3 su boca y habl\u00f3. La propia misi\u00f3n de Juan le exig\u00eda hablar p\u00fablicamente para preparar el camino a Jes\u00fas. \u00bfEstoy dispuesto a abrir mi boca y compartir a Jes\u00fas con la gente?<\/p>\n\n\n\n<hr class=\"wp-block-separator has-css-opacity is-style-dots\"\/>\n\n\n\n<h5 class=\"has-text-align-center wp-block-heading\" id=\"haz-una-pausa-y-ora\"><em>Haz una pausa y ora<\/em><\/h5>\n\n\n\n<hr class=\"wp-block-separator has-css-opacity is-style-dots\"\/>\n\n\n\n<h3 class=\"wp-block-heading\" id=\"apelar-pedir\"><strong><strong>Oraci\u00f3n de rendici\u00f3n<\/strong><\/strong><\/h3>\n\n\n\n<p><em><em><em><em>Querido Se\u00f1or, tengo una relaci\u00f3n contigo gracias a las personas que se atrevieron a compartir tu historia conmigo. Hoy decido hacer lo mismo. Dame valor para hablar tus palabras de vida a los que me rodean.&nbsp;<\/em><\/em><\/em><\/em><\/p>\n\n\n\n<div style=\"height:59px\" aria-hidden=\"true\" class=\"wp-block-spacer\"><\/div>\n\n\n\n<h3 class=\"wp-block-heading\" id=\"apelar-pedir\"><strong><strong><strong>Promesa de rendici\u00f3n<\/strong><\/strong><\/strong><\/h3>\n\n\n\n<p>Y ahora, mientras me preparo para llevar este tiempo de oraci\u00f3n al d\u00eda que tengo por delante, el Se\u00f1or, que me ama dice en Mateo:&nbsp;<\/p>\n\n\n\n<blockquote class=\"wp-block-quote is-layout-flow wp-block-quote-is-layout-flow\">\n<p>\u2018\u2026 no os preocup\u00e9is por lo que vais a decir o c\u00f3mo vais a decirlo. En ese momento se os dar\u00e1 lo que hab\u00e9is de decir,&nbsp;porque no ser\u00e9is vosotros los que habl\u00e9is, sino que el Esp\u00edritu de vuestro Padre hablar\u00e1 por medio de vosotros.\u2019<\/p>\n<cite><strong><strong><strong><strong>Mateo 10:19b-20 (NVICST)<\/strong><\/strong><\/strong><\/strong><\/cite><\/blockquote>\n\n\n\n<h3 class=\"wp-block-heading\" id=\"apelar-pedir\"><strong><strong><strong><strong><em>Oraci\u00f3n para terminar<\/em><\/strong><\/strong><\/strong><\/strong><\/h3>\n\n\n\n<p><strong><em>Padre, ay\u00fadame a vivir este d\u00eda al m\u00e1ximo,<\/em><\/strong><br><strong><em>siendo aut\u00e9ntico contigo en todo.<\/em><\/strong><br><strong><em>Jes\u00fas, ay\u00fadame a darme a los dem\u00e1s,&nbsp;<\/em><\/strong><br><strong><em>siendo amable con toda la gente con la que me encuentre.<\/em><\/strong><br><strong><em>Esp\u00edritu, ay\u00fadame a amar a la gente que se encuentra perdida,<\/em><\/strong><br><strong><em>proclamando a Cristo en todo lo que digo y hago.<\/em><\/strong><br><strong><em>Am\u00e9n.<\/em><\/strong><\/p>\n\n\n\n<p class=\"has-small-font-size\"><\/p>\n\n\n\n<p><\/p>\n","protected":false},"excerpt":{"rendered":"<p>Hoy es mi\u00e9rcoles, 7 de diciembre. A lo largo de esta \u00e9poca de Adviento estamos reflexionando sobre las voces de las muchas personas cuyas experiencias se unen para componer la historia de la Navidad. Esta semana reflexionamos sobre las palabras de algunos de los hombres cuyas vidas se vieron envueltas en el nacimiento del Mes\u00edas. [&hellip;]<\/p>\n","protected":false},"author":216,"featured_media":35192,"comment_status":"closed","ping_status":"open","sticky":false,"template":"","format":"standard","meta":{"_acf_changed":false,"inline_featured_image":false,"footnotes":""},"categories":[206],"tags":[],"author_slug":[370],"blog_series":[518],"topic":[353],"class_list":["post-35832","post","type-post","status-publish","format-standard","has-post-thumbnail","hentry","category-blog-es","author_slug-oracion-24-7","blog_series-voces-de-adviento","topic-orar"],"acf":[],"yoast_head":"<!-- This site is optimized with the Yoast SEO plugin v27.4 - https:\/\/yoast.com\/product\/yoast-seo-wordpress\/ -->\n<title>La profec\u00eda de Zacar\u00edas<\/title>\n<meta name=\"description\" content=\"Hoy es mi\u00e9rcoles, 7 de diciembre. A lo largo de esta \u00e9poca de Adviento estamos reflexionando sobre las voces de las muchas personas cuyas experiencias se unen para componer la historia de la Navidad. Esta semana reflexionamos sobre las palabras de algunos de los hombres cuyas vidas se vieron envueltas en el nacimiento del Mes\u00edas.\" \/>\n<meta name=\"robots\" content=\"index, follow, max-snippet:-1, max-image-preview:large, max-video-preview:-1\" \/>\n<link rel=\"canonical\" href=\"https:\/\/www.24-7prayer.com\/es\/la-profecia-de-zacarias\/\" \/>\n<meta property=\"og:locale\" content=\"es_ES\" \/>\n<meta property=\"og:type\" content=\"article\" \/>\n<meta property=\"og:title\" content=\"La profec\u00eda de Zacar\u00edas\" \/>\n<meta property=\"og:description\" content=\"Hoy es mi\u00e9rcoles, 7 de diciembre. A lo largo de esta \u00e9poca de Adviento estamos reflexionando sobre las voces de las muchas personas cuyas experiencias se unen para componer la historia de la Navidad. Esta semana reflexionamos sobre las palabras de algunos de los hombres cuyas vidas se vieron envueltas en el nacimiento del Mes\u00edas.\" \/>\n<meta property=\"og:url\" content=\"https:\/\/www.24-7prayer.com\/es\/la-profecia-de-zacarias\/\" \/>\n<meta property=\"og:site_name\" content=\"24-7 Prayer International\" \/>\n<meta property=\"article:published_time\" content=\"2022-12-07T05:00:00+00:00\" \/>\n<meta property=\"article:modified_time\" content=\"2022-12-07T15:32:51+00:00\" \/>\n<meta property=\"og:image\" content=\"https:\/\/www.24-7prayer.com\/wp-content\/uploads\/2022\/11\/365-voces-de-adviento-sin-txt.jpg\" \/>\n\t<meta property=\"og:image:width\" content=\"1080\" \/>\n\t<meta property=\"og:image:height\" content=\"1080\" \/>\n\t<meta property=\"og:image:type\" content=\"image\/jpeg\" \/>\n<meta name=\"author\" content=\"aitor@oracion24-7.com\" \/>\n<meta name=\"twitter:card\" content=\"summary_large_image\" \/>\n<script type=\"application\/ld+json\" class=\"yoast-schema-graph\">{\"@context\":\"https:\\\/\\\/schema.org\",\"@graph\":[{\"@type\":\"Article\",\"@id\":\"https:\\\/\\\/www.24-7prayer.com\\\/es\\\/la-profecia-de-zacarias\\\/#article\",\"isPartOf\":{\"@id\":\"https:\\\/\\\/www.24-7prayer.com\\\/es\\\/la-profecia-de-zacarias\\\/\"},\"author\":{\"name\":\"aitor@oracion24-7.com\",\"@id\":\"https:\\\/\\\/www.24-7prayer.com\\\/es\\\/#\\\/schema\\\/person\\\/cea924691d05af4dfa35da709e7ede7d\"},\"headline\":\"La profec\u00eda de Zacar\u00edas\",\"datePublished\":\"2022-12-07T05:00:00+00:00\",\"dateModified\":\"2022-12-07T15:32:51+00:00\",\"mainEntityOfPage\":{\"@id\":\"https:\\\/\\\/www.24-7prayer.com\\\/es\\\/la-profecia-de-zacarias\\\/\"},\"wordCount\":959,\"publisher\":{\"@id\":\"https:\\\/\\\/www.24-7prayer.com\\\/es\\\/#organization\"},\"image\":{\"@id\":\"https:\\\/\\\/www.24-7prayer.com\\\/es\\\/la-profecia-de-zacarias\\\/#primaryimage\"},\"thumbnailUrl\":\"https:\\\/\\\/www.24-7prayer.com\\\/wp-content\\\/uploads\\\/2022\\\/11\\\/365-voces-de-adviento-sin-txt.jpg\",\"articleSection\":[\"Blogs\"],\"inLanguage\":\"es\"},{\"@type\":\"WebPage\",\"@id\":\"https:\\\/\\\/www.24-7prayer.com\\\/es\\\/la-profecia-de-zacarias\\\/\",\"url\":\"https:\\\/\\\/www.24-7prayer.com\\\/es\\\/la-profecia-de-zacarias\\\/\",\"name\":\"La profec\u00eda de Zacar\u00edas\",\"isPartOf\":{\"@id\":\"https:\\\/\\\/www.24-7prayer.com\\\/es\\\/#website\"},\"primaryImageOfPage\":{\"@id\":\"https:\\\/\\\/www.24-7prayer.com\\\/es\\\/la-profecia-de-zacarias\\\/#primaryimage\"},\"image\":{\"@id\":\"https:\\\/\\\/www.24-7prayer.com\\\/es\\\/la-profecia-de-zacarias\\\/#primaryimage\"},\"thumbnailUrl\":\"https:\\\/\\\/www.24-7prayer.com\\\/wp-content\\\/uploads\\\/2022\\\/11\\\/365-voces-de-adviento-sin-txt.jpg\",\"datePublished\":\"2022-12-07T05:00:00+00:00\",\"dateModified\":\"2022-12-07T15:32:51+00:00\",\"description\":\"Hoy es mi\u00e9rcoles, 7 de diciembre. A lo largo de esta \u00e9poca de Adviento estamos reflexionando sobre las voces de las muchas personas cuyas experiencias se unen para componer la historia de la Navidad. Esta semana reflexionamos sobre las palabras de algunos de los hombres cuyas vidas se vieron envueltas en el nacimiento del Mes\u00edas.\",\"breadcrumb\":{\"@id\":\"https:\\\/\\\/www.24-7prayer.com\\\/es\\\/la-profecia-de-zacarias\\\/#breadcrumb\"},\"inLanguage\":\"es\",\"potentialAction\":[{\"@type\":\"ReadAction\",\"target\":[\"https:\\\/\\\/www.24-7prayer.com\\\/es\\\/la-profecia-de-zacarias\\\/\"]}]},{\"@type\":\"ImageObject\",\"inLanguage\":\"es\",\"@id\":\"https:\\\/\\\/www.24-7prayer.com\\\/es\\\/la-profecia-de-zacarias\\\/#primaryimage\",\"url\":\"https:\\\/\\\/www.24-7prayer.com\\\/wp-content\\\/uploads\\\/2022\\\/11\\\/365-voces-de-adviento-sin-txt.jpg\",\"contentUrl\":\"https:\\\/\\\/www.24-7prayer.com\\\/wp-content\\\/uploads\\\/2022\\\/11\\\/365-voces-de-adviento-sin-txt.jpg\",\"width\":1080,\"height\":1080},{\"@type\":\"BreadcrumbList\",\"@id\":\"https:\\\/\\\/www.24-7prayer.com\\\/es\\\/la-profecia-de-zacarias\\\/#breadcrumb\",\"itemListElement\":[{\"@type\":\"ListItem\",\"position\":1,\"name\":\"Home\",\"item\":\"https:\\\/\\\/www.24-7prayer.com\\\/es\\\/\"},{\"@type\":\"ListItem\",\"position\":2,\"name\":\"La profec\u00eda de Zacar\u00edas\"}]},{\"@type\":\"WebSite\",\"@id\":\"https:\\\/\\\/www.24-7prayer.com\\\/es\\\/#website\",\"url\":\"https:\\\/\\\/www.24-7prayer.com\\\/es\\\/\",\"name\":\"24-7 Prayer International\",\"description\":\"Prayer Mission Justice\",\"publisher\":{\"@id\":\"https:\\\/\\\/www.24-7prayer.com\\\/es\\\/#organization\"},\"potentialAction\":[{\"@type\":\"SearchAction\",\"target\":{\"@type\":\"EntryPoint\",\"urlTemplate\":\"https:\\\/\\\/www.24-7prayer.com\\\/es\\\/?s={search_term_string}\"},\"query-input\":{\"@type\":\"PropertyValueSpecification\",\"valueRequired\":true,\"valueName\":\"search_term_string\"}}],\"inLanguage\":\"es\"},{\"@type\":\"Organization\",\"@id\":\"https:\\\/\\\/www.24-7prayer.com\\\/es\\\/#organization\",\"name\":\"24-7 Prayer\",\"url\":\"https:\\\/\\\/www.24-7prayer.com\\\/es\\\/\",\"logo\":{\"@type\":\"ImageObject\",\"inLanguage\":\"es\",\"@id\":\"https:\\\/\\\/www.24-7prayer.com\\\/es\\\/#\\\/schema\\\/logo\\\/image\\\/\",\"url\":\"https:\\\/\\\/www.24-7prayer.com\\\/wp-content\\\/uploads\\\/2022\\\/06\\\/logo.png\",\"contentUrl\":\"https:\\\/\\\/www.24-7prayer.com\\\/wp-content\\\/uploads\\\/2022\\\/06\\\/logo.png\",\"width\":302,\"height\":49,\"caption\":\"24-7 Prayer\"},\"image\":{\"@id\":\"https:\\\/\\\/www.24-7prayer.com\\\/es\\\/#\\\/schema\\\/logo\\\/image\\\/\"}},{\"@type\":\"Person\",\"@id\":\"https:\\\/\\\/www.24-7prayer.com\\\/es\\\/#\\\/schema\\\/person\\\/cea924691d05af4dfa35da709e7ede7d\",\"name\":\"aitor@oracion24-7.com\",\"image\":{\"@type\":\"ImageObject\",\"inLanguage\":\"es\",\"@id\":\"https:\\\/\\\/secure.gravatar.com\\\/avatar\\\/e67a3b0c8e0d52ee179e9f94d3d54543d229c4da1d7def06a61faccb28313f0a?s=96&d=mm&r=g\",\"url\":\"https:\\\/\\\/secure.gravatar.com\\\/avatar\\\/e67a3b0c8e0d52ee179e9f94d3d54543d229c4da1d7def06a61faccb28313f0a?s=96&d=mm&r=g\",\"contentUrl\":\"https:\\\/\\\/secure.gravatar.com\\\/avatar\\\/e67a3b0c8e0d52ee179e9f94d3d54543d229c4da1d7def06a61faccb28313f0a?s=96&d=mm&r=g\",\"caption\":\"aitor@oracion24-7.com\"},\"url\":\"https:\\\/\\\/www.24-7prayer.com\\\/es\\\/author\\\/aitororacion24-7-com\\\/\"}]}<\/script>\n<!-- \/ Yoast SEO plugin. -->","yoast_head_json":{"title":"La profec\u00eda de Zacar\u00edas","description":"Hoy es mi\u00e9rcoles, 7 de diciembre. A lo largo de esta \u00e9poca de Adviento estamos reflexionando sobre las voces de las muchas personas cuyas experiencias se unen para componer la historia de la Navidad. Esta semana reflexionamos sobre las palabras de algunos de los hombres cuyas vidas se vieron envueltas en el nacimiento del Mes\u00edas.","robots":{"index":"index","follow":"follow","max-snippet":"max-snippet:-1","max-image-preview":"max-image-preview:large","max-video-preview":"max-video-preview:-1"},"canonical":"https:\/\/www.24-7prayer.com\/es\/la-profecia-de-zacarias\/","og_locale":"es_ES","og_type":"article","og_title":"La profec\u00eda de Zacar\u00edas","og_description":"Hoy es mi\u00e9rcoles, 7 de diciembre. A lo largo de esta \u00e9poca de Adviento estamos reflexionando sobre las voces de las muchas personas cuyas experiencias se unen para componer la historia de la Navidad. Esta semana reflexionamos sobre las palabras de algunos de los hombres cuyas vidas se vieron envueltas en el nacimiento del Mes\u00edas.","og_url":"https:\/\/www.24-7prayer.com\/es\/la-profecia-de-zacarias\/","og_site_name":"24-7 Prayer International","article_published_time":"2022-12-07T05:00:00+00:00","article_modified_time":"2022-12-07T15:32:51+00:00","og_image":[{"width":1080,"height":1080,"url":"https:\/\/www.24-7prayer.com\/wp-content\/uploads\/2022\/11\/365-voces-de-adviento-sin-txt.jpg","type":"image\/jpeg"}],"author":"aitor@oracion24-7.com","twitter_card":"summary_large_image","schema":{"@context":"https:\/\/schema.org","@graph":[{"@type":"Article","@id":"https:\/\/www.24-7prayer.com\/es\/la-profecia-de-zacarias\/#article","isPartOf":{"@id":"https:\/\/www.24-7prayer.com\/es\/la-profecia-de-zacarias\/"},"author":{"name":"aitor@oracion24-7.com","@id":"https:\/\/www.24-7prayer.com\/es\/#\/schema\/person\/cea924691d05af4dfa35da709e7ede7d"},"headline":"La profec\u00eda de Zacar\u00edas","datePublished":"2022-12-07T05:00:00+00:00","dateModified":"2022-12-07T15:32:51+00:00","mainEntityOfPage":{"@id":"https:\/\/www.24-7prayer.com\/es\/la-profecia-de-zacarias\/"},"wordCount":959,"publisher":{"@id":"https:\/\/www.24-7prayer.com\/es\/#organization"},"image":{"@id":"https:\/\/www.24-7prayer.com\/es\/la-profecia-de-zacarias\/#primaryimage"},"thumbnailUrl":"https:\/\/www.24-7prayer.com\/wp-content\/uploads\/2022\/11\/365-voces-de-adviento-sin-txt.jpg","articleSection":["Blogs"],"inLanguage":"es"},{"@type":"WebPage","@id":"https:\/\/www.24-7prayer.com\/es\/la-profecia-de-zacarias\/","url":"https:\/\/www.24-7prayer.com\/es\/la-profecia-de-zacarias\/","name":"La profec\u00eda de Zacar\u00edas","isPartOf":{"@id":"https:\/\/www.24-7prayer.com\/es\/#website"},"primaryImageOfPage":{"@id":"https:\/\/www.24-7prayer.com\/es\/la-profecia-de-zacarias\/#primaryimage"},"image":{"@id":"https:\/\/www.24-7prayer.com\/es\/la-profecia-de-zacarias\/#primaryimage"},"thumbnailUrl":"https:\/\/www.24-7prayer.com\/wp-content\/uploads\/2022\/11\/365-voces-de-adviento-sin-txt.jpg","datePublished":"2022-12-07T05:00:00+00:00","dateModified":"2022-12-07T15:32:51+00:00","description":"Hoy es mi\u00e9rcoles, 7 de diciembre. A lo largo de esta \u00e9poca de Adviento estamos reflexionando sobre las voces de las muchas personas cuyas experiencias se unen para componer la historia de la Navidad. Esta semana reflexionamos sobre las palabras de algunos de los hombres cuyas vidas se vieron envueltas en el nacimiento del Mes\u00edas.","breadcrumb":{"@id":"https:\/\/www.24-7prayer.com\/es\/la-profecia-de-zacarias\/#breadcrumb"},"inLanguage":"es","potentialAction":[{"@type":"ReadAction","target":["https:\/\/www.24-7prayer.com\/es\/la-profecia-de-zacarias\/"]}]},{"@type":"ImageObject","inLanguage":"es","@id":"https:\/\/www.24-7prayer.com\/es\/la-profecia-de-zacarias\/#primaryimage","url":"https:\/\/www.24-7prayer.com\/wp-content\/uploads\/2022\/11\/365-voces-de-adviento-sin-txt.jpg","contentUrl":"https:\/\/www.24-7prayer.com\/wp-content\/uploads\/2022\/11\/365-voces-de-adviento-sin-txt.jpg","width":1080,"height":1080},{"@type":"BreadcrumbList","@id":"https:\/\/www.24-7prayer.com\/es\/la-profecia-de-zacarias\/#breadcrumb","itemListElement":[{"@type":"ListItem","position":1,"name":"Home","item":"https:\/\/www.24-7prayer.com\/es\/"},{"@type":"ListItem","position":2,"name":"La profec\u00eda de Zacar\u00edas"}]},{"@type":"WebSite","@id":"https:\/\/www.24-7prayer.com\/es\/#website","url":"https:\/\/www.24-7prayer.com\/es\/","name":"24-7 Prayer International","description":"Prayer Mission Justice","publisher":{"@id":"https:\/\/www.24-7prayer.com\/es\/#organization"},"potentialAction":[{"@type":"SearchAction","target":{"@type":"EntryPoint","urlTemplate":"https:\/\/www.24-7prayer.com\/es\/?s={search_term_string}"},"query-input":{"@type":"PropertyValueSpecification","valueRequired":true,"valueName":"search_term_string"}}],"inLanguage":"es"},{"@type":"Organization","@id":"https:\/\/www.24-7prayer.com\/es\/#organization","name":"24-7 Prayer","url":"https:\/\/www.24-7prayer.com\/es\/","logo":{"@type":"ImageObject","inLanguage":"es","@id":"https:\/\/www.24-7prayer.com\/es\/#\/schema\/logo\/image\/","url":"https:\/\/www.24-7prayer.com\/wp-content\/uploads\/2022\/06\/logo.png","contentUrl":"https:\/\/www.24-7prayer.com\/wp-content\/uploads\/2022\/06\/logo.png","width":302,"height":49,"caption":"24-7 Prayer"},"image":{"@id":"https:\/\/www.24-7prayer.com\/es\/#\/schema\/logo\/image\/"}},{"@type":"Person","@id":"https:\/\/www.24-7prayer.com\/es\/#\/schema\/person\/cea924691d05af4dfa35da709e7ede7d","name":"aitor@oracion24-7.com","image":{"@type":"ImageObject","inLanguage":"es","@id":"https:\/\/secure.gravatar.com\/avatar\/e67a3b0c8e0d52ee179e9f94d3d54543d229c4da1d7def06a61faccb28313f0a?s=96&d=mm&r=g","url":"https:\/\/secure.gravatar.com\/avatar\/e67a3b0c8e0d52ee179e9f94d3d54543d229c4da1d7def06a61faccb28313f0a?s=96&d=mm&r=g","contentUrl":"https:\/\/secure.gravatar.com\/avatar\/e67a3b0c8e0d52ee179e9f94d3d54543d229c4da1d7def06a61faccb28313f0a?s=96&d=mm&r=g","caption":"aitor@oracion24-7.com"},"url":"https:\/\/www.24-7prayer.com\/es\/author\/aitororacion24-7-com\/"}]}},"_links":{"self":[{"href":"https:\/\/www.24-7prayer.com\/es\/wp-json\/wp\/v2\/posts\/35832","targetHints":{"allow":["GET"]}}],"collection":[{"href":"https:\/\/www.24-7prayer.com\/es\/wp-json\/wp\/v2\/posts"}],"about":[{"href":"https:\/\/www.24-7prayer.com\/es\/wp-json\/wp\/v2\/types\/post"}],"author":[{"embeddable":true,"href":"https:\/\/www.24-7prayer.com\/es\/wp-json\/wp\/v2\/users\/216"}],"replies":[{"embeddable":true,"href":"https:\/\/www.24-7prayer.com\/es\/wp-json\/wp\/v2\/comments?post=35832"}],"version-history":[{"count":5,"href":"https:\/\/www.24-7prayer.com\/es\/wp-json\/wp\/v2\/posts\/35832\/revisions"}],"predecessor-version":[{"id":36008,"href":"https:\/\/www.24-7prayer.com\/es\/wp-json\/wp\/v2\/posts\/35832\/revisions\/36008"}],"wp:featuredmedia":[{"embeddable":true,"href":"https:\/\/www.24-7prayer.com\/es\/wp-json\/wp\/v2\/media\/35192"}],"wp:attachment":[{"href":"https:\/\/www.24-7prayer.com\/es\/wp-json\/wp\/v2\/media?parent=35832"}],"wp:term":[{"taxonomy":"category","embeddable":true,"href":"https:\/\/www.24-7prayer.com\/es\/wp-json\/wp\/v2\/categories?post=35832"},{"taxonomy":"post_tag","embeddable":true,"href":"https:\/\/www.24-7prayer.com\/es\/wp-json\/wp\/v2\/tags?post=35832"},{"taxonomy":"author_slug","embeddable":true,"href":"https:\/\/www.24-7prayer.com\/es\/wp-json\/wp\/v2\/author_slug?post=35832"},{"taxonomy":"blog_series","embeddable":true,"href":"https:\/\/www.24-7prayer.com\/es\/wp-json\/wp\/v2\/blog_series?post=35832"},{"taxonomy":"topic","embeddable":true,"href":"https:\/\/www.24-7prayer.com\/es\/wp-json\/wp\/v2\/topic?post=35832"}],"curies":[{"name":"wp","href":"https:\/\/api.w.org\/{rel}","templated":true}]}}