{"id":35813,"date":"2022-12-06T05:00:00","date_gmt":"2022-12-06T05:00:00","guid":{"rendered":"https:\/\/www.24-7prayer.com\/?p=35813"},"modified":"2022-12-06T20:29:16","modified_gmt":"2022-12-06T20:29:16","slug":"la-alabanza-de-zacarias","status":"publish","type":"post","link":"https:\/\/www.24-7prayer.com\/es\/la-alabanza-de-zacarias\/","title":{"rendered":"<strong>La alabanza de Zacar\u00edas<\/strong>"},"content":{"rendered":"\n<div class=\"wp-block-buttons is-content-justification-center is-layout-flex wp-container-core-buttons-is-layout-a89b3969 wp-block-buttons-is-layout-flex\"><\/div>\n\n\n\n<iframe loading=\"lazy\" src=\"https:\/\/anchor.fm\/oracion247\/embed\/episodes\/La-alabanza-de-Zacaras-I-Voces-de-Adviento-I-Lectio-365-e1rq742\" height=\"102px\" width=\"100%\" frameborder=\"0\" scrolling=\"no\"><\/iframe>\n\n\n\n<p>Hoy es martes, 6 de diciembre. A lo largo de este tiempo de Adviento estamos reflexionando sobre las voces de las muchas personas cuyas experiencias se unen para componer la historia de la Navidad.&nbsp;<br><br>Juntos vamos a orar (O.R.A.R.) de forma muy sencilla cada d\u00eda \u2013 \u2018O\u2019: estar quietos para OBSERVAR. \u2018R\u2019: REGOCIJARSE con un Salmo y meditar en un pasaje de la Escritura que tenga relaci\u00f3n con la llegada de Jes\u00fas. \u2018A\u2019: APELAR\/PEDIR a Dios que nos ayude a nosotros y a otros y \u2018R\u2019: RENDIRSE a Su voluntad en nuestras vidas venga lo que venga.<\/p>\n\n\n\n<h3 class=\"wp-block-heading\" id=\"haz-una-pausa\">Haz una pausa<\/h3>\n\n\n\n<p><strong><em>Por lo tanto ahora, al iniciar mi tiempo de oraci\u00f3n, hago una pausa para estar quieto; para respirar lentamente, para re-centrar mis sentidos, que se encuentran dispersos, delante de la presencia de Dios.<\/em><\/strong><\/p>\n\n\n\n<hr class=\"wp-block-separator has-css-opacity is-style-dots\"\/>\n\n\n\n<h5 class=\"has-text-align-center wp-block-heading\" id=\"haz-una-pausa-y-ora\"><em>Haz una pausa y ora<\/em><\/h5>\n\n\n\n<hr class=\"wp-block-separator has-css-opacity is-style-dots\"\/>\n\n\n\n<h3 class=\"wp-block-heading\" id=\"haz-una-pausa\">Oraci\u00f3n de Enfoque<\/h3>\n\n\n\n<p><em>Se\u00f1or, en esta \u00e9poca de tanto ajetreo, por favor, ay\u00fadame a estar quieto. Abro mis o\u00eddos ahora para escuchar cosas incre\u00edbles sobre ti, preparando mi coraz\u00f3n calladamente para el milagro de tu venida en Navidad.<\/em><\/p>\n\n\n\n<div style=\"height:59px\" aria-hidden=\"true\" class=\"wp-block-spacer\"><\/div>\n\n\n\n<h3 class=\"wp-block-heading\" id=\"regocijarse-y-reflexionar\">Regocijarse y Reflexionar<\/h3>\n\n\n\n<p>Hoy escojo regocijarme en la bondad de Dios, uni\u00e9ndome a la alabanza ancestral de todo el pueblo de Dios en palabras del Salmo 31&#8230;<\/p>\n\n\n\n<blockquote class=\"wp-block-quote is-layout-flow wp-block-quote-is-layout-flow\">\n<p>Qu\u00e9 grande es la bondad<br> &nbsp;&nbsp;&nbsp;&nbsp;que has reservado para los que te temen. <br>La derramas en abundancia sobre los que acuden a ti en busca de protecci\u00f3n,<br> &nbsp;&nbsp;&nbsp;&nbsp;y les bendices ante la mirada del mundo. <br>Les escondes en el refugio de tu presencia,<br> &nbsp;&nbsp;&nbsp;&nbsp;a salvo de los que conspiran contra ellos. <br>Les proteges en tu presencia,<br> &nbsp;&nbsp;&nbsp;&nbsp;los alejas de las lenguas acusadoras.<\/p>\n<cite><strong><strong>Salmo 31:19-20 (NTV)<\/strong><\/strong><\/cite><\/blockquote>\n\n\n\n<hr class=\"wp-block-separator has-css-opacity is-style-dots\"\/>\n\n\n\n<h5 class=\"has-text-align-center wp-block-heading\" id=\"haz-una-pausa-y-ora\"><em>Haz una pausa y ora<\/em><\/h5>\n\n\n\n<hr class=\"wp-block-separator has-css-opacity is-style-dots\"\/>\n\n\n\n<p>Dios hab\u00eda enviado un \u00e1ngel a Zacar\u00edas con una noticia maravillosa: \u00a1la concepci\u00f3n milagrosa de un hijo que anunciar\u00eda al Mes\u00edas! Pero Zacar\u00edas hab\u00eda dudado y guard\u00f3 un silencio sobrenatural. Ahora, rodeado de sus amigos y familiares, recupera la capacidad de hablar.\u2026<\/p>\n\n\n\n<blockquote class=\"wp-block-quote is-layout-flow wp-block-quote-is-layout-flow\">\n<p>Entonces su padre Zacar\u00edas, lleno del Esp\u00edritu Santo, profetiz\u00f3: <br>  <br>\u00abBendito sea el Se\u00f1or, Dios de Israel,<br>&nbsp;&nbsp;&nbsp;&nbsp;porque ha venido a redimir a su pueblo. <br>Nos envi\u00f3 un poderoso Salvador<br>&nbsp;&nbsp;&nbsp;&nbsp;en la casa de David su siervo (como lo prometi\u00f3 en el pasado por medio de sus santos profetas),<br>para librarnos de nuestros enemigos<br>&nbsp;&nbsp;&nbsp;&nbsp;y del poder de todos los que nos aborrecen;<br>para mostrar misericordia a nuestros padres<br>&nbsp;&nbsp;&nbsp;&nbsp;al acordarse de su santo pacto.<br>As\u00ed lo jur\u00f3 a Abraham nuestro padre: nos concedi\u00f3 que fu\u00e9ramos libres del temor,<br>&nbsp;&nbsp;&nbsp;&nbsp;al rescatarnos del poder de nuestros enemigos,<br>para que le sirvi\u00e9ramos&nbsp;con santidad y justicia,<br>&nbsp;&nbsp;&nbsp;&nbsp;viviendo en su presencia todos nuestros d\u00edas. <\/p>\n<cite><strong><strong><strong><br><strong>Lucas 1:67-75 (NVICST)<\/strong><\/strong><\/strong><\/strong><\/cite><\/blockquote>\n\n\n\n<p>Haber quedado en silencio debi\u00f3 ser profundamente intenso -sobre todo porque se produjo como resultado de la incredulidad-, pero en Zacar\u00edas no parece haber producido ning\u00fan temor a Dios. De hecho, sus palabras animan a servir a Dios &#8220;sin miedo&#8221;. Aunque tengo presente la frase que se traduce en muchas Biblias como &#8216;temer al Se\u00f1or&#8217;, me recuerda que esto no significa vivir aterrorizado por \u00e9l.&nbsp;<\/p>\n\n\n\n<hr class=\"wp-block-separator has-css-opacity is-style-dots\"\/>\n\n\n\n<h5 class=\"has-text-align-center wp-block-heading\" id=\"haz-una-pausa-y-ora\"><em>Haz una pausa y ora<\/em><\/h5>\n\n\n\n<hr class=\"wp-block-separator has-css-opacity is-style-dots\"\/>\n\n\n\n<div style=\"height:59px\" aria-hidden=\"true\" class=\"wp-block-spacer\"><\/div>\n\n\n\n<h3 class=\"wp-block-heading\" id=\"apelar-pedir\"><strong>Apelar \/ Pedir<\/strong><\/h3>\n\n\n\n<p><em><em>Como Zacar\u00edas, \u00bfme siento seguro y a salvo en el amor de Dios, o me preocupa la ira o el juicio de Dios?<\/em><\/em><br><br><em>Padre bueno, ay\u00fadame a tomarme en serio las palabras de Zacar\u00edas: \u00a1que pueda servirte libre de todo temor! Revela m\u00e1s de tu amor y lib\u00e9rame de mis preocupaciones.<\/em><\/p>\n\n\n\n<hr class=\"wp-block-separator has-css-opacity is-style-dots\"\/>\n\n\n\n<h5 class=\"has-text-align-center wp-block-heading\" id=\"haz-una-pausa-y-ora\"><em>Haz una pausa y ora<\/em><\/h5>\n\n\n\n<hr class=\"wp-block-separator has-css-opacity is-style-dots\"\/>\n\n\n\n<p><em>Se\u00f1or, me acuerdo de alguien que conozco y que sufre de ansiedad. Atraviesa hoy sus miedos y \u00e1nclalos profundamente en tu amor. Que lleguen a experimentar la alegr\u00eda y la seguridad que da conocer a Jes\u00fas.<\/em><\/p>\n\n\n\n<hr class=\"wp-block-separator has-css-opacity is-style-dots\"\/>\n\n\n\n<h5 class=\"has-text-align-center wp-block-heading\" id=\"haz-una-pausa-y-ora\"><em>Haz una pausa y ora<\/em><\/h5>\n\n\n\n<hr class=\"wp-block-separator has-css-opacity is-style-dots\"\/>\n\n\n\n<h3 class=\"wp-block-heading\" id=\"apelar-pedir\"><strong>Rendirse<\/strong><\/h3>\n\n\n\n<p>Al volver al pasaje<em>, abro mis o\u00eddos para escuchar tu Palabra, y mi coraz\u00f3n para rendirme a tu voluntad una vez m\u00e1s.<\/em><\/p>\n\n\n\n<blockquote class=\"wp-block-quote is-layout-flow wp-block-quote-is-layout-flow\">\n<p>Entonces su padre Zacar\u00edas, lleno del Esp\u00edritu Santo, profetiz\u00f3: <br>  <br>\u00abBendito sea el Se\u00f1or, Dios de Israel,<br>&nbsp;&nbsp;&nbsp;&nbsp;porque ha venido a redimir a su pueblo. <br>Nos envi\u00f3 un poderoso Salvador<br>&nbsp;&nbsp;&nbsp;&nbsp;en la casa de David su siervo (como lo prometi\u00f3 en el pasado por medio de sus santos profetas),<br>para librarnos de nuestros enemigos<br>&nbsp;&nbsp;&nbsp;&nbsp;y del poder de todos los que nos aborrecen;<br>para mostrar misericordia a nuestros padres<br>&nbsp;&nbsp;&nbsp;&nbsp;al acordarse de su santo pacto.<br>As\u00ed lo jur\u00f3 a Abraham nuestro padre: nos concedi\u00f3 que fu\u00e9ramos libres del temor,<br>&nbsp;&nbsp;&nbsp;&nbsp;al rescatarnos del poder de nuestros enemigos,<br>para que le sirvi\u00e9ramos&nbsp;con santidad y justicia,<br>&nbsp;&nbsp;&nbsp;&nbsp;viviendo en su presencia todos nuestros d\u00edas. <\/p>\n<cite><strong><strong><strong><strong>Lucas 1:67-75 (NVICST)<\/strong><\/strong><\/strong><\/strong><\/cite><\/blockquote>\n\n\n\n<p>El silencio forzado de Zacar\u00edas debe haber sido extremadamente frustrante, pero sus primeras palabras no tienen nada que ver con las dificultades que ha sufrido. Por el contrario, Zacar\u00edas se centr\u00f3 en edificar la fe de sus vecinos. \u00bfC\u00f3mo respondo cuando experimento dificultades? \u00bfMe centrar\u00e9 en m\u00ed mismo o voy a optar por mirar hacia el exterior y construir mi comunidad?<\/p>\n\n\n\n<hr class=\"wp-block-separator has-css-opacity is-style-dots\"\/>\n\n\n\n<h5 class=\"has-text-align-center wp-block-heading\" id=\"haz-una-pausa-y-ora\"><em>Haz una pausa y ora<\/em><\/h5>\n\n\n\n<hr class=\"wp-block-separator has-css-opacity is-style-dots\"\/>\n\n\n\n<h3 class=\"wp-block-heading\" id=\"apelar-pedir\"><strong><strong>Oraci\u00f3n de rendici\u00f3n<\/strong><\/strong><\/h3>\n\n\n\n<p><em><em><em><em>Se\u00f1or, tu llamada a amar al pr\u00f3jimo se aplica tanto si estoy en una \u00e9poca f\u00e1cil de la vida como en una dif\u00edcil. Cualquiera que sea mi situaci\u00f3n hoy, elijo confiar en que siempre estoy seguro en tu amor, y me comprometo a edificar la fe de los que me rodean.<\/em><\/em><\/em><\/em><\/p>\n\n\n\n<div style=\"height:59px\" aria-hidden=\"true\" class=\"wp-block-spacer\"><\/div>\n\n\n\n<h3 class=\"wp-block-heading\" id=\"apelar-pedir\"><strong><strong><strong>Promesa de rendici\u00f3n<\/strong><\/strong><\/strong><\/h3>\n\n\n\n<p>Y ahora, mientras me preparo para llevar este tiempo de oraci\u00f3n al d\u00eda que tengo por delante, el Se\u00f1or, que me ama dice en el libro de Romanos:<\/p>\n\n\n\n<blockquote class=\"wp-block-quote is-layout-flow wp-block-quote-is-layout-flow\">\n<p>\u2026 estoy convencido de que ni la muerte ni la vida, ni los \u00e1ngeles ni los demonios, ni lo presente ni lo por venir, ni los poderes,&nbsp;ni lo alto ni lo profundo, ni cosa alguna en toda la creaci\u00f3n podr\u00e1 apartarnos del amor que Dios nos ha manifestado en Cristo Jes\u00fas nuestro Se\u00f1or.<\/p>\n<cite><strong><strong><strong><strong>Romanos 8:38b-39 (NVICST)<\/strong><\/strong><\/strong><\/strong><\/cite><\/blockquote>\n\n\n\n<h3 class=\"wp-block-heading\" id=\"apelar-pedir\"><strong><strong><strong><strong><em>Oraci\u00f3n para terminar<\/em><\/strong><\/strong><\/strong><\/strong><\/h3>\n\n\n\n<p><strong><em>Padre, ay\u00fadame a vivir este d\u00eda al m\u00e1ximo,<\/em><\/strong><br><strong><em>siendo aut\u00e9ntico contigo en todo.<\/em><\/strong><br><strong><em>Jes\u00fas, ay\u00fadame a darme a los dem\u00e1s,&nbsp;<\/em><\/strong><br><strong><em>siendo amable con toda la gente con la que me encuentre.<\/em><\/strong><br><strong><em>Esp\u00edritu, ay\u00fadame a amar a la gente que se encuentra perdida,<\/em><\/strong><br><strong><em>proclamando a Cristo en todo lo que digo y hago.<\/em><\/strong><br><strong><em>Am\u00e9n.<\/em><\/strong><\/p>\n\n\n\n<p class=\"has-small-font-size\"><\/p>\n\n\n\n<p><\/p>\n","protected":false},"excerpt":{"rendered":"<p>Hoy es martes, 6 de diciembre. A lo largo de este tiempo de Adviento estamos reflexionando sobre las voces de las muchas personas cuyas experiencias se unen para componer la historia de la Navidad.&nbsp; Juntos vamos a orar (O.R.A.R.) de forma muy sencilla cada d\u00eda \u2013 \u2018O\u2019: estar quietos para OBSERVAR. \u2018R\u2019: REGOCIJARSE con un [&hellip;]<\/p>\n","protected":false},"author":216,"featured_media":35192,"comment_status":"closed","ping_status":"open","sticky":false,"template":"","format":"standard","meta":{"_acf_changed":false,"inline_featured_image":false,"footnotes":""},"categories":[206],"tags":[],"author_slug":[370],"blog_series":[518],"topic":[353],"class_list":["post-35813","post","type-post","status-publish","format-standard","has-post-thumbnail","hentry","category-blog-es","author_slug-oracion-24-7","blog_series-voces-de-adviento","topic-orar"],"acf":[],"yoast_head":"<!-- This site is optimized with the Yoast SEO plugin v27.4 - https:\/\/yoast.com\/product\/yoast-seo-wordpress\/ -->\n<title>La alabanza de Zacar\u00edas<\/title>\n<meta name=\"description\" content=\"Hoy es martes, 6 de diciembre. A lo largo de este tiempo de Adviento estamos reflexionando sobre las voces de las muchas personas cuyas experiencias se unen para componer la historia de la Navidad.\u00a0\" \/>\n<meta name=\"robots\" content=\"index, follow, max-snippet:-1, max-image-preview:large, max-video-preview:-1\" \/>\n<link rel=\"canonical\" href=\"https:\/\/www.24-7prayer.com\/es\/la-alabanza-de-zacarias\/\" \/>\n<meta property=\"og:locale\" content=\"es_ES\" \/>\n<meta property=\"og:type\" content=\"article\" \/>\n<meta property=\"og:title\" content=\"La alabanza de Zacar\u00edas\" \/>\n<meta property=\"og:description\" content=\"Hoy es martes, 6 de diciembre. A lo largo de este tiempo de Adviento estamos reflexionando sobre las voces de las muchas personas cuyas experiencias se unen para componer la historia de la Navidad.\u00a0\" \/>\n<meta property=\"og:url\" content=\"https:\/\/www.24-7prayer.com\/es\/la-alabanza-de-zacarias\/\" \/>\n<meta property=\"og:site_name\" content=\"24-7 Prayer International\" \/>\n<meta property=\"article:published_time\" content=\"2022-12-06T05:00:00+00:00\" \/>\n<meta property=\"article:modified_time\" content=\"2022-12-06T20:29:16+00:00\" \/>\n<meta property=\"og:image\" content=\"https:\/\/www.24-7prayer.com\/wp-content\/uploads\/2022\/11\/365-voces-de-adviento-sin-txt.jpg\" \/>\n\t<meta property=\"og:image:width\" content=\"1080\" \/>\n\t<meta property=\"og:image:height\" content=\"1080\" \/>\n\t<meta property=\"og:image:type\" content=\"image\/jpeg\" \/>\n<meta name=\"author\" content=\"aitor@oracion24-7.com\" \/>\n<meta name=\"twitter:card\" content=\"summary_large_image\" \/>\n<script type=\"application\/ld+json\" class=\"yoast-schema-graph\">{\"@context\":\"https:\\\/\\\/schema.org\",\"@graph\":[{\"@type\":\"Article\",\"@id\":\"https:\\\/\\\/www.24-7prayer.com\\\/es\\\/la-alabanza-de-zacarias\\\/#article\",\"isPartOf\":{\"@id\":\"https:\\\/\\\/www.24-7prayer.com\\\/es\\\/la-alabanza-de-zacarias\\\/\"},\"author\":{\"name\":\"aitor@oracion24-7.com\",\"@id\":\"https:\\\/\\\/www.24-7prayer.com\\\/es\\\/#\\\/schema\\\/person\\\/cea924691d05af4dfa35da709e7ede7d\"},\"headline\":\"La alabanza de Zacar\u00edas\",\"datePublished\":\"2022-12-06T05:00:00+00:00\",\"dateModified\":\"2022-12-06T20:29:16+00:00\",\"mainEntityOfPage\":{\"@id\":\"https:\\\/\\\/www.24-7prayer.com\\\/es\\\/la-alabanza-de-zacarias\\\/\"},\"wordCount\":1145,\"publisher\":{\"@id\":\"https:\\\/\\\/www.24-7prayer.com\\\/es\\\/#organization\"},\"image\":{\"@id\":\"https:\\\/\\\/www.24-7prayer.com\\\/es\\\/la-alabanza-de-zacarias\\\/#primaryimage\"},\"thumbnailUrl\":\"https:\\\/\\\/www.24-7prayer.com\\\/wp-content\\\/uploads\\\/2022\\\/11\\\/365-voces-de-adviento-sin-txt.jpg\",\"articleSection\":[\"Blogs\"],\"inLanguage\":\"es\"},{\"@type\":\"WebPage\",\"@id\":\"https:\\\/\\\/www.24-7prayer.com\\\/es\\\/la-alabanza-de-zacarias\\\/\",\"url\":\"https:\\\/\\\/www.24-7prayer.com\\\/es\\\/la-alabanza-de-zacarias\\\/\",\"name\":\"La alabanza de Zacar\u00edas\",\"isPartOf\":{\"@id\":\"https:\\\/\\\/www.24-7prayer.com\\\/es\\\/#website\"},\"primaryImageOfPage\":{\"@id\":\"https:\\\/\\\/www.24-7prayer.com\\\/es\\\/la-alabanza-de-zacarias\\\/#primaryimage\"},\"image\":{\"@id\":\"https:\\\/\\\/www.24-7prayer.com\\\/es\\\/la-alabanza-de-zacarias\\\/#primaryimage\"},\"thumbnailUrl\":\"https:\\\/\\\/www.24-7prayer.com\\\/wp-content\\\/uploads\\\/2022\\\/11\\\/365-voces-de-adviento-sin-txt.jpg\",\"datePublished\":\"2022-12-06T05:00:00+00:00\",\"dateModified\":\"2022-12-06T20:29:16+00:00\",\"description\":\"Hoy es martes, 6 de diciembre. A lo largo de este tiempo de Adviento estamos reflexionando sobre las voces de las muchas personas cuyas experiencias se unen para componer la historia de la Navidad.\u00a0\",\"breadcrumb\":{\"@id\":\"https:\\\/\\\/www.24-7prayer.com\\\/es\\\/la-alabanza-de-zacarias\\\/#breadcrumb\"},\"inLanguage\":\"es\",\"potentialAction\":[{\"@type\":\"ReadAction\",\"target\":[\"https:\\\/\\\/www.24-7prayer.com\\\/es\\\/la-alabanza-de-zacarias\\\/\"]}]},{\"@type\":\"ImageObject\",\"inLanguage\":\"es\",\"@id\":\"https:\\\/\\\/www.24-7prayer.com\\\/es\\\/la-alabanza-de-zacarias\\\/#primaryimage\",\"url\":\"https:\\\/\\\/www.24-7prayer.com\\\/wp-content\\\/uploads\\\/2022\\\/11\\\/365-voces-de-adviento-sin-txt.jpg\",\"contentUrl\":\"https:\\\/\\\/www.24-7prayer.com\\\/wp-content\\\/uploads\\\/2022\\\/11\\\/365-voces-de-adviento-sin-txt.jpg\",\"width\":1080,\"height\":1080},{\"@type\":\"BreadcrumbList\",\"@id\":\"https:\\\/\\\/www.24-7prayer.com\\\/es\\\/la-alabanza-de-zacarias\\\/#breadcrumb\",\"itemListElement\":[{\"@type\":\"ListItem\",\"position\":1,\"name\":\"Home\",\"item\":\"https:\\\/\\\/www.24-7prayer.com\\\/es\\\/\"},{\"@type\":\"ListItem\",\"position\":2,\"name\":\"La alabanza de Zacar\u00edas\"}]},{\"@type\":\"WebSite\",\"@id\":\"https:\\\/\\\/www.24-7prayer.com\\\/es\\\/#website\",\"url\":\"https:\\\/\\\/www.24-7prayer.com\\\/es\\\/\",\"name\":\"24-7 Prayer International\",\"description\":\"Prayer Mission Justice\",\"publisher\":{\"@id\":\"https:\\\/\\\/www.24-7prayer.com\\\/es\\\/#organization\"},\"potentialAction\":[{\"@type\":\"SearchAction\",\"target\":{\"@type\":\"EntryPoint\",\"urlTemplate\":\"https:\\\/\\\/www.24-7prayer.com\\\/es\\\/?s={search_term_string}\"},\"query-input\":{\"@type\":\"PropertyValueSpecification\",\"valueRequired\":true,\"valueName\":\"search_term_string\"}}],\"inLanguage\":\"es\"},{\"@type\":\"Organization\",\"@id\":\"https:\\\/\\\/www.24-7prayer.com\\\/es\\\/#organization\",\"name\":\"24-7 Prayer\",\"url\":\"https:\\\/\\\/www.24-7prayer.com\\\/es\\\/\",\"logo\":{\"@type\":\"ImageObject\",\"inLanguage\":\"es\",\"@id\":\"https:\\\/\\\/www.24-7prayer.com\\\/es\\\/#\\\/schema\\\/logo\\\/image\\\/\",\"url\":\"https:\\\/\\\/www.24-7prayer.com\\\/wp-content\\\/uploads\\\/2022\\\/06\\\/logo.png\",\"contentUrl\":\"https:\\\/\\\/www.24-7prayer.com\\\/wp-content\\\/uploads\\\/2022\\\/06\\\/logo.png\",\"width\":302,\"height\":49,\"caption\":\"24-7 Prayer\"},\"image\":{\"@id\":\"https:\\\/\\\/www.24-7prayer.com\\\/es\\\/#\\\/schema\\\/logo\\\/image\\\/\"}},{\"@type\":\"Person\",\"@id\":\"https:\\\/\\\/www.24-7prayer.com\\\/es\\\/#\\\/schema\\\/person\\\/cea924691d05af4dfa35da709e7ede7d\",\"name\":\"aitor@oracion24-7.com\",\"image\":{\"@type\":\"ImageObject\",\"inLanguage\":\"es\",\"@id\":\"https:\\\/\\\/secure.gravatar.com\\\/avatar\\\/e67a3b0c8e0d52ee179e9f94d3d54543d229c4da1d7def06a61faccb28313f0a?s=96&d=mm&r=g\",\"url\":\"https:\\\/\\\/secure.gravatar.com\\\/avatar\\\/e67a3b0c8e0d52ee179e9f94d3d54543d229c4da1d7def06a61faccb28313f0a?s=96&d=mm&r=g\",\"contentUrl\":\"https:\\\/\\\/secure.gravatar.com\\\/avatar\\\/e67a3b0c8e0d52ee179e9f94d3d54543d229c4da1d7def06a61faccb28313f0a?s=96&d=mm&r=g\",\"caption\":\"aitor@oracion24-7.com\"},\"url\":\"https:\\\/\\\/www.24-7prayer.com\\\/es\\\/author\\\/aitororacion24-7-com\\\/\"}]}<\/script>\n<!-- \/ Yoast SEO plugin. -->","yoast_head_json":{"title":"La alabanza de Zacar\u00edas","description":"Hoy es martes, 6 de diciembre. A lo largo de este tiempo de Adviento estamos reflexionando sobre las voces de las muchas personas cuyas experiencias se unen para componer la historia de la Navidad.\u00a0","robots":{"index":"index","follow":"follow","max-snippet":"max-snippet:-1","max-image-preview":"max-image-preview:large","max-video-preview":"max-video-preview:-1"},"canonical":"https:\/\/www.24-7prayer.com\/es\/la-alabanza-de-zacarias\/","og_locale":"es_ES","og_type":"article","og_title":"La alabanza de Zacar\u00edas","og_description":"Hoy es martes, 6 de diciembre. A lo largo de este tiempo de Adviento estamos reflexionando sobre las voces de las muchas personas cuyas experiencias se unen para componer la historia de la Navidad.\u00a0","og_url":"https:\/\/www.24-7prayer.com\/es\/la-alabanza-de-zacarias\/","og_site_name":"24-7 Prayer International","article_published_time":"2022-12-06T05:00:00+00:00","article_modified_time":"2022-12-06T20:29:16+00:00","og_image":[{"width":1080,"height":1080,"url":"https:\/\/www.24-7prayer.com\/wp-content\/uploads\/2022\/11\/365-voces-de-adviento-sin-txt.jpg","type":"image\/jpeg"}],"author":"aitor@oracion24-7.com","twitter_card":"summary_large_image","schema":{"@context":"https:\/\/schema.org","@graph":[{"@type":"Article","@id":"https:\/\/www.24-7prayer.com\/es\/la-alabanza-de-zacarias\/#article","isPartOf":{"@id":"https:\/\/www.24-7prayer.com\/es\/la-alabanza-de-zacarias\/"},"author":{"name":"aitor@oracion24-7.com","@id":"https:\/\/www.24-7prayer.com\/es\/#\/schema\/person\/cea924691d05af4dfa35da709e7ede7d"},"headline":"La alabanza de Zacar\u00edas","datePublished":"2022-12-06T05:00:00+00:00","dateModified":"2022-12-06T20:29:16+00:00","mainEntityOfPage":{"@id":"https:\/\/www.24-7prayer.com\/es\/la-alabanza-de-zacarias\/"},"wordCount":1145,"publisher":{"@id":"https:\/\/www.24-7prayer.com\/es\/#organization"},"image":{"@id":"https:\/\/www.24-7prayer.com\/es\/la-alabanza-de-zacarias\/#primaryimage"},"thumbnailUrl":"https:\/\/www.24-7prayer.com\/wp-content\/uploads\/2022\/11\/365-voces-de-adviento-sin-txt.jpg","articleSection":["Blogs"],"inLanguage":"es"},{"@type":"WebPage","@id":"https:\/\/www.24-7prayer.com\/es\/la-alabanza-de-zacarias\/","url":"https:\/\/www.24-7prayer.com\/es\/la-alabanza-de-zacarias\/","name":"La alabanza de Zacar\u00edas","isPartOf":{"@id":"https:\/\/www.24-7prayer.com\/es\/#website"},"primaryImageOfPage":{"@id":"https:\/\/www.24-7prayer.com\/es\/la-alabanza-de-zacarias\/#primaryimage"},"image":{"@id":"https:\/\/www.24-7prayer.com\/es\/la-alabanza-de-zacarias\/#primaryimage"},"thumbnailUrl":"https:\/\/www.24-7prayer.com\/wp-content\/uploads\/2022\/11\/365-voces-de-adviento-sin-txt.jpg","datePublished":"2022-12-06T05:00:00+00:00","dateModified":"2022-12-06T20:29:16+00:00","description":"Hoy es martes, 6 de diciembre. A lo largo de este tiempo de Adviento estamos reflexionando sobre las voces de las muchas personas cuyas experiencias se unen para componer la historia de la Navidad.\u00a0","breadcrumb":{"@id":"https:\/\/www.24-7prayer.com\/es\/la-alabanza-de-zacarias\/#breadcrumb"},"inLanguage":"es","potentialAction":[{"@type":"ReadAction","target":["https:\/\/www.24-7prayer.com\/es\/la-alabanza-de-zacarias\/"]}]},{"@type":"ImageObject","inLanguage":"es","@id":"https:\/\/www.24-7prayer.com\/es\/la-alabanza-de-zacarias\/#primaryimage","url":"https:\/\/www.24-7prayer.com\/wp-content\/uploads\/2022\/11\/365-voces-de-adviento-sin-txt.jpg","contentUrl":"https:\/\/www.24-7prayer.com\/wp-content\/uploads\/2022\/11\/365-voces-de-adviento-sin-txt.jpg","width":1080,"height":1080},{"@type":"BreadcrumbList","@id":"https:\/\/www.24-7prayer.com\/es\/la-alabanza-de-zacarias\/#breadcrumb","itemListElement":[{"@type":"ListItem","position":1,"name":"Home","item":"https:\/\/www.24-7prayer.com\/es\/"},{"@type":"ListItem","position":2,"name":"La alabanza de Zacar\u00edas"}]},{"@type":"WebSite","@id":"https:\/\/www.24-7prayer.com\/es\/#website","url":"https:\/\/www.24-7prayer.com\/es\/","name":"24-7 Prayer International","description":"Prayer Mission Justice","publisher":{"@id":"https:\/\/www.24-7prayer.com\/es\/#organization"},"potentialAction":[{"@type":"SearchAction","target":{"@type":"EntryPoint","urlTemplate":"https:\/\/www.24-7prayer.com\/es\/?s={search_term_string}"},"query-input":{"@type":"PropertyValueSpecification","valueRequired":true,"valueName":"search_term_string"}}],"inLanguage":"es"},{"@type":"Organization","@id":"https:\/\/www.24-7prayer.com\/es\/#organization","name":"24-7 Prayer","url":"https:\/\/www.24-7prayer.com\/es\/","logo":{"@type":"ImageObject","inLanguage":"es","@id":"https:\/\/www.24-7prayer.com\/es\/#\/schema\/logo\/image\/","url":"https:\/\/www.24-7prayer.com\/wp-content\/uploads\/2022\/06\/logo.png","contentUrl":"https:\/\/www.24-7prayer.com\/wp-content\/uploads\/2022\/06\/logo.png","width":302,"height":49,"caption":"24-7 Prayer"},"image":{"@id":"https:\/\/www.24-7prayer.com\/es\/#\/schema\/logo\/image\/"}},{"@type":"Person","@id":"https:\/\/www.24-7prayer.com\/es\/#\/schema\/person\/cea924691d05af4dfa35da709e7ede7d","name":"aitor@oracion24-7.com","image":{"@type":"ImageObject","inLanguage":"es","@id":"https:\/\/secure.gravatar.com\/avatar\/e67a3b0c8e0d52ee179e9f94d3d54543d229c4da1d7def06a61faccb28313f0a?s=96&d=mm&r=g","url":"https:\/\/secure.gravatar.com\/avatar\/e67a3b0c8e0d52ee179e9f94d3d54543d229c4da1d7def06a61faccb28313f0a?s=96&d=mm&r=g","contentUrl":"https:\/\/secure.gravatar.com\/avatar\/e67a3b0c8e0d52ee179e9f94d3d54543d229c4da1d7def06a61faccb28313f0a?s=96&d=mm&r=g","caption":"aitor@oracion24-7.com"},"url":"https:\/\/www.24-7prayer.com\/es\/author\/aitororacion24-7-com\/"}]}},"_links":{"self":[{"href":"https:\/\/www.24-7prayer.com\/es\/wp-json\/wp\/v2\/posts\/35813","targetHints":{"allow":["GET"]}}],"collection":[{"href":"https:\/\/www.24-7prayer.com\/es\/wp-json\/wp\/v2\/posts"}],"about":[{"href":"https:\/\/www.24-7prayer.com\/es\/wp-json\/wp\/v2\/types\/post"}],"author":[{"embeddable":true,"href":"https:\/\/www.24-7prayer.com\/es\/wp-json\/wp\/v2\/users\/216"}],"replies":[{"embeddable":true,"href":"https:\/\/www.24-7prayer.com\/es\/wp-json\/wp\/v2\/comments?post=35813"}],"version-history":[{"count":5,"href":"https:\/\/www.24-7prayer.com\/es\/wp-json\/wp\/v2\/posts\/35813\/revisions"}],"predecessor-version":[{"id":35937,"href":"https:\/\/www.24-7prayer.com\/es\/wp-json\/wp\/v2\/posts\/35813\/revisions\/35937"}],"wp:featuredmedia":[{"embeddable":true,"href":"https:\/\/www.24-7prayer.com\/es\/wp-json\/wp\/v2\/media\/35192"}],"wp:attachment":[{"href":"https:\/\/www.24-7prayer.com\/es\/wp-json\/wp\/v2\/media?parent=35813"}],"wp:term":[{"taxonomy":"category","embeddable":true,"href":"https:\/\/www.24-7prayer.com\/es\/wp-json\/wp\/v2\/categories?post=35813"},{"taxonomy":"post_tag","embeddable":true,"href":"https:\/\/www.24-7prayer.com\/es\/wp-json\/wp\/v2\/tags?post=35813"},{"taxonomy":"author_slug","embeddable":true,"href":"https:\/\/www.24-7prayer.com\/es\/wp-json\/wp\/v2\/author_slug?post=35813"},{"taxonomy":"blog_series","embeddable":true,"href":"https:\/\/www.24-7prayer.com\/es\/wp-json\/wp\/v2\/blog_series?post=35813"},{"taxonomy":"topic","embeddable":true,"href":"https:\/\/www.24-7prayer.com\/es\/wp-json\/wp\/v2\/topic?post=35813"}],"curies":[{"name":"wp","href":"https:\/\/api.w.org\/{rel}","templated":true}]}}