{"id":35598,"date":"2022-12-05T05:00:00","date_gmt":"2022-12-05T05:00:00","guid":{"rendered":"https:\/\/www.24-7prayer.com\/?p=35598"},"modified":"2022-12-05T13:12:57","modified_gmt":"2022-12-05T13:12:57","slug":"zacarias-recupera-la-voz","status":"publish","type":"post","link":"https:\/\/www.24-7prayer.com\/es\/zacarias-recupera-la-voz\/","title":{"rendered":"Zacar\u00edas recupera la voz"},"content":{"rendered":"\n<div class=\"wp-block-buttons is-content-justification-center is-layout-flex wp-container-core-buttons-is-layout-a89b3969 wp-block-buttons-is-layout-flex\"><\/div>\n\n\n\n<iframe loading=\"lazy\" src=\"https:\/\/anchor.fm\/oracion247\/embed\/episodes\/Zacaras-recupera-la-voz-I-Voces-de-Adviento-I-Lectio-365-e1rllfq\" height=\"102px\" width=\"100%\" frameborder=\"0\" scrolling=\"no\"><\/iframe>\n\n\n\n<p>Hoy es lunes, 5 de diciembre. A lo largo de esta \u00e9poca de Adviento estamos reflexionando sobre las voces de las muchas personas cuyas experiencias se unen para componer la historia de la Navidad. Esta semana reflexionamos sobre las palabras de algunos de los hombres cuyas vidas se vieron envueltas en el nacimiento del Mes\u00edas.<\/p>\n\n\n\n<h3 class=\"wp-block-heading\" id=\"haz-una-pausa\">Haz una pausa<\/h3>\n\n\n\n<p><strong><em><strong><em><strong><em><strong><em><strong><em>Ahora, al iniciar mi tiempo de oraci\u00f3n, hago una pausa para estar quieto; para respirar lentamente, para re-centrar mis sentidos, que se encuentran dispersos, delante de la presencia de Dios.<\/em><\/strong><\/em><\/strong><\/em><\/strong><\/em><\/strong><\/em><\/strong><\/p>\n\n\n\n<hr class=\"wp-block-separator has-css-opacity is-style-dots\"\/>\n\n\n\n<h5 class=\"has-text-align-center wp-block-heading\" id=\"haz-una-pausa-y-ora\"><em>Haz una pausa y ora<\/em><\/h5>\n\n\n\n<hr class=\"wp-block-separator has-css-opacity is-style-dots\"\/>\n\n\n\n<h3 class=\"wp-block-heading\" id=\"haz-una-pausa\">Oraci\u00f3n de Enfoque<\/h3>\n\n\n\n<p><em>Se\u00f1or, en esta \u00e9poca de tanto ajetreo, por favor, ay\u00fadame a estar quieto. Abro mis o\u00eddos ahora para escuchar cosas incre\u00edbles sobre ti, preparando mi coraz\u00f3n calladamente para el milagro de tu venida en Navidad.<\/em><\/p>\n\n\n\n<div style=\"height:59px\" aria-hidden=\"true\" class=\"wp-block-spacer\"><\/div>\n\n\n\n<h3 class=\"wp-block-heading\" id=\"regocijarse-y-reflexionar\">Regocijarse y Reflexionar<\/h3>\n\n\n\n<p>Hoy escojo regocijarme en el cuidado de Dios hacia mi vida, uni\u00e9ndome a la alabanza ancestral de todo el pueblo de Dios en palabras del Salmo 31\u2026<\/p>\n\n\n\n<blockquote class=\"wp-block-quote is-layout-flow wp-block-quote-is-layout-flow\">\n<p>Me gozar\u00e9 y me alegrar\u00e9 en tu amor inagotable,<br> &nbsp;&nbsp;&nbsp;&nbsp;porque has visto mis dificultades<br> &nbsp;&nbsp;&nbsp;&nbsp;y te preocupas por la angustia de mi alma. <br>No me entregaste a mis enemigos,<br> &nbsp;&nbsp;&nbsp;&nbsp;sino que me pusiste en un lugar seguro.<\/p>\n<cite><strong>Salmo 31:7-8 (NTV)<\/strong><\/cite><\/blockquote>\n\n\n\n<hr class=\"wp-block-separator has-css-opacity is-style-dots\"\/>\n\n\n\n<h5 class=\"has-text-align-center wp-block-heading\" id=\"haz-una-pausa-y-ora\"><em>Haz una pausa y ora<\/em><\/h5>\n\n\n\n<hr class=\"wp-block-separator has-css-opacity is-style-dots\"\/>\n\n\n\n<p>Hoy reflexiono sobre un hombre que hab\u00eda perdido la voz. Zacar\u00edas era un sacerdote. A pesar de que \u00e9l y su mujer eran ya muy ancianos, un \u00e1ngel le hab\u00eda dicho que tendr\u00edan un hijo que se llamar\u00eda Juan. Pero como Zacar\u00edas dudaba de sus palabras, el \u00e1ngel hab\u00eda dejado a Zacar\u00edas sin poder hablar\u2026&nbsp;<\/p>\n\n\n\n<blockquote class=\"wp-block-quote is-layout-flow wp-block-quote-is-layout-flow\">\n<p>A los ocho d\u00edas llevaron a circuncidar al ni\u00f1o. Como quer\u00edan ponerle el nombre de su padre, Zacar\u00edas,&nbsp;su madre se opuso. <br>\u2015\u00a1No! \u2014dijo ella\u2014. Tiene que llamarse Juan. \u2015Pero si nadie en tu familia tiene ese nombre \u2014le dijeron. <br>Entonces le hicieron se\u00f1as a su padre, para saber qu\u00e9 nombre quer\u00eda ponerle al ni\u00f1o.&nbsp;\u00c9l pidi\u00f3 una tablilla, en la que escribi\u00f3: \u00abSu nombre es Juan\u00bb. Y todos quedaron asombrados.&nbsp;Al instante se le desat\u00f3 la lengua, recuper\u00f3 el habla y comenz\u00f3 a alabar a Dios.<\/p>\n<cite><strong><strong><strong>Lucas 1:59-64 (NVICST)<\/strong><\/strong><\/strong><\/cite><\/blockquote>\n\n\n\n<p>La incredulidad de Zacar\u00edas le hab\u00eda hecho perder la voz. \u00bfQu\u00e9 me impide hablar de Dios? Como Zacar\u00edas, \u00bftengo dudas sobre el poder o la promesa de Dios? \u00bfO preguntas a las que no encuentro respuesta? Tal vez me preocupa c\u00f3mo responder\u00e1 la gente si me atrevo a compartir mi fe.<\/p>\n\n\n\n<hr class=\"wp-block-separator has-css-opacity is-style-dots\"\/>\n\n\n\n<h5 class=\"has-text-align-center wp-block-heading\" id=\"haz-una-pausa-y-ora\"><em>Haz una pausa y ora<\/em><\/h5>\n\n\n\n<hr class=\"wp-block-separator has-css-opacity is-style-dots\"\/>\n\n\n\n<div style=\"height:59px\" aria-hidden=\"true\" class=\"wp-block-spacer\"><\/div>\n\n\n\n<h3 class=\"wp-block-heading\" id=\"apelar-pedir\"><strong>Apelar \/ Pedir<\/strong><\/h3>\n\n\n\n<p><em><em>Se\u00f1or Jes\u00fas, te traigo ahora mis dudas e inseguridades. Gu\u00edame hacia una confianza m\u00e1s profunda en ti. Que pueda ver el cumplimiento de tus promesas como lo hizo Zacar\u00edas.&nbsp;<\/em><\/em><\/p>\n\n\n\n<hr class=\"wp-block-separator has-css-opacity is-style-dots\"\/>\n\n\n\n<h5 class=\"has-text-align-center wp-block-heading\" id=\"haz-una-pausa-y-ora\"><em>Haz una pausa y ora<\/em><\/h5>\n\n\n\n<hr class=\"wp-block-separator has-css-opacity is-style-dots\"\/>\n\n\n\n<p>Zacar\u00edas era un hombre mayor, y aunque ten\u00eda familia y comunidad, me llama la atenci\u00f3n el hecho de que la soledad y el aislamiento pueden ser un problema creciente para muchas personas mayores hoy en d\u00eda. Muchos se sienten sin voz e ignorados.<br><br>Se\u00f1or, te pido por las personas mayores de mi comunidad. Que tu iglesia sea un lugar de amistad y apoyo entre generaciones, donde la voz de los ancianos sea atesorada.<\/p>\n\n\n\n<hr class=\"wp-block-separator has-css-opacity is-style-dots\"\/>\n\n\n\n<h5 class=\"has-text-align-center wp-block-heading\" id=\"haz-una-pausa-y-ora\"><em>Haz una pausa y ora<\/em><\/h5>\n\n\n\n<hr class=\"wp-block-separator has-css-opacity is-style-dots\"\/>\n\n\n\n<h3 class=\"wp-block-heading\" id=\"apelar-pedir\"><strong>Rendirse<\/strong><\/h3>\n\n\n\n<p>Al volver al pasaje<em>, abro mis o\u00eddos para escuchar tu Palabra, y mi coraz\u00f3n para rendirme a tu voluntad una vez m\u00e1s.<\/em><\/p>\n\n\n\n<blockquote class=\"wp-block-quote is-layout-flow wp-block-quote-is-layout-flow\">\n<p>A los ocho d\u00edas llevaron a circuncidar al ni\u00f1o. Como quer\u00edan ponerle el nombre de su padre, Zacar\u00edas,&nbsp;su madre se opuso. <br>\u2015\u00a1No! \u2014dijo ella\u2014. Tiene que llamarse Juan. \u2015Pero si nadie en tu familia tiene ese nombre \u2014le dijeron. <br>Entonces le hicieron se\u00f1as a su padre, para saber qu\u00e9 nombre quer\u00eda ponerle al ni\u00f1o.&nbsp;\u00c9l pidi\u00f3 una tablilla, en la que escribi\u00f3: \u00abSu nombre es Juan\u00bb. Y todos quedaron asombrados.&nbsp;Al instante se le desat\u00f3 la lengua, recuper\u00f3 el habla y comenz\u00f3 a alabar a Dios.<\/p>\n<cite><strong><strong><strong>Lucas 1:59-64 (NVICST)<\/strong><\/strong><\/strong><\/cite><\/blockquote>\n\n\n\n<p>Cuando naci\u00f3 Juan, la tradici\u00f3n exig\u00eda que el beb\u00e9 llevara el nombre de un miembro de la familia. Sin embargo, s\u00f3lo cuando Zacar\u00edas se atreve a desafiar las expectativas de los dem\u00e1s para obedecer a Dios, vuelve su voz. \u00bfHay algo que Dios me pide que haga y que he estado evitando porque puede ir en contra de las expectativas de quienes me rodean?<\/p>\n\n\n\n<hr class=\"wp-block-separator has-css-opacity is-style-dots\"\/>\n\n\n\n<h5 class=\"has-text-align-center wp-block-heading\" id=\"haz-una-pausa-y-ora\"><em>Haz una pausa y ora<\/em><\/h5>\n\n\n\n<hr class=\"wp-block-separator has-css-opacity is-style-dots\"\/>\n\n\n\n<h3 class=\"wp-block-heading\" id=\"apelar-pedir\"><strong><strong>Oraci\u00f3n de rendici\u00f3n<\/strong><\/strong><\/h3>\n\n\n\n<p><em><em><em>Se\u00f1or, en lugar de preocuparme por lo que los dem\u00e1s pensar\u00e1n de m\u00ed, hoy elijo obedecerte. Dame valor para levantar mi voz y arriesgarme por ti.<\/em><\/em><\/em><\/p>\n\n\n\n<div style=\"height:59px\" aria-hidden=\"true\" class=\"wp-block-spacer\"><\/div>\n\n\n\n<h3 class=\"wp-block-heading\" id=\"apelar-pedir\"><strong><strong><strong>Promesa de rendici\u00f3n<\/strong><\/strong><\/strong><\/h3>\n\n\n\n<p>Y ahora, mientras me preparo para llevar este tiempo de oraci\u00f3n al d\u00eda que tengo por delante, el Se\u00f1or, que me ama dice en Josu\u00e9:&nbsp;<\/p>\n\n\n\n<blockquote class=\"wp-block-quote is-layout-flow wp-block-quote-is-layout-flow\">\n<p>\u00a1S\u00e9 fuerte y valiente! \u00a1No tengas miedo ni te desanimes! Porque el&nbsp;Se\u00f1or&nbsp;tu Dios te acompa\u00f1ar\u00e1 dondequiera que vayas.<\/p>\n<cite><strong><strong><strong>Josu\u00e9 1:9b (NVICST)<\/strong><\/strong><\/strong><\/cite><\/blockquote>\n\n\n\n<h3 class=\"wp-block-heading\" id=\"apelar-pedir\"><strong><strong><strong><strong><em>Oraci\u00f3n para terminar<\/em><\/strong><\/strong><\/strong><\/strong><\/h3>\n\n\n\n<p><strong><em>Padre, ay\u00fadame a vivir este d\u00eda al m\u00e1ximo,<\/em><\/strong><br><strong><em>siendo aut\u00e9ntico contigo en todo.<\/em><\/strong><br><strong><em>Jes\u00fas, ay\u00fadame a darme a los dem\u00e1s,&nbsp;<\/em><\/strong><br><strong><em>siendo amable con toda la gente con la que me encuentre.<\/em><\/strong><br><strong><em>Esp\u00edritu, ay\u00fadame a amar a la gente que se encuentra perdida,<\/em><\/strong><br><strong><em>proclamando a Cristo en todo lo que digo y hago.<\/em><\/strong><br><strong><em>Am\u00e9n.<\/em><\/strong><\/p>\n\n\n\n<p class=\"has-small-font-size\"><\/p>\n\n\n\n<p><\/p>\n","protected":false},"excerpt":{"rendered":"<p>Hoy es lunes, 5 de diciembre. A lo largo de esta \u00e9poca de Adviento estamos reflexionando sobre las voces de las muchas personas cuyas experiencias se unen para componer la historia de la Navidad. Esta semana reflexionamos sobre las palabras de algunos de los hombres cuyas vidas se vieron envueltas en el nacimiento del Mes\u00edas. [&hellip;]<\/p>\n","protected":false},"author":216,"featured_media":35192,"comment_status":"closed","ping_status":"open","sticky":false,"template":"","format":"standard","meta":{"_acf_changed":false,"inline_featured_image":false,"footnotes":""},"categories":[206],"tags":[],"author_slug":[370],"blog_series":[518],"topic":[353],"class_list":["post-35598","post","type-post","status-publish","format-standard","has-post-thumbnail","hentry","category-blog-es","author_slug-oracion-24-7","blog_series-voces-de-adviento","topic-orar"],"acf":[],"yoast_head":"<!-- This site is optimized with the Yoast SEO plugin v27.4 - https:\/\/yoast.com\/product\/yoast-seo-wordpress\/ -->\n<title>Zacar\u00edas recupera la voz<\/title>\n<meta name=\"description\" content=\"Hoy es viernes, 2 de diciembre, y esta semana nos estamos preparando para celebrar el nacimiento de Jes\u00fas, escuchando las voces de los profetas seg\u00fan describen la venida del Mes\u00edas.\u00a0\" \/>\n<meta name=\"robots\" content=\"index, follow, max-snippet:-1, max-image-preview:large, max-video-preview:-1\" \/>\n<link rel=\"canonical\" href=\"https:\/\/www.24-7prayer.com\/es\/zacarias-recupera-la-voz\/\" \/>\n<meta property=\"og:locale\" content=\"es_ES\" \/>\n<meta property=\"og:type\" content=\"article\" \/>\n<meta property=\"og:title\" content=\"Zacar\u00edas recupera la voz\" \/>\n<meta property=\"og:description\" content=\"Hoy es viernes, 2 de diciembre, y esta semana nos estamos preparando para celebrar el nacimiento de Jes\u00fas, escuchando las voces de los profetas seg\u00fan describen la venida del Mes\u00edas.\u00a0\" \/>\n<meta property=\"og:url\" content=\"https:\/\/www.24-7prayer.com\/es\/zacarias-recupera-la-voz\/\" \/>\n<meta property=\"og:site_name\" content=\"24-7 Prayer International\" \/>\n<meta property=\"article:published_time\" content=\"2022-12-05T05:00:00+00:00\" \/>\n<meta property=\"article:modified_time\" content=\"2022-12-05T13:12:57+00:00\" \/>\n<meta property=\"og:image\" content=\"https:\/\/www.24-7prayer.com\/wp-content\/uploads\/2022\/11\/365-voces-de-adviento-sin-txt.jpg\" \/>\n\t<meta property=\"og:image:width\" content=\"1080\" \/>\n\t<meta property=\"og:image:height\" content=\"1080\" \/>\n\t<meta property=\"og:image:type\" content=\"image\/jpeg\" \/>\n<meta name=\"author\" content=\"aitor@oracion24-7.com\" \/>\n<meta name=\"twitter:card\" content=\"summary_large_image\" \/>\n<script type=\"application\/ld+json\" class=\"yoast-schema-graph\">{\"@context\":\"https:\\\/\\\/schema.org\",\"@graph\":[{\"@type\":\"Article\",\"@id\":\"https:\\\/\\\/www.24-7prayer.com\\\/es\\\/zacarias-recupera-la-voz\\\/#article\",\"isPartOf\":{\"@id\":\"https:\\\/\\\/www.24-7prayer.com\\\/es\\\/zacarias-recupera-la-voz\\\/\"},\"author\":{\"name\":\"aitor@oracion24-7.com\",\"@id\":\"https:\\\/\\\/www.24-7prayer.com\\\/es\\\/#\\\/schema\\\/person\\\/cea924691d05af4dfa35da709e7ede7d\"},\"headline\":\"Zacar\u00edas recupera la voz\",\"datePublished\":\"2022-12-05T05:00:00+00:00\",\"dateModified\":\"2022-12-05T13:12:57+00:00\",\"mainEntityOfPage\":{\"@id\":\"https:\\\/\\\/www.24-7prayer.com\\\/es\\\/zacarias-recupera-la-voz\\\/\"},\"wordCount\":941,\"publisher\":{\"@id\":\"https:\\\/\\\/www.24-7prayer.com\\\/es\\\/#organization\"},\"image\":{\"@id\":\"https:\\\/\\\/www.24-7prayer.com\\\/es\\\/zacarias-recupera-la-voz\\\/#primaryimage\"},\"thumbnailUrl\":\"https:\\\/\\\/www.24-7prayer.com\\\/wp-content\\\/uploads\\\/2022\\\/11\\\/365-voces-de-adviento-sin-txt.jpg\",\"articleSection\":[\"Blogs\"],\"inLanguage\":\"es\"},{\"@type\":\"WebPage\",\"@id\":\"https:\\\/\\\/www.24-7prayer.com\\\/es\\\/zacarias-recupera-la-voz\\\/\",\"url\":\"https:\\\/\\\/www.24-7prayer.com\\\/es\\\/zacarias-recupera-la-voz\\\/\",\"name\":\"Zacar\u00edas recupera la voz\",\"isPartOf\":{\"@id\":\"https:\\\/\\\/www.24-7prayer.com\\\/es\\\/#website\"},\"primaryImageOfPage\":{\"@id\":\"https:\\\/\\\/www.24-7prayer.com\\\/es\\\/zacarias-recupera-la-voz\\\/#primaryimage\"},\"image\":{\"@id\":\"https:\\\/\\\/www.24-7prayer.com\\\/es\\\/zacarias-recupera-la-voz\\\/#primaryimage\"},\"thumbnailUrl\":\"https:\\\/\\\/www.24-7prayer.com\\\/wp-content\\\/uploads\\\/2022\\\/11\\\/365-voces-de-adviento-sin-txt.jpg\",\"datePublished\":\"2022-12-05T05:00:00+00:00\",\"dateModified\":\"2022-12-05T13:12:57+00:00\",\"description\":\"Hoy es viernes, 2 de diciembre, y esta semana nos estamos preparando para celebrar el nacimiento de Jes\u00fas, escuchando las voces de los profetas seg\u00fan describen la venida del Mes\u00edas.\u00a0\",\"breadcrumb\":{\"@id\":\"https:\\\/\\\/www.24-7prayer.com\\\/es\\\/zacarias-recupera-la-voz\\\/#breadcrumb\"},\"inLanguage\":\"es\",\"potentialAction\":[{\"@type\":\"ReadAction\",\"target\":[\"https:\\\/\\\/www.24-7prayer.com\\\/es\\\/zacarias-recupera-la-voz\\\/\"]}]},{\"@type\":\"ImageObject\",\"inLanguage\":\"es\",\"@id\":\"https:\\\/\\\/www.24-7prayer.com\\\/es\\\/zacarias-recupera-la-voz\\\/#primaryimage\",\"url\":\"https:\\\/\\\/www.24-7prayer.com\\\/wp-content\\\/uploads\\\/2022\\\/11\\\/365-voces-de-adviento-sin-txt.jpg\",\"contentUrl\":\"https:\\\/\\\/www.24-7prayer.com\\\/wp-content\\\/uploads\\\/2022\\\/11\\\/365-voces-de-adviento-sin-txt.jpg\",\"width\":1080,\"height\":1080},{\"@type\":\"BreadcrumbList\",\"@id\":\"https:\\\/\\\/www.24-7prayer.com\\\/es\\\/zacarias-recupera-la-voz\\\/#breadcrumb\",\"itemListElement\":[{\"@type\":\"ListItem\",\"position\":1,\"name\":\"Home\",\"item\":\"https:\\\/\\\/www.24-7prayer.com\\\/es\\\/\"},{\"@type\":\"ListItem\",\"position\":2,\"name\":\"Zacar\u00edas recupera la voz\"}]},{\"@type\":\"WebSite\",\"@id\":\"https:\\\/\\\/www.24-7prayer.com\\\/es\\\/#website\",\"url\":\"https:\\\/\\\/www.24-7prayer.com\\\/es\\\/\",\"name\":\"24-7 Prayer International\",\"description\":\"Prayer Mission Justice\",\"publisher\":{\"@id\":\"https:\\\/\\\/www.24-7prayer.com\\\/es\\\/#organization\"},\"potentialAction\":[{\"@type\":\"SearchAction\",\"target\":{\"@type\":\"EntryPoint\",\"urlTemplate\":\"https:\\\/\\\/www.24-7prayer.com\\\/es\\\/?s={search_term_string}\"},\"query-input\":{\"@type\":\"PropertyValueSpecification\",\"valueRequired\":true,\"valueName\":\"search_term_string\"}}],\"inLanguage\":\"es\"},{\"@type\":\"Organization\",\"@id\":\"https:\\\/\\\/www.24-7prayer.com\\\/es\\\/#organization\",\"name\":\"24-7 Prayer\",\"url\":\"https:\\\/\\\/www.24-7prayer.com\\\/es\\\/\",\"logo\":{\"@type\":\"ImageObject\",\"inLanguage\":\"es\",\"@id\":\"https:\\\/\\\/www.24-7prayer.com\\\/es\\\/#\\\/schema\\\/logo\\\/image\\\/\",\"url\":\"https:\\\/\\\/www.24-7prayer.com\\\/wp-content\\\/uploads\\\/2022\\\/06\\\/logo.png\",\"contentUrl\":\"https:\\\/\\\/www.24-7prayer.com\\\/wp-content\\\/uploads\\\/2022\\\/06\\\/logo.png\",\"width\":302,\"height\":49,\"caption\":\"24-7 Prayer\"},\"image\":{\"@id\":\"https:\\\/\\\/www.24-7prayer.com\\\/es\\\/#\\\/schema\\\/logo\\\/image\\\/\"}},{\"@type\":\"Person\",\"@id\":\"https:\\\/\\\/www.24-7prayer.com\\\/es\\\/#\\\/schema\\\/person\\\/cea924691d05af4dfa35da709e7ede7d\",\"name\":\"aitor@oracion24-7.com\",\"image\":{\"@type\":\"ImageObject\",\"inLanguage\":\"es\",\"@id\":\"https:\\\/\\\/secure.gravatar.com\\\/avatar\\\/e67a3b0c8e0d52ee179e9f94d3d54543d229c4da1d7def06a61faccb28313f0a?s=96&d=mm&r=g\",\"url\":\"https:\\\/\\\/secure.gravatar.com\\\/avatar\\\/e67a3b0c8e0d52ee179e9f94d3d54543d229c4da1d7def06a61faccb28313f0a?s=96&d=mm&r=g\",\"contentUrl\":\"https:\\\/\\\/secure.gravatar.com\\\/avatar\\\/e67a3b0c8e0d52ee179e9f94d3d54543d229c4da1d7def06a61faccb28313f0a?s=96&d=mm&r=g\",\"caption\":\"aitor@oracion24-7.com\"},\"url\":\"https:\\\/\\\/www.24-7prayer.com\\\/es\\\/author\\\/aitororacion24-7-com\\\/\"}]}<\/script>\n<!-- \/ Yoast SEO plugin. -->","yoast_head_json":{"title":"Zacar\u00edas recupera la voz","description":"Hoy es viernes, 2 de diciembre, y esta semana nos estamos preparando para celebrar el nacimiento de Jes\u00fas, escuchando las voces de los profetas seg\u00fan describen la venida del Mes\u00edas.\u00a0","robots":{"index":"index","follow":"follow","max-snippet":"max-snippet:-1","max-image-preview":"max-image-preview:large","max-video-preview":"max-video-preview:-1"},"canonical":"https:\/\/www.24-7prayer.com\/es\/zacarias-recupera-la-voz\/","og_locale":"es_ES","og_type":"article","og_title":"Zacar\u00edas recupera la voz","og_description":"Hoy es viernes, 2 de diciembre, y esta semana nos estamos preparando para celebrar el nacimiento de Jes\u00fas, escuchando las voces de los profetas seg\u00fan describen la venida del Mes\u00edas.\u00a0","og_url":"https:\/\/www.24-7prayer.com\/es\/zacarias-recupera-la-voz\/","og_site_name":"24-7 Prayer International","article_published_time":"2022-12-05T05:00:00+00:00","article_modified_time":"2022-12-05T13:12:57+00:00","og_image":[{"width":1080,"height":1080,"url":"https:\/\/www.24-7prayer.com\/wp-content\/uploads\/2022\/11\/365-voces-de-adviento-sin-txt.jpg","type":"image\/jpeg"}],"author":"aitor@oracion24-7.com","twitter_card":"summary_large_image","schema":{"@context":"https:\/\/schema.org","@graph":[{"@type":"Article","@id":"https:\/\/www.24-7prayer.com\/es\/zacarias-recupera-la-voz\/#article","isPartOf":{"@id":"https:\/\/www.24-7prayer.com\/es\/zacarias-recupera-la-voz\/"},"author":{"name":"aitor@oracion24-7.com","@id":"https:\/\/www.24-7prayer.com\/es\/#\/schema\/person\/cea924691d05af4dfa35da709e7ede7d"},"headline":"Zacar\u00edas recupera la voz","datePublished":"2022-12-05T05:00:00+00:00","dateModified":"2022-12-05T13:12:57+00:00","mainEntityOfPage":{"@id":"https:\/\/www.24-7prayer.com\/es\/zacarias-recupera-la-voz\/"},"wordCount":941,"publisher":{"@id":"https:\/\/www.24-7prayer.com\/es\/#organization"},"image":{"@id":"https:\/\/www.24-7prayer.com\/es\/zacarias-recupera-la-voz\/#primaryimage"},"thumbnailUrl":"https:\/\/www.24-7prayer.com\/wp-content\/uploads\/2022\/11\/365-voces-de-adviento-sin-txt.jpg","articleSection":["Blogs"],"inLanguage":"es"},{"@type":"WebPage","@id":"https:\/\/www.24-7prayer.com\/es\/zacarias-recupera-la-voz\/","url":"https:\/\/www.24-7prayer.com\/es\/zacarias-recupera-la-voz\/","name":"Zacar\u00edas recupera la voz","isPartOf":{"@id":"https:\/\/www.24-7prayer.com\/es\/#website"},"primaryImageOfPage":{"@id":"https:\/\/www.24-7prayer.com\/es\/zacarias-recupera-la-voz\/#primaryimage"},"image":{"@id":"https:\/\/www.24-7prayer.com\/es\/zacarias-recupera-la-voz\/#primaryimage"},"thumbnailUrl":"https:\/\/www.24-7prayer.com\/wp-content\/uploads\/2022\/11\/365-voces-de-adviento-sin-txt.jpg","datePublished":"2022-12-05T05:00:00+00:00","dateModified":"2022-12-05T13:12:57+00:00","description":"Hoy es viernes, 2 de diciembre, y esta semana nos estamos preparando para celebrar el nacimiento de Jes\u00fas, escuchando las voces de los profetas seg\u00fan describen la venida del Mes\u00edas.\u00a0","breadcrumb":{"@id":"https:\/\/www.24-7prayer.com\/es\/zacarias-recupera-la-voz\/#breadcrumb"},"inLanguage":"es","potentialAction":[{"@type":"ReadAction","target":["https:\/\/www.24-7prayer.com\/es\/zacarias-recupera-la-voz\/"]}]},{"@type":"ImageObject","inLanguage":"es","@id":"https:\/\/www.24-7prayer.com\/es\/zacarias-recupera-la-voz\/#primaryimage","url":"https:\/\/www.24-7prayer.com\/wp-content\/uploads\/2022\/11\/365-voces-de-adviento-sin-txt.jpg","contentUrl":"https:\/\/www.24-7prayer.com\/wp-content\/uploads\/2022\/11\/365-voces-de-adviento-sin-txt.jpg","width":1080,"height":1080},{"@type":"BreadcrumbList","@id":"https:\/\/www.24-7prayer.com\/es\/zacarias-recupera-la-voz\/#breadcrumb","itemListElement":[{"@type":"ListItem","position":1,"name":"Home","item":"https:\/\/www.24-7prayer.com\/es\/"},{"@type":"ListItem","position":2,"name":"Zacar\u00edas recupera la voz"}]},{"@type":"WebSite","@id":"https:\/\/www.24-7prayer.com\/es\/#website","url":"https:\/\/www.24-7prayer.com\/es\/","name":"24-7 Prayer International","description":"Prayer Mission Justice","publisher":{"@id":"https:\/\/www.24-7prayer.com\/es\/#organization"},"potentialAction":[{"@type":"SearchAction","target":{"@type":"EntryPoint","urlTemplate":"https:\/\/www.24-7prayer.com\/es\/?s={search_term_string}"},"query-input":{"@type":"PropertyValueSpecification","valueRequired":true,"valueName":"search_term_string"}}],"inLanguage":"es"},{"@type":"Organization","@id":"https:\/\/www.24-7prayer.com\/es\/#organization","name":"24-7 Prayer","url":"https:\/\/www.24-7prayer.com\/es\/","logo":{"@type":"ImageObject","inLanguage":"es","@id":"https:\/\/www.24-7prayer.com\/es\/#\/schema\/logo\/image\/","url":"https:\/\/www.24-7prayer.com\/wp-content\/uploads\/2022\/06\/logo.png","contentUrl":"https:\/\/www.24-7prayer.com\/wp-content\/uploads\/2022\/06\/logo.png","width":302,"height":49,"caption":"24-7 Prayer"},"image":{"@id":"https:\/\/www.24-7prayer.com\/es\/#\/schema\/logo\/image\/"}},{"@type":"Person","@id":"https:\/\/www.24-7prayer.com\/es\/#\/schema\/person\/cea924691d05af4dfa35da709e7ede7d","name":"aitor@oracion24-7.com","image":{"@type":"ImageObject","inLanguage":"es","@id":"https:\/\/secure.gravatar.com\/avatar\/e67a3b0c8e0d52ee179e9f94d3d54543d229c4da1d7def06a61faccb28313f0a?s=96&d=mm&r=g","url":"https:\/\/secure.gravatar.com\/avatar\/e67a3b0c8e0d52ee179e9f94d3d54543d229c4da1d7def06a61faccb28313f0a?s=96&d=mm&r=g","contentUrl":"https:\/\/secure.gravatar.com\/avatar\/e67a3b0c8e0d52ee179e9f94d3d54543d229c4da1d7def06a61faccb28313f0a?s=96&d=mm&r=g","caption":"aitor@oracion24-7.com"},"url":"https:\/\/www.24-7prayer.com\/es\/author\/aitororacion24-7-com\/"}]}},"_links":{"self":[{"href":"https:\/\/www.24-7prayer.com\/es\/wp-json\/wp\/v2\/posts\/35598","targetHints":{"allow":["GET"]}}],"collection":[{"href":"https:\/\/www.24-7prayer.com\/es\/wp-json\/wp\/v2\/posts"}],"about":[{"href":"https:\/\/www.24-7prayer.com\/es\/wp-json\/wp\/v2\/types\/post"}],"author":[{"embeddable":true,"href":"https:\/\/www.24-7prayer.com\/es\/wp-json\/wp\/v2\/users\/216"}],"replies":[{"embeddable":true,"href":"https:\/\/www.24-7prayer.com\/es\/wp-json\/wp\/v2\/comments?post=35598"}],"version-history":[{"count":5,"href":"https:\/\/www.24-7prayer.com\/es\/wp-json\/wp\/v2\/posts\/35598\/revisions"}],"predecessor-version":[{"id":35812,"href":"https:\/\/www.24-7prayer.com\/es\/wp-json\/wp\/v2\/posts\/35598\/revisions\/35812"}],"wp:featuredmedia":[{"embeddable":true,"href":"https:\/\/www.24-7prayer.com\/es\/wp-json\/wp\/v2\/media\/35192"}],"wp:attachment":[{"href":"https:\/\/www.24-7prayer.com\/es\/wp-json\/wp\/v2\/media?parent=35598"}],"wp:term":[{"taxonomy":"category","embeddable":true,"href":"https:\/\/www.24-7prayer.com\/es\/wp-json\/wp\/v2\/categories?post=35598"},{"taxonomy":"post_tag","embeddable":true,"href":"https:\/\/www.24-7prayer.com\/es\/wp-json\/wp\/v2\/tags?post=35598"},{"taxonomy":"author_slug","embeddable":true,"href":"https:\/\/www.24-7prayer.com\/es\/wp-json\/wp\/v2\/author_slug?post=35598"},{"taxonomy":"blog_series","embeddable":true,"href":"https:\/\/www.24-7prayer.com\/es\/wp-json\/wp\/v2\/blog_series?post=35598"},{"taxonomy":"topic","embeddable":true,"href":"https:\/\/www.24-7prayer.com\/es\/wp-json\/wp\/v2\/topic?post=35598"}],"curies":[{"name":"wp","href":"https:\/\/api.w.org\/{rel}","templated":true}]}}