{"id":35230,"date":"2022-12-03T05:00:00","date_gmt":"2022-12-03T05:00:00","guid":{"rendered":"https:\/\/www.24-7prayer.com\/?p=35230"},"modified":"2022-12-04T06:58:10","modified_gmt":"2022-12-04T06:58:10","slug":"heroe-o-perdedor","status":"publish","type":"post","link":"https:\/\/www.24-7prayer.com\/es\/heroe-o-perdedor\/","title":{"rendered":"\u00bfH\u00e9roe o perdedor?"},"content":{"rendered":"\n<div class=\"wp-block-buttons is-content-justification-center is-layout-flex wp-container-core-buttons-is-layout-a89b3969 wp-block-buttons-is-layout-flex\"><\/div>\n\n\n\n<iframe loading=\"lazy\" src=\"https:\/\/anchor.fm\/oracion247\/embed\/episodes\/Hroe-o-perdedor--I-Voces-de-Adviento-I-Lectio-365-e1rl28t\" height=\"102px\" width=\"100%\" frameborder=\"0\" scrolling=\"no\"><\/iframe>\n\n\n\n<p>Hoy es s\u00e1bado, 3 de diciembre y esta semana nos estamos preparando para celebrar el nacimiento de Jes\u00fas, escuchando las voces de los profetas seg\u00fan describen la venida del Mes\u00edas.&nbsp;<\/p>\n\n\n\n<h3 class=\"wp-block-heading\" id=\"haz-una-pausa\">Haz una pausa<\/h3>\n\n\n\n<p><strong><em><strong><em><strong><em><strong><em><strong><em>Ahora, al iniciar mi tiempo de oraci\u00f3n, hago una pausa para estar quieta; para respirar lentamente, para re-centrar mis sentidos, que se encuentran dispersos, delante de la presencia de Dios.<\/em><\/strong><\/em><\/strong><\/em><\/strong><\/em><\/strong><\/em><\/strong><\/p>\n\n\n\n<hr class=\"wp-block-separator has-css-opacity is-style-dots\"\/>\n\n\n\n<h5 class=\"has-text-align-center wp-block-heading\" id=\"haz-una-pausa-y-ora\"><em>Haz una pausa y ora<\/em><\/h5>\n\n\n\n<hr class=\"wp-block-separator has-css-opacity is-style-dots\"\/>\n\n\n\n<h3 class=\"wp-block-heading\" id=\"haz-una-pausa\">Oraci\u00f3n de Enfoque<\/h3>\n\n\n\n<p><em>Se\u00f1or, en esta \u00e9poca de tanto ajetreo, por favor, ay\u00fadame a estar quieta. Abro mis o\u00eddos ahora para escuchar cosas incre\u00edbles sobre ti, preparando mi coraz\u00f3n calladamente para el milagro de tu venida en Navidad.<\/em><\/p>\n\n\n\n<div style=\"height:59px\" aria-hidden=\"true\" class=\"wp-block-spacer\"><\/div>\n\n\n\n<h3 class=\"wp-block-heading\" id=\"regocijarse-y-reflexionar\">Regocijarse y Reflexionar<\/h3>\n\n\n\n<p>Hoy escojo regocijarme en la fidelidad de Dios, uni\u00e9ndome a la alabanza ancestral de todo el pueblo de Dios en palabras del Salmo 36&#8230;<\/p>\n\n\n\n<blockquote class=\"wp-block-quote is-layout-flow wp-block-quote-is-layout-flow\">\n<p>Tu amor inagotable, oh&nbsp;Se\u00f1or, es tan inmenso como los cielos;<br> &nbsp;&nbsp;&nbsp;&nbsp;tu fidelidad sobrepasa las nubes. <br>Tu rectitud es como las poderosas monta\u00f1as,<br> &nbsp;&nbsp;&nbsp;&nbsp;tu justicia, como la profundidad de los oc\u00e9anos. <br>T\u00fa cuidas de la gente y de los animales por igual, oh&nbsp;Se\u00f1or.<br> &nbsp; &nbsp; \u00a1Qu\u00e9 precioso es tu amor inagotable, oh Dios! <br>Todos los seres humanos encuentran refugio<br> &nbsp;&nbsp;&nbsp;&nbsp;a la sombra de tus alas. <\/p>\n<cite><strong><strong><strong><strong>Salmo 36:5-7 (NTV)<\/strong><\/strong><\/strong><\/strong><\/cite><\/blockquote>\n\n\n\n<hr class=\"wp-block-separator has-css-opacity is-style-dots\"\/>\n\n\n\n<h5 class=\"has-text-align-center wp-block-heading\" id=\"haz-una-pausa-y-ora\"><em>Haz una pausa y ora<\/em><\/h5>\n\n\n\n<hr class=\"wp-block-separator has-css-opacity is-style-dots\"\/>\n\n\n\n<p>Hoy medito en una \u00faltima promesa mesi\u00e1nica en el libro de Isa\u00edas.<\/p>\n\n\n\n<blockquote class=\"wp-block-quote is-layout-flow wp-block-quote-is-layout-flow\">\n<p>\u00bbEste es mi siervo, a quien sostengo,<br> &nbsp;&nbsp;&nbsp;&nbsp;mi escogido, en quien me deleito; <br>sobre \u00e9l he puesto mi Esp\u00edritu,<br> &nbsp;&nbsp;&nbsp;&nbsp;y llevar\u00e1 justicia a las naciones. <br>No clamar\u00e1, ni gritar\u00e1,<br> &nbsp;&nbsp;&nbsp;&nbsp;ni alzar\u00e1 su voz por las calles. <br>No acabar\u00e1 de romper la ca\u00f1a quebrada,<br> &nbsp;&nbsp;&nbsp;&nbsp;ni apagar\u00e1 la mecha que apenas arde. <br>Con fidelidad har\u00e1 justicia;<br> &nbsp;&nbsp;&nbsp;&nbsp;no vacilar\u00e1 ni se desanimar\u00e1 <br>hasta implantar la justicia en la tierra.<br> &nbsp;&nbsp;&nbsp;&nbsp;Las costas lejanas esperan su ley\u00bb.<\/p>\n<cite><strong><strong>Isa\u00edas 42:1-4 (NVICST)<\/strong><\/strong><\/cite><\/blockquote>\n\n\n\n<p>En esta profec\u00eda vemos que el Mes\u00edas se inclina hacia la justicia, pero tambi\u00e9n comenzamos a ver el medio inesperado por el que lo consigue &#8211; a trav\u00e9s del sufrimiento.&nbsp;<\/p>\n\n\n\n<p>Me encanta la idea de un Mes\u00edas que viene como un superh\u00e9roe para triunfar sobre el mal, para hacer que todo lo que est\u00e1 mal vuelva a estar bien. \u00bfPero un Mes\u00edas que sufre? Y adem\u00e1s me invita a compartir su sufrimiento. Hmmm, \u00a1no estoy tan segura de eso!&nbsp;<\/p>\n\n\n\n<div style=\"height:59px\" aria-hidden=\"true\" class=\"wp-block-spacer\"><\/div>\n\n\n\n<h3 class=\"wp-block-heading\" id=\"apelar-pedir\"><strong>Apelar \/ Pedir<\/strong><\/h3>\n\n\n\n<p><em>Jes\u00fas, \u00bfte he recibido s\u00f3lo como un h\u00e9roe y no como un siervo que sufre? No quiero perderme Tu presencia en mi vida porque no cumples todas mis expectativas mesi\u00e1nicas. Ay\u00fadame a apoyarme en el misterio de un Dios que triunfa a trav\u00e9s del sufrimiento.<\/em><\/p>\n\n\n\n<hr class=\"wp-block-separator has-css-opacity is-style-dots\"\/>\n\n\n\n<h5 class=\"has-text-align-center wp-block-heading\" id=\"haz-una-pausa-y-ora\"><em>Haz una pausa y ora<\/em><\/h5>\n\n\n\n<hr class=\"wp-block-separator has-css-opacity is-style-dots\"\/>\n\n\n\n<p><em><em>Padre, te pido por la di\u00e1spora del pueblo jud\u00edo en todo el mundo &#8211; los hijos de Israel &#8211; que siguen siendo la ni\u00f1a de tus ojos y est\u00e1n cercanos a tu coraz\u00f3n. Responde a su anhelo de un Mes\u00edas prometido. Te pido que les reveles a Jes\u00fas.<\/em><\/em><\/p>\n\n\n\n<hr class=\"wp-block-separator has-css-opacity is-style-dots\"\/>\n\n\n\n<h5 class=\"has-text-align-center wp-block-heading\" id=\"haz-una-pausa-y-ora\"><em>Haz una pausa y ora<\/em><\/h5>\n\n\n\n<hr class=\"wp-block-separator has-css-opacity is-style-dots\"\/>\n\n\n\n<h3 class=\"wp-block-heading\" id=\"apelar-pedir\"><strong>Rendirse<\/strong><\/h3>\n\n\n\n<p>Al volver al pasaje<em>, abro mis o\u00eddos para escuchar tu Palabra, y mi coraz\u00f3n para rendirme a tu voluntad una vez m\u00e1s.<\/em><\/p>\n\n\n\n<blockquote class=\"wp-block-quote is-layout-flow wp-block-quote-is-layout-flow\">\n<p>\u00bbEste es mi siervo, a quien sostengo,<br> &nbsp;&nbsp;&nbsp;&nbsp;mi escogido, en quien me deleito; <br>sobre \u00e9l he puesto mi Esp\u00edritu,<br> &nbsp;&nbsp;&nbsp;&nbsp;y llevar\u00e1 justicia a las naciones. <br>No clamar\u00e1, ni gritar\u00e1,<br> &nbsp;&nbsp;&nbsp;&nbsp;ni alzar\u00e1 su voz por las calles. <br>No acabar\u00e1 de romper la ca\u00f1a quebrada,<br> &nbsp;&nbsp;&nbsp;&nbsp;ni apagar\u00e1 la mecha que apenas arde. <br>Con fidelidad har\u00e1 justicia;<br> &nbsp;&nbsp;&nbsp;&nbsp;no vacilar\u00e1 ni se desanimar\u00e1 <br>hasta implantar la justicia en la tierra.<br> &nbsp;&nbsp;&nbsp;&nbsp;Las costas lejanas esperan su ley\u00bb.<\/p>\n<cite><strong><strong>Isa\u00edas 42:1-4 (NVICST)<\/strong><\/strong><\/cite><\/blockquote>\n\n\n\n<p>Isa\u00edas nos da una peque\u00f1a pincelada del afecto que existe en la Trinidad. El Padre ha elegido al Hijo y se deleita en \u00e9l. La palabra hebrea <em>deleite<\/em> significa que ha puesto su afecto en el Mes\u00edas, que disfruta de \u00e9l. La obra principal de Jes\u00fas el Mes\u00edas es reconciliarnos con Dios para que tambi\u00e9n podamos entrar en su afecto, para que tambi\u00e9n podamos ser disfrutados por Dios.<\/p>\n\n\n\n<hr class=\"wp-block-separator has-css-opacity is-style-dots\"\/>\n\n\n\n<h5 class=\"has-text-align-center wp-block-heading\" id=\"haz-una-pausa-y-ora\"><em>Haz una pausa y ora<\/em><\/h5>\n\n\n\n<hr class=\"wp-block-separator has-css-opacity is-style-dots\"\/>\n\n\n\n<h3 class=\"wp-block-heading\" id=\"apelar-pedir\"><strong><strong>Oraci\u00f3n de rendici\u00f3n<\/strong><\/strong><\/h3>\n\n\n\n<p><em><em>Padre, esto realmente conmueve mi coraz\u00f3n. Milagrosamente, estoy invitada a ser receptora de tu deleite. Me tomo un minuto para saborear la dulzura de tu amorosa invitaci\u00f3n.<\/em><\/em><\/p>\n\n\n\n<div style=\"height:59px\" aria-hidden=\"true\" class=\"wp-block-spacer\"><\/div>\n\n\n\n<h3 class=\"wp-block-heading\" id=\"apelar-pedir\"><strong><strong><strong>Promesa de rendici\u00f3n<\/strong><\/strong><\/strong><\/h3>\n\n\n\n<p>Y ahora, mientras me preparo para llevar este tiempo de oraci\u00f3n al d\u00eda que tengo por delante, el Se\u00f1or, que me ama dice en Deuteronomio:&nbsp;<\/p>\n\n\n\n<blockquote class=\"wp-block-quote is-layout-flow wp-block-quote-is-layout-flow\">\n<p>Sin embargo, \u00e9l se encari\u00f1\u00f3 con tus antepasados y les am\u00f3; y a ti, que eres su descendencia.\u2026<\/p>\n<cite><strong><strong>Deuteronomio 10:15 (NVICST)<\/strong><\/strong><\/cite><\/blockquote>\n\n\n\n<h3 class=\"wp-block-heading\" id=\"apelar-pedir\"><strong><strong><strong><strong><em>Oraci\u00f3n para terminar<\/em><\/strong><\/strong><\/strong><\/strong><\/h3>\n\n\n\n<p><strong><em>Padre, ay\u00fadame a vivir este d\u00eda al m\u00e1ximo,<\/em><\/strong><br><strong><em>siendo aut\u00e9ntica contigo en todo.<\/em><\/strong><br><strong><em>Jes\u00fas, ay\u00fadame a darme a los dem\u00e1s,&nbsp;<\/em><\/strong><br><strong><em>siendo amable con toda la gente con la que me encuentre.<\/em><\/strong><br><strong><em>Esp\u00edritu, ay\u00fadame a amar a la gente que se encuentra perdida,<\/em><\/strong><br><strong><em>proclamando a Cristo en todo lo que digo y hago.<\/em><\/strong><br><strong><em>Am\u00e9n.<\/em><\/strong><\/p>\n\n\n\n<p><\/p>\n","protected":false},"excerpt":{"rendered":"<p>Hoy es s\u00e1bado, 3 de diciembre y esta semana nos estamos preparando para celebrar el nacimiento de Jes\u00fas, escuchando las voces de los profetas seg\u00fan describen la venida del Mes\u00edas.&nbsp; Haz una pausa Ahora, al iniciar mi tiempo de oraci\u00f3n, hago una pausa para estar quieta; para respirar lentamente, para re-centrar mis sentidos, que se [&hellip;]<\/p>\n","protected":false},"author":216,"featured_media":35192,"comment_status":"closed","ping_status":"open","sticky":false,"template":"","format":"standard","meta":{"_acf_changed":false,"inline_featured_image":false,"footnotes":""},"categories":[206],"tags":[],"author_slug":[370],"blog_series":[518],"topic":[353],"class_list":["post-35230","post","type-post","status-publish","format-standard","has-post-thumbnail","hentry","category-blog-es","author_slug-oracion-24-7","blog_series-voces-de-adviento","topic-orar"],"acf":[],"yoast_head":"<!-- This site is optimized with the Yoast SEO plugin v27.4 - https:\/\/yoast.com\/product\/yoast-seo-wordpress\/ -->\n<title>\u00bfH\u00e9roe o perdedor?<\/title>\n<meta name=\"description\" content=\"Hoy es s\u00e1bado, 3 de diciembre y esta semana nos estamos preparando para celebrar el nacimiento de Jes\u00fas, escuchando las voces de los profetas seg\u00fan describen la venida del Mes\u00edas.\u00a0\" \/>\n<meta name=\"robots\" content=\"index, follow, max-snippet:-1, max-image-preview:large, max-video-preview:-1\" \/>\n<link rel=\"canonical\" href=\"https:\/\/www.24-7prayer.com\/es\/heroe-o-perdedor\/\" \/>\n<meta property=\"og:locale\" content=\"es_ES\" \/>\n<meta property=\"og:type\" content=\"article\" \/>\n<meta property=\"og:title\" content=\"\u00bfH\u00e9roe o perdedor?\" \/>\n<meta property=\"og:description\" content=\"Hoy es s\u00e1bado, 3 de diciembre y esta semana nos estamos preparando para celebrar el nacimiento de Jes\u00fas, escuchando las voces de los profetas seg\u00fan describen la venida del Mes\u00edas.\u00a0\" \/>\n<meta property=\"og:url\" content=\"https:\/\/www.24-7prayer.com\/es\/heroe-o-perdedor\/\" \/>\n<meta property=\"og:site_name\" content=\"24-7 Prayer International\" \/>\n<meta property=\"article:published_time\" content=\"2022-12-03T05:00:00+00:00\" \/>\n<meta property=\"article:modified_time\" content=\"2022-12-04T06:58:10+00:00\" \/>\n<meta property=\"og:image\" content=\"https:\/\/www.24-7prayer.com\/wp-content\/uploads\/2022\/11\/365-voces-de-adviento-sin-txt.jpg\" \/>\n\t<meta property=\"og:image:width\" content=\"1080\" \/>\n\t<meta property=\"og:image:height\" content=\"1080\" \/>\n\t<meta property=\"og:image:type\" content=\"image\/jpeg\" \/>\n<meta name=\"author\" content=\"aitor@oracion24-7.com\" \/>\n<meta name=\"twitter:card\" content=\"summary_large_image\" \/>\n<script type=\"application\/ld+json\" class=\"yoast-schema-graph\">{\"@context\":\"https:\\\/\\\/schema.org\",\"@graph\":[{\"@type\":\"Article\",\"@id\":\"https:\\\/\\\/www.24-7prayer.com\\\/es\\\/heroe-o-perdedor\\\/#article\",\"isPartOf\":{\"@id\":\"https:\\\/\\\/www.24-7prayer.com\\\/es\\\/heroe-o-perdedor\\\/\"},\"author\":{\"name\":\"aitor@oracion24-7.com\",\"@id\":\"https:\\\/\\\/www.24-7prayer.com\\\/es\\\/#\\\/schema\\\/person\\\/cea924691d05af4dfa35da709e7ede7d\"},\"headline\":\"\u00bfH\u00e9roe o perdedor?\",\"datePublished\":\"2022-12-03T05:00:00+00:00\",\"dateModified\":\"2022-12-04T06:58:10+00:00\",\"mainEntityOfPage\":{\"@id\":\"https:\\\/\\\/www.24-7prayer.com\\\/es\\\/heroe-o-perdedor\\\/\"},\"wordCount\":926,\"publisher\":{\"@id\":\"https:\\\/\\\/www.24-7prayer.com\\\/es\\\/#organization\"},\"image\":{\"@id\":\"https:\\\/\\\/www.24-7prayer.com\\\/es\\\/heroe-o-perdedor\\\/#primaryimage\"},\"thumbnailUrl\":\"https:\\\/\\\/www.24-7prayer.com\\\/wp-content\\\/uploads\\\/2022\\\/11\\\/365-voces-de-adviento-sin-txt.jpg\",\"articleSection\":[\"Blogs\"],\"inLanguage\":\"es\"},{\"@type\":\"WebPage\",\"@id\":\"https:\\\/\\\/www.24-7prayer.com\\\/es\\\/heroe-o-perdedor\\\/\",\"url\":\"https:\\\/\\\/www.24-7prayer.com\\\/es\\\/heroe-o-perdedor\\\/\",\"name\":\"\u00bfH\u00e9roe o perdedor?\",\"isPartOf\":{\"@id\":\"https:\\\/\\\/www.24-7prayer.com\\\/es\\\/#website\"},\"primaryImageOfPage\":{\"@id\":\"https:\\\/\\\/www.24-7prayer.com\\\/es\\\/heroe-o-perdedor\\\/#primaryimage\"},\"image\":{\"@id\":\"https:\\\/\\\/www.24-7prayer.com\\\/es\\\/heroe-o-perdedor\\\/#primaryimage\"},\"thumbnailUrl\":\"https:\\\/\\\/www.24-7prayer.com\\\/wp-content\\\/uploads\\\/2022\\\/11\\\/365-voces-de-adviento-sin-txt.jpg\",\"datePublished\":\"2022-12-03T05:00:00+00:00\",\"dateModified\":\"2022-12-04T06:58:10+00:00\",\"description\":\"Hoy es s\u00e1bado, 3 de diciembre y esta semana nos estamos preparando para celebrar el nacimiento de Jes\u00fas, escuchando las voces de los profetas seg\u00fan describen la venida del Mes\u00edas.\u00a0\",\"breadcrumb\":{\"@id\":\"https:\\\/\\\/www.24-7prayer.com\\\/es\\\/heroe-o-perdedor\\\/#breadcrumb\"},\"inLanguage\":\"es\",\"potentialAction\":[{\"@type\":\"ReadAction\",\"target\":[\"https:\\\/\\\/www.24-7prayer.com\\\/es\\\/heroe-o-perdedor\\\/\"]}]},{\"@type\":\"ImageObject\",\"inLanguage\":\"es\",\"@id\":\"https:\\\/\\\/www.24-7prayer.com\\\/es\\\/heroe-o-perdedor\\\/#primaryimage\",\"url\":\"https:\\\/\\\/www.24-7prayer.com\\\/wp-content\\\/uploads\\\/2022\\\/11\\\/365-voces-de-adviento-sin-txt.jpg\",\"contentUrl\":\"https:\\\/\\\/www.24-7prayer.com\\\/wp-content\\\/uploads\\\/2022\\\/11\\\/365-voces-de-adviento-sin-txt.jpg\",\"width\":1080,\"height\":1080},{\"@type\":\"BreadcrumbList\",\"@id\":\"https:\\\/\\\/www.24-7prayer.com\\\/es\\\/heroe-o-perdedor\\\/#breadcrumb\",\"itemListElement\":[{\"@type\":\"ListItem\",\"position\":1,\"name\":\"Home\",\"item\":\"https:\\\/\\\/www.24-7prayer.com\\\/es\\\/\"},{\"@type\":\"ListItem\",\"position\":2,\"name\":\"\u00bfH\u00e9roe o perdedor?\"}]},{\"@type\":\"WebSite\",\"@id\":\"https:\\\/\\\/www.24-7prayer.com\\\/es\\\/#website\",\"url\":\"https:\\\/\\\/www.24-7prayer.com\\\/es\\\/\",\"name\":\"24-7 Prayer International\",\"description\":\"Prayer Mission Justice\",\"publisher\":{\"@id\":\"https:\\\/\\\/www.24-7prayer.com\\\/es\\\/#organization\"},\"potentialAction\":[{\"@type\":\"SearchAction\",\"target\":{\"@type\":\"EntryPoint\",\"urlTemplate\":\"https:\\\/\\\/www.24-7prayer.com\\\/es\\\/?s={search_term_string}\"},\"query-input\":{\"@type\":\"PropertyValueSpecification\",\"valueRequired\":true,\"valueName\":\"search_term_string\"}}],\"inLanguage\":\"es\"},{\"@type\":\"Organization\",\"@id\":\"https:\\\/\\\/www.24-7prayer.com\\\/es\\\/#organization\",\"name\":\"24-7 Prayer\",\"url\":\"https:\\\/\\\/www.24-7prayer.com\\\/es\\\/\",\"logo\":{\"@type\":\"ImageObject\",\"inLanguage\":\"es\",\"@id\":\"https:\\\/\\\/www.24-7prayer.com\\\/es\\\/#\\\/schema\\\/logo\\\/image\\\/\",\"url\":\"https:\\\/\\\/www.24-7prayer.com\\\/wp-content\\\/uploads\\\/2022\\\/06\\\/logo.png\",\"contentUrl\":\"https:\\\/\\\/www.24-7prayer.com\\\/wp-content\\\/uploads\\\/2022\\\/06\\\/logo.png\",\"width\":302,\"height\":49,\"caption\":\"24-7 Prayer\"},\"image\":{\"@id\":\"https:\\\/\\\/www.24-7prayer.com\\\/es\\\/#\\\/schema\\\/logo\\\/image\\\/\"}},{\"@type\":\"Person\",\"@id\":\"https:\\\/\\\/www.24-7prayer.com\\\/es\\\/#\\\/schema\\\/person\\\/cea924691d05af4dfa35da709e7ede7d\",\"name\":\"aitor@oracion24-7.com\",\"image\":{\"@type\":\"ImageObject\",\"inLanguage\":\"es\",\"@id\":\"https:\\\/\\\/secure.gravatar.com\\\/avatar\\\/e67a3b0c8e0d52ee179e9f94d3d54543d229c4da1d7def06a61faccb28313f0a?s=96&d=mm&r=g\",\"url\":\"https:\\\/\\\/secure.gravatar.com\\\/avatar\\\/e67a3b0c8e0d52ee179e9f94d3d54543d229c4da1d7def06a61faccb28313f0a?s=96&d=mm&r=g\",\"contentUrl\":\"https:\\\/\\\/secure.gravatar.com\\\/avatar\\\/e67a3b0c8e0d52ee179e9f94d3d54543d229c4da1d7def06a61faccb28313f0a?s=96&d=mm&r=g\",\"caption\":\"aitor@oracion24-7.com\"},\"url\":\"https:\\\/\\\/www.24-7prayer.com\\\/es\\\/author\\\/aitororacion24-7-com\\\/\"}]}<\/script>\n<!-- \/ Yoast SEO plugin. -->","yoast_head_json":{"title":"\u00bfH\u00e9roe o perdedor?","description":"Hoy es s\u00e1bado, 3 de diciembre y esta semana nos estamos preparando para celebrar el nacimiento de Jes\u00fas, escuchando las voces de los profetas seg\u00fan describen la venida del Mes\u00edas.\u00a0","robots":{"index":"index","follow":"follow","max-snippet":"max-snippet:-1","max-image-preview":"max-image-preview:large","max-video-preview":"max-video-preview:-1"},"canonical":"https:\/\/www.24-7prayer.com\/es\/heroe-o-perdedor\/","og_locale":"es_ES","og_type":"article","og_title":"\u00bfH\u00e9roe o perdedor?","og_description":"Hoy es s\u00e1bado, 3 de diciembre y esta semana nos estamos preparando para celebrar el nacimiento de Jes\u00fas, escuchando las voces de los profetas seg\u00fan describen la venida del Mes\u00edas.\u00a0","og_url":"https:\/\/www.24-7prayer.com\/es\/heroe-o-perdedor\/","og_site_name":"24-7 Prayer International","article_published_time":"2022-12-03T05:00:00+00:00","article_modified_time":"2022-12-04T06:58:10+00:00","og_image":[{"width":1080,"height":1080,"url":"https:\/\/www.24-7prayer.com\/wp-content\/uploads\/2022\/11\/365-voces-de-adviento-sin-txt.jpg","type":"image\/jpeg"}],"author":"aitor@oracion24-7.com","twitter_card":"summary_large_image","schema":{"@context":"https:\/\/schema.org","@graph":[{"@type":"Article","@id":"https:\/\/www.24-7prayer.com\/es\/heroe-o-perdedor\/#article","isPartOf":{"@id":"https:\/\/www.24-7prayer.com\/es\/heroe-o-perdedor\/"},"author":{"name":"aitor@oracion24-7.com","@id":"https:\/\/www.24-7prayer.com\/es\/#\/schema\/person\/cea924691d05af4dfa35da709e7ede7d"},"headline":"\u00bfH\u00e9roe o perdedor?","datePublished":"2022-12-03T05:00:00+00:00","dateModified":"2022-12-04T06:58:10+00:00","mainEntityOfPage":{"@id":"https:\/\/www.24-7prayer.com\/es\/heroe-o-perdedor\/"},"wordCount":926,"publisher":{"@id":"https:\/\/www.24-7prayer.com\/es\/#organization"},"image":{"@id":"https:\/\/www.24-7prayer.com\/es\/heroe-o-perdedor\/#primaryimage"},"thumbnailUrl":"https:\/\/www.24-7prayer.com\/wp-content\/uploads\/2022\/11\/365-voces-de-adviento-sin-txt.jpg","articleSection":["Blogs"],"inLanguage":"es"},{"@type":"WebPage","@id":"https:\/\/www.24-7prayer.com\/es\/heroe-o-perdedor\/","url":"https:\/\/www.24-7prayer.com\/es\/heroe-o-perdedor\/","name":"\u00bfH\u00e9roe o perdedor?","isPartOf":{"@id":"https:\/\/www.24-7prayer.com\/es\/#website"},"primaryImageOfPage":{"@id":"https:\/\/www.24-7prayer.com\/es\/heroe-o-perdedor\/#primaryimage"},"image":{"@id":"https:\/\/www.24-7prayer.com\/es\/heroe-o-perdedor\/#primaryimage"},"thumbnailUrl":"https:\/\/www.24-7prayer.com\/wp-content\/uploads\/2022\/11\/365-voces-de-adviento-sin-txt.jpg","datePublished":"2022-12-03T05:00:00+00:00","dateModified":"2022-12-04T06:58:10+00:00","description":"Hoy es s\u00e1bado, 3 de diciembre y esta semana nos estamos preparando para celebrar el nacimiento de Jes\u00fas, escuchando las voces de los profetas seg\u00fan describen la venida del Mes\u00edas.\u00a0","breadcrumb":{"@id":"https:\/\/www.24-7prayer.com\/es\/heroe-o-perdedor\/#breadcrumb"},"inLanguage":"es","potentialAction":[{"@type":"ReadAction","target":["https:\/\/www.24-7prayer.com\/es\/heroe-o-perdedor\/"]}]},{"@type":"ImageObject","inLanguage":"es","@id":"https:\/\/www.24-7prayer.com\/es\/heroe-o-perdedor\/#primaryimage","url":"https:\/\/www.24-7prayer.com\/wp-content\/uploads\/2022\/11\/365-voces-de-adviento-sin-txt.jpg","contentUrl":"https:\/\/www.24-7prayer.com\/wp-content\/uploads\/2022\/11\/365-voces-de-adviento-sin-txt.jpg","width":1080,"height":1080},{"@type":"BreadcrumbList","@id":"https:\/\/www.24-7prayer.com\/es\/heroe-o-perdedor\/#breadcrumb","itemListElement":[{"@type":"ListItem","position":1,"name":"Home","item":"https:\/\/www.24-7prayer.com\/es\/"},{"@type":"ListItem","position":2,"name":"\u00bfH\u00e9roe o perdedor?"}]},{"@type":"WebSite","@id":"https:\/\/www.24-7prayer.com\/es\/#website","url":"https:\/\/www.24-7prayer.com\/es\/","name":"24-7 Prayer International","description":"Prayer Mission Justice","publisher":{"@id":"https:\/\/www.24-7prayer.com\/es\/#organization"},"potentialAction":[{"@type":"SearchAction","target":{"@type":"EntryPoint","urlTemplate":"https:\/\/www.24-7prayer.com\/es\/?s={search_term_string}"},"query-input":{"@type":"PropertyValueSpecification","valueRequired":true,"valueName":"search_term_string"}}],"inLanguage":"es"},{"@type":"Organization","@id":"https:\/\/www.24-7prayer.com\/es\/#organization","name":"24-7 Prayer","url":"https:\/\/www.24-7prayer.com\/es\/","logo":{"@type":"ImageObject","inLanguage":"es","@id":"https:\/\/www.24-7prayer.com\/es\/#\/schema\/logo\/image\/","url":"https:\/\/www.24-7prayer.com\/wp-content\/uploads\/2022\/06\/logo.png","contentUrl":"https:\/\/www.24-7prayer.com\/wp-content\/uploads\/2022\/06\/logo.png","width":302,"height":49,"caption":"24-7 Prayer"},"image":{"@id":"https:\/\/www.24-7prayer.com\/es\/#\/schema\/logo\/image\/"}},{"@type":"Person","@id":"https:\/\/www.24-7prayer.com\/es\/#\/schema\/person\/cea924691d05af4dfa35da709e7ede7d","name":"aitor@oracion24-7.com","image":{"@type":"ImageObject","inLanguage":"es","@id":"https:\/\/secure.gravatar.com\/avatar\/e67a3b0c8e0d52ee179e9f94d3d54543d229c4da1d7def06a61faccb28313f0a?s=96&d=mm&r=g","url":"https:\/\/secure.gravatar.com\/avatar\/e67a3b0c8e0d52ee179e9f94d3d54543d229c4da1d7def06a61faccb28313f0a?s=96&d=mm&r=g","contentUrl":"https:\/\/secure.gravatar.com\/avatar\/e67a3b0c8e0d52ee179e9f94d3d54543d229c4da1d7def06a61faccb28313f0a?s=96&d=mm&r=g","caption":"aitor@oracion24-7.com"},"url":"https:\/\/www.24-7prayer.com\/es\/author\/aitororacion24-7-com\/"}]}},"_links":{"self":[{"href":"https:\/\/www.24-7prayer.com\/es\/wp-json\/wp\/v2\/posts\/35230","targetHints":{"allow":["GET"]}}],"collection":[{"href":"https:\/\/www.24-7prayer.com\/es\/wp-json\/wp\/v2\/posts"}],"about":[{"href":"https:\/\/www.24-7prayer.com\/es\/wp-json\/wp\/v2\/types\/post"}],"author":[{"embeddable":true,"href":"https:\/\/www.24-7prayer.com\/es\/wp-json\/wp\/v2\/users\/216"}],"replies":[{"embeddable":true,"href":"https:\/\/www.24-7prayer.com\/es\/wp-json\/wp\/v2\/comments?post=35230"}],"version-history":[{"count":6,"href":"https:\/\/www.24-7prayer.com\/es\/wp-json\/wp\/v2\/posts\/35230\/revisions"}],"predecessor-version":[{"id":35709,"href":"https:\/\/www.24-7prayer.com\/es\/wp-json\/wp\/v2\/posts\/35230\/revisions\/35709"}],"wp:featuredmedia":[{"embeddable":true,"href":"https:\/\/www.24-7prayer.com\/es\/wp-json\/wp\/v2\/media\/35192"}],"wp:attachment":[{"href":"https:\/\/www.24-7prayer.com\/es\/wp-json\/wp\/v2\/media?parent=35230"}],"wp:term":[{"taxonomy":"category","embeddable":true,"href":"https:\/\/www.24-7prayer.com\/es\/wp-json\/wp\/v2\/categories?post=35230"},{"taxonomy":"post_tag","embeddable":true,"href":"https:\/\/www.24-7prayer.com\/es\/wp-json\/wp\/v2\/tags?post=35230"},{"taxonomy":"author_slug","embeddable":true,"href":"https:\/\/www.24-7prayer.com\/es\/wp-json\/wp\/v2\/author_slug?post=35230"},{"taxonomy":"blog_series","embeddable":true,"href":"https:\/\/www.24-7prayer.com\/es\/wp-json\/wp\/v2\/blog_series?post=35230"},{"taxonomy":"topic","embeddable":true,"href":"https:\/\/www.24-7prayer.com\/es\/wp-json\/wp\/v2\/topic?post=35230"}],"curies":[{"name":"wp","href":"https:\/\/api.w.org\/{rel}","templated":true}]}}