{"id":35195,"date":"2022-11-29T05:00:00","date_gmt":"2022-11-29T05:00:00","guid":{"rendered":"https:\/\/www.24-7prayer.com\/?p=35195"},"modified":"2022-11-29T08:46:40","modified_gmt":"2022-11-29T08:46:40","slug":"enciende-una-luz","status":"publish","type":"post","link":"https:\/\/www.24-7prayer.com\/es\/enciende-una-luz\/","title":{"rendered":"<strong>\u00a1Enciende la luz!<\/strong>"},"content":{"rendered":"\n<div class=\"wp-block-buttons is-content-justification-center is-layout-flex wp-container-core-buttons-is-layout-a89b3969 wp-block-buttons-is-layout-flex\"><\/div>\n\n\n\n<iframe loading=\"lazy\" src=\"https:\/\/anchor.fm\/oracion247\/embed\/episodes\/Enciende-la-luz--I-Voces-de-Adviento-I-Lectio-365-e1repno\" height=\"102px\" width=\"100%\" frameborder=\"0\" scrolling=\"no\"><\/iframe>\n\n\n\n<p>Hoy es martes, 29 de noviembre, y esta semana nos estamos preparando para celebrar el nacimiento de Jes\u00fas, escuchando las voces de los profetas seg\u00fan describen la llegada del Mes\u00edas.&nbsp;<br><br>Juntos vamos a orar (O.R.A.R.) de forma muy sencilla cada d\u00eda \u2013 \u2018O\u2019: estar quietos para OBSERVAR. \u2018R\u2019: REGOCIJARSE con un Salmo y meditar en un pasaje de la Escritura que tenga relaci\u00f3n con la llegada de Jes\u00fas. \u2018A\u2019: APELAR\/PEDIR a Dios que nos ayude a nosotros y a otros y \u2018R\u2019: RENDIRSE a su voluntad en nuestras vidas venga lo que venga.<\/p>\n\n\n\n<h3 class=\"wp-block-heading\" id=\"haz-una-pausa\">Haz una pausa<\/h3>\n\n\n\n<p><strong><em>Por lo tanto ahora, al iniciar mi tiempo de oraci\u00f3n, hago una pausa para estar quieta; para respirar lentamente, para re-centrar mis sentidos, que se encuentran dispersos, delante de la presencia de Dios.<\/em><\/strong><\/p>\n\n\n\n<hr class=\"wp-block-separator has-css-opacity is-style-dots\"\/>\n\n\n\n<h5 class=\"has-text-align-center wp-block-heading\" id=\"haz-una-pausa-y-ora\"><em>Haz una pausa y ora<\/em><\/h5>\n\n\n\n<hr class=\"wp-block-separator has-css-opacity is-style-dots\"\/>\n\n\n\n<h3 class=\"wp-block-heading\" id=\"haz-una-pausa\">Oraci\u00f3n de Enfoque<\/h3>\n\n\n\n<p><em>Se\u00f1or, en esta \u00e9poca de tanto ajetreo, por favor, ay\u00fadame a estar quieta. Abro mis o\u00eddos ahora para escuchar cosas incre\u00edbles sobre ti, preparando mi coraz\u00f3n calladamente para el milagro de tu venida en Navidad.<\/em><\/p>\n\n\n\n<div style=\"height:59px\" aria-hidden=\"true\" class=\"wp-block-spacer\"><\/div>\n\n\n\n<h3 class=\"wp-block-heading\" id=\"regocijarse-y-reflexionar\">Regocijarse y Reflexionar<\/h3>\n\n\n\n<p>Hoy escojo regocijarme en la vida y la luz de Dios, uni\u00e9ndome a la alabanza ancestral de todo el pueblo de Dios en palabras del Salmo 36&#8230;<\/p>\n\n\n\n<blockquote class=\"wp-block-quote is-layout-flow wp-block-quote-is-layout-flow\">\n<p>&nbsp;&nbsp;&nbsp;&nbsp;\u00a1Qu\u00e9 precioso es tu amor inagotable, oh Dios! <br>Todos los seres humanos encuentran refugio<br> &nbsp;&nbsp;&nbsp;&nbsp;a la sombra de tus alas. <br>Los alimentas con la abundancia de tu propia casa<br> &nbsp;&nbsp;&nbsp;&nbsp;y les permites beber del r\u00edo de tus delicias. <br>Pues t\u00fa eres la fuente de vida,<br> &nbsp;&nbsp;&nbsp;&nbsp;la luz con la que vemos.<\/p>\n<cite><strong>Salmo 36:7-9 (NTV)<\/strong><\/cite><\/blockquote>\n\n\n\n<hr class=\"wp-block-separator has-css-opacity is-style-dots\"\/>\n\n\n\n<h5 class=\"has-text-align-center wp-block-heading\" id=\"haz-una-pausa-y-ora\"><em>Haz una pausa y ora<\/em><\/h5>\n\n\n\n<hr class=\"wp-block-separator has-css-opacity is-style-dots\"\/>\n\n\n\n<p>Isa\u00edas est\u00e1 profetizando a la naci\u00f3n de Israel y, justo antes de este pasaje, les dice que no consulten a los m\u00e9diums y espiritistas -\u2013 que s\u00f3lo conducir\u00e1n a la oscuridad y a la confusi\u00f3n. Declara que algo (o alguien) surgir\u00e1 de Galilea para encender la luz.<\/p>\n\n\n\n<blockquote class=\"wp-block-quote is-layout-flow wp-block-quote-is-layout-flow\">\n<p>A pesar de todo, no habr\u00e1 m\u00e1s penumbra para la que estuvo angustiada. En el pasado Dios humill\u00f3 a la tierra de Zabul\u00f3n y a la tierra de Neftal\u00ed; pero en el futuro honrar\u00e1 a Galilea, tierra de paganos, en el camino del mar, al otro lado del Jord\u00e1n. <br><br>El pueblo que andaba en la oscuridad<br>&nbsp;&nbsp;&nbsp;&nbsp;ha visto una gran luz;<br>sobre los que viv\u00edan en densas tinieblas<br>&nbsp;&nbsp;&nbsp;&nbsp;la luz ha resplandecido.<\/p>\n<cite><strong><strong>Isa\u00edas 9:1-2 (NVICST)<\/strong><\/strong><\/cite><\/blockquote>\n\n\n\n<p>Para los que vivimos en comunidades cristianas, es f\u00e1cil dar por sentado nuestro acceso a la voz de Dios a trav\u00e9s de la biblia, nuestras reuniones del domingo o incluso aplicaciones como Lectio 365. Pero cada vez m\u00e1s las culturas de la mayor\u00eda de nuestras naciones son post-cristianas, sin un marco b\u00edblico para entender el mundo. Muchos llevan su hambre espiritual a los m\u00e9diums y espiritistas de hoy en d\u00eda, y en consecuencia luchan en la oscuridad.&nbsp;<\/p>\n\n\n\n<div style=\"height:59px\" aria-hidden=\"true\" class=\"wp-block-spacer\"><\/div>\n\n\n\n<h3 class=\"wp-block-heading\" id=\"apelar-pedir\"><strong>Apelar \/ Pedir<\/strong><\/h3>\n\n\n\n<p>Tomo unos momentos de tranquilidad y silencio, y me imagino en mi mente mi mundo interior. \u00bfEstoy llena de luz? \u00bfHay focos de oscuridad, o sombras dentro de m\u00ed? Mientras invito a Jes\u00fas, la luz del mundo, a que venga y me llene, imagino que la luz se filtra en cada grieta y hendidura de mi coraz\u00f3n.<\/p>\n\n\n\n<hr class=\"wp-block-separator has-css-opacity is-style-dots\"\/>\n\n\n\n<h5 class=\"has-text-align-center wp-block-heading\" id=\"haz-una-pausa-y-ora\"><em>Haz una pausa y ora<\/em><\/h5>\n\n\n\n<hr class=\"wp-block-separator has-css-opacity is-style-dots\"\/>\n\n\n\n<p><em>Jes\u00fas, te pido por los que se debaten en la oscuridad y la angustia, en particular por los que se adentran en la nueva era y en las pr\u00e1cticas ocultas, buscando alguna forma de realidad y poder espiritual en sus vidas. Rev\u00e9late a ellos y haz brillar tu luz y tu amor sobre sus vidas.<\/em><\/p>\n\n\n\n<hr class=\"wp-block-separator has-css-opacity is-style-dots\"\/>\n\n\n\n<h5 class=\"has-text-align-center wp-block-heading\" id=\"haz-una-pausa-y-ora\"><em>Haz una pausa y ora<\/em><\/h5>\n\n\n\n<hr class=\"wp-block-separator has-css-opacity is-style-dots\"\/>\n\n\n\n<h3 class=\"wp-block-heading\" id=\"apelar-pedir\"><strong>Rendirse<\/strong><\/h3>\n\n\n\n<p>Al volver al pasaje, abro mis o\u00eddos para escuchar tu Palabra, y mi coraz\u00f3n para rendirme a tu voluntad una vez m\u00e1s\u2026<\/p>\n\n\n\n<blockquote class=\"wp-block-quote is-layout-flow wp-block-quote-is-layout-flow\">\n<p>A pesar de todo, no habr\u00e1 m\u00e1s penumbra para la que estuvo angustiada. En el pasado Dios humill\u00f3 a la tierra de Zabul\u00f3n y a la tierra de Neftal\u00ed; pero en el futuro honrar\u00e1 a Galilea, tierra de paganos, en el camino del mar, al otro lado del Jord\u00e1n.<\/p>\n\n\n\n<p>El pueblo que andaba en la oscuridad<br>&nbsp;&nbsp;&nbsp;&nbsp;ha visto una gran luz;<br>sobre los que viv\u00edan en densas tinieblas<br>&nbsp;&nbsp;&nbsp;&nbsp;la luz ha resplandecido.<\/p>\n<cite><strong><strong><strong>Isa\u00edas 9:1-2 (NVICST)<\/strong><\/strong><\/strong><\/cite><\/blockquote>\n\n\n\n<p>Jes\u00fas aludi\u00f3 a este pasaje cuando dijo pol\u00e9micamente de s\u00ed mismo: \u2018Yo soy la luz del mundo. El que me sigue no andar\u00e1 en tinieblas, sino que tendr\u00e1 la luz de la vida\u2019. (Juan 8:12). Me pregunto c\u00f3mo se sorprendieron sus disc\u00edpulos cuando se volvi\u00f3 hacia ellos, se\u00f1al\u00f3 y dijo: \u2018Vosotros sois la luz del mundo\u2019. (Mateo 5:14).<\/p>\n\n\n\n<hr class=\"wp-block-separator has-css-opacity is-style-dots\"\/>\n\n\n\n<h5 class=\"has-text-align-center wp-block-heading\" id=\"haz-una-pausa-y-ora\"><em>Haz una pausa y ora<\/em><\/h5>\n\n\n\n<hr class=\"wp-block-separator has-css-opacity is-style-dots\"\/>\n\n\n\n<h3 class=\"wp-block-heading\" id=\"apelar-pedir\"><strong><strong>Oraci\u00f3n de rendici\u00f3n<\/strong><\/strong><\/h3>\n\n\n\n<p><em><em>Jes\u00fas, luz del mundo, me rindo a tu invitaci\u00f3n de estar llena de luz. Que mi luz brille hoy delante de otros, para que vean buenas obras y glorifiquen a nuestro Padre en el cielo. <\/em>(Mateo 5:16).<\/em><\/p>\n\n\n\n<div style=\"height:59px\" aria-hidden=\"true\" class=\"wp-block-spacer\"><\/div>\n\n\n\n<h3 class=\"wp-block-heading\" id=\"apelar-pedir\"><strong><strong><strong>Promesa de rendici\u00f3n<\/strong><\/strong><\/strong><\/h3>\n\n\n\n<p>Y ahora, mientras me preparo para llevar este tiempo de oraci\u00f3n al d\u00eda que tengo por delante, el Se\u00f1or, que me ama dice en 2 Samuel:&nbsp;<\/p>\n\n\n\n<blockquote class=\"wp-block-quote is-layout-flow wp-block-quote-is-layout-flow\">\n<p>T\u00fa,&nbsp;Se\u00f1or, eres mi l\u00e1mpara;<br> &nbsp;&nbsp;&nbsp;&nbsp;t\u00fa,&nbsp;Se\u00f1or, iluminas mis tinieblas.<\/p>\n<cite><strong><strong>2 Samuel 22:29 (NVICST)<\/strong><\/strong><\/cite><\/blockquote>\n\n\n\n<h3 class=\"wp-block-heading\" id=\"apelar-pedir\"><strong><strong><strong><strong><em>Oraci\u00f3n para terminar<\/em><\/strong><\/strong><\/strong><\/strong><\/h3>\n\n\n\n<p><strong><em>Padre, ay\u00fadame a vivir este d\u00eda al m\u00e1ximo,<\/em><\/strong><br><strong><em>siendo aut\u00e9ntica contigo en todo.<\/em><\/strong><br><strong><em>Jes\u00fas, ay\u00fadame a darme a los dem\u00e1s,&nbsp;<\/em><\/strong><br><strong><em>siendo amable con toda la gente con la que me encuentre.<\/em><\/strong><br><strong><em>Esp\u00edritu, ay\u00fadame a amar a la gente que se encuentra perdida,<\/em><\/strong><br><strong><em>proclamando a Cristo en todo lo que digo y hago.<\/em><\/strong><br><strong><em>Am\u00e9n.<\/em><\/strong><\/p>\n\n\n\n<p><\/p>\n","protected":false},"excerpt":{"rendered":"<p>Hoy es martes, 29 de noviembre, y esta semana nos estamos preparando para celebrar el nacimiento de Jes\u00fas, escuchando las voces de los profetas seg\u00fan describen la llegada del Mes\u00edas.&nbsp; Juntos vamos a orar (O.R.A.R.) de forma muy sencilla cada d\u00eda \u2013 \u2018O\u2019: estar quietos para OBSERVAR. \u2018R\u2019: REGOCIJARSE con un Salmo y meditar en [&hellip;]<\/p>\n","protected":false},"author":216,"featured_media":35192,"comment_status":"closed","ping_status":"open","sticky":false,"template":"","format":"standard","meta":{"_acf_changed":false,"inline_featured_image":false,"footnotes":""},"categories":[206],"tags":[],"author_slug":[370],"blog_series":[518],"topic":[353],"class_list":["post-35195","post","type-post","status-publish","format-standard","has-post-thumbnail","hentry","category-blog-es","author_slug-oracion-24-7","blog_series-voces-de-adviento","topic-orar"],"acf":[],"yoast_head":"<!-- This site is optimized with the Yoast SEO plugin v27.4 - https:\/\/yoast.com\/product\/yoast-seo-wordpress\/ -->\n<title>\u00a1Enciende la luz!<\/title>\n<meta name=\"description\" content=\"Hoy es martes, 29 de noviembre, y esta semana nos estamos preparando para celebrar el nacimiento de Jes\u00fas, escuchando las voces de los profetas seg\u00fan describen la llegada del Mes\u00edas.\u00a0\" \/>\n<meta name=\"robots\" content=\"index, follow, max-snippet:-1, max-image-preview:large, max-video-preview:-1\" \/>\n<link rel=\"canonical\" href=\"https:\/\/www.24-7prayer.com\/es\/enciende-una-luz\/\" \/>\n<meta property=\"og:locale\" content=\"es_ES\" \/>\n<meta property=\"og:type\" content=\"article\" \/>\n<meta property=\"og:title\" content=\"\u00a1Enciende la luz!\" \/>\n<meta property=\"og:description\" content=\"Hoy es martes, 29 de noviembre, y esta semana nos estamos preparando para celebrar el nacimiento de Jes\u00fas, escuchando las voces de los profetas seg\u00fan describen la llegada del Mes\u00edas.\u00a0\" \/>\n<meta property=\"og:url\" content=\"https:\/\/www.24-7prayer.com\/es\/enciende-una-luz\/\" \/>\n<meta property=\"og:site_name\" content=\"24-7 Prayer International\" \/>\n<meta property=\"article:published_time\" content=\"2022-11-29T05:00:00+00:00\" \/>\n<meta property=\"article:modified_time\" content=\"2022-11-29T08:46:40+00:00\" \/>\n<meta property=\"og:image\" content=\"https:\/\/www.24-7prayer.com\/wp-content\/uploads\/2022\/11\/365-voces-de-adviento-sin-txt.jpg\" \/>\n\t<meta property=\"og:image:width\" content=\"1080\" \/>\n\t<meta property=\"og:image:height\" content=\"1080\" \/>\n\t<meta property=\"og:image:type\" content=\"image\/jpeg\" \/>\n<meta name=\"author\" content=\"aitor@oracion24-7.com\" \/>\n<meta name=\"twitter:card\" content=\"summary_large_image\" \/>\n<script type=\"application\/ld+json\" class=\"yoast-schema-graph\">{\"@context\":\"https:\\\/\\\/schema.org\",\"@graph\":[{\"@type\":\"Article\",\"@id\":\"https:\\\/\\\/www.24-7prayer.com\\\/es\\\/enciende-una-luz\\\/#article\",\"isPartOf\":{\"@id\":\"https:\\\/\\\/www.24-7prayer.com\\\/es\\\/enciende-una-luz\\\/\"},\"author\":{\"name\":\"aitor@oracion24-7.com\",\"@id\":\"https:\\\/\\\/www.24-7prayer.com\\\/es\\\/#\\\/schema\\\/person\\\/cea924691d05af4dfa35da709e7ede7d\"},\"headline\":\"\u00a1Enciende la luz!\",\"datePublished\":\"2022-11-29T05:00:00+00:00\",\"dateModified\":\"2022-11-29T08:46:40+00:00\",\"mainEntityOfPage\":{\"@id\":\"https:\\\/\\\/www.24-7prayer.com\\\/es\\\/enciende-una-luz\\\/\"},\"wordCount\":996,\"publisher\":{\"@id\":\"https:\\\/\\\/www.24-7prayer.com\\\/es\\\/#organization\"},\"image\":{\"@id\":\"https:\\\/\\\/www.24-7prayer.com\\\/es\\\/enciende-una-luz\\\/#primaryimage\"},\"thumbnailUrl\":\"https:\\\/\\\/www.24-7prayer.com\\\/wp-content\\\/uploads\\\/2022\\\/11\\\/365-voces-de-adviento-sin-txt.jpg\",\"articleSection\":[\"Blogs\"],\"inLanguage\":\"es\"},{\"@type\":\"WebPage\",\"@id\":\"https:\\\/\\\/www.24-7prayer.com\\\/es\\\/enciende-una-luz\\\/\",\"url\":\"https:\\\/\\\/www.24-7prayer.com\\\/es\\\/enciende-una-luz\\\/\",\"name\":\"\u00a1Enciende la luz!\",\"isPartOf\":{\"@id\":\"https:\\\/\\\/www.24-7prayer.com\\\/es\\\/#website\"},\"primaryImageOfPage\":{\"@id\":\"https:\\\/\\\/www.24-7prayer.com\\\/es\\\/enciende-una-luz\\\/#primaryimage\"},\"image\":{\"@id\":\"https:\\\/\\\/www.24-7prayer.com\\\/es\\\/enciende-una-luz\\\/#primaryimage\"},\"thumbnailUrl\":\"https:\\\/\\\/www.24-7prayer.com\\\/wp-content\\\/uploads\\\/2022\\\/11\\\/365-voces-de-adviento-sin-txt.jpg\",\"datePublished\":\"2022-11-29T05:00:00+00:00\",\"dateModified\":\"2022-11-29T08:46:40+00:00\",\"description\":\"Hoy es martes, 29 de noviembre, y esta semana nos estamos preparando para celebrar el nacimiento de Jes\u00fas, escuchando las voces de los profetas seg\u00fan describen la llegada del Mes\u00edas.\u00a0\",\"breadcrumb\":{\"@id\":\"https:\\\/\\\/www.24-7prayer.com\\\/es\\\/enciende-una-luz\\\/#breadcrumb\"},\"inLanguage\":\"es\",\"potentialAction\":[{\"@type\":\"ReadAction\",\"target\":[\"https:\\\/\\\/www.24-7prayer.com\\\/es\\\/enciende-una-luz\\\/\"]}]},{\"@type\":\"ImageObject\",\"inLanguage\":\"es\",\"@id\":\"https:\\\/\\\/www.24-7prayer.com\\\/es\\\/enciende-una-luz\\\/#primaryimage\",\"url\":\"https:\\\/\\\/www.24-7prayer.com\\\/wp-content\\\/uploads\\\/2022\\\/11\\\/365-voces-de-adviento-sin-txt.jpg\",\"contentUrl\":\"https:\\\/\\\/www.24-7prayer.com\\\/wp-content\\\/uploads\\\/2022\\\/11\\\/365-voces-de-adviento-sin-txt.jpg\",\"width\":1080,\"height\":1080},{\"@type\":\"BreadcrumbList\",\"@id\":\"https:\\\/\\\/www.24-7prayer.com\\\/es\\\/enciende-una-luz\\\/#breadcrumb\",\"itemListElement\":[{\"@type\":\"ListItem\",\"position\":1,\"name\":\"Home\",\"item\":\"https:\\\/\\\/www.24-7prayer.com\\\/es\\\/\"},{\"@type\":\"ListItem\",\"position\":2,\"name\":\"\u00a1Enciende la luz!\"}]},{\"@type\":\"WebSite\",\"@id\":\"https:\\\/\\\/www.24-7prayer.com\\\/es\\\/#website\",\"url\":\"https:\\\/\\\/www.24-7prayer.com\\\/es\\\/\",\"name\":\"24-7 Prayer International\",\"description\":\"Prayer Mission Justice\",\"publisher\":{\"@id\":\"https:\\\/\\\/www.24-7prayer.com\\\/es\\\/#organization\"},\"potentialAction\":[{\"@type\":\"SearchAction\",\"target\":{\"@type\":\"EntryPoint\",\"urlTemplate\":\"https:\\\/\\\/www.24-7prayer.com\\\/es\\\/?s={search_term_string}\"},\"query-input\":{\"@type\":\"PropertyValueSpecification\",\"valueRequired\":true,\"valueName\":\"search_term_string\"}}],\"inLanguage\":\"es\"},{\"@type\":\"Organization\",\"@id\":\"https:\\\/\\\/www.24-7prayer.com\\\/es\\\/#organization\",\"name\":\"24-7 Prayer\",\"url\":\"https:\\\/\\\/www.24-7prayer.com\\\/es\\\/\",\"logo\":{\"@type\":\"ImageObject\",\"inLanguage\":\"es\",\"@id\":\"https:\\\/\\\/www.24-7prayer.com\\\/es\\\/#\\\/schema\\\/logo\\\/image\\\/\",\"url\":\"https:\\\/\\\/www.24-7prayer.com\\\/wp-content\\\/uploads\\\/2022\\\/06\\\/logo.png\",\"contentUrl\":\"https:\\\/\\\/www.24-7prayer.com\\\/wp-content\\\/uploads\\\/2022\\\/06\\\/logo.png\",\"width\":302,\"height\":49,\"caption\":\"24-7 Prayer\"},\"image\":{\"@id\":\"https:\\\/\\\/www.24-7prayer.com\\\/es\\\/#\\\/schema\\\/logo\\\/image\\\/\"}},{\"@type\":\"Person\",\"@id\":\"https:\\\/\\\/www.24-7prayer.com\\\/es\\\/#\\\/schema\\\/person\\\/cea924691d05af4dfa35da709e7ede7d\",\"name\":\"aitor@oracion24-7.com\",\"image\":{\"@type\":\"ImageObject\",\"inLanguage\":\"es\",\"@id\":\"https:\\\/\\\/secure.gravatar.com\\\/avatar\\\/e67a3b0c8e0d52ee179e9f94d3d54543d229c4da1d7def06a61faccb28313f0a?s=96&d=mm&r=g\",\"url\":\"https:\\\/\\\/secure.gravatar.com\\\/avatar\\\/e67a3b0c8e0d52ee179e9f94d3d54543d229c4da1d7def06a61faccb28313f0a?s=96&d=mm&r=g\",\"contentUrl\":\"https:\\\/\\\/secure.gravatar.com\\\/avatar\\\/e67a3b0c8e0d52ee179e9f94d3d54543d229c4da1d7def06a61faccb28313f0a?s=96&d=mm&r=g\",\"caption\":\"aitor@oracion24-7.com\"},\"url\":\"https:\\\/\\\/www.24-7prayer.com\\\/es\\\/author\\\/aitororacion24-7-com\\\/\"}]}<\/script>\n<!-- \/ Yoast SEO plugin. -->","yoast_head_json":{"title":"\u00a1Enciende la luz!","description":"Hoy es martes, 29 de noviembre, y esta semana nos estamos preparando para celebrar el nacimiento de Jes\u00fas, escuchando las voces de los profetas seg\u00fan describen la llegada del Mes\u00edas.\u00a0","robots":{"index":"index","follow":"follow","max-snippet":"max-snippet:-1","max-image-preview":"max-image-preview:large","max-video-preview":"max-video-preview:-1"},"canonical":"https:\/\/www.24-7prayer.com\/es\/enciende-una-luz\/","og_locale":"es_ES","og_type":"article","og_title":"\u00a1Enciende la luz!","og_description":"Hoy es martes, 29 de noviembre, y esta semana nos estamos preparando para celebrar el nacimiento de Jes\u00fas, escuchando las voces de los profetas seg\u00fan describen la llegada del Mes\u00edas.\u00a0","og_url":"https:\/\/www.24-7prayer.com\/es\/enciende-una-luz\/","og_site_name":"24-7 Prayer International","article_published_time":"2022-11-29T05:00:00+00:00","article_modified_time":"2022-11-29T08:46:40+00:00","og_image":[{"width":1080,"height":1080,"url":"https:\/\/www.24-7prayer.com\/wp-content\/uploads\/2022\/11\/365-voces-de-adviento-sin-txt.jpg","type":"image\/jpeg"}],"author":"aitor@oracion24-7.com","twitter_card":"summary_large_image","schema":{"@context":"https:\/\/schema.org","@graph":[{"@type":"Article","@id":"https:\/\/www.24-7prayer.com\/es\/enciende-una-luz\/#article","isPartOf":{"@id":"https:\/\/www.24-7prayer.com\/es\/enciende-una-luz\/"},"author":{"name":"aitor@oracion24-7.com","@id":"https:\/\/www.24-7prayer.com\/es\/#\/schema\/person\/cea924691d05af4dfa35da709e7ede7d"},"headline":"\u00a1Enciende la luz!","datePublished":"2022-11-29T05:00:00+00:00","dateModified":"2022-11-29T08:46:40+00:00","mainEntityOfPage":{"@id":"https:\/\/www.24-7prayer.com\/es\/enciende-una-luz\/"},"wordCount":996,"publisher":{"@id":"https:\/\/www.24-7prayer.com\/es\/#organization"},"image":{"@id":"https:\/\/www.24-7prayer.com\/es\/enciende-una-luz\/#primaryimage"},"thumbnailUrl":"https:\/\/www.24-7prayer.com\/wp-content\/uploads\/2022\/11\/365-voces-de-adviento-sin-txt.jpg","articleSection":["Blogs"],"inLanguage":"es"},{"@type":"WebPage","@id":"https:\/\/www.24-7prayer.com\/es\/enciende-una-luz\/","url":"https:\/\/www.24-7prayer.com\/es\/enciende-una-luz\/","name":"\u00a1Enciende la luz!","isPartOf":{"@id":"https:\/\/www.24-7prayer.com\/es\/#website"},"primaryImageOfPage":{"@id":"https:\/\/www.24-7prayer.com\/es\/enciende-una-luz\/#primaryimage"},"image":{"@id":"https:\/\/www.24-7prayer.com\/es\/enciende-una-luz\/#primaryimage"},"thumbnailUrl":"https:\/\/www.24-7prayer.com\/wp-content\/uploads\/2022\/11\/365-voces-de-adviento-sin-txt.jpg","datePublished":"2022-11-29T05:00:00+00:00","dateModified":"2022-11-29T08:46:40+00:00","description":"Hoy es martes, 29 de noviembre, y esta semana nos estamos preparando para celebrar el nacimiento de Jes\u00fas, escuchando las voces de los profetas seg\u00fan describen la llegada del Mes\u00edas.\u00a0","breadcrumb":{"@id":"https:\/\/www.24-7prayer.com\/es\/enciende-una-luz\/#breadcrumb"},"inLanguage":"es","potentialAction":[{"@type":"ReadAction","target":["https:\/\/www.24-7prayer.com\/es\/enciende-una-luz\/"]}]},{"@type":"ImageObject","inLanguage":"es","@id":"https:\/\/www.24-7prayer.com\/es\/enciende-una-luz\/#primaryimage","url":"https:\/\/www.24-7prayer.com\/wp-content\/uploads\/2022\/11\/365-voces-de-adviento-sin-txt.jpg","contentUrl":"https:\/\/www.24-7prayer.com\/wp-content\/uploads\/2022\/11\/365-voces-de-adviento-sin-txt.jpg","width":1080,"height":1080},{"@type":"BreadcrumbList","@id":"https:\/\/www.24-7prayer.com\/es\/enciende-una-luz\/#breadcrumb","itemListElement":[{"@type":"ListItem","position":1,"name":"Home","item":"https:\/\/www.24-7prayer.com\/es\/"},{"@type":"ListItem","position":2,"name":"\u00a1Enciende la luz!"}]},{"@type":"WebSite","@id":"https:\/\/www.24-7prayer.com\/es\/#website","url":"https:\/\/www.24-7prayer.com\/es\/","name":"24-7 Prayer International","description":"Prayer Mission Justice","publisher":{"@id":"https:\/\/www.24-7prayer.com\/es\/#organization"},"potentialAction":[{"@type":"SearchAction","target":{"@type":"EntryPoint","urlTemplate":"https:\/\/www.24-7prayer.com\/es\/?s={search_term_string}"},"query-input":{"@type":"PropertyValueSpecification","valueRequired":true,"valueName":"search_term_string"}}],"inLanguage":"es"},{"@type":"Organization","@id":"https:\/\/www.24-7prayer.com\/es\/#organization","name":"24-7 Prayer","url":"https:\/\/www.24-7prayer.com\/es\/","logo":{"@type":"ImageObject","inLanguage":"es","@id":"https:\/\/www.24-7prayer.com\/es\/#\/schema\/logo\/image\/","url":"https:\/\/www.24-7prayer.com\/wp-content\/uploads\/2022\/06\/logo.png","contentUrl":"https:\/\/www.24-7prayer.com\/wp-content\/uploads\/2022\/06\/logo.png","width":302,"height":49,"caption":"24-7 Prayer"},"image":{"@id":"https:\/\/www.24-7prayer.com\/es\/#\/schema\/logo\/image\/"}},{"@type":"Person","@id":"https:\/\/www.24-7prayer.com\/es\/#\/schema\/person\/cea924691d05af4dfa35da709e7ede7d","name":"aitor@oracion24-7.com","image":{"@type":"ImageObject","inLanguage":"es","@id":"https:\/\/secure.gravatar.com\/avatar\/e67a3b0c8e0d52ee179e9f94d3d54543d229c4da1d7def06a61faccb28313f0a?s=96&d=mm&r=g","url":"https:\/\/secure.gravatar.com\/avatar\/e67a3b0c8e0d52ee179e9f94d3d54543d229c4da1d7def06a61faccb28313f0a?s=96&d=mm&r=g","contentUrl":"https:\/\/secure.gravatar.com\/avatar\/e67a3b0c8e0d52ee179e9f94d3d54543d229c4da1d7def06a61faccb28313f0a?s=96&d=mm&r=g","caption":"aitor@oracion24-7.com"},"url":"https:\/\/www.24-7prayer.com\/es\/author\/aitororacion24-7-com\/"}]}},"_links":{"self":[{"href":"https:\/\/www.24-7prayer.com\/es\/wp-json\/wp\/v2\/posts\/35195","targetHints":{"allow":["GET"]}}],"collection":[{"href":"https:\/\/www.24-7prayer.com\/es\/wp-json\/wp\/v2\/posts"}],"about":[{"href":"https:\/\/www.24-7prayer.com\/es\/wp-json\/wp\/v2\/types\/post"}],"author":[{"embeddable":true,"href":"https:\/\/www.24-7prayer.com\/es\/wp-json\/wp\/v2\/users\/216"}],"replies":[{"embeddable":true,"href":"https:\/\/www.24-7prayer.com\/es\/wp-json\/wp\/v2\/comments?post=35195"}],"version-history":[{"count":9,"href":"https:\/\/www.24-7prayer.com\/es\/wp-json\/wp\/v2\/posts\/35195\/revisions"}],"predecessor-version":[{"id":35261,"href":"https:\/\/www.24-7prayer.com\/es\/wp-json\/wp\/v2\/posts\/35195\/revisions\/35261"}],"wp:featuredmedia":[{"embeddable":true,"href":"https:\/\/www.24-7prayer.com\/es\/wp-json\/wp\/v2\/media\/35192"}],"wp:attachment":[{"href":"https:\/\/www.24-7prayer.com\/es\/wp-json\/wp\/v2\/media?parent=35195"}],"wp:term":[{"taxonomy":"category","embeddable":true,"href":"https:\/\/www.24-7prayer.com\/es\/wp-json\/wp\/v2\/categories?post=35195"},{"taxonomy":"post_tag","embeddable":true,"href":"https:\/\/www.24-7prayer.com\/es\/wp-json\/wp\/v2\/tags?post=35195"},{"taxonomy":"author_slug","embeddable":true,"href":"https:\/\/www.24-7prayer.com\/es\/wp-json\/wp\/v2\/author_slug?post=35195"},{"taxonomy":"blog_series","embeddable":true,"href":"https:\/\/www.24-7prayer.com\/es\/wp-json\/wp\/v2\/blog_series?post=35195"},{"taxonomy":"topic","embeddable":true,"href":"https:\/\/www.24-7prayer.com\/es\/wp-json\/wp\/v2\/topic?post=35195"}],"curies":[{"name":"wp","href":"https:\/\/api.w.org\/{rel}","templated":true}]}}