{"id":34961,"date":"2022-11-27T05:00:00","date_gmt":"2022-11-27T05:00:00","guid":{"rendered":"https:\/\/www.24-7prayer.com\/?p=34961"},"modified":"2022-11-28T07:43:51","modified_gmt":"2022-11-28T07:43:51","slug":"primer-domingo-de-adviento","status":"publish","type":"post","link":"https:\/\/www.24-7prayer.com\/es\/primer-domingo-de-adviento\/","title":{"rendered":"Primer Domingo de Adviento"},"content":{"rendered":"\n<div class=\"wp-block-buttons is-content-justification-center is-layout-flex wp-container-core-buttons-is-layout-a89b3969 wp-block-buttons-is-layout-flex\"><\/div>\n\n\n\n<iframe loading=\"lazy\" src=\"https:\/\/anchor.fm\/oracion247\/embed\/episodes\/Primer-domingo-de-Adviento-I-Voces-de-Adviento-I-Lectio-365-e1rac2a\" height=\"102px\" width=\"100%\" frameborder=\"0\" scrolling=\"no\"><\/iframe>\n\n\n\n<p>Hoy es domingo, 27 de noviembre, el primer Domingo de Adviento y el comienzo de una nueva serie de Lectio 365 llamada<em>: Voces de Adviento<\/em>. Juntos, mientras nos preparamos para celebrar la llegada de Jes\u00fas en Navidad, estaremos atentos a las voces que dan paso a su venida, mientras oramos con profetas, madres, pastores, viudas, los Magos de Oriente, sacerdotes y \u00e1ngeles.<br><br>Este ha sido un a\u00f1o excepcionalmente tumultuoso, lleno de peligros e incertidumbres inesperadas. Pero hoy, en este Sabbat de Adviento, aparto cualquier pensamiento que me produzca ansiedad y, haciendo una pausa para estar quieto, oro las palabras del Salmo 85\u2026<\/p>\n\n\n\n<blockquote class=\"wp-block-quote is-layout-flow wp-block-quote-is-layout-flow\">\n<p>Mu\u00e9stranos,&nbsp;Se\u00f1or, tu amor inagotable,<br>&nbsp;&nbsp;&nbsp;&nbsp;y conc\u00e9denos tu salvaci\u00f3n.<br>Voy a escuchar lo que Dios el&nbsp;Se\u00f1or&nbsp;dice:<br>&nbsp;&nbsp;&nbsp;&nbsp;\u00e9l promete paz a su pueblo\u2026<\/p>\n<cite><strong>Salmo 85:7-8 (NVICST)<\/strong><\/cite><\/blockquote>\n\n\n\n<p>Y por lo tanto, preparo mi coraz\u00f3n para la venida de Cristo.<\/p>\n\n\n\n<hr class=\"wp-block-separator has-css-opacity is-style-dots\"\/>\n\n\n\n<h5 class=\"has-text-align-center wp-block-heading\" id=\"haz-una-pausa-y-ora\"><em>Haz una pausa y ora<\/em><\/h5>\n\n\n\n<hr class=\"wp-block-separator has-css-opacity is-style-dots\"\/>\n\n\n\n<p>En el libro de Apocalipsis, Juan escribe:&nbsp;<\/p>\n\n\n\n<blockquote class=\"wp-block-quote is-layout-flow wp-block-quote-is-layout-flow\">\n<p>\u2026 y en el cielo resonaron fuertes voces que dec\u00edan: <br>\u00abEl reino del mundo ha pasado a ser de nuestro Se\u00f1or y de su Cristo,<br> &nbsp;&nbsp;&nbsp;&nbsp;y \u00e9l reinar\u00e1 por los siglos de los siglos\u00bb.<\/p>\n<cite><strong><strong><strong>Apocalipsis&nbsp; 11:15 (NVICST)<\/strong><\/strong><\/strong><\/cite><\/blockquote>\n\n\n\n<blockquote class=\"wp-block-quote is-layout-flow wp-block-quote-is-layout-flow\">\n<p>O\u00ed una potente voz que proven\u00eda del trono y dec\u00eda: \u00ab\u00a1Aqu\u00ed, entre los seres humanos, est\u00e1 la morada de Dios! \u00c9l acampar\u00e1 en medio de ellos, y ellos ser\u00e1n su pueblo; Dios mismo estar\u00e1 con ellos y ser\u00e1 su Dios.&nbsp;\u00c9l les enjugar\u00e1 toda l\u00e1grima de los ojos. Ya no habr\u00e1 muerte, ni llanto, ni lamento ni dolor, porque las primeras cosas han dejado de existir\u00bb. <br>El que estaba sentado en el trono dijo: \u00ab\u00a1Yo hago nuevas todas las cosas!\u00bb Y a\u00f1adi\u00f3: \u00abEscribe, porque estas palabras son verdaderas y dignas de confianza\u00bb.<\/p>\n<cite><strong>Apocalipsis 21:3-5 (NVICST)<\/strong><\/cite><\/blockquote>\n\n\n\n<p>La \u00e9poca de Adviento es una \u00e9poca de esperar y desear, y de anhelar llenos de esperanza mientras invitamos a Cristo a venir de nuevo a nuestras vidas y a nuestro hermoso pero roto mundo. Me detengo ahora para escuchar una vez m\u00e1s esa voz del cielo que dice:<br><br>\u00a1Yo hago nuevas todas las cosas!<\/p>\n\n\n\n<hr class=\"wp-block-separator has-css-opacity is-style-dots\"\/>\n\n\n\n<h5 class=\"has-text-align-center wp-block-heading\" id=\"haz-una-pausa-y-ora\"><em>Haz una pausa y ora<\/em><\/h5>\n\n\n\n<hr class=\"wp-block-separator has-css-opacity is-style-dots\"\/>\n\n\n\n<p>El mundo es un bullicio de voces que compiten entre s\u00ed, mientras que desde el trono celestial llega una voz que corta todo el preocupante parloteo de la tierra:<br><br>\u00a1Yo hago nuevas todas las cosas!<\/p>\n\n\n\n<hr class=\"wp-block-separator has-css-opacity is-style-dots\"\/>\n\n\n\n<h5 class=\"has-text-align-center wp-block-heading\" id=\"haz-una-pausa-y-ora\"><em>Haz una pausa y ora<\/em><\/h5>\n\n\n\n<hr class=\"wp-block-separator has-css-opacity is-style-dots\"\/>\n\n\n\n<p>Volviendo la atenci\u00f3n a mi propio coraz\u00f3n, me doy cuenta de mis miedos, debilidades y de la ruptura de mis pensamientos, palabras y acciones. <em>Se\u00f1or, me vuelvo a ti una vez m\u00e1s y escucho tu promesa:<\/em><br><br>\u00a1Yo hago nuevas todas las cosas!<\/p>\n\n\n\n<hr class=\"wp-block-separator has-css-opacity is-style-dots\"\/>\n\n\n\n<h5 class=\"has-text-align-center wp-block-heading\" id=\"haz-una-pausa-y-ora\"><em>Haz una pausa y ora<\/em><\/h5>\n\n\n\n<hr class=\"wp-block-separator has-css-opacity is-style-dots\"\/>\n\n\n\n<p><em>Pienso ahora en las necesidades de mi comunidad y de mi naci\u00f3n. Se\u00f1or, te pido por los que han sido profundamente afectados por la guerra: por los refugiados, los desplazados y los traumatizados. Oro por todos los que tienen dificultades econ\u00f3micas desesperadas. Y oro por nuestro gobierno, para que act\u00fae con gran sabidur\u00eda en estos tiempos dif\u00edciles. Pero m\u00e1s all\u00e1 de todos estos problemas, escucho tu fuerte voz de esperanza, que declara:<\/em><br><br>\u00a1Yo hago nuevas todas las cosas!<\/p>\n\n\n\n<hr class=\"wp-block-separator has-css-opacity is-style-dots\"\/>\n\n\n\n<h5 class=\"has-text-align-center wp-block-heading\" id=\"haz-una-pausa-y-ora\"><em>Haz una pausa y ora<\/em><\/h5>\n\n\n\n<hr class=\"wp-block-separator has-css-opacity is-style-dots\"\/>\n\n\n\n<p><em>Por \u00faltimo, Se\u00f1or, te pido por las naciones del mundo, especialmente por las que est\u00e1n atrapadas en conflictos y guerras. En este tiempo de Adviento te pido que vengas, Se\u00f1or Jes\u00fas, Pr\u00edncipe de Paz; escucho expectante tu voz desde el trono anunciando:<\/em><br><br>\u00a1Yo hago nuevas todas las cosas!<\/p>\n\n\n\n<hr class=\"wp-block-separator has-css-opacity is-style-dots\"\/>\n\n\n\n<h5 class=\"has-text-align-center wp-block-heading\" id=\"haz-una-pausa-y-ora\"><em>Haz una pausa y ora<\/em><\/h5>\n\n\n\n<hr class=\"wp-block-separator has-css-opacity is-style-dots\"\/>\n\n\n\n<p><em><em>Gracias, Padre, porque enviaste a tu Hijo a salvarnos.<\/em><\/em><br><em>Que la esperanza de Jes\u00fas nazca de nuevo entre nosotros esta Navidad.&nbsp;<\/em><br><br><em>Gracias, Se\u00f1or Jes\u00fas, porque volver\u00e1s de nuevo en gloria.<\/em><br><em>Porque todos los reinos de este mundo ser\u00e1n tu reino.<\/em><br><em>Y porque todo ojo lo ver\u00e1.<\/em><br><em>Anhelamos que vuelvas y hagas todo nuevo.<\/em><\/p>\n\n\n\n<p><em>Gracias, Esp\u00edritu Santo, por llenarme de nuevo.<\/em><br><em>Que la vida de Cristo nazca de nuevo en m\u00ed hoy.<\/em><\/p>\n\n\n\n<h2 class=\"wp-block-heading\"><strong><strong>Bendici\u00f3n del Sabbat<\/strong><\/strong><\/h2>\n\n\n\n<p><strong><em>Que este d\u00eda traiga el descanso del sabbat a mi coraz\u00f3n y a mi casa.<\/em><\/strong><br><strong><em>Que mi paz y mi perspectiva sean renovadas en el ajetreo de esta \u00e9poca.<\/em><\/strong><br><strong><em>Que mi mano est\u00e9 lo suficientemente libre de gastar y adquirir para recibir tu regalo.<\/em><\/strong><br><strong><em>Que un poco del milagro y la magia de la Navidad despierte hoy al ni\u00f1o que llevo dentro.<\/em><\/strong><br><strong><em>Y que la Palabra de Dios me alimente y Su Esp\u00edritu me dirija en esta semana y en la vida que tengo por delante.<\/em><\/strong>*<br><strong><em>Am\u00e9n<\/em><\/strong><\/p>\n\n\n\n<p>*Adaptaci\u00f3n de Sabbath Blessing de  Pete Greig, <a href=\"http:\/\/www.petegreig.info\/\">petegreig.info<\/a>&nbsp;<\/p>\n\n\n\n<p><\/p>\n\n\n\n<p><\/p>\n\n\n\n<p><\/p>\n","protected":false},"excerpt":{"rendered":"<p>Hoy es domingo, 27 de noviembre, el primer Domingo de Adviento y el comienzo de una nueva serie de Lectio 365 llamada: Voces de Adviento. Juntos, mientras nos preparamos para celebrar la llegada de Jes\u00fas en Navidad, estaremos atentos a las voces que dan paso a su venida, mientras oramos con profetas, madres, pastores, viudas, [&hellip;]<\/p>\n","protected":false},"author":216,"featured_media":34754,"comment_status":"closed","ping_status":"open","sticky":false,"template":"","format":"standard","meta":{"_acf_changed":false,"inline_featured_image":false,"footnotes":""},"categories":[206],"tags":[],"author_slug":[370],"blog_series":[518],"topic":[353],"class_list":["post-34961","post","type-post","status-publish","format-standard","has-post-thumbnail","hentry","category-blog-es","author_slug-oracion-24-7","blog_series-voces-de-adviento","topic-orar"],"acf":[],"yoast_head":"<!-- This site is optimized with the Yoast SEO plugin v27.4 - https:\/\/yoast.com\/product\/yoast-seo-wordpress\/ -->\n<title>Primer Domingo de Adviento<\/title>\n<meta name=\"description\" content=\"Hoy es domingo, 27 de noviembre, el primer Domingo de Adviento y el comienzo de una nueva serie de Lectio 365 llamada: Voces de Adviento.\" \/>\n<meta name=\"robots\" content=\"index, follow, max-snippet:-1, max-image-preview:large, max-video-preview:-1\" \/>\n<link rel=\"canonical\" href=\"https:\/\/www.24-7prayer.com\/es\/primer-domingo-de-adviento\/\" \/>\n<meta property=\"og:locale\" content=\"es_ES\" \/>\n<meta property=\"og:type\" content=\"article\" \/>\n<meta property=\"og:title\" content=\"Primer Domingo de Adviento\" \/>\n<meta property=\"og:description\" content=\"Hoy es domingo, 27 de noviembre, el primer Domingo de Adviento y el comienzo de una nueva serie de Lectio 365 llamada: Voces de Adviento.\" \/>\n<meta property=\"og:url\" content=\"https:\/\/www.24-7prayer.com\/es\/primer-domingo-de-adviento\/\" \/>\n<meta property=\"og:site_name\" content=\"24-7 Prayer International\" \/>\n<meta property=\"article:published_time\" content=\"2022-11-27T05:00:00+00:00\" \/>\n<meta property=\"article:modified_time\" content=\"2022-11-28T07:43:51+00:00\" \/>\n<meta property=\"og:image\" content=\"https:\/\/www.24-7prayer.com\/wp-content\/uploads\/2022\/11\/365-adviento-web-2.jpg\" \/>\n\t<meta property=\"og:image:width\" content=\"1920\" \/>\n\t<meta property=\"og:image:height\" content=\"1080\" \/>\n\t<meta property=\"og:image:type\" content=\"image\/jpeg\" \/>\n<meta name=\"author\" content=\"aitor@oracion24-7.com\" \/>\n<meta name=\"twitter:card\" content=\"summary_large_image\" \/>\n<script type=\"application\/ld+json\" class=\"yoast-schema-graph\">{\"@context\":\"https:\\\/\\\/schema.org\",\"@graph\":[{\"@type\":\"Article\",\"@id\":\"https:\\\/\\\/www.24-7prayer.com\\\/es\\\/primer-domingo-de-adviento\\\/#article\",\"isPartOf\":{\"@id\":\"https:\\\/\\\/www.24-7prayer.com\\\/es\\\/primer-domingo-de-adviento\\\/\"},\"author\":{\"name\":\"aitor@oracion24-7.com\",\"@id\":\"https:\\\/\\\/www.24-7prayer.com\\\/es\\\/#\\\/schema\\\/person\\\/cea924691d05af4dfa35da709e7ede7d\"},\"headline\":\"Primer Domingo de Adviento\",\"datePublished\":\"2022-11-27T05:00:00+00:00\",\"dateModified\":\"2022-11-28T07:43:51+00:00\",\"mainEntityOfPage\":{\"@id\":\"https:\\\/\\\/www.24-7prayer.com\\\/es\\\/primer-domingo-de-adviento\\\/\"},\"wordCount\":802,\"publisher\":{\"@id\":\"https:\\\/\\\/www.24-7prayer.com\\\/es\\\/#organization\"},\"image\":{\"@id\":\"https:\\\/\\\/www.24-7prayer.com\\\/es\\\/primer-domingo-de-adviento\\\/#primaryimage\"},\"thumbnailUrl\":\"https:\\\/\\\/www.24-7prayer.com\\\/wp-content\\\/uploads\\\/2022\\\/11\\\/365-adviento-web-2.jpg\",\"articleSection\":[\"Blogs\"],\"inLanguage\":\"es\"},{\"@type\":\"WebPage\",\"@id\":\"https:\\\/\\\/www.24-7prayer.com\\\/es\\\/primer-domingo-de-adviento\\\/\",\"url\":\"https:\\\/\\\/www.24-7prayer.com\\\/es\\\/primer-domingo-de-adviento\\\/\",\"name\":\"Primer Domingo de Adviento\",\"isPartOf\":{\"@id\":\"https:\\\/\\\/www.24-7prayer.com\\\/es\\\/#website\"},\"primaryImageOfPage\":{\"@id\":\"https:\\\/\\\/www.24-7prayer.com\\\/es\\\/primer-domingo-de-adviento\\\/#primaryimage\"},\"image\":{\"@id\":\"https:\\\/\\\/www.24-7prayer.com\\\/es\\\/primer-domingo-de-adviento\\\/#primaryimage\"},\"thumbnailUrl\":\"https:\\\/\\\/www.24-7prayer.com\\\/wp-content\\\/uploads\\\/2022\\\/11\\\/365-adviento-web-2.jpg\",\"datePublished\":\"2022-11-27T05:00:00+00:00\",\"dateModified\":\"2022-11-28T07:43:51+00:00\",\"description\":\"Hoy es domingo, 27 de noviembre, el primer Domingo de Adviento y el comienzo de una nueva serie de Lectio 365 llamada: Voces de Adviento.\",\"breadcrumb\":{\"@id\":\"https:\\\/\\\/www.24-7prayer.com\\\/es\\\/primer-domingo-de-adviento\\\/#breadcrumb\"},\"inLanguage\":\"es\",\"potentialAction\":[{\"@type\":\"ReadAction\",\"target\":[\"https:\\\/\\\/www.24-7prayer.com\\\/es\\\/primer-domingo-de-adviento\\\/\"]}]},{\"@type\":\"ImageObject\",\"inLanguage\":\"es\",\"@id\":\"https:\\\/\\\/www.24-7prayer.com\\\/es\\\/primer-domingo-de-adviento\\\/#primaryimage\",\"url\":\"https:\\\/\\\/www.24-7prayer.com\\\/wp-content\\\/uploads\\\/2022\\\/11\\\/365-adviento-web-2.jpg\",\"contentUrl\":\"https:\\\/\\\/www.24-7prayer.com\\\/wp-content\\\/uploads\\\/2022\\\/11\\\/365-adviento-web-2.jpg\",\"width\":1920,\"height\":1080},{\"@type\":\"BreadcrumbList\",\"@id\":\"https:\\\/\\\/www.24-7prayer.com\\\/es\\\/primer-domingo-de-adviento\\\/#breadcrumb\",\"itemListElement\":[{\"@type\":\"ListItem\",\"position\":1,\"name\":\"Home\",\"item\":\"https:\\\/\\\/www.24-7prayer.com\\\/es\\\/\"},{\"@type\":\"ListItem\",\"position\":2,\"name\":\"Primer Domingo de Adviento\"}]},{\"@type\":\"WebSite\",\"@id\":\"https:\\\/\\\/www.24-7prayer.com\\\/es\\\/#website\",\"url\":\"https:\\\/\\\/www.24-7prayer.com\\\/es\\\/\",\"name\":\"24-7 Prayer International\",\"description\":\"Prayer Mission Justice\",\"publisher\":{\"@id\":\"https:\\\/\\\/www.24-7prayer.com\\\/es\\\/#organization\"},\"potentialAction\":[{\"@type\":\"SearchAction\",\"target\":{\"@type\":\"EntryPoint\",\"urlTemplate\":\"https:\\\/\\\/www.24-7prayer.com\\\/es\\\/?s={search_term_string}\"},\"query-input\":{\"@type\":\"PropertyValueSpecification\",\"valueRequired\":true,\"valueName\":\"search_term_string\"}}],\"inLanguage\":\"es\"},{\"@type\":\"Organization\",\"@id\":\"https:\\\/\\\/www.24-7prayer.com\\\/es\\\/#organization\",\"name\":\"24-7 Prayer\",\"url\":\"https:\\\/\\\/www.24-7prayer.com\\\/es\\\/\",\"logo\":{\"@type\":\"ImageObject\",\"inLanguage\":\"es\",\"@id\":\"https:\\\/\\\/www.24-7prayer.com\\\/es\\\/#\\\/schema\\\/logo\\\/image\\\/\",\"url\":\"https:\\\/\\\/www.24-7prayer.com\\\/wp-content\\\/uploads\\\/2022\\\/06\\\/logo.png\",\"contentUrl\":\"https:\\\/\\\/www.24-7prayer.com\\\/wp-content\\\/uploads\\\/2022\\\/06\\\/logo.png\",\"width\":302,\"height\":49,\"caption\":\"24-7 Prayer\"},\"image\":{\"@id\":\"https:\\\/\\\/www.24-7prayer.com\\\/es\\\/#\\\/schema\\\/logo\\\/image\\\/\"}},{\"@type\":\"Person\",\"@id\":\"https:\\\/\\\/www.24-7prayer.com\\\/es\\\/#\\\/schema\\\/person\\\/cea924691d05af4dfa35da709e7ede7d\",\"name\":\"aitor@oracion24-7.com\",\"image\":{\"@type\":\"ImageObject\",\"inLanguage\":\"es\",\"@id\":\"https:\\\/\\\/secure.gravatar.com\\\/avatar\\\/e67a3b0c8e0d52ee179e9f94d3d54543d229c4da1d7def06a61faccb28313f0a?s=96&d=mm&r=g\",\"url\":\"https:\\\/\\\/secure.gravatar.com\\\/avatar\\\/e67a3b0c8e0d52ee179e9f94d3d54543d229c4da1d7def06a61faccb28313f0a?s=96&d=mm&r=g\",\"contentUrl\":\"https:\\\/\\\/secure.gravatar.com\\\/avatar\\\/e67a3b0c8e0d52ee179e9f94d3d54543d229c4da1d7def06a61faccb28313f0a?s=96&d=mm&r=g\",\"caption\":\"aitor@oracion24-7.com\"},\"url\":\"https:\\\/\\\/www.24-7prayer.com\\\/es\\\/author\\\/aitororacion24-7-com\\\/\"}]}<\/script>\n<!-- \/ Yoast SEO plugin. -->","yoast_head_json":{"title":"Primer Domingo de Adviento","description":"Hoy es domingo, 27 de noviembre, el primer Domingo de Adviento y el comienzo de una nueva serie de Lectio 365 llamada: Voces de Adviento.","robots":{"index":"index","follow":"follow","max-snippet":"max-snippet:-1","max-image-preview":"max-image-preview:large","max-video-preview":"max-video-preview:-1"},"canonical":"https:\/\/www.24-7prayer.com\/es\/primer-domingo-de-adviento\/","og_locale":"es_ES","og_type":"article","og_title":"Primer Domingo de Adviento","og_description":"Hoy es domingo, 27 de noviembre, el primer Domingo de Adviento y el comienzo de una nueva serie de Lectio 365 llamada: Voces de Adviento.","og_url":"https:\/\/www.24-7prayer.com\/es\/primer-domingo-de-adviento\/","og_site_name":"24-7 Prayer International","article_published_time":"2022-11-27T05:00:00+00:00","article_modified_time":"2022-11-28T07:43:51+00:00","og_image":[{"width":1920,"height":1080,"url":"https:\/\/www.24-7prayer.com\/wp-content\/uploads\/2022\/11\/365-adviento-web-2.jpg","type":"image\/jpeg"}],"author":"aitor@oracion24-7.com","twitter_card":"summary_large_image","schema":{"@context":"https:\/\/schema.org","@graph":[{"@type":"Article","@id":"https:\/\/www.24-7prayer.com\/es\/primer-domingo-de-adviento\/#article","isPartOf":{"@id":"https:\/\/www.24-7prayer.com\/es\/primer-domingo-de-adviento\/"},"author":{"name":"aitor@oracion24-7.com","@id":"https:\/\/www.24-7prayer.com\/es\/#\/schema\/person\/cea924691d05af4dfa35da709e7ede7d"},"headline":"Primer Domingo de Adviento","datePublished":"2022-11-27T05:00:00+00:00","dateModified":"2022-11-28T07:43:51+00:00","mainEntityOfPage":{"@id":"https:\/\/www.24-7prayer.com\/es\/primer-domingo-de-adviento\/"},"wordCount":802,"publisher":{"@id":"https:\/\/www.24-7prayer.com\/es\/#organization"},"image":{"@id":"https:\/\/www.24-7prayer.com\/es\/primer-domingo-de-adviento\/#primaryimage"},"thumbnailUrl":"https:\/\/www.24-7prayer.com\/wp-content\/uploads\/2022\/11\/365-adviento-web-2.jpg","articleSection":["Blogs"],"inLanguage":"es"},{"@type":"WebPage","@id":"https:\/\/www.24-7prayer.com\/es\/primer-domingo-de-adviento\/","url":"https:\/\/www.24-7prayer.com\/es\/primer-domingo-de-adviento\/","name":"Primer Domingo de Adviento","isPartOf":{"@id":"https:\/\/www.24-7prayer.com\/es\/#website"},"primaryImageOfPage":{"@id":"https:\/\/www.24-7prayer.com\/es\/primer-domingo-de-adviento\/#primaryimage"},"image":{"@id":"https:\/\/www.24-7prayer.com\/es\/primer-domingo-de-adviento\/#primaryimage"},"thumbnailUrl":"https:\/\/www.24-7prayer.com\/wp-content\/uploads\/2022\/11\/365-adviento-web-2.jpg","datePublished":"2022-11-27T05:00:00+00:00","dateModified":"2022-11-28T07:43:51+00:00","description":"Hoy es domingo, 27 de noviembre, el primer Domingo de Adviento y el comienzo de una nueva serie de Lectio 365 llamada: Voces de Adviento.","breadcrumb":{"@id":"https:\/\/www.24-7prayer.com\/es\/primer-domingo-de-adviento\/#breadcrumb"},"inLanguage":"es","potentialAction":[{"@type":"ReadAction","target":["https:\/\/www.24-7prayer.com\/es\/primer-domingo-de-adviento\/"]}]},{"@type":"ImageObject","inLanguage":"es","@id":"https:\/\/www.24-7prayer.com\/es\/primer-domingo-de-adviento\/#primaryimage","url":"https:\/\/www.24-7prayer.com\/wp-content\/uploads\/2022\/11\/365-adviento-web-2.jpg","contentUrl":"https:\/\/www.24-7prayer.com\/wp-content\/uploads\/2022\/11\/365-adviento-web-2.jpg","width":1920,"height":1080},{"@type":"BreadcrumbList","@id":"https:\/\/www.24-7prayer.com\/es\/primer-domingo-de-adviento\/#breadcrumb","itemListElement":[{"@type":"ListItem","position":1,"name":"Home","item":"https:\/\/www.24-7prayer.com\/es\/"},{"@type":"ListItem","position":2,"name":"Primer Domingo de Adviento"}]},{"@type":"WebSite","@id":"https:\/\/www.24-7prayer.com\/es\/#website","url":"https:\/\/www.24-7prayer.com\/es\/","name":"24-7 Prayer International","description":"Prayer Mission Justice","publisher":{"@id":"https:\/\/www.24-7prayer.com\/es\/#organization"},"potentialAction":[{"@type":"SearchAction","target":{"@type":"EntryPoint","urlTemplate":"https:\/\/www.24-7prayer.com\/es\/?s={search_term_string}"},"query-input":{"@type":"PropertyValueSpecification","valueRequired":true,"valueName":"search_term_string"}}],"inLanguage":"es"},{"@type":"Organization","@id":"https:\/\/www.24-7prayer.com\/es\/#organization","name":"24-7 Prayer","url":"https:\/\/www.24-7prayer.com\/es\/","logo":{"@type":"ImageObject","inLanguage":"es","@id":"https:\/\/www.24-7prayer.com\/es\/#\/schema\/logo\/image\/","url":"https:\/\/www.24-7prayer.com\/wp-content\/uploads\/2022\/06\/logo.png","contentUrl":"https:\/\/www.24-7prayer.com\/wp-content\/uploads\/2022\/06\/logo.png","width":302,"height":49,"caption":"24-7 Prayer"},"image":{"@id":"https:\/\/www.24-7prayer.com\/es\/#\/schema\/logo\/image\/"}},{"@type":"Person","@id":"https:\/\/www.24-7prayer.com\/es\/#\/schema\/person\/cea924691d05af4dfa35da709e7ede7d","name":"aitor@oracion24-7.com","image":{"@type":"ImageObject","inLanguage":"es","@id":"https:\/\/secure.gravatar.com\/avatar\/e67a3b0c8e0d52ee179e9f94d3d54543d229c4da1d7def06a61faccb28313f0a?s=96&d=mm&r=g","url":"https:\/\/secure.gravatar.com\/avatar\/e67a3b0c8e0d52ee179e9f94d3d54543d229c4da1d7def06a61faccb28313f0a?s=96&d=mm&r=g","contentUrl":"https:\/\/secure.gravatar.com\/avatar\/e67a3b0c8e0d52ee179e9f94d3d54543d229c4da1d7def06a61faccb28313f0a?s=96&d=mm&r=g","caption":"aitor@oracion24-7.com"},"url":"https:\/\/www.24-7prayer.com\/es\/author\/aitororacion24-7-com\/"}]}},"_links":{"self":[{"href":"https:\/\/www.24-7prayer.com\/es\/wp-json\/wp\/v2\/posts\/34961","targetHints":{"allow":["GET"]}}],"collection":[{"href":"https:\/\/www.24-7prayer.com\/es\/wp-json\/wp\/v2\/posts"}],"about":[{"href":"https:\/\/www.24-7prayer.com\/es\/wp-json\/wp\/v2\/types\/post"}],"author":[{"embeddable":true,"href":"https:\/\/www.24-7prayer.com\/es\/wp-json\/wp\/v2\/users\/216"}],"replies":[{"embeddable":true,"href":"https:\/\/www.24-7prayer.com\/es\/wp-json\/wp\/v2\/comments?post=34961"}],"version-history":[{"count":14,"href":"https:\/\/www.24-7prayer.com\/es\/wp-json\/wp\/v2\/posts\/34961\/revisions"}],"predecessor-version":[{"id":35143,"href":"https:\/\/www.24-7prayer.com\/es\/wp-json\/wp\/v2\/posts\/34961\/revisions\/35143"}],"wp:featuredmedia":[{"embeddable":true,"href":"https:\/\/www.24-7prayer.com\/es\/wp-json\/wp\/v2\/media\/34754"}],"wp:attachment":[{"href":"https:\/\/www.24-7prayer.com\/es\/wp-json\/wp\/v2\/media?parent=34961"}],"wp:term":[{"taxonomy":"category","embeddable":true,"href":"https:\/\/www.24-7prayer.com\/es\/wp-json\/wp\/v2\/categories?post=34961"},{"taxonomy":"post_tag","embeddable":true,"href":"https:\/\/www.24-7prayer.com\/es\/wp-json\/wp\/v2\/tags?post=34961"},{"taxonomy":"author_slug","embeddable":true,"href":"https:\/\/www.24-7prayer.com\/es\/wp-json\/wp\/v2\/author_slug?post=34961"},{"taxonomy":"blog_series","embeddable":true,"href":"https:\/\/www.24-7prayer.com\/es\/wp-json\/wp\/v2\/blog_series?post=34961"},{"taxonomy":"topic","embeddable":true,"href":"https:\/\/www.24-7prayer.com\/es\/wp-json\/wp\/v2\/topic?post=34961"}],"curies":[{"name":"wp","href":"https:\/\/api.w.org\/{rel}","templated":true}]}}