{"id":34953,"date":"2022-11-28T05:00:00","date_gmt":"2022-11-28T05:00:00","guid":{"rendered":"https:\/\/www.24-7prayer.com\/?p=34953"},"modified":"2022-11-28T18:12:37","modified_gmt":"2022-11-28T18:12:37","slug":"presion-y-paz-profetizadas","status":"publish","type":"post","link":"https:\/\/www.24-7prayer.com\/es\/presion-y-paz-profetizadas\/","title":{"rendered":"Presi\u00f3n y paz profetizadas"},"content":{"rendered":"\n<div class=\"wp-block-buttons is-content-justification-center is-layout-flex wp-container-core-buttons-is-layout-a89b3969 wp-block-buttons-is-layout-flex\"><\/div>\n\n\n\n<iframe loading=\"lazy\" src=\"https:\/\/anchor.fm\/oracion247\/embed\/episodes\/Presin-y-paz-profetizadas-I-Voces-de-Adviento-I-Lectio-365-e1racb0\" height=\"102px\" width=\"100%\" frameborder=\"0\" scrolling=\"no\"><\/iframe>\n\n\n\n<p>Hoy es lunes, 28 de noviembre, el primer lunes de Adviento. En esta \u00e9poca de Navidad nos preparamos para celebrar el nacimiento de Jes\u00fas reflexionando en la vida de las personas que se incluyen en su historia. Vamos a comenzar escuchando las voces de los profetas seg\u00fan describen la llegada del Mes\u00edas.&nbsp;<\/p>\n\n\n\n<h3 class=\"wp-block-heading\" id=\"haz-una-pausa\">Haz una pausa<\/h3>\n\n\n\n<p><strong><em><strong><em><strong><em><strong><em><strong><em>Ahora, al iniciar mi tiempo de oraci\u00f3n, hago una pausa para estar quieta; para respirar lentamente, para re-centrar mis sentidos, que se encuentran dispersos, delante de la presencia de Dios.<\/em><\/strong><\/em><\/strong><\/em><\/strong><\/em><\/strong><\/em><\/strong><\/p>\n\n\n\n<hr class=\"wp-block-separator has-css-opacity is-style-dots\"\/>\n\n\n\n<h5 class=\"has-text-align-center wp-block-heading\" id=\"haz-una-pausa-y-ora\"><em>Haz una pausa y ora<\/em><\/h5>\n\n\n\n<hr class=\"wp-block-separator has-css-opacity is-style-dots\"\/>\n\n\n\n<h3 class=\"wp-block-heading\" id=\"haz-una-pausa\">Oraci\u00f3n de Enfoque<\/h3>\n\n\n\n<p><em>Se\u00f1or, en esta \u00e9poca de tanto ajetreo, por favor, ay\u00fadame a estar quieta. Abro mis o\u00eddos ahora para escuchar cosas incre\u00edbles sobre ti, preparando mi coraz\u00f3n calladamente para el milagro de tu venida en Navidad.<\/em><\/p>\n\n\n\n<div style=\"height:59px\" aria-hidden=\"true\" class=\"wp-block-spacer\"><\/div>\n\n\n\n<h3 class=\"wp-block-heading\" id=\"regocijarse-y-reflexionar\">Regocijarse y Reflexionar<\/h3>\n\n\n\n<p>Hoy escojo regocijarme en la presencia de Dios, uni\u00e9ndome a la alabanza ancestral de todo el pueblo de Dios en palabras del Salmo 16&#8230;<\/p>\n\n\n\n<blockquote class=\"wp-block-quote is-layout-flow wp-block-quote-is-layout-flow\">\n<p>Bendecir\u00e9 al&nbsp;Se\u00f1or, quien me gu\u00eda;<br>&nbsp;&nbsp;&nbsp;&nbsp;aun de noche mi coraz\u00f3n me ense\u00f1a.<br>S\u00e9 que el&nbsp;Se\u00f1or&nbsp;siempre est\u00e1 conmigo.<br>&nbsp;&nbsp;&nbsp;&nbsp;No ser\u00e9 sacudido, porque \u00e9l est\u00e1 aqu\u00ed a mi lado.<\/p>\n<cite><strong><strong><strong>Salmo 16:7-8 (NTV)<\/strong><\/strong><\/strong><\/cite><\/blockquote>\n\n\n\n<hr class=\"wp-block-separator has-css-opacity is-style-dots\"\/>\n\n\n\n<h5 class=\"has-text-align-center wp-block-heading\" id=\"haz-una-pausa-y-ora\"><em>Haz una pausa y ora<\/em><\/h5>\n\n\n\n<hr class=\"wp-block-separator has-css-opacity is-style-dots\"\/>\n\n\n\n<p>Hoy medito en la conversaci\u00f3n entre Acaz, el rey de Jud\u00e1, e Isa\u00edas, el profeta enviado por Dios para darle consejo:<\/p>\n\n\n\n<blockquote class=\"wp-block-quote is-layout-flow wp-block-quote-is-layout-flow\">\n<p>El&nbsp;Se\u00f1or&nbsp;se dirigi\u00f3 a Acaz de nuevo: \u2015Pide que el&nbsp;Se\u00f1or&nbsp;tu Dios te d\u00e9 una se\u00f1al, ya sea en lo m\u00e1s profundo de la tierra o en lo m\u00e1s alto del cielo.<\/p>\n\n\n\n<p>Pero Acaz respondi\u00f3: \u2015No pondr\u00e9 a prueba al&nbsp;Se\u00f1or, ni le pedir\u00e9 nada.<\/p>\n\n\n\n<p>Entonces Isa\u00edas dijo: \u00ab\u00a1Escuchad ahora vosotros, los de la dinast\u00eda de David! \u00bfNo os basta con agotar la paciencia de los hombres, que hac\u00e9is lo mismo con mi Dios? Por eso, el Se\u00f1or mismo os dar\u00e1 una se\u00f1al: La virgen concebir\u00e1 y dar\u00e1 a luz un hijo, y lo llamar\u00e1 Emanuel.<\/p>\n<cite><strong>Isa\u00edas 7:10-14 (NVI CST)<\/strong><\/cite><\/blockquote>\n\n\n\n<p>El rey&nbsp; Acaz se encuentra en medio de la agitaci\u00f3n social y pol\u00edtica. Se avecinan fuerzas hostiles. La presi\u00f3n aumenta. Suena a algo que podr\u00edamos leer en las noticias de hoy.<br><br>El te\u00f3logo David Jackman escribe:<br><em>\u2018Acaz\u2026 recibe una palabra del Se\u00f1or a trav\u00e9s de Isa\u00edas &#8211; \u00bfLo creer\u00e1 Acaz y actuar\u00e1 en consecuencia? Esa es la cuesti\u00f3n a la que se enfrentan Acaz y Jud\u00e1: \u00bfpromesas divinas o pol\u00edticas humanas? \u00bfEn qu\u00e9 elegir\u00e1n poner su fe?\u2019*<\/em><\/p>\n\n\n\n<div style=\"height:59px\" aria-hidden=\"true\" class=\"wp-block-spacer\"><\/div>\n\n\n\n<h3 class=\"wp-block-heading\" id=\"apelar-pedir\"><strong>Apelar \/ Pedir<\/strong><\/h3>\n\n\n\n<p>\u00bfBajo qu\u00e9 presiones me encuentro ahora mismo?<br><br><em>Dios, quiero cambiar mi perspectiva de esta situaci\u00f3n por la tuya. Confieso mi tentaci\u00f3n de responder con mis propios y escasos recursos. Por favor, ay\u00fadame a arriesgarme y a confiar en ti.<\/em><\/p>\n\n\n\n<hr class=\"wp-block-separator has-css-opacity is-style-dots\"\/>\n\n\n\n<h5 class=\"has-text-align-center wp-block-heading\" id=\"haz-una-pausa-y-ora\"><em>Haz una pausa y ora<\/em><\/h5>\n\n\n\n<hr class=\"wp-block-separator has-css-opacity is-style-dots\"\/>\n\n\n\n<p>La Reina Isabel II conoci\u00f3 al evangelista estadounidense Billy Graham a mediados de la d\u00e9cada de 1950. Se visitaron mutuamente una docena de veces durante los siguientes treinta a\u00f1os, y la Reina lleg\u00f3 a pedir la opini\u00f3n de Billy mientras preparaba uno de sus famosos discursos navide\u00f1os.&nbsp;<\/p>\n\n\n\n<p><em>Dios, oro por mis l\u00edderes pol\u00edticos hoy. Trae voces prof\u00e9ticas a sus vidas. Ay\u00fadales a apoyarse en las promesas divinas m\u00e1s que en las pol\u00edticas humanas. Dales el poder de un liderazgo audaz, seguro y justo.<\/em><\/p>\n\n\n\n<hr class=\"wp-block-separator has-css-opacity is-style-dots\"\/>\n\n\n\n<h5 class=\"has-text-align-center wp-block-heading\" id=\"haz-una-pausa-y-ora\"><em>Haz una pausa y ora<\/em><\/h5>\n\n\n\n<hr class=\"wp-block-separator has-css-opacity is-style-dots\"\/>\n\n\n\n<h3 class=\"wp-block-heading\" id=\"apelar-pedir\"><strong>Rendirse<\/strong><\/h3>\n\n\n\n<p>Al volver al pasaje, abro mis o\u00eddos para escuchar tu Palabra, y mi coraz\u00f3n para rendirme a tu voluntad una vez m\u00e1s\u2026<\/p>\n\n\n\n<blockquote class=\"wp-block-quote is-layout-flow wp-block-quote-is-layout-flow\">\n<p id=\"block-5ad880aa-1523-4e86-87d1-27880f4860de\">El&nbsp;Se\u00f1or&nbsp;se dirigi\u00f3 a Acaz de nuevo: \u2015Pide que el&nbsp;Se\u00f1or&nbsp;tu Dios te d\u00e9 una se\u00f1al, ya sea en lo m\u00e1s profundo de la tierra o en lo m\u00e1s alto del cielo.<\/p>\n\n\n\n<p id=\"block-c992918a-b72b-4749-b27e-e8ec18c4d609\">Pero Acaz respondi\u00f3: \u2015No pondr\u00e9 a prueba al&nbsp;Se\u00f1or, ni le pedir\u00e9 nada.<\/p>\n\n\n\n<p id=\"block-399ce8db-5e4f-4b59-89cd-786fa3c005c4\">Entonces Isa\u00edas dijo: \u00ab\u00a1Escuchad ahora vosotros, los de la dinast\u00eda de David! \u00bfNo os basta con agotar la paciencia de los hombres, que hac\u00e9is lo mismo con mi Dios? Por eso, el Se\u00f1or mismo os dar\u00e1 una se\u00f1al: La virgen concebir\u00e1 y dar\u00e1 a luz un hijo, y lo llamar\u00e1 Emanuel.<\/p>\n<cite><strong>Isa\u00edas 7:10-14 (NVI CST)<\/strong><\/cite><\/blockquote>\n\n\n\n<p>El profeta Isa\u00edas est\u00e1 hablando del inminente enigma pol\u00edtico de Acaz, pero su palabra tambi\u00e9n hablaba de la futura esperanza de Israel (y del mundo). El Hijo de una virgen al que se refiere Isa\u00edas ser\u00e1 un d\u00eda la soluci\u00f3n a todos los males del mundo.&nbsp;<\/p>\n\n\n\n<hr class=\"wp-block-separator has-css-opacity is-style-dots\"\/>\n\n\n\n<h5 class=\"has-text-align-center wp-block-heading\" id=\"haz-una-pausa-y-ora\"><em>Haz una pausa y ora<\/em><\/h5>\n\n\n\n<hr class=\"wp-block-separator has-css-opacity is-style-dots\"\/>\n\n\n\n<h3 class=\"wp-block-heading\" id=\"apelar-pedir\"><strong><strong>Oraci\u00f3n de rendici\u00f3n<\/strong><\/strong><\/h3>\n\n\n\n<p><em>Te recibo, Jes\u00fas, Emanuel, Dios conmigo. Me someto a tu buen gobierno, a tu buen liderazgo en mi vida. T\u00fa conoces las presiones a las que estoy sometida y, hoy, con fe, recibo todos los recursos del Cielo que tienes para m\u00ed.<\/em><\/p>\n\n\n\n<div style=\"height:59px\" aria-hidden=\"true\" class=\"wp-block-spacer\"><\/div>\n\n\n\n<h3 class=\"wp-block-heading\" id=\"apelar-pedir\"><strong><strong><strong>Promesa de rendici\u00f3n<\/strong><\/strong><\/strong><\/h3>\n\n\n\n<p>Y ahora, mientras me preparo para llevar este tiempo de oraci\u00f3n al d\u00eda que tengo por delante, el Se\u00f1or, que me ama dice en Isa\u00edas:&nbsp;<\/p>\n\n\n\n<blockquote class=\"wp-block-quote is-layout-flow wp-block-quote-is-layout-flow\">\n<p>As\u00ed que no temas, porque yo estoy contigo;<br>&nbsp;&nbsp;&nbsp;&nbsp;no te angusties, porque yo soy tu Dios.<br>Te fortalecer\u00e9 y te ayudar\u00e9;<br>&nbsp;&nbsp;&nbsp;&nbsp;te sostendr\u00e9 con mi diestra victoriosa.<\/p>\n<cite><strong>Isa\u00edas 41:10 (NVICST)<\/strong><\/cite><\/blockquote>\n\n\n\n<h3 class=\"wp-block-heading\" id=\"apelar-pedir\"><strong><strong><strong><strong><em>Oraci\u00f3n para terminar<\/em><\/strong><\/strong><\/strong><\/strong><\/h3>\n\n\n\n<p><strong><em>Padre, ay\u00fadame a vivir este d\u00eda al m\u00e1ximo,<\/em><\/strong><br><strong><em>siendo aut\u00e9ntica contigo en todo.<\/em><\/strong><br><strong><em>Jes\u00fas, ay\u00fadame a darme a los dem\u00e1s,&nbsp;<\/em><\/strong><br><strong><em>siendo amable con toda la gente con la que me encuentre.<\/em><\/strong><br><strong><em>Esp\u00edritu, ay\u00fadame a amar a la gente que se encuentra perdida,<\/em><\/strong><br><strong><em>proclamando a Cristo en todo lo que digo y hago.<\/em><\/strong><br><strong><em>Am\u00e9n.<\/em><\/strong><\/p>\n\n\n\n<p class=\"has-small-font-size\">*David Jackman, <em>Teaching Isaiah: Unlocking Isaiah for the Bible Teacher<\/em>, (Tain, Ross-shire: Christian Focus Publications, 2010), p. 77.<\/p>\n\n\n\n<p><\/p>\n","protected":false},"excerpt":{"rendered":"<p>Hoy es lunes, 28 de noviembre, el primer lunes de Adviento. En esta \u00e9poca de Navidad nos preparamos para celebrar el nacimiento de Jes\u00fas reflexionando en la vida de las personas que se incluyen en su historia. Vamos a comenzar escuchando las voces de los profetas seg\u00fan describen la llegada del Mes\u00edas.&nbsp; Haz una pausa [&hellip;]<\/p>\n","protected":false},"author":216,"featured_media":35192,"comment_status":"closed","ping_status":"open","sticky":false,"template":"","format":"standard","meta":{"_acf_changed":false,"inline_featured_image":false,"footnotes":""},"categories":[206],"tags":[],"author_slug":[370],"blog_series":[518],"topic":[353],"class_list":["post-34953","post","type-post","status-publish","format-standard","has-post-thumbnail","hentry","category-blog-es","author_slug-oracion-24-7","blog_series-voces-de-adviento","topic-orar"],"acf":[],"yoast_head":"<!-- This site is optimized with the Yoast SEO plugin v27.4 - https:\/\/yoast.com\/product\/yoast-seo-wordpress\/ -->\n<title>Presi\u00f3n y paz profetizadas<\/title>\n<meta name=\"description\" content=\"Hoy es lunes, 28 de noviembre, el primer lunes de Adviento. En esta \u00e9poca de Navidad nos preparamos para celebrar el nacimiento de Jes\u00fas reflexionando en la vida de las personas que se incluyen en su historia.\" \/>\n<meta name=\"robots\" content=\"index, follow, max-snippet:-1, max-image-preview:large, max-video-preview:-1\" \/>\n<link rel=\"canonical\" href=\"https:\/\/www.24-7prayer.com\/es\/presion-y-paz-profetizadas\/\" \/>\n<meta property=\"og:locale\" content=\"es_ES\" \/>\n<meta property=\"og:type\" content=\"article\" \/>\n<meta property=\"og:title\" content=\"Presi\u00f3n y paz profetizadas\" \/>\n<meta property=\"og:description\" content=\"Hoy es lunes, 28 de noviembre, el primer lunes de Adviento. En esta \u00e9poca de Navidad nos preparamos para celebrar el nacimiento de Jes\u00fas reflexionando en la vida de las personas que se incluyen en su historia.\" \/>\n<meta property=\"og:url\" content=\"https:\/\/www.24-7prayer.com\/es\/presion-y-paz-profetizadas\/\" \/>\n<meta property=\"og:site_name\" content=\"24-7 Prayer International\" \/>\n<meta property=\"article:published_time\" content=\"2022-11-28T05:00:00+00:00\" \/>\n<meta property=\"article:modified_time\" content=\"2022-11-28T18:12:37+00:00\" \/>\n<meta property=\"og:image\" content=\"https:\/\/www.24-7prayer.com\/wp-content\/uploads\/2022\/11\/365-voces-de-adviento-sin-txt.jpg\" \/>\n\t<meta property=\"og:image:width\" content=\"1080\" \/>\n\t<meta property=\"og:image:height\" content=\"1080\" \/>\n\t<meta property=\"og:image:type\" content=\"image\/jpeg\" \/>\n<meta name=\"author\" content=\"aitor@oracion24-7.com\" \/>\n<meta name=\"twitter:card\" content=\"summary_large_image\" \/>\n<script type=\"application\/ld+json\" class=\"yoast-schema-graph\">{\"@context\":\"https:\\\/\\\/schema.org\",\"@graph\":[{\"@type\":\"Article\",\"@id\":\"https:\\\/\\\/www.24-7prayer.com\\\/es\\\/presion-y-paz-profetizadas\\\/#article\",\"isPartOf\":{\"@id\":\"https:\\\/\\\/www.24-7prayer.com\\\/es\\\/presion-y-paz-profetizadas\\\/\"},\"author\":{\"name\":\"aitor@oracion24-7.com\",\"@id\":\"https:\\\/\\\/www.24-7prayer.com\\\/es\\\/#\\\/schema\\\/person\\\/cea924691d05af4dfa35da709e7ede7d\"},\"headline\":\"Presi\u00f3n y paz profetizadas\",\"datePublished\":\"2022-11-28T05:00:00+00:00\",\"dateModified\":\"2022-11-28T18:12:37+00:00\",\"mainEntityOfPage\":{\"@id\":\"https:\\\/\\\/www.24-7prayer.com\\\/es\\\/presion-y-paz-profetizadas\\\/\"},\"wordCount\":1009,\"publisher\":{\"@id\":\"https:\\\/\\\/www.24-7prayer.com\\\/es\\\/#organization\"},\"image\":{\"@id\":\"https:\\\/\\\/www.24-7prayer.com\\\/es\\\/presion-y-paz-profetizadas\\\/#primaryimage\"},\"thumbnailUrl\":\"https:\\\/\\\/www.24-7prayer.com\\\/wp-content\\\/uploads\\\/2022\\\/11\\\/365-voces-de-adviento-sin-txt.jpg\",\"articleSection\":[\"Blogs\"],\"inLanguage\":\"es\"},{\"@type\":\"WebPage\",\"@id\":\"https:\\\/\\\/www.24-7prayer.com\\\/es\\\/presion-y-paz-profetizadas\\\/\",\"url\":\"https:\\\/\\\/www.24-7prayer.com\\\/es\\\/presion-y-paz-profetizadas\\\/\",\"name\":\"Presi\u00f3n y paz profetizadas\",\"isPartOf\":{\"@id\":\"https:\\\/\\\/www.24-7prayer.com\\\/es\\\/#website\"},\"primaryImageOfPage\":{\"@id\":\"https:\\\/\\\/www.24-7prayer.com\\\/es\\\/presion-y-paz-profetizadas\\\/#primaryimage\"},\"image\":{\"@id\":\"https:\\\/\\\/www.24-7prayer.com\\\/es\\\/presion-y-paz-profetizadas\\\/#primaryimage\"},\"thumbnailUrl\":\"https:\\\/\\\/www.24-7prayer.com\\\/wp-content\\\/uploads\\\/2022\\\/11\\\/365-voces-de-adviento-sin-txt.jpg\",\"datePublished\":\"2022-11-28T05:00:00+00:00\",\"dateModified\":\"2022-11-28T18:12:37+00:00\",\"description\":\"Hoy es lunes, 28 de noviembre, el primer lunes de Adviento. En esta \u00e9poca de Navidad nos preparamos para celebrar el nacimiento de Jes\u00fas reflexionando en la vida de las personas que se incluyen en su historia.\",\"breadcrumb\":{\"@id\":\"https:\\\/\\\/www.24-7prayer.com\\\/es\\\/presion-y-paz-profetizadas\\\/#breadcrumb\"},\"inLanguage\":\"es\",\"potentialAction\":[{\"@type\":\"ReadAction\",\"target\":[\"https:\\\/\\\/www.24-7prayer.com\\\/es\\\/presion-y-paz-profetizadas\\\/\"]}]},{\"@type\":\"ImageObject\",\"inLanguage\":\"es\",\"@id\":\"https:\\\/\\\/www.24-7prayer.com\\\/es\\\/presion-y-paz-profetizadas\\\/#primaryimage\",\"url\":\"https:\\\/\\\/www.24-7prayer.com\\\/wp-content\\\/uploads\\\/2022\\\/11\\\/365-voces-de-adviento-sin-txt.jpg\",\"contentUrl\":\"https:\\\/\\\/www.24-7prayer.com\\\/wp-content\\\/uploads\\\/2022\\\/11\\\/365-voces-de-adviento-sin-txt.jpg\",\"width\":1080,\"height\":1080},{\"@type\":\"BreadcrumbList\",\"@id\":\"https:\\\/\\\/www.24-7prayer.com\\\/es\\\/presion-y-paz-profetizadas\\\/#breadcrumb\",\"itemListElement\":[{\"@type\":\"ListItem\",\"position\":1,\"name\":\"Home\",\"item\":\"https:\\\/\\\/www.24-7prayer.com\\\/es\\\/\"},{\"@type\":\"ListItem\",\"position\":2,\"name\":\"Presi\u00f3n y paz profetizadas\"}]},{\"@type\":\"WebSite\",\"@id\":\"https:\\\/\\\/www.24-7prayer.com\\\/es\\\/#website\",\"url\":\"https:\\\/\\\/www.24-7prayer.com\\\/es\\\/\",\"name\":\"24-7 Prayer International\",\"description\":\"Prayer Mission Justice\",\"publisher\":{\"@id\":\"https:\\\/\\\/www.24-7prayer.com\\\/es\\\/#organization\"},\"potentialAction\":[{\"@type\":\"SearchAction\",\"target\":{\"@type\":\"EntryPoint\",\"urlTemplate\":\"https:\\\/\\\/www.24-7prayer.com\\\/es\\\/?s={search_term_string}\"},\"query-input\":{\"@type\":\"PropertyValueSpecification\",\"valueRequired\":true,\"valueName\":\"search_term_string\"}}],\"inLanguage\":\"es\"},{\"@type\":\"Organization\",\"@id\":\"https:\\\/\\\/www.24-7prayer.com\\\/es\\\/#organization\",\"name\":\"24-7 Prayer\",\"url\":\"https:\\\/\\\/www.24-7prayer.com\\\/es\\\/\",\"logo\":{\"@type\":\"ImageObject\",\"inLanguage\":\"es\",\"@id\":\"https:\\\/\\\/www.24-7prayer.com\\\/es\\\/#\\\/schema\\\/logo\\\/image\\\/\",\"url\":\"https:\\\/\\\/www.24-7prayer.com\\\/wp-content\\\/uploads\\\/2022\\\/06\\\/logo.png\",\"contentUrl\":\"https:\\\/\\\/www.24-7prayer.com\\\/wp-content\\\/uploads\\\/2022\\\/06\\\/logo.png\",\"width\":302,\"height\":49,\"caption\":\"24-7 Prayer\"},\"image\":{\"@id\":\"https:\\\/\\\/www.24-7prayer.com\\\/es\\\/#\\\/schema\\\/logo\\\/image\\\/\"}},{\"@type\":\"Person\",\"@id\":\"https:\\\/\\\/www.24-7prayer.com\\\/es\\\/#\\\/schema\\\/person\\\/cea924691d05af4dfa35da709e7ede7d\",\"name\":\"aitor@oracion24-7.com\",\"image\":{\"@type\":\"ImageObject\",\"inLanguage\":\"es\",\"@id\":\"https:\\\/\\\/secure.gravatar.com\\\/avatar\\\/e67a3b0c8e0d52ee179e9f94d3d54543d229c4da1d7def06a61faccb28313f0a?s=96&d=mm&r=g\",\"url\":\"https:\\\/\\\/secure.gravatar.com\\\/avatar\\\/e67a3b0c8e0d52ee179e9f94d3d54543d229c4da1d7def06a61faccb28313f0a?s=96&d=mm&r=g\",\"contentUrl\":\"https:\\\/\\\/secure.gravatar.com\\\/avatar\\\/e67a3b0c8e0d52ee179e9f94d3d54543d229c4da1d7def06a61faccb28313f0a?s=96&d=mm&r=g\",\"caption\":\"aitor@oracion24-7.com\"},\"url\":\"https:\\\/\\\/www.24-7prayer.com\\\/es\\\/author\\\/aitororacion24-7-com\\\/\"}]}<\/script>\n<!-- \/ Yoast SEO plugin. -->","yoast_head_json":{"title":"Presi\u00f3n y paz profetizadas","description":"Hoy es lunes, 28 de noviembre, el primer lunes de Adviento. En esta \u00e9poca de Navidad nos preparamos para celebrar el nacimiento de Jes\u00fas reflexionando en la vida de las personas que se incluyen en su historia.","robots":{"index":"index","follow":"follow","max-snippet":"max-snippet:-1","max-image-preview":"max-image-preview:large","max-video-preview":"max-video-preview:-1"},"canonical":"https:\/\/www.24-7prayer.com\/es\/presion-y-paz-profetizadas\/","og_locale":"es_ES","og_type":"article","og_title":"Presi\u00f3n y paz profetizadas","og_description":"Hoy es lunes, 28 de noviembre, el primer lunes de Adviento. En esta \u00e9poca de Navidad nos preparamos para celebrar el nacimiento de Jes\u00fas reflexionando en la vida de las personas que se incluyen en su historia.","og_url":"https:\/\/www.24-7prayer.com\/es\/presion-y-paz-profetizadas\/","og_site_name":"24-7 Prayer International","article_published_time":"2022-11-28T05:00:00+00:00","article_modified_time":"2022-11-28T18:12:37+00:00","og_image":[{"width":1080,"height":1080,"url":"https:\/\/www.24-7prayer.com\/wp-content\/uploads\/2022\/11\/365-voces-de-adviento-sin-txt.jpg","type":"image\/jpeg"}],"author":"aitor@oracion24-7.com","twitter_card":"summary_large_image","schema":{"@context":"https:\/\/schema.org","@graph":[{"@type":"Article","@id":"https:\/\/www.24-7prayer.com\/es\/presion-y-paz-profetizadas\/#article","isPartOf":{"@id":"https:\/\/www.24-7prayer.com\/es\/presion-y-paz-profetizadas\/"},"author":{"name":"aitor@oracion24-7.com","@id":"https:\/\/www.24-7prayer.com\/es\/#\/schema\/person\/cea924691d05af4dfa35da709e7ede7d"},"headline":"Presi\u00f3n y paz profetizadas","datePublished":"2022-11-28T05:00:00+00:00","dateModified":"2022-11-28T18:12:37+00:00","mainEntityOfPage":{"@id":"https:\/\/www.24-7prayer.com\/es\/presion-y-paz-profetizadas\/"},"wordCount":1009,"publisher":{"@id":"https:\/\/www.24-7prayer.com\/es\/#organization"},"image":{"@id":"https:\/\/www.24-7prayer.com\/es\/presion-y-paz-profetizadas\/#primaryimage"},"thumbnailUrl":"https:\/\/www.24-7prayer.com\/wp-content\/uploads\/2022\/11\/365-voces-de-adviento-sin-txt.jpg","articleSection":["Blogs"],"inLanguage":"es"},{"@type":"WebPage","@id":"https:\/\/www.24-7prayer.com\/es\/presion-y-paz-profetizadas\/","url":"https:\/\/www.24-7prayer.com\/es\/presion-y-paz-profetizadas\/","name":"Presi\u00f3n y paz profetizadas","isPartOf":{"@id":"https:\/\/www.24-7prayer.com\/es\/#website"},"primaryImageOfPage":{"@id":"https:\/\/www.24-7prayer.com\/es\/presion-y-paz-profetizadas\/#primaryimage"},"image":{"@id":"https:\/\/www.24-7prayer.com\/es\/presion-y-paz-profetizadas\/#primaryimage"},"thumbnailUrl":"https:\/\/www.24-7prayer.com\/wp-content\/uploads\/2022\/11\/365-voces-de-adviento-sin-txt.jpg","datePublished":"2022-11-28T05:00:00+00:00","dateModified":"2022-11-28T18:12:37+00:00","description":"Hoy es lunes, 28 de noviembre, el primer lunes de Adviento. En esta \u00e9poca de Navidad nos preparamos para celebrar el nacimiento de Jes\u00fas reflexionando en la vida de las personas que se incluyen en su historia.","breadcrumb":{"@id":"https:\/\/www.24-7prayer.com\/es\/presion-y-paz-profetizadas\/#breadcrumb"},"inLanguage":"es","potentialAction":[{"@type":"ReadAction","target":["https:\/\/www.24-7prayer.com\/es\/presion-y-paz-profetizadas\/"]}]},{"@type":"ImageObject","inLanguage":"es","@id":"https:\/\/www.24-7prayer.com\/es\/presion-y-paz-profetizadas\/#primaryimage","url":"https:\/\/www.24-7prayer.com\/wp-content\/uploads\/2022\/11\/365-voces-de-adviento-sin-txt.jpg","contentUrl":"https:\/\/www.24-7prayer.com\/wp-content\/uploads\/2022\/11\/365-voces-de-adviento-sin-txt.jpg","width":1080,"height":1080},{"@type":"BreadcrumbList","@id":"https:\/\/www.24-7prayer.com\/es\/presion-y-paz-profetizadas\/#breadcrumb","itemListElement":[{"@type":"ListItem","position":1,"name":"Home","item":"https:\/\/www.24-7prayer.com\/es\/"},{"@type":"ListItem","position":2,"name":"Presi\u00f3n y paz profetizadas"}]},{"@type":"WebSite","@id":"https:\/\/www.24-7prayer.com\/es\/#website","url":"https:\/\/www.24-7prayer.com\/es\/","name":"24-7 Prayer International","description":"Prayer Mission Justice","publisher":{"@id":"https:\/\/www.24-7prayer.com\/es\/#organization"},"potentialAction":[{"@type":"SearchAction","target":{"@type":"EntryPoint","urlTemplate":"https:\/\/www.24-7prayer.com\/es\/?s={search_term_string}"},"query-input":{"@type":"PropertyValueSpecification","valueRequired":true,"valueName":"search_term_string"}}],"inLanguage":"es"},{"@type":"Organization","@id":"https:\/\/www.24-7prayer.com\/es\/#organization","name":"24-7 Prayer","url":"https:\/\/www.24-7prayer.com\/es\/","logo":{"@type":"ImageObject","inLanguage":"es","@id":"https:\/\/www.24-7prayer.com\/es\/#\/schema\/logo\/image\/","url":"https:\/\/www.24-7prayer.com\/wp-content\/uploads\/2022\/06\/logo.png","contentUrl":"https:\/\/www.24-7prayer.com\/wp-content\/uploads\/2022\/06\/logo.png","width":302,"height":49,"caption":"24-7 Prayer"},"image":{"@id":"https:\/\/www.24-7prayer.com\/es\/#\/schema\/logo\/image\/"}},{"@type":"Person","@id":"https:\/\/www.24-7prayer.com\/es\/#\/schema\/person\/cea924691d05af4dfa35da709e7ede7d","name":"aitor@oracion24-7.com","image":{"@type":"ImageObject","inLanguage":"es","@id":"https:\/\/secure.gravatar.com\/avatar\/e67a3b0c8e0d52ee179e9f94d3d54543d229c4da1d7def06a61faccb28313f0a?s=96&d=mm&r=g","url":"https:\/\/secure.gravatar.com\/avatar\/e67a3b0c8e0d52ee179e9f94d3d54543d229c4da1d7def06a61faccb28313f0a?s=96&d=mm&r=g","contentUrl":"https:\/\/secure.gravatar.com\/avatar\/e67a3b0c8e0d52ee179e9f94d3d54543d229c4da1d7def06a61faccb28313f0a?s=96&d=mm&r=g","caption":"aitor@oracion24-7.com"},"url":"https:\/\/www.24-7prayer.com\/es\/author\/aitororacion24-7-com\/"}]}},"_links":{"self":[{"href":"https:\/\/www.24-7prayer.com\/es\/wp-json\/wp\/v2\/posts\/34953","targetHints":{"allow":["GET"]}}],"collection":[{"href":"https:\/\/www.24-7prayer.com\/es\/wp-json\/wp\/v2\/posts"}],"about":[{"href":"https:\/\/www.24-7prayer.com\/es\/wp-json\/wp\/v2\/types\/post"}],"author":[{"embeddable":true,"href":"https:\/\/www.24-7prayer.com\/es\/wp-json\/wp\/v2\/users\/216"}],"replies":[{"embeddable":true,"href":"https:\/\/www.24-7prayer.com\/es\/wp-json\/wp\/v2\/comments?post=34953"}],"version-history":[{"count":12,"href":"https:\/\/www.24-7prayer.com\/es\/wp-json\/wp\/v2\/posts\/34953\/revisions"}],"predecessor-version":[{"id":35145,"href":"https:\/\/www.24-7prayer.com\/es\/wp-json\/wp\/v2\/posts\/34953\/revisions\/35145"}],"wp:featuredmedia":[{"embeddable":true,"href":"https:\/\/www.24-7prayer.com\/es\/wp-json\/wp\/v2\/media\/35192"}],"wp:attachment":[{"href":"https:\/\/www.24-7prayer.com\/es\/wp-json\/wp\/v2\/media?parent=34953"}],"wp:term":[{"taxonomy":"category","embeddable":true,"href":"https:\/\/www.24-7prayer.com\/es\/wp-json\/wp\/v2\/categories?post=34953"},{"taxonomy":"post_tag","embeddable":true,"href":"https:\/\/www.24-7prayer.com\/es\/wp-json\/wp\/v2\/tags?post=34953"},{"taxonomy":"author_slug","embeddable":true,"href":"https:\/\/www.24-7prayer.com\/es\/wp-json\/wp\/v2\/author_slug?post=34953"},{"taxonomy":"blog_series","embeddable":true,"href":"https:\/\/www.24-7prayer.com\/es\/wp-json\/wp\/v2\/blog_series?post=34953"},{"taxonomy":"topic","embeddable":true,"href":"https:\/\/www.24-7prayer.com\/es\/wp-json\/wp\/v2\/topic?post=34953"}],"curies":[{"name":"wp","href":"https:\/\/api.w.org\/{rel}","templated":true}]}}