{"id":33288,"date":"2022-11-09T16:50:46","date_gmt":"2022-11-09T16:50:46","guid":{"rendered":"https:\/\/www.24-7prayer.com\/ora-por-iran\/"},"modified":"2022-11-09T16:52:52","modified_gmt":"2022-11-09T16:52:52","slug":"ora-por-iran","status":"publish","type":"post","link":"https:\/\/www.24-7prayer.com\/es\/ora-por-iran\/","title":{"rendered":"Ora por Ir\u00e1n"},"content":{"rendered":"\n<h6 class=\"wp-block-heading\">Ora con m\u00e1s informaci\u00f3n por la Iglesia en Ir\u00e1n y por los creyentes iran\u00edes.<\/h6>\n\n<div style=\"height:50px\" aria-hidden=\"true\" class=\"wp-block-spacer\"><\/div>\n\n<p>\n          <em>A ra\u00edz de las <a href=\"https:\/\/www.reuters.com\/world\/middle-east\/four-iranian-police-officers-injured-one-assistant-killed-after-protests-irna-2022-09-21\/\" target=\"_blank\" rel=\"noreferrer noopener\">protestas y la violencia en Ir\u00e1n<\/a> despu\u00e9s de la muerte de Zhina Mahsa Amini, creyentes de todo el mundo est\u00e1n buscando formas de orar por Ir\u00e1n. Esta oraci\u00f3n fue compartida por nuestros amigos de Elam Ministries, que sirven a la Iglesia en Ir\u00e1n. <\/em>\n        <\/p>\n\n<p>\n          <em>Fue escrita por Asrin, una l\u00edder cristiana iran\u00ed que, al igual que Zhina Mahsa Amini, es kurda y, por tanto, comprende la represi\u00f3n a la que se han enfrentado tanto los kurdos como las mujeres en Ir\u00e1n durante muchas d\u00e9cadas. Puedes leer la oraci\u00f3n original y aprender m\u00e1s acerca del trabajo de Elam <a href=\"https:\/\/www.elam.com\/iran-30\/asrin's-prayer-for-iran\" target=\"_blank\" rel=\"noreferrer noopener\">aqu\u00ed.<\/a><\/em>\n        <\/p>\n\n<div style=\"height:40px\" aria-hidden=\"true\" class=\"wp-block-spacer\"><\/div>\n\n<h2 class=\"wp-block-heading\">La oraci\u00f3n de Asrin por Ir\u00e1n<\/h2>\n\n<div style=\"height:40px\" aria-hidden=\"true\" class=\"wp-block-spacer\"><\/div>\n\n<p>Padre celestial:<\/p>\n\n<p>Con el coraz\u00f3n roto, levanto mi pa\u00eds delante de ti.<\/p>\n\n<div style=\"height:50px\" aria-hidden=\"true\" class=\"wp-block-spacer\"><\/div>\n\n<h3 class=\"wp-block-heading\">Consuelo<\/h3>\n\n<p>Mientras observamos el dolor, la pena y la violencia que se extienden por Ir\u00e1n en estos momentos, te agradecemos que seas el Dios de todo consuelo.<\/p>\n\n<p>Nos afligimos por los que sufren Elevamos especialmente a la familia de Zhina Mahsa Amini, y a los seres queridos de quienes han muerto o resultado heridos en las protestas. Por favor, mu\u00e9strales tu consuelo. S\u00f3lo t\u00fa puedes aliviar este dolor.<\/p>\n\n<p>Muchos manifestantes han sido detenidos y sus familias no saben d\u00f3nde est\u00e1n. Muchas personas tienen miedo de salir de sus casas en medio de los disturbios. Muchas personas est\u00e1n tan dolidas y enfadadas que son consumidas por el dolor y la ira. Por favor, rev\u00e9lales tu consuelo. Consuela a mi pa\u00eds, Se\u00f1or.<\/p>\n\n<div style=\"height:50px\" aria-hidden=\"true\" class=\"wp-block-spacer\"><\/div>\n\n<h3 class=\"wp-block-heading\">Esperanza<\/h3>\n\n<p>Ahora m\u00e1s que nunca, Ir\u00e1n necesita tu esperanza.<\/p>\n\n<p>Muchos de los nuestros no te conocen. Est\u00e1n heridos, enfadados y desesperados. Necesitan desesperadamente la esperanza. Se sienten invisibles y no escuchados. Pero Padre, t\u00fa lo ves todo. T\u00fa escuchas el clamor de cada coraz\u00f3n.<\/p>\n\n<p>Ahora es el momento m\u00e1s importante para que nuestro pueblo escuche y reciba tu Buena Noticia. Se\u00f1or, abre sus corazones. Ac\u00e9rcales a ti. Deja que entren en tu esperanza viva.<\/p>\n\n<div style=\"height:50px\" aria-hidden=\"true\" class=\"wp-block-spacer\"><\/div>\n\n<h3 class=\"wp-block-heading\">Valor<\/h3>\n\n<p>Se\u00f1or, tienes mucha gente fiel en Ir\u00e1n. Fortalece a tu iglesia para que sea valiente al salir a compartir tu amor con los que sufren. Acomp\u00e1\u00f1ales con tu Esp\u00edritu y prot\u00e9geles mientras hacen caminatas de oraci\u00f3n, mientras que se agarran a tus palabras de esperanza, mientras ministran a la gente de forma pr\u00e1ctica.<\/p>\n\n<p>Despierta a tu iglesia en Ir\u00e1n para que est\u00e9 plenamente presente con aquellos que est\u00e1n enterrados en lo m\u00e1s profundo del dolor y la ira. Y despierta a tu Iglesia global para que sepa orar y actuar en este momento.<\/p>\n\n<div style=\"height:50px\" aria-hidden=\"true\" class=\"wp-block-spacer\"><\/div>\n\n<h3 class=\"wp-block-heading\">Luz<\/h3>\n\n<p>Padre, te pedimos que no se asesinen a m\u00e1s hijas o hijos de Ir\u00e1n. Oramos para que se contenga la violencia. Que muchos abandonen las armas y se nieguen a usar la violencia.<\/p>\n\n<p>Oramos para que el temor de Dios entre en los corazones de los l\u00edderes de Ir\u00e1n: para que se arrepientan y se vuelvan a ti. Se\u00f1or: libera nuestra preciosa naci\u00f3n de la opresi\u00f3n.<\/p>\n\n<p>Se\u00f1or: disipa la oscuridad, la angustia y el sufrimiento de nuestra tierra. \u00a1Deja que tu luz se abra paso!<\/p>\n\n<p>Maranatha. Ven, Se\u00f1or Jes\u00fas.<br\/>Am\u00e9n.<\/p>\n\n<div style=\"height:50px\" aria-hidden=\"true\" class=\"wp-block-spacer\"><\/div>\n\n<h2 class=\"wp-block-heading\">M\u00e1s formas de orar por Ir\u00e1n<\/h2>\n\n<p>Si est\u00e1s buscando m\u00e1s formas de orar por la paz en el mundo, tenemos una sencilla gu\u00eda para <a href=\"https:\/\/www.24-7prayer.com\/es\/prayer_guide\/como-orar-por-las-noticias-de-actualidad\/\" target=\"_blank\" rel=\"noreferrer noopener\">orar por noticias de actualidad<\/a>. Y si quieres que tu comunidad ore por Ir\u00e1n, \u00bfpor qu\u00e9 no organizar una sala de oraci\u00f3n? Descubre <a href=\"https:\/\/www.24-7prayer.com\/es\/unete-categoria\/salas-de-oracion\/\">m\u00e1s acerca de las salas de oraci\u00f3n aqu\u00ed<\/a>. <\/p>\n","protected":false},"excerpt":{"rendered":"<p>A la luz de las protestas en Ir\u00e1n tras la muerte de Mahsa Amini, los creyentes de todo el mundo est\u00e1n buscando formas de orar por Ir\u00e1n. Lee esta oraci\u00f3n de una l\u00edder cristiana iran\u00ed orando por su naci\u00f3n.<\/p>\n","protected":false},"author":1026,"featured_media":16384,"comment_status":"closed","ping_status":"open","sticky":false,"template":"","format":"standard","meta":{"_acf_changed":false,"inline_featured_image":false,"footnotes":""},"categories":[363],"tags":[],"author_slug":[],"blog_series":[],"topic":[],"class_list":["post-33288","post","type-post","status-publish","format-standard","has-post-thumbnail","hentry","category-actualidad"],"acf":[],"yoast_head":"<!-- This site is optimized with the Yoast SEO plugin v27.4 - https:\/\/yoast.com\/product\/yoast-seo-wordpress\/ -->\n<title>Ora por Ir\u00e1n - 24-7 Prayer International<\/title>\n<meta name=\"description\" content=\"Creyentes de todo el mundo est\u00e1n buscando formas de orar por Ir\u00e1n. Lee esta oraci\u00f3n de una l\u00edder cristiana iran\u00ed orando por su naci\u00f3n.\" \/>\n<meta name=\"robots\" content=\"index, follow, max-snippet:-1, max-image-preview:large, max-video-preview:-1\" \/>\n<link rel=\"canonical\" href=\"https:\/\/www.24-7prayer.com\/es\/ora-por-iran\/\" \/>\n<meta property=\"og:locale\" content=\"es_ES\" \/>\n<meta property=\"og:type\" content=\"article\" \/>\n<meta property=\"og:title\" content=\"Ora por Ir\u00e1n - 24-7 Prayer International\" \/>\n<meta property=\"og:description\" content=\"Creyentes de todo el mundo est\u00e1n buscando formas de orar por Ir\u00e1n. Lee esta oraci\u00f3n de una l\u00edder cristiana iran\u00ed orando por su naci\u00f3n.\" \/>\n<meta property=\"og:url\" content=\"https:\/\/www.24-7prayer.com\/es\/ora-por-iran\/\" \/>\n<meta property=\"og:site_name\" content=\"24-7 Prayer International\" \/>\n<meta property=\"article:published_time\" content=\"2022-11-09T16:50:46+00:00\" \/>\n<meta property=\"article:modified_time\" content=\"2022-11-09T16:52:52+00:00\" \/>\n<meta property=\"og:image\" content=\"https:\/\/www.24-7prayer.com\/wp-content\/uploads\/2022\/09\/iran-prayer-sept-2022-latest_archive_image.jpg\" \/>\n\t<meta property=\"og:image:width\" content=\"1520\" \/>\n\t<meta property=\"og:image:height\" content=\"1050\" \/>\n\t<meta property=\"og:image:type\" content=\"image\/jpeg\" \/>\n<meta name=\"author\" content=\"Isabel Crawley\" \/>\n<meta name=\"twitter:card\" content=\"summary_large_image\" \/>\n<script type=\"application\/ld+json\" class=\"yoast-schema-graph\">{\"@context\":\"https:\\\/\\\/schema.org\",\"@graph\":[{\"@type\":\"Article\",\"@id\":\"https:\\\/\\\/www.24-7prayer.com\\\/es\\\/ora-por-iran\\\/#article\",\"isPartOf\":{\"@id\":\"https:\\\/\\\/www.24-7prayer.com\\\/es\\\/ora-por-iran\\\/\"},\"author\":{\"name\":\"Isabel Crawley\",\"@id\":\"https:\\\/\\\/www.24-7prayer.com\\\/es\\\/#\\\/schema\\\/person\\\/d35f24018755fba8a107f6e7101da338\"},\"headline\":\"Ora por Ir\u00e1n\",\"datePublished\":\"2022-11-09T16:50:46+00:00\",\"dateModified\":\"2022-11-09T16:52:52+00:00\",\"mainEntityOfPage\":{\"@id\":\"https:\\\/\\\/www.24-7prayer.com\\\/es\\\/ora-por-iran\\\/\"},\"wordCount\":638,\"publisher\":{\"@id\":\"https:\\\/\\\/www.24-7prayer.com\\\/es\\\/#organization\"},\"image\":{\"@id\":\"https:\\\/\\\/www.24-7prayer.com\\\/es\\\/ora-por-iran\\\/#primaryimage\"},\"thumbnailUrl\":\"https:\\\/\\\/www.24-7prayer.com\\\/wp-content\\\/uploads\\\/2022\\\/09\\\/iran-prayer-sept-2022-latest_archive_image.jpg\",\"articleSection\":[\"Actualidad\"],\"inLanguage\":\"es\"},{\"@type\":\"WebPage\",\"@id\":\"https:\\\/\\\/www.24-7prayer.com\\\/es\\\/ora-por-iran\\\/\",\"url\":\"https:\\\/\\\/www.24-7prayer.com\\\/es\\\/ora-por-iran\\\/\",\"name\":\"Ora por Ir\u00e1n - 24-7 Prayer International\",\"isPartOf\":{\"@id\":\"https:\\\/\\\/www.24-7prayer.com\\\/es\\\/#website\"},\"primaryImageOfPage\":{\"@id\":\"https:\\\/\\\/www.24-7prayer.com\\\/es\\\/ora-por-iran\\\/#primaryimage\"},\"image\":{\"@id\":\"https:\\\/\\\/www.24-7prayer.com\\\/es\\\/ora-por-iran\\\/#primaryimage\"},\"thumbnailUrl\":\"https:\\\/\\\/www.24-7prayer.com\\\/wp-content\\\/uploads\\\/2022\\\/09\\\/iran-prayer-sept-2022-latest_archive_image.jpg\",\"datePublished\":\"2022-11-09T16:50:46+00:00\",\"dateModified\":\"2022-11-09T16:52:52+00:00\",\"description\":\"Creyentes de todo el mundo est\u00e1n buscando formas de orar por Ir\u00e1n. Lee esta oraci\u00f3n de una l\u00edder cristiana iran\u00ed orando por su naci\u00f3n.\",\"breadcrumb\":{\"@id\":\"https:\\\/\\\/www.24-7prayer.com\\\/es\\\/ora-por-iran\\\/#breadcrumb\"},\"inLanguage\":\"es\",\"potentialAction\":[{\"@type\":\"ReadAction\",\"target\":[\"https:\\\/\\\/www.24-7prayer.com\\\/es\\\/ora-por-iran\\\/\"]}]},{\"@type\":\"ImageObject\",\"inLanguage\":\"es\",\"@id\":\"https:\\\/\\\/www.24-7prayer.com\\\/es\\\/ora-por-iran\\\/#primaryimage\",\"url\":\"https:\\\/\\\/www.24-7prayer.com\\\/wp-content\\\/uploads\\\/2022\\\/09\\\/iran-prayer-sept-2022-latest_archive_image.jpg\",\"contentUrl\":\"https:\\\/\\\/www.24-7prayer.com\\\/wp-content\\\/uploads\\\/2022\\\/09\\\/iran-prayer-sept-2022-latest_archive_image.jpg\",\"width\":1520,\"height\":1050,\"caption\":\"Ora por Ir\u00e1n\"},{\"@type\":\"BreadcrumbList\",\"@id\":\"https:\\\/\\\/www.24-7prayer.com\\\/es\\\/ora-por-iran\\\/#breadcrumb\",\"itemListElement\":[{\"@type\":\"ListItem\",\"position\":1,\"name\":\"Home\",\"item\":\"https:\\\/\\\/www.24-7prayer.com\\\/es\\\/\"},{\"@type\":\"ListItem\",\"position\":2,\"name\":\"Ora por Ir\u00e1n\"}]},{\"@type\":\"WebSite\",\"@id\":\"https:\\\/\\\/www.24-7prayer.com\\\/es\\\/#website\",\"url\":\"https:\\\/\\\/www.24-7prayer.com\\\/es\\\/\",\"name\":\"24-7 Prayer International\",\"description\":\"Prayer Mission Justice\",\"publisher\":{\"@id\":\"https:\\\/\\\/www.24-7prayer.com\\\/es\\\/#organization\"},\"potentialAction\":[{\"@type\":\"SearchAction\",\"target\":{\"@type\":\"EntryPoint\",\"urlTemplate\":\"https:\\\/\\\/www.24-7prayer.com\\\/es\\\/?s={search_term_string}\"},\"query-input\":{\"@type\":\"PropertyValueSpecification\",\"valueRequired\":true,\"valueName\":\"search_term_string\"}}],\"inLanguage\":\"es\"},{\"@type\":\"Organization\",\"@id\":\"https:\\\/\\\/www.24-7prayer.com\\\/es\\\/#organization\",\"name\":\"24-7 Prayer\",\"url\":\"https:\\\/\\\/www.24-7prayer.com\\\/es\\\/\",\"logo\":{\"@type\":\"ImageObject\",\"inLanguage\":\"es\",\"@id\":\"https:\\\/\\\/www.24-7prayer.com\\\/es\\\/#\\\/schema\\\/logo\\\/image\\\/\",\"url\":\"https:\\\/\\\/www.24-7prayer.com\\\/wp-content\\\/uploads\\\/2022\\\/06\\\/logo.png\",\"contentUrl\":\"https:\\\/\\\/www.24-7prayer.com\\\/wp-content\\\/uploads\\\/2022\\\/06\\\/logo.png\",\"width\":302,\"height\":49,\"caption\":\"24-7 Prayer\"},\"image\":{\"@id\":\"https:\\\/\\\/www.24-7prayer.com\\\/es\\\/#\\\/schema\\\/logo\\\/image\\\/\"}},{\"@type\":\"Person\",\"@id\":\"https:\\\/\\\/www.24-7prayer.com\\\/es\\\/#\\\/schema\\\/person\\\/d35f24018755fba8a107f6e7101da338\",\"name\":\"Isabel Crawley\",\"image\":{\"@type\":\"ImageObject\",\"inLanguage\":\"es\",\"@id\":\"https:\\\/\\\/secure.gravatar.com\\\/avatar\\\/93ed5e24228d92c371d666908e1c38e41afbe61d91ea1cfe8ca2d21ada34c26e?s=96&d=mm&r=g\",\"url\":\"https:\\\/\\\/secure.gravatar.com\\\/avatar\\\/93ed5e24228d92c371d666908e1c38e41afbe61d91ea1cfe8ca2d21ada34c26e?s=96&d=mm&r=g\",\"contentUrl\":\"https:\\\/\\\/secure.gravatar.com\\\/avatar\\\/93ed5e24228d92c371d666908e1c38e41afbe61d91ea1cfe8ca2d21ada34c26e?s=96&d=mm&r=g\",\"caption\":\"Isabel Crawley\"},\"url\":\"https:\\\/\\\/www.24-7prayer.com\\\/es\\\/author\\\/isabelcrawley\\\/\"}]}<\/script>\n<!-- \/ Yoast SEO plugin. -->","yoast_head_json":{"title":"Ora por Ir\u00e1n - 24-7 Prayer International","description":"Creyentes de todo el mundo est\u00e1n buscando formas de orar por Ir\u00e1n. Lee esta oraci\u00f3n de una l\u00edder cristiana iran\u00ed orando por su naci\u00f3n.","robots":{"index":"index","follow":"follow","max-snippet":"max-snippet:-1","max-image-preview":"max-image-preview:large","max-video-preview":"max-video-preview:-1"},"canonical":"https:\/\/www.24-7prayer.com\/es\/ora-por-iran\/","og_locale":"es_ES","og_type":"article","og_title":"Ora por Ir\u00e1n - 24-7 Prayer International","og_description":"Creyentes de todo el mundo est\u00e1n buscando formas de orar por Ir\u00e1n. Lee esta oraci\u00f3n de una l\u00edder cristiana iran\u00ed orando por su naci\u00f3n.","og_url":"https:\/\/www.24-7prayer.com\/es\/ora-por-iran\/","og_site_name":"24-7 Prayer International","article_published_time":"2022-11-09T16:50:46+00:00","article_modified_time":"2022-11-09T16:52:52+00:00","og_image":[{"width":1520,"height":1050,"url":"https:\/\/www.24-7prayer.com\/wp-content\/uploads\/2022\/09\/iran-prayer-sept-2022-latest_archive_image.jpg","type":"image\/jpeg"}],"author":"Isabel Crawley","twitter_card":"summary_large_image","schema":{"@context":"https:\/\/schema.org","@graph":[{"@type":"Article","@id":"https:\/\/www.24-7prayer.com\/es\/ora-por-iran\/#article","isPartOf":{"@id":"https:\/\/www.24-7prayer.com\/es\/ora-por-iran\/"},"author":{"name":"Isabel Crawley","@id":"https:\/\/www.24-7prayer.com\/es\/#\/schema\/person\/d35f24018755fba8a107f6e7101da338"},"headline":"Ora por Ir\u00e1n","datePublished":"2022-11-09T16:50:46+00:00","dateModified":"2022-11-09T16:52:52+00:00","mainEntityOfPage":{"@id":"https:\/\/www.24-7prayer.com\/es\/ora-por-iran\/"},"wordCount":638,"publisher":{"@id":"https:\/\/www.24-7prayer.com\/es\/#organization"},"image":{"@id":"https:\/\/www.24-7prayer.com\/es\/ora-por-iran\/#primaryimage"},"thumbnailUrl":"https:\/\/www.24-7prayer.com\/wp-content\/uploads\/2022\/09\/iran-prayer-sept-2022-latest_archive_image.jpg","articleSection":["Actualidad"],"inLanguage":"es"},{"@type":"WebPage","@id":"https:\/\/www.24-7prayer.com\/es\/ora-por-iran\/","url":"https:\/\/www.24-7prayer.com\/es\/ora-por-iran\/","name":"Ora por Ir\u00e1n - 24-7 Prayer International","isPartOf":{"@id":"https:\/\/www.24-7prayer.com\/es\/#website"},"primaryImageOfPage":{"@id":"https:\/\/www.24-7prayer.com\/es\/ora-por-iran\/#primaryimage"},"image":{"@id":"https:\/\/www.24-7prayer.com\/es\/ora-por-iran\/#primaryimage"},"thumbnailUrl":"https:\/\/www.24-7prayer.com\/wp-content\/uploads\/2022\/09\/iran-prayer-sept-2022-latest_archive_image.jpg","datePublished":"2022-11-09T16:50:46+00:00","dateModified":"2022-11-09T16:52:52+00:00","description":"Creyentes de todo el mundo est\u00e1n buscando formas de orar por Ir\u00e1n. Lee esta oraci\u00f3n de una l\u00edder cristiana iran\u00ed orando por su naci\u00f3n.","breadcrumb":{"@id":"https:\/\/www.24-7prayer.com\/es\/ora-por-iran\/#breadcrumb"},"inLanguage":"es","potentialAction":[{"@type":"ReadAction","target":["https:\/\/www.24-7prayer.com\/es\/ora-por-iran\/"]}]},{"@type":"ImageObject","inLanguage":"es","@id":"https:\/\/www.24-7prayer.com\/es\/ora-por-iran\/#primaryimage","url":"https:\/\/www.24-7prayer.com\/wp-content\/uploads\/2022\/09\/iran-prayer-sept-2022-latest_archive_image.jpg","contentUrl":"https:\/\/www.24-7prayer.com\/wp-content\/uploads\/2022\/09\/iran-prayer-sept-2022-latest_archive_image.jpg","width":1520,"height":1050,"caption":"Ora por Ir\u00e1n"},{"@type":"BreadcrumbList","@id":"https:\/\/www.24-7prayer.com\/es\/ora-por-iran\/#breadcrumb","itemListElement":[{"@type":"ListItem","position":1,"name":"Home","item":"https:\/\/www.24-7prayer.com\/es\/"},{"@type":"ListItem","position":2,"name":"Ora por Ir\u00e1n"}]},{"@type":"WebSite","@id":"https:\/\/www.24-7prayer.com\/es\/#website","url":"https:\/\/www.24-7prayer.com\/es\/","name":"24-7 Prayer International","description":"Prayer Mission Justice","publisher":{"@id":"https:\/\/www.24-7prayer.com\/es\/#organization"},"potentialAction":[{"@type":"SearchAction","target":{"@type":"EntryPoint","urlTemplate":"https:\/\/www.24-7prayer.com\/es\/?s={search_term_string}"},"query-input":{"@type":"PropertyValueSpecification","valueRequired":true,"valueName":"search_term_string"}}],"inLanguage":"es"},{"@type":"Organization","@id":"https:\/\/www.24-7prayer.com\/es\/#organization","name":"24-7 Prayer","url":"https:\/\/www.24-7prayer.com\/es\/","logo":{"@type":"ImageObject","inLanguage":"es","@id":"https:\/\/www.24-7prayer.com\/es\/#\/schema\/logo\/image\/","url":"https:\/\/www.24-7prayer.com\/wp-content\/uploads\/2022\/06\/logo.png","contentUrl":"https:\/\/www.24-7prayer.com\/wp-content\/uploads\/2022\/06\/logo.png","width":302,"height":49,"caption":"24-7 Prayer"},"image":{"@id":"https:\/\/www.24-7prayer.com\/es\/#\/schema\/logo\/image\/"}},{"@type":"Person","@id":"https:\/\/www.24-7prayer.com\/es\/#\/schema\/person\/d35f24018755fba8a107f6e7101da338","name":"Isabel Crawley","image":{"@type":"ImageObject","inLanguage":"es","@id":"https:\/\/secure.gravatar.com\/avatar\/93ed5e24228d92c371d666908e1c38e41afbe61d91ea1cfe8ca2d21ada34c26e?s=96&d=mm&r=g","url":"https:\/\/secure.gravatar.com\/avatar\/93ed5e24228d92c371d666908e1c38e41afbe61d91ea1cfe8ca2d21ada34c26e?s=96&d=mm&r=g","contentUrl":"https:\/\/secure.gravatar.com\/avatar\/93ed5e24228d92c371d666908e1c38e41afbe61d91ea1cfe8ca2d21ada34c26e?s=96&d=mm&r=g","caption":"Isabel Crawley"},"url":"https:\/\/www.24-7prayer.com\/es\/author\/isabelcrawley\/"}]}},"_links":{"self":[{"href":"https:\/\/www.24-7prayer.com\/es\/wp-json\/wp\/v2\/posts\/33288","targetHints":{"allow":["GET"]}}],"collection":[{"href":"https:\/\/www.24-7prayer.com\/es\/wp-json\/wp\/v2\/posts"}],"about":[{"href":"https:\/\/www.24-7prayer.com\/es\/wp-json\/wp\/v2\/types\/post"}],"author":[{"embeddable":true,"href":"https:\/\/www.24-7prayer.com\/es\/wp-json\/wp\/v2\/users\/1026"}],"replies":[{"embeddable":true,"href":"https:\/\/www.24-7prayer.com\/es\/wp-json\/wp\/v2\/comments?post=33288"}],"version-history":[{"count":3,"href":"https:\/\/www.24-7prayer.com\/es\/wp-json\/wp\/v2\/posts\/33288\/revisions"}],"predecessor-version":[{"id":33293,"href":"https:\/\/www.24-7prayer.com\/es\/wp-json\/wp\/v2\/posts\/33288\/revisions\/33293"}],"wp:featuredmedia":[{"embeddable":true,"href":"https:\/\/www.24-7prayer.com\/es\/wp-json\/wp\/v2\/media\/16384"}],"wp:attachment":[{"href":"https:\/\/www.24-7prayer.com\/es\/wp-json\/wp\/v2\/media?parent=33288"}],"wp:term":[{"taxonomy":"category","embeddable":true,"href":"https:\/\/www.24-7prayer.com\/es\/wp-json\/wp\/v2\/categories?post=33288"},{"taxonomy":"post_tag","embeddable":true,"href":"https:\/\/www.24-7prayer.com\/es\/wp-json\/wp\/v2\/tags?post=33288"},{"taxonomy":"author_slug","embeddable":true,"href":"https:\/\/www.24-7prayer.com\/es\/wp-json\/wp\/v2\/author_slug?post=33288"},{"taxonomy":"blog_series","embeddable":true,"href":"https:\/\/www.24-7prayer.com\/es\/wp-json\/wp\/v2\/blog_series?post=33288"},{"taxonomy":"topic","embeddable":true,"href":"https:\/\/www.24-7prayer.com\/es\/wp-json\/wp\/v2\/topic?post=33288"}],"curies":[{"name":"wp","href":"https:\/\/api.w.org\/{rel}","templated":true}]}}